{"id":212400,"date":"2023-06-21T17:40:41","date_gmt":"2023-06-21T21:40:41","guid":{"rendered":"https:\/\/www.manaus.am.gov.br\/semsa\/prefeitura-orienta-beneficiarios-do-bolsa-familia-em-manaus-para-atualizacao-do-acompanhamento-em-saude\/"},"modified":"2023-06-21T17:40:42","modified_gmt":"2023-06-21T21:40:42","slug":"prefeitura-orienta-beneficiarios-do-bolsa-familia-em-manaus-para-atualizacao-do-acompanhamento-em-saude","status":"publish","type":"post","link":"https:\/\/www.manaus.am.gov.br\/semsa\/prefeitura-orienta-beneficiarios-do-bolsa-familia-em-manaus-para-atualizacao-do-acompanhamento-em-saude\/","title":{"rendered":"<strong>Prefeitura orienta benefici\u00e1rios do Bolsa Fam\u00edlia em Manaus para atualiza\u00e7\u00e3o do acompanhamento em sa\u00fade<\/strong>"},"content":{"rendered":"\n<p>A Prefeitura de Manaus, por meio da Secretaria Municipal de Sa\u00fade (Semsa), orienta os benefici\u00e1rios do Bolsa Fam\u00edlia a procurar as Unidades B\u00e1sicas de Sa\u00fade (UBSs) para atualizar o acompanhamento de sa\u00fade na atual vig\u00eancia do programa, que se encerra no dia 30\/6. O procedimento deve ser realizado por mulheres de 14 a 44 anos e crian\u00e7as de 0 a 7 anos, uma vez a cada seis meses, sendo uma das condi\u00e7\u00f5es para a manuten\u00e7\u00e3o do benef\u00edcio.<\/p>\n\n\n\n<p>A chefe do N\u00facleo de Alimenta\u00e7\u00e3o e Nutri\u00e7\u00e3o da Semsa, Lia Ferreira da Silva, explica que os benefici\u00e1rios do Bolsa Fam\u00edlia se comprometem a realizar o acompanhamento de sa\u00fade duas vezes ao ano, dentro das chamadas vig\u00eancias anuais, sendo uma de janeiro a junho e outra de julho a dezembro.<\/p>\n\n\n\n<p>\u201cEm Manaus temos 337.513 benefici\u00e1rios que fazem acompanhamento de sa\u00fade, e somente 145.524 realizaram a avalia\u00e7\u00e3o, o equivalente a 43,12%, at\u00e9 o dia 19 de junho\u201d, informa a gestora.<\/p>\n\n\n\n<p>Dentre as crian\u00e7as de 0 a 7 anos, ela acrescenta, 38.835 compareceram \u00e0s unidades de sa\u00fade, o correspondente a 33,18% das 117.041 esperadas.<\/p>\n\n\n\n<p>Conforme Lia Ferreira, ao final de uma vig\u00eancia, os usu\u00e1rios que deixaram de realizar o acompanhamento de sa\u00fade s\u00e3o notificados pelo Minist\u00e9rio da Cidadania para regularizar a situa\u00e7\u00e3o, podendo ter o benef\u00edcio suspenso no caso de aus\u00eancias recorrentes.<\/p>\n\n\n\n<p>\u201cSe o usu\u00e1rio deixar de realizar o acompanhamento de sa\u00fade por duas vig\u00eancias consecutivas, ele ter\u00e1 o benef\u00edcio suspenso por um m\u00eas. E, se n\u00e3o realizar um terceiro acompanhamento, ter\u00e1 o benef\u00edcio suspenso e ser\u00e1 notificado para se dirigir a um Cras (Centro de Refer\u00eancia de Assist\u00eancia Social) para justificar a situa\u00e7\u00e3o\u201d, explica.<\/p>\n\n\n\n<p>Para realizar o acompanhamento, os benefici\u00e1rios devem se dirigir \u00e0 unidade de sa\u00fade mais pr\u00f3xima de sua casa, levando os documentos de RG, CPF e Cart\u00e3o Nacional de Sa\u00fade (CNS), al\u00e9m de outros como o cart\u00e3o da gestante e a caderneta de sa\u00fade da crian\u00e7a. A lista com endere\u00e7os e hor\u00e1rios de funcionamento das unidades da Semsa Manaus est\u00e1 dispon\u00edvel no site&nbsp;<a href=\"http:\/\/semsa.manaus.am.gov.br\/\" target=\"_blank\" rel=\"noreferrer noopener\">semsa.manaus.am.gov.br<\/a>.<\/p>\n\n\n\n<p><strong>Avalia\u00e7\u00e3o<\/strong><\/p>\n\n\n\n<p>Conforme Lia Ferreira, no acompanhamento nas unidades de sa\u00fade, as crian\u00e7as de 0 a 7 anos t\u00eam o estado nutricional avaliado, com medi\u00e7\u00e3o de peso e altura, bem como a situa\u00e7\u00e3o vacinal. \u201cSe estiver com a caderneta desatualizada, a crian\u00e7a j\u00e1 \u00e9 encaminhada para a sala de vacina para atualiza\u00e7\u00e3o\u201d, informa a gestora.<\/p>\n\n\n\n<p>As mulheres de 14 a 44 anos benefici\u00e1rias do programa social tamb\u00e9m passam por avalia\u00e7\u00e3o do estado nutricional e de condi\u00e7\u00f5es de sa\u00fade, inclusive eventual estado de gravidez.<\/p>\n\n\n\n<p>\u201cA mulher gr\u00e1vida tem direito a um adicional de R$ 50 no Bolsa Fam\u00edlia por at\u00e9 nove meses, e essa condi\u00e7\u00e3o pode ser identificada durante o acompanhamento em sa\u00fade do programa\u201d, complementa Lia Ferreira.<\/p>\n\n\n\n<p>&#8212; &#8212; &#8212;&nbsp;<\/p>\n\n\n\n<p><strong>Texto &#8211;&nbsp;<\/strong>Jony Clay Borges \/ Semsa<\/p>\n\n\n\n<p><strong>Foto &#8211;\u00a0<\/strong>Divulga\u00e7\u00e3o \/ Semsa<\/p>\n","protected":false},"excerpt":{"rendered":"","protected":false},"author":31,"featured_media":212401,"comment_status":"closed","ping_status":"closed","sticky":false,"template":"","format":"standard","meta":{"footnotes":""},"categories":[205],"tags":[1124,350,854],"acf":[],"yoast_head":"<!-- This site is optimized with the Yoast SEO plugin v23.0 - https:\/\/yoast.com\/wordpress\/plugins\/seo\/ -->\n<title>Prefeitura orienta benefici\u00e1rios do Bolsa Fam\u00edlia em Manaus para atualiza\u00e7\u00e3o do acompanhamento em sa\u00fade - SEMSA<\/title>\n<meta name=\"robots\" content=\"index, follow, max-snippet:-1, max-image-preview:large, max-video-preview:-1\" \/>\n<link rel=\"canonical\" href=\"https:\/\/www.manaus.am.gov.br\/semsa\/prefeitura-orienta-beneficiarios-do-bolsa-familia-em-manaus-para-atualizacao-do-acompanhamento-em-saude\/\" \/>\n<meta property=\"og:locale\" content=\"pt_BR\" \/>\n<meta property=\"og:type\" content=\"article\" \/>\n<meta property=\"og:title\" content=\"Prefeitura orienta benefici\u00e1rios do Bolsa Fam\u00edlia em Manaus para atualiza\u00e7\u00e3o do acompanhamento em sa\u00fade - SEMSA\" \/>\n<meta property=\"og:url\" content=\"https:\/\/www.manaus.am.gov.br\/semsa\/prefeitura-orienta-beneficiarios-do-bolsa-familia-em-manaus-para-atualizacao-do-acompanhamento-em-saude\/\" \/>\n<meta property=\"og:site_name\" content=\"SEMSA\" \/>\n<meta property=\"article:published_time\" content=\"2023-06-21T21:40:41+00:00\" \/>\n<meta property=\"article:modified_time\" content=\"2023-06-21T21:40:42+00:00\" \/>\n<meta property=\"og:image\" content=\"https:\/\/www.manaus.am.gov.br\/semsa\/wp-content\/uploads\/sites\/8\/2023\/06\/Junho-21_Atualizacao-Bolsa-Familia-1-scaled.jpg\" \/>\n\t<meta property=\"og:image:width\" content=\"2560\" \/>\n\t<meta property=\"og:image:height\" content=\"1707\" \/>\n\t<meta property=\"og:image:type\" content=\"image\/jpeg\" \/>\n<meta name=\"author\" content=\"Renata Felix\" \/>\n<meta name=\"twitter:card\" content=\"summary_large_image\" \/>\n<meta name=\"twitter:label1\" content=\"Written by\" \/>\n\t<meta name=\"twitter:data1\" content=\"Renata Felix\" \/>\n\t<meta name=\"twitter:label2\" content=\"Est. reading time\" \/>\n\t<meta name=\"twitter:data2\" content=\"3 minutos\" \/>\n<script type=\"application\/ld+json\" class=\"yoast-schema-graph\">{\"@context\":\"https:\/\/schema.org\",\"@graph\":[{\"@type\":\"WebPage\",\"@id\":\"https:\/\/www.manaus.am.gov.br\/semsa\/prefeitura-orienta-beneficiarios-do-bolsa-familia-em-manaus-para-atualizacao-do-acompanhamento-em-saude\/\",\"url\":\"https:\/\/www.manaus.am.gov.br\/semsa\/prefeitura-orienta-beneficiarios-do-bolsa-familia-em-manaus-para-atualizacao-do-acompanhamento-em-saude\/\",\"name\":\"Prefeitura orienta benefici\u00e1rios do Bolsa Fam\u00edlia em Manaus para atualiza\u00e7\u00e3o do acompanhamento em sa\u00fade - SEMSA\",\"isPartOf\":{\"@id\":\"https:\/\/www.manaus.am.gov.br\/semsa\/#website\"},\"primaryImageOfPage\":{\"@id\":\"https:\/\/www.manaus.am.gov.br\/semsa\/prefeitura-orienta-beneficiarios-do-bolsa-familia-em-manaus-para-atualizacao-do-acompanhamento-em-saude\/#primaryimage\"},\"image\":{\"@id\":\"https:\/\/www.manaus.am.gov.br\/semsa\/prefeitura-orienta-beneficiarios-do-bolsa-familia-em-manaus-para-atualizacao-do-acompanhamento-em-saude\/#primaryimage\"},\"thumbnailUrl\":\"https:\/\/www.manaus.am.gov.br\/semsa\/wp-content\/uploads\/sites\/8\/2023\/06\/Junho-21_Atualizacao-Bolsa-Familia-1-scaled.jpg\",\"datePublished\":\"2023-06-21T21:40:41+00:00\",\"dateModified\":\"2023-06-21T21:40:42+00:00\",\"author\":{\"@id\":\"https:\/\/www.manaus.am.gov.br\/semsa\/#\/schema\/person\/4eea2a8f78dc853097abb026f728aa06\"},\"inLanguage\":\"pt-BR\",\"potentialAction\":[{\"@type\":\"ReadAction\",\"target\":[\"https:\/\/www.manaus.am.gov.br\/semsa\/prefeitura-orienta-beneficiarios-do-bolsa-familia-em-manaus-para-atualizacao-do-acompanhamento-em-saude\/\"]}]},{\"@type\":\"ImageObject\",\"inLanguage\":\"pt-BR\",\"@id\":\"https:\/\/www.manaus.am.gov.br\/semsa\/prefeitura-orienta-beneficiarios-do-bolsa-familia-em-manaus-para-atualizacao-do-acompanhamento-em-saude\/#primaryimage\",\"url\":\"https:\/\/www.manaus.am.gov.br\/semsa\/wp-content\/uploads\/sites\/8\/2023\/06\/Junho-21_Atualizacao-Bolsa-Familia-1-scaled.jpg\",\"contentUrl\":\"https:\/\/www.manaus.am.gov.br\/semsa\/wp-content\/uploads\/sites\/8\/2023\/06\/Junho-21_Atualizacao-Bolsa-Familia-1-scaled.jpg\",\"width\":2560,\"height\":1707},{\"@type\":\"WebSite\",\"@id\":\"https:\/\/www.manaus.am.gov.br\/semsa\/#website\",\"url\":\"https:\/\/www.manaus.am.gov.br\/semsa\/\",\"name\":\"SEMSA\",\"description\":\"Secretaria Municipal de Sa\u00fade\",\"alternateName\":\"Secretaria Municipal de Sa\u00fade\",\"potentialAction\":[{\"@type\":\"SearchAction\",\"target\":{\"@type\":\"EntryPoint\",\"urlTemplate\":\"https:\/\/www.manaus.am.gov.br\/semsa\/?s={search_term_string}\"},\"query-input\":\"required name=search_term_string\"}],\"inLanguage\":\"pt-BR\"},{\"@type\":\"Person\",\"@id\":\"https:\/\/www.manaus.am.gov.br\/semsa\/#\/schema\/person\/4eea2a8f78dc853097abb026f728aa06\",\"name\":\"Renata Felix\",\"image\":{\"@type\":\"ImageObject\",\"inLanguage\":\"pt-BR\",\"@id\":\"https:\/\/www.manaus.am.gov.br\/semsa\/#\/schema\/person\/image\/\",\"url\":\"https:\/\/secure.gravatar.com\/avatar\/3c196cf9d3b837b24c8edb2c50fd8f29?s=96&d=mm&r=g\",\"contentUrl\":\"https:\/\/secure.gravatar.com\/avatar\/3c196cf9d3b837b24c8edb2c50fd8f29?s=96&d=mm&r=g\",\"caption\":\"Renata Felix\"}}]}<\/script>\n<!-- \/ Yoast SEO plugin. -->","yoast_head_json":{"title":"Prefeitura orienta benefici\u00e1rios do Bolsa Fam\u00edlia em Manaus para atualiza\u00e7\u00e3o do acompanhamento em sa\u00fade - SEMSA","robots":{"index":"index","follow":"follow","max-snippet":"max-snippet:-1","max-image-preview":"max-image-preview:large","max-video-preview":"max-video-preview:-1"},"canonical":"https:\/\/www.manaus.am.gov.br\/semsa\/prefeitura-orienta-beneficiarios-do-bolsa-familia-em-manaus-para-atualizacao-do-acompanhamento-em-saude\/","og_locale":"pt_BR","og_type":"article","og_title":"Prefeitura orienta benefici\u00e1rios do Bolsa Fam\u00edlia em Manaus para atualiza\u00e7\u00e3o do acompanhamento em sa\u00fade - SEMSA","og_url":"https:\/\/www.manaus.am.gov.br\/semsa\/prefeitura-orienta-beneficiarios-do-bolsa-familia-em-manaus-para-atualizacao-do-acompanhamento-em-saude\/","og_site_name":"SEMSA","article_published_time":"2023-06-21T21:40:41+00:00","article_modified_time":"2023-06-21T21:40:42+00:00","og_image":[{"width":2560,"height":1707,"url":"https:\/\/www.manaus.am.gov.br\/semsa\/wp-content\/uploads\/sites\/8\/2023\/06\/Junho-21_Atualizacao-Bolsa-Familia-1-scaled.jpg","type":"image\/jpeg"}],"author":"Renata Felix","twitter_card":"summary_large_image","twitter_misc":{"Written by":"Renata Felix","Est. reading time":"3 minutos"},"schema":{"@context":"https:\/\/schema.org","@graph":[{"@type":"WebPage","@id":"https:\/\/www.manaus.am.gov.br\/semsa\/prefeitura-orienta-beneficiarios-do-bolsa-familia-em-manaus-para-atualizacao-do-acompanhamento-em-saude\/","url":"https:\/\/www.manaus.am.gov.br\/semsa\/prefeitura-orienta-beneficiarios-do-bolsa-familia-em-manaus-para-atualizacao-do-acompanhamento-em-saude\/","name":"Prefeitura orienta benefici\u00e1rios do Bolsa Fam\u00edlia em Manaus para atualiza\u00e7\u00e3o do acompanhamento em sa\u00fade - SEMSA","isPartOf":{"@id":"https:\/\/www.manaus.am.gov.br\/semsa\/#website"},"primaryImageOfPage":{"@id":"https:\/\/www.manaus.am.gov.br\/semsa\/prefeitura-orienta-beneficiarios-do-bolsa-familia-em-manaus-para-atualizacao-do-acompanhamento-em-saude\/#primaryimage"},"image":{"@id":"https:\/\/www.manaus.am.gov.br\/semsa\/prefeitura-orienta-beneficiarios-do-bolsa-familia-em-manaus-para-atualizacao-do-acompanhamento-em-saude\/#primaryimage"},"thumbnailUrl":"https:\/\/www.manaus.am.gov.br\/semsa\/wp-content\/uploads\/sites\/8\/2023\/06\/Junho-21_Atualizacao-Bolsa-Familia-1-scaled.jpg","datePublished":"2023-06-21T21:40:41+00:00","dateModified":"2023-06-21T21:40:42+00:00","author":{"@id":"https:\/\/www.manaus.am.gov.br\/semsa\/#\/schema\/person\/4eea2a8f78dc853097abb026f728aa06"},"inLanguage":"pt-BR","potentialAction":[{"@type":"ReadAction","target":["https:\/\/www.manaus.am.gov.br\/semsa\/prefeitura-orienta-beneficiarios-do-bolsa-familia-em-manaus-para-atualizacao-do-acompanhamento-em-saude\/"]}]},{"@type":"ImageObject","inLanguage":"pt-BR","@id":"https:\/\/www.manaus.am.gov.br\/semsa\/prefeitura-orienta-beneficiarios-do-bolsa-familia-em-manaus-para-atualizacao-do-acompanhamento-em-saude\/#primaryimage","url":"https:\/\/www.manaus.am.gov.br\/semsa\/wp-content\/uploads\/sites\/8\/2023\/06\/Junho-21_Atualizacao-Bolsa-Familia-1-scaled.jpg","contentUrl":"https:\/\/www.manaus.am.gov.br\/semsa\/wp-content\/uploads\/sites\/8\/2023\/06\/Junho-21_Atualizacao-Bolsa-Familia-1-scaled.jpg","width":2560,"height":1707},{"@type":"WebSite","@id":"https:\/\/www.manaus.am.gov.br\/semsa\/#website","url":"https:\/\/www.manaus.am.gov.br\/semsa\/","name":"SEMSA","description":"Secretaria Municipal de Sa\u00fade","alternateName":"Secretaria Municipal de Sa\u00fade","potentialAction":[{"@type":"SearchAction","target":{"@type":"EntryPoint","urlTemplate":"https:\/\/www.manaus.am.gov.br\/semsa\/?s={search_term_string}"},"query-input":"required name=search_term_string"}],"inLanguage":"pt-BR"},{"@type":"Person","@id":"https:\/\/www.manaus.am.gov.br\/semsa\/#\/schema\/person\/4eea2a8f78dc853097abb026f728aa06","name":"Renata Felix","image":{"@type":"ImageObject","inLanguage":"pt-BR","@id":"https:\/\/www.manaus.am.gov.br\/semsa\/#\/schema\/person\/image\/","url":"https:\/\/secure.gravatar.com\/avatar\/3c196cf9d3b837b24c8edb2c50fd8f29?s=96&d=mm&r=g","contentUrl":"https:\/\/secure.gravatar.com\/avatar\/3c196cf9d3b837b24c8edb2c50fd8f29?s=96&d=mm&r=g","caption":"Renata Felix"}}]}},"_links":{"self":[{"href":"https:\/\/www.manaus.am.gov.br\/semsa\/wp-json\/wp\/v2\/posts\/212400"}],"collection":[{"href":"https:\/\/www.manaus.am.gov.br\/semsa\/wp-json\/wp\/v2\/posts"}],"about":[{"href":"https:\/\/www.manaus.am.gov.br\/semsa\/wp-json\/wp\/v2\/types\/post"}],"author":[{"embeddable":true,"href":"https:\/\/www.manaus.am.gov.br\/semsa\/wp-json\/wp\/v2\/users\/31"}],"replies":[{"embeddable":true,"href":"https:\/\/www.manaus.am.gov.br\/semsa\/wp-json\/wp\/v2\/comments?post=212400"}],"version-history":[{"count":0,"href":"https:\/\/www.manaus.am.gov.br\/semsa\/wp-json\/wp\/v2\/posts\/212400\/revisions"}],"wp:featuredmedia":[{"embeddable":true,"href":"https:\/\/www.manaus.am.gov.br\/semsa\/wp-json\/wp\/v2\/media\/212401"}],"wp:attachment":[{"href":"https:\/\/www.manaus.am.gov.br\/semsa\/wp-json\/wp\/v2\/media?parent=212400"}],"wp:term":[{"taxonomy":"category","embeddable":true,"href":"https:\/\/www.manaus.am.gov.br\/semsa\/wp-json\/wp\/v2\/categories?post=212400"},{"taxonomy":"post_tag","embeddable":true,"href":"https:\/\/www.manaus.am.gov.br\/semsa\/wp-json\/wp\/v2\/tags?post=212400"}],"curies":[{"name":"wp","href":"https:\/\/api.w.org\/{rel}","templated":true}]}}