{"id":212322,"date":"2023-06-06T15:47:02","date_gmt":"2023-06-06T19:47:02","guid":{"rendered":"https:\/\/www.manaus.am.gov.br\/semsa\/prefeitura-e-cms-manaus-alinham-acoes-para-realizacao-de-eleicao-dos-novos-conselheiros-locais-de-saude\/"},"modified":"2023-06-06T15:47:04","modified_gmt":"2023-06-06T19:47:04","slug":"prefeitura-e-cms-manaus-alinham-acoes-para-realizacao-de-eleicao-dos-novos-conselheiros-locais-de-saude","status":"publish","type":"post","link":"https:\/\/www.manaus.am.gov.br\/semsa\/prefeitura-e-cms-manaus-alinham-acoes-para-realizacao-de-eleicao-dos-novos-conselheiros-locais-de-saude\/","title":{"rendered":"<strong>Prefeitura e CMS\/Manaus alinham a\u00e7\u00f5es para realiza\u00e7\u00e3o de elei\u00e7\u00e3o dos novos conselheiros locais de sa\u00fade<\/strong>"},"content":{"rendered":"\n<p>Profissionais dos Distritos de Sa\u00fade (Norte, Sul, Leste, Oeste e Rural) participaram nesta ter\u00e7a-feira, 6\/6, de reuni\u00e3o com a Comiss\u00e3o de Coordena\u00e7\u00e3o do Processo Eleitoral para Conselheiros Locais de Sa\u00fade de Manaus no tri\u00eanio 2023-2026. A reuni\u00e3o foi realizada no complexo de sa\u00fade Oeste, no bairro da Paz, com o objetivo de alinhar os procedimentos para a elei\u00e7\u00e3o de candidatos ao cargo de conselheiro local nos segmentos de gestor, trabalhador e usu\u00e1rios do Sistema \u00danico de Sa\u00fade (SUS).<\/p>\n\n\n\n<p>Organizado pelo Conselho Municipal de Sa\u00fade (CMS\/Manaus), em parceria com a Secretaria Municipal de Sa\u00fade (Semsa), o processo eleitoral pretende compor 76 Conselhos Locais de Sa\u00fade (CLSs), com a elei\u00e7\u00e3o de aproximadamente 580 conselheiros titulares, al\u00e9m dos respectivos suplentes. Atualmente, Manaus conta com 68 CLSs.<\/p>\n\n\n\n<p>Segundo o presidente do CMS\/Manaus, conselheiro Lindomar Barone, cada Conselho Local de Sa\u00fade atua de forma vinculada a uma unidade de sa\u00fade, fiscalizando os servi\u00e7os e colaborando para a melhoria do atendimento \u00e0 popula\u00e7\u00e3o, com uma composi\u00e7\u00e3o de 50% de representantes de usu\u00e1rios do SUS, 25% de gestores e 25% de trabalhadores.<\/p>\n\n\n\n<p>\u201cO CLS \u00e9 uma base do controle social dentro da unidade de sa\u00fade, atuando de forma local e de acordo com o territ\u00f3rio geogr\u00e1fico dos Distritos de Sa\u00fade. Os conselheiros debatem os problemas da unidade de sa\u00fade e tentam resolver na esfera regional. Quando n\u00e3o conseguem resolver, levam as quest\u00f5es para a esfera superior, que \u00e9 o Conselho Municipal de Sa\u00fade\u201d, informou Lindomar Barone.<\/p>\n\n\n\n<p>O coordenador do processo eleitoral, conselheiro Elson Melo, explicou que a reuni\u00e3o contou com a presen\u00e7a dos gerentes de Aten\u00e7\u00e3o \u00e0 Sa\u00fade e de t\u00e9cnicos do Controle Social dos cinco Distritos de Sa\u00fade (Disas).<\/p>\n\n\n\n<p>\u201cA reuni\u00e3o foi um momento para o debate sobre o processo de organiza\u00e7\u00e3o da elei\u00e7\u00e3o dos Conselhos Locais de Sa\u00fade. A Semsa e os Distritos de Sa\u00fade sempre oferecem apoio e ser\u00e3o fundamentais na log\u00edstica para inscri\u00e7\u00e3o de candidatos e durante a vota\u00e7\u00e3o para eleger os conselheiros\u201d, afirmou Elson Melo.<\/p>\n\n\n\n<p>A gerente de Aten\u00e7\u00e3o \u00e0 Sa\u00fade do Disa Norte, Anete Dantas, participou da reuni\u00e3o e destacou que as unidades de sa\u00fade estar\u00e3o preparadas para mobilizar as comunidades, apoiar na realiza\u00e7\u00e3o das inscri\u00e7\u00f5es e na divulga\u00e7\u00e3o das elei\u00e7\u00f5es, garantindo maior participa\u00e7\u00e3o da sociedade no processo.<\/p>\n\n\n\n<p>De acordo com a gerente, o Disa Norte conta atualmente com 11 Conselhos Locais de Sa\u00fade e o n\u00famero deve ser ampliado para 12 com o processo eleitoral do tri\u00eanio de 2023-2026.<\/p>\n\n\n\n<p>\u201cAs unidades de sa\u00fade estar\u00e3o de portas abertas para contribuir em todas as fases da elei\u00e7\u00e3o para os conselhos locais, que ao longo dos anos t\u00eam tido um papel muito importante no fortalecimento do nosso processo de trabalho. Os conselheiros est\u00e3o sempre presentes nas unidades de sa\u00fade, participando das a\u00e7\u00f5es, divulgando os servi\u00e7os de preven\u00e7\u00e3o de doen\u00e7as e promo\u00e7\u00e3o da sa\u00fade. Por meio deles conseguimos chegar mais r\u00e1pido aos usu\u00e1rios e atender as demandas da comunidade\u201d, ressaltou Anete.<\/p>\n\n\n\n<p>O regulamento do Processo Eleitoral para Conselheiros Locais de Sa\u00fade (Tri\u00eanio 2023-2026), estabelecendo crit\u00e9rios e procedimentos para o processo eletivo e indicativo dos conselheiros, foi publicado na edi\u00e7\u00e3o N\u00ba 5596 do Di\u00e1rio Oficial do Munic\u00edpio (DOM), no dia 30 de maio.<\/p>\n\n\n\n<p>De acordo com o regulamento, a apresenta\u00e7\u00e3o de representantes para Conselhos Locais de Sa\u00fade dever\u00e1 ocorrer: por indica\u00e7\u00e3o do Distrito de Sa\u00fade (Norte, Sul, Leste, Oeste e Rural), no caso da representa\u00e7\u00e3o do segmento de Gestores, efetuado por meio de Documento Oficial; por elei\u00e7\u00e3o do candidato (a) nos casos da representa\u00e7\u00e3o do segmento dos Trabalhadores da Sa\u00fade; e por elei\u00e7\u00e3o das entidades ou movimentos sociais e populares nos casos da representa\u00e7\u00e3o do segmento dos usu\u00e1rios da sa\u00fade.<\/p>\n\n\n\n<p>Para a composi\u00e7\u00e3o dos conselhos locais, os representantes de gestores s\u00e3o nomeados por indica\u00e7\u00e3o, os representantes de trabalhadores s\u00e3o eleitos por trabalhadores da unidade de sa\u00fade e os representantes de usu\u00e1rios s\u00e3o eleitos por usu\u00e1rios do SUS.<\/p>\n\n\n\n<p><strong>Inscri\u00e7\u00f5es<\/strong><\/p>\n\n\n\n<p>O per\u00edodo de inscri\u00e7\u00e3o de candidatos e entidades que concorrer\u00e3o na elei\u00e7\u00e3o, representando as zonas Urbana (Norte, Sul, Leste e Oeste) e Rural (Terrestre e Ribeirinha), est\u00e1 marcado para o per\u00edodo de 3 a 14 de julho de 2023, das 9h \u00e0s 15h. As inscri\u00e7\u00f5es poder\u00e3o ser realizadas nas sedes dos Distritos de Sa\u00fade e as unidades de sa\u00fade tamb\u00e9m ir\u00e3o apoiar no processo de inscri\u00e7\u00e3o.<\/p>\n\n\n\n<p>A elei\u00e7\u00e3o ir\u00e1 ocorrer entre 28 de julho e 11 de agosto, de acordo com as zonas geogr\u00e1ficas de Manaus, na seguinte ordem: zona Rural Ribeirinha \u2013 28 de julho; zona Rural Terrestre \u2013 1\u00ba de agosto; zona Norte \u2013 3 de agosto; zona Oeste \u2013 7 de agosto; zona Leste &#8211; 0 de agosto; e zona Sul \u2013 11 de agosto.&nbsp;<\/p>\n\n\n\n<p>&#8212; &#8212; &#8212;&nbsp;<\/p>\n\n\n\n<p><strong>Texto &#8211; <\/strong>Euriv\u00e2nia Gal\u00facio \/ Semsa<\/p>\n\n\n\n<p><strong>Fotos &#8211; <\/strong>Graziela Praia \/ Semsa<\/p>\n\n\n\n<p><strong>Dispon\u00edveis em \u2013 <\/strong><a href=\"https:\/\/flic.kr\/s\/aHBqjAGKcq\">https:\/\/flic.kr\/s\/aHBqjAGKcq<\/a><\/p>\n","protected":false},"excerpt":{"rendered":"","protected":false},"author":39,"featured_media":212323,"comment_status":"closed","ping_status":"closed","sticky":false,"template":"","format":"standard","meta":{"footnotes":""},"categories":[293],"tags":[1043,1044,54,28,1045],"acf":[],"yoast_head":"<!-- This site is optimized with the Yoast SEO plugin v23.0 - https:\/\/yoast.com\/wordpress\/plugins\/seo\/ -->\n<title>Prefeitura e CMS\/Manaus alinham a\u00e7\u00f5es para realiza\u00e7\u00e3o de elei\u00e7\u00e3o dos novos conselheiros locais de sa\u00fade<\/title>\n<meta name=\"description\" content=\"Profissionais dos Distritos de Sa\u00fade (Norte, Sul, Leste, Oeste e Rural) participaram nesta ter\u00e7a-feira, 6\/6, de reuni\u00e3o com a Comiss\u00e3o de Coordena\u00e7\u00e3o do Processo Eleitoral para Conselheiros Locais de Sa\u00fade de Manaus no tri\u00eanio 2023-2026.\" \/>\n<meta name=\"robots\" content=\"index, follow, max-snippet:-1, max-image-preview:large, max-video-preview:-1\" \/>\n<link rel=\"canonical\" href=\"https:\/\/www.manaus.am.gov.br\/semsa\/prefeitura-e-cms-manaus-alinham-acoes-para-realizacao-de-eleicao-dos-novos-conselheiros-locais-de-saude\/\" \/>\n<meta property=\"og:locale\" content=\"pt_BR\" \/>\n<meta property=\"og:type\" content=\"article\" \/>\n<meta property=\"og:title\" content=\"Prefeitura e CMS\/Manaus alinham a\u00e7\u00f5es para realiza\u00e7\u00e3o de elei\u00e7\u00e3o dos novos conselheiros locais de sa\u00fade\" \/>\n<meta property=\"og:description\" content=\"Profissionais dos Distritos de Sa\u00fade (Norte, Sul, Leste, Oeste e Rural) participaram nesta ter\u00e7a-feira, 6\/6, de reuni\u00e3o com a Comiss\u00e3o de Coordena\u00e7\u00e3o do Processo Eleitoral para Conselheiros Locais de Sa\u00fade de Manaus no tri\u00eanio 2023-2026.\" \/>\n<meta property=\"og:url\" content=\"https:\/\/www.manaus.am.gov.br\/semsa\/prefeitura-e-cms-manaus-alinham-acoes-para-realizacao-de-eleicao-dos-novos-conselheiros-locais-de-saude\/\" \/>\n<meta property=\"og:site_name\" content=\"SEMSA\" \/>\n<meta property=\"article:published_time\" content=\"2023-06-06T19:47:02+00:00\" \/>\n<meta property=\"article:modified_time\" content=\"2023-06-06T19:47:04+00:00\" \/>\n<meta property=\"og:image\" content=\"https:\/\/www.manaus.am.gov.br\/semsa\/wp-content\/uploads\/sites\/8\/2023\/06\/52956139705_2220e41626_k.jpg\" \/>\n\t<meta property=\"og:image:width\" content=\"2048\" \/>\n\t<meta property=\"og:image:height\" content=\"1365\" \/>\n\t<meta property=\"og:image:type\" content=\"image\/jpeg\" \/>\n<meta name=\"author\" content=\"Bruna Greco\" \/>\n<meta name=\"twitter:card\" content=\"summary_large_image\" \/>\n<meta name=\"twitter:label1\" content=\"Written by\" \/>\n\t<meta name=\"twitter:data1\" content=\"Bruna Greco\" \/>\n\t<meta name=\"twitter:label2\" content=\"Est. reading time\" \/>\n\t<meta name=\"twitter:data2\" content=\"5 minutos\" \/>\n<script type=\"application\/ld+json\" class=\"yoast-schema-graph\">{\"@context\":\"https:\/\/schema.org\",\"@graph\":[{\"@type\":\"WebPage\",\"@id\":\"https:\/\/www.manaus.am.gov.br\/semsa\/prefeitura-e-cms-manaus-alinham-acoes-para-realizacao-de-eleicao-dos-novos-conselheiros-locais-de-saude\/\",\"url\":\"https:\/\/www.manaus.am.gov.br\/semsa\/prefeitura-e-cms-manaus-alinham-acoes-para-realizacao-de-eleicao-dos-novos-conselheiros-locais-de-saude\/\",\"name\":\"Prefeitura e CMS\/Manaus alinham a\u00e7\u00f5es para realiza\u00e7\u00e3o de elei\u00e7\u00e3o dos novos conselheiros locais de sa\u00fade\",\"isPartOf\":{\"@id\":\"https:\/\/www.manaus.am.gov.br\/semsa\/#website\"},\"primaryImageOfPage\":{\"@id\":\"https:\/\/www.manaus.am.gov.br\/semsa\/prefeitura-e-cms-manaus-alinham-acoes-para-realizacao-de-eleicao-dos-novos-conselheiros-locais-de-saude\/#primaryimage\"},\"image\":{\"@id\":\"https:\/\/www.manaus.am.gov.br\/semsa\/prefeitura-e-cms-manaus-alinham-acoes-para-realizacao-de-eleicao-dos-novos-conselheiros-locais-de-saude\/#primaryimage\"},\"thumbnailUrl\":\"https:\/\/www.manaus.am.gov.br\/semsa\/wp-content\/uploads\/sites\/8\/2023\/06\/52956139705_2220e41626_k.jpg\",\"datePublished\":\"2023-06-06T19:47:02+00:00\",\"dateModified\":\"2023-06-06T19:47:04+00:00\",\"author\":{\"@id\":\"https:\/\/www.manaus.am.gov.br\/semsa\/#\/schema\/person\/05d223aea2bf115f9883a6ff3683d81b\"},\"description\":\"Profissionais dos Distritos de Sa\u00fade (Norte, Sul, Leste, Oeste e Rural) participaram nesta ter\u00e7a-feira, 6\/6, de reuni\u00e3o com a Comiss\u00e3o de Coordena\u00e7\u00e3o do Processo Eleitoral para Conselheiros Locais de Sa\u00fade de Manaus no tri\u00eanio 2023-2026.\",\"inLanguage\":\"pt-BR\",\"potentialAction\":[{\"@type\":\"ReadAction\",\"target\":[\"https:\/\/www.manaus.am.gov.br\/semsa\/prefeitura-e-cms-manaus-alinham-acoes-para-realizacao-de-eleicao-dos-novos-conselheiros-locais-de-saude\/\"]}]},{\"@type\":\"ImageObject\",\"inLanguage\":\"pt-BR\",\"@id\":\"https:\/\/www.manaus.am.gov.br\/semsa\/prefeitura-e-cms-manaus-alinham-acoes-para-realizacao-de-eleicao-dos-novos-conselheiros-locais-de-saude\/#primaryimage\",\"url\":\"https:\/\/www.manaus.am.gov.br\/semsa\/wp-content\/uploads\/sites\/8\/2023\/06\/52956139705_2220e41626_k.jpg\",\"contentUrl\":\"https:\/\/www.manaus.am.gov.br\/semsa\/wp-content\/uploads\/sites\/8\/2023\/06\/52956139705_2220e41626_k.jpg\",\"width\":2048,\"height\":1365},{\"@type\":\"WebSite\",\"@id\":\"https:\/\/www.manaus.am.gov.br\/semsa\/#website\",\"url\":\"https:\/\/www.manaus.am.gov.br\/semsa\/\",\"name\":\"SEMSA\",\"description\":\"Secretaria Municipal de Sa\u00fade\",\"alternateName\":\"Secretaria Municipal de Sa\u00fade\",\"potentialAction\":[{\"@type\":\"SearchAction\",\"target\":{\"@type\":\"EntryPoint\",\"urlTemplate\":\"https:\/\/www.manaus.am.gov.br\/semsa\/?s={search_term_string}\"},\"query-input\":\"required name=search_term_string\"}],\"inLanguage\":\"pt-BR\"},{\"@type\":\"Person\",\"@id\":\"https:\/\/www.manaus.am.gov.br\/semsa\/#\/schema\/person\/05d223aea2bf115f9883a6ff3683d81b\",\"name\":\"Bruna Greco\",\"image\":{\"@type\":\"ImageObject\",\"inLanguage\":\"pt-BR\",\"@id\":\"https:\/\/www.manaus.am.gov.br\/semsa\/#\/schema\/person\/image\/\",\"url\":\"https:\/\/secure.gravatar.com\/avatar\/9c877d1a6adc2a055330e5c09a8653ce?s=96&d=mm&r=g\",\"contentUrl\":\"https:\/\/secure.gravatar.com\/avatar\/9c877d1a6adc2a055330e5c09a8653ce?s=96&d=mm&r=g\",\"caption\":\"Bruna Greco\"}}]}<\/script>\n<!-- \/ Yoast SEO plugin. -->","yoast_head_json":{"title":"Prefeitura e CMS\/Manaus alinham a\u00e7\u00f5es para realiza\u00e7\u00e3o de elei\u00e7\u00e3o dos novos conselheiros locais de sa\u00fade","description":"Profissionais dos Distritos de Sa\u00fade (Norte, Sul, Leste, Oeste e Rural) participaram nesta ter\u00e7a-feira, 6\/6, de reuni\u00e3o com a Comiss\u00e3o de Coordena\u00e7\u00e3o do Processo Eleitoral para Conselheiros Locais de Sa\u00fade de Manaus no tri\u00eanio 2023-2026.","robots":{"index":"index","follow":"follow","max-snippet":"max-snippet:-1","max-image-preview":"max-image-preview:large","max-video-preview":"max-video-preview:-1"},"canonical":"https:\/\/www.manaus.am.gov.br\/semsa\/prefeitura-e-cms-manaus-alinham-acoes-para-realizacao-de-eleicao-dos-novos-conselheiros-locais-de-saude\/","og_locale":"pt_BR","og_type":"article","og_title":"Prefeitura e CMS\/Manaus alinham a\u00e7\u00f5es para realiza\u00e7\u00e3o de elei\u00e7\u00e3o dos novos conselheiros locais de sa\u00fade","og_description":"Profissionais dos Distritos de Sa\u00fade (Norte, Sul, Leste, Oeste e Rural) participaram nesta ter\u00e7a-feira, 6\/6, de reuni\u00e3o com a Comiss\u00e3o de Coordena\u00e7\u00e3o do Processo Eleitoral para Conselheiros Locais de Sa\u00fade de Manaus no tri\u00eanio 2023-2026.","og_url":"https:\/\/www.manaus.am.gov.br\/semsa\/prefeitura-e-cms-manaus-alinham-acoes-para-realizacao-de-eleicao-dos-novos-conselheiros-locais-de-saude\/","og_site_name":"SEMSA","article_published_time":"2023-06-06T19:47:02+00:00","article_modified_time":"2023-06-06T19:47:04+00:00","og_image":[{"width":2048,"height":1365,"url":"https:\/\/www.manaus.am.gov.br\/semsa\/wp-content\/uploads\/sites\/8\/2023\/06\/52956139705_2220e41626_k.jpg","type":"image\/jpeg"}],"author":"Bruna Greco","twitter_card":"summary_large_image","twitter_misc":{"Written by":"Bruna Greco","Est. reading time":"5 minutos"},"schema":{"@context":"https:\/\/schema.org","@graph":[{"@type":"WebPage","@id":"https:\/\/www.manaus.am.gov.br\/semsa\/prefeitura-e-cms-manaus-alinham-acoes-para-realizacao-de-eleicao-dos-novos-conselheiros-locais-de-saude\/","url":"https:\/\/www.manaus.am.gov.br\/semsa\/prefeitura-e-cms-manaus-alinham-acoes-para-realizacao-de-eleicao-dos-novos-conselheiros-locais-de-saude\/","name":"Prefeitura e CMS\/Manaus alinham a\u00e7\u00f5es para realiza\u00e7\u00e3o de elei\u00e7\u00e3o dos novos conselheiros locais de sa\u00fade","isPartOf":{"@id":"https:\/\/www.manaus.am.gov.br\/semsa\/#website"},"primaryImageOfPage":{"@id":"https:\/\/www.manaus.am.gov.br\/semsa\/prefeitura-e-cms-manaus-alinham-acoes-para-realizacao-de-eleicao-dos-novos-conselheiros-locais-de-saude\/#primaryimage"},"image":{"@id":"https:\/\/www.manaus.am.gov.br\/semsa\/prefeitura-e-cms-manaus-alinham-acoes-para-realizacao-de-eleicao-dos-novos-conselheiros-locais-de-saude\/#primaryimage"},"thumbnailUrl":"https:\/\/www.manaus.am.gov.br\/semsa\/wp-content\/uploads\/sites\/8\/2023\/06\/52956139705_2220e41626_k.jpg","datePublished":"2023-06-06T19:47:02+00:00","dateModified":"2023-06-06T19:47:04+00:00","author":{"@id":"https:\/\/www.manaus.am.gov.br\/semsa\/#\/schema\/person\/05d223aea2bf115f9883a6ff3683d81b"},"description":"Profissionais dos Distritos de Sa\u00fade (Norte, Sul, Leste, Oeste e Rural) participaram nesta ter\u00e7a-feira, 6\/6, de reuni\u00e3o com a Comiss\u00e3o de Coordena\u00e7\u00e3o do Processo Eleitoral para Conselheiros Locais de Sa\u00fade de Manaus no tri\u00eanio 2023-2026.","inLanguage":"pt-BR","potentialAction":[{"@type":"ReadAction","target":["https:\/\/www.manaus.am.gov.br\/semsa\/prefeitura-e-cms-manaus-alinham-acoes-para-realizacao-de-eleicao-dos-novos-conselheiros-locais-de-saude\/"]}]},{"@type":"ImageObject","inLanguage":"pt-BR","@id":"https:\/\/www.manaus.am.gov.br\/semsa\/prefeitura-e-cms-manaus-alinham-acoes-para-realizacao-de-eleicao-dos-novos-conselheiros-locais-de-saude\/#primaryimage","url":"https:\/\/www.manaus.am.gov.br\/semsa\/wp-content\/uploads\/sites\/8\/2023\/06\/52956139705_2220e41626_k.jpg","contentUrl":"https:\/\/www.manaus.am.gov.br\/semsa\/wp-content\/uploads\/sites\/8\/2023\/06\/52956139705_2220e41626_k.jpg","width":2048,"height":1365},{"@type":"WebSite","@id":"https:\/\/www.manaus.am.gov.br\/semsa\/#website","url":"https:\/\/www.manaus.am.gov.br\/semsa\/","name":"SEMSA","description":"Secretaria Municipal de Sa\u00fade","alternateName":"Secretaria Municipal de Sa\u00fade","potentialAction":[{"@type":"SearchAction","target":{"@type":"EntryPoint","urlTemplate":"https:\/\/www.manaus.am.gov.br\/semsa\/?s={search_term_string}"},"query-input":"required name=search_term_string"}],"inLanguage":"pt-BR"},{"@type":"Person","@id":"https:\/\/www.manaus.am.gov.br\/semsa\/#\/schema\/person\/05d223aea2bf115f9883a6ff3683d81b","name":"Bruna Greco","image":{"@type":"ImageObject","inLanguage":"pt-BR","@id":"https:\/\/www.manaus.am.gov.br\/semsa\/#\/schema\/person\/image\/","url":"https:\/\/secure.gravatar.com\/avatar\/9c877d1a6adc2a055330e5c09a8653ce?s=96&d=mm&r=g","contentUrl":"https:\/\/secure.gravatar.com\/avatar\/9c877d1a6adc2a055330e5c09a8653ce?s=96&d=mm&r=g","caption":"Bruna Greco"}}]}},"_links":{"self":[{"href":"https:\/\/www.manaus.am.gov.br\/semsa\/wp-json\/wp\/v2\/posts\/212322"}],"collection":[{"href":"https:\/\/www.manaus.am.gov.br\/semsa\/wp-json\/wp\/v2\/posts"}],"about":[{"href":"https:\/\/www.manaus.am.gov.br\/semsa\/wp-json\/wp\/v2\/types\/post"}],"author":[{"embeddable":true,"href":"https:\/\/www.manaus.am.gov.br\/semsa\/wp-json\/wp\/v2\/users\/39"}],"replies":[{"embeddable":true,"href":"https:\/\/www.manaus.am.gov.br\/semsa\/wp-json\/wp\/v2\/comments?post=212322"}],"version-history":[{"count":0,"href":"https:\/\/www.manaus.am.gov.br\/semsa\/wp-json\/wp\/v2\/posts\/212322\/revisions"}],"wp:featuredmedia":[{"embeddable":true,"href":"https:\/\/www.manaus.am.gov.br\/semsa\/wp-json\/wp\/v2\/media\/212323"}],"wp:attachment":[{"href":"https:\/\/www.manaus.am.gov.br\/semsa\/wp-json\/wp\/v2\/media?parent=212322"}],"wp:term":[{"taxonomy":"category","embeddable":true,"href":"https:\/\/www.manaus.am.gov.br\/semsa\/wp-json\/wp\/v2\/categories?post=212322"},{"taxonomy":"post_tag","embeddable":true,"href":"https:\/\/www.manaus.am.gov.br\/semsa\/wp-json\/wp\/v2\/tags?post=212322"}],"curies":[{"name":"wp","href":"https:\/\/api.w.org\/{rel}","templated":true}]}}