{"id":212298,"date":"2023-06-01T15:39:08","date_gmt":"2023-06-01T19:39:08","guid":{"rendered":"https:\/\/www.manaus.am.gov.br\/semsa\/cms-manaus-divulga-regulamento-do-processo-eleitoral-para-composicao-de-76-conselhos-locais-de-saude\/"},"modified":"2023-06-01T15:39:10","modified_gmt":"2023-06-01T19:39:10","slug":"cms-manaus-divulga-regulamento-do-processo-eleitoral-para-composicao-de-76-conselhos-locais-de-saude","status":"publish","type":"post","link":"https:\/\/www.manaus.am.gov.br\/semsa\/cms-manaus-divulga-regulamento-do-processo-eleitoral-para-composicao-de-76-conselhos-locais-de-saude\/","title":{"rendered":"<strong>CMS\/Manaus divulga regulamento do processo eleitoral para composi\u00e7\u00e3o de 76 Conselhos Locais de Sa\u00fade<\/strong>"},"content":{"rendered":"\n<p>O Conselho Municipal de Sa\u00fade (CMS\/Manaus) informa que o regulamento do processo eleitoral para Conselheiros Locais de Sa\u00fade (Tri\u00eanio 2023-2026) j\u00e1 est\u00e1 dispon\u00edvel para consulta. Publicado na edi\u00e7\u00e3o n\u00ba 5.596 do Di\u00e1rio Oficial do Munic\u00edpio (DOM), no dia 30 de maio, o regulamento tem como objetivo estabelecer crit\u00e9rios e procedimentos para o processo eletivo e indicativo dos conselheiros, de acordo com o Regimento Interno para funcionamento dos Conselhos Locais de Sa\u00fade (CLSs) e o Regimento Interno do CMS\/Manaus.<\/p>\n\n\n\n<p>O coordenador do processo eleitoral, conselheiro Elson Melo, explica que a divulga\u00e7\u00e3o e publica\u00e7\u00e3o do regulamento fazem parte do processo de mobiliza\u00e7\u00e3o da popula\u00e7\u00e3o de Manaus para a composi\u00e7\u00e3o dos Conselhos Locais de Sa\u00fade (CLSs).<\/p>\n\n\n\n<p>\u201cAtualmente, Manaus conta com 68 Conselhos Locais de Sa\u00fade que atuam vinculados a 68 Unidades de Sa\u00fade da rede municipal. Os CLSs s\u00e3o compostos por gestores, trabalhadores e usu\u00e1rios do Sistema \u00danico de Sa\u00fade (SUS), que fiscalizam e prop\u00f5em solu\u00e7\u00f5es para a melhoria da oferta de servi\u00e7os das Unidades de Sa\u00fade, em um trabalho volunt\u00e1rio e n\u00e3o remunerado\u201d, explica Elson Melo.<\/p>\n\n\n\n<p>Para o tri\u00eanio 2023-2026, a meta \u00e9 atingir o n\u00famero de 76 Conselhos Locais de Sa\u00fade, abrangendo um n\u00famero maior de Unidades de Sa\u00fade, com a elei\u00e7\u00e3o de aproximadamente 580 conselheiros titulares, al\u00e9m dos respectivos suplentes.<\/p>\n\n\n\n<p>De acordo com o regulamento, a apresenta\u00e7\u00e3o de representantes para Conselhos Locais de Sa\u00fade dever\u00e1 ocorrer por indica\u00e7\u00e3o do Distrito de Sa\u00fade (Norte, Sul, Leste, Oeste e Rural), no caso da representa\u00e7\u00e3o do segmento de Gestores, efetuado por meio de Documento Oficial; por elei\u00e7\u00e3o do candidato (a) nos casos da representa\u00e7\u00e3o do segmento dos Trabalhadores da Sa\u00fade; e por elei\u00e7\u00e3o das entidades ou movimentos sociais e populares nos casos da representa\u00e7\u00e3o do segmento dos Usu\u00e1rios da Sa\u00fade.<\/p>\n\n\n\n<p>&nbsp;\u201c\u00c9 importante que todos os interessados em participar do processo eleitoral consultem o regulamento para entender as fases da elei\u00e7\u00e3o, o per\u00edodo de inscri\u00e7\u00f5es, cadastramento de entidades, candidatos e eleitores, requisitos exigidos para ocupar uma das vagas, documentos necess\u00e1rios para inscri\u00e7\u00e3o, a vota\u00e7\u00e3o e apura\u00e7\u00e3o dos votos\u201d, destaca Elson.<\/p>\n\n\n\n<p>O regulamento pode ser consultado no link&nbsp;<a href=\"http:\/\/dom.manaus.am.gov.br\/pdf\/2023\/maio\/DOM%205596%2030.05.2023%20CAD%201.pdf\" target=\"_blank\" rel=\"noreferrer noopener\">http:\/\/dom.manaus.am.gov.br\/pdf\/2023\/maio\/DOM%205596%2030.05.2023%20CAD%201.pdf<\/a><\/p>\n\n\n\n<p><strong>Inscri\u00e7\u00f5es<\/strong><\/p>\n\n\n\n<p>O per\u00edodo de inscri\u00e7\u00e3o de candidatos e entidades que concorrer\u00e3o na elei\u00e7\u00e3o, representando as zonas Urbana (Norte, Sul, Leste e Oeste) e rural (Terrestre e Ribeirinha), est\u00e1 marcado para o per\u00edodo entre 3 a 14 de julho de 2023, das 9h \u00e0s 15h. As inscri\u00e7\u00f5es poder\u00e3o ser realizadas nas sedes dos Distritos de Sa\u00fade, sendo que as Unidades de Sa\u00fade tamb\u00e9m ir\u00e3o apoiar no processo de inscri\u00e7\u00e3o.<\/p>\n\n\n\n<p>A elei\u00e7\u00e3o ir\u00e1 ocorrer entre 28 de julho e 11 de agosto, de acordo com as zonas geogr\u00e1ficas de Manaus, na seguinte ordem: zona rural ribeirinha \u2013 28 de julho; zona rural terrestre \u2013 1\u00ba de agosto; zona Norte \u2013 3 de agosto; zona Oeste \u2013 7 de agosto; zona Leste &#8211; 9 de agosto; e Zona Sul \u2013 11 de agosto.<\/p>\n\n\n\n<p><strong>Composi\u00e7\u00e3o<\/strong><\/p>\n\n\n\n<p>Cada CLS \u00e9 composto por 50% de usu\u00e1rios, 25% de gestores e 25% de trabalhadores. Em Unidade de Sa\u00fade com at\u00e9 40 servidores, o CLS \u00e9 composto por quatro membros; entre 41 a 80 servidores, a composi\u00e7\u00e3o \u00e9 de oito membros; a partir de 81 servidores, o CLS tem composi\u00e7\u00e3o de 12 membros.<\/p>\n\n\n\n<p>\u201cPara a composi\u00e7\u00e3o dos conselhos locais, os representantes de gestores s\u00e3o nomeados por indica\u00e7\u00e3o, os representantes de trabalhadores s\u00e3o eleitos por trabalhadores da Unidade de Sa\u00fade e os representantes de usu\u00e1rios s\u00e3o eleitos por usu\u00e1rios do SUS\u201d, informa Elson Melo.<\/p>\n\n\n\n<p>A posse dos novos conselheiros locais vai ocorrer entre 1\u00ba e 14 de setembro, com datas espec\u00edficas para as zonas Norte, Sul, Leste, Oeste e Rural.<\/p>\n\n\n\n<p><strong>&#8212; &#8212; &#8212;<\/strong><\/p>\n\n\n\n<p><strong>Texto \u2013&nbsp;<\/strong>Euriv\u00e2nia Gal\u00facio \/ Semsa<\/p>\n\n\n\n<p><strong>Fotos \u2013&nbsp;<\/strong>Divulga\u00e7\u00e3o \/ Semsa<\/p>\n","protected":false},"excerpt":{"rendered":"","protected":false},"author":24,"featured_media":212299,"comment_status":"closed","ping_status":"closed","sticky":false,"template":"","format":"standard","meta":{"footnotes":""},"categories":[997],"tags":[294,998,230,999,1000,1001,936,1002,1003],"acf":[],"yoast_head":"<!-- This site is optimized with the Yoast SEO plugin v23.0 - https:\/\/yoast.com\/wordpress\/plugins\/seo\/ -->\n<title>CMS\/Manaus divulga regulamento do processo eleitoral para composi\u00e7\u00e3o de 76 Conselhos Locais de Sa\u00fade - SEMSA<\/title>\n<meta name=\"description\" content=\"O Conselho Municipal de Sa\u00fade (CMS\/Manaus) informa que o regulamento do processo eleitoral para Conselheiros Locais de Sa\u00fade (Tri\u00eanio 2023-2026) j\u00e1 est\u00e1 dispon\u00edvel para consulta. Publicado na edi\u00e7\u00e3o n\u00ba 5.596 do Di\u00e1rio Oficial do Munic\u00edpio (DOM), no dia 30 de maio, o regulamento tem como objetivo estabelecer crit\u00e9rios e procedimentos para o processo eletivo e indicativo dos conselheiros, de acordo com o Regimento Interno para funcionamento dos Conselhos Locais de Sa\u00fade (CLSs) e o Regimento Interno do CMS\/Manaus.\" \/>\n<meta name=\"robots\" content=\"index, follow, max-snippet:-1, max-image-preview:large, max-video-preview:-1\" \/>\n<link rel=\"canonical\" href=\"https:\/\/www.manaus.am.gov.br\/semsa\/cms-manaus-divulga-regulamento-do-processo-eleitoral-para-composicao-de-76-conselhos-locais-de-saude\/\" \/>\n<meta property=\"og:locale\" content=\"pt_BR\" \/>\n<meta property=\"og:type\" content=\"article\" \/>\n<meta property=\"og:title\" content=\"CMS\/Manaus divulga regulamento do processo eleitoral para composi\u00e7\u00e3o de 76 Conselhos Locais de Sa\u00fade - SEMSA\" \/>\n<meta property=\"og:description\" content=\"O Conselho Municipal de Sa\u00fade (CMS\/Manaus) informa que o regulamento do processo eleitoral para Conselheiros Locais de Sa\u00fade (Tri\u00eanio 2023-2026) j\u00e1 est\u00e1 dispon\u00edvel para consulta. Publicado na edi\u00e7\u00e3o n\u00ba 5.596 do Di\u00e1rio Oficial do Munic\u00edpio (DOM), no dia 30 de maio, o regulamento tem como objetivo estabelecer crit\u00e9rios e procedimentos para o processo eletivo e indicativo dos conselheiros, de acordo com o Regimento Interno para funcionamento dos Conselhos Locais de Sa\u00fade (CLSs) e o Regimento Interno do CMS\/Manaus.\" \/>\n<meta property=\"og:url\" content=\"https:\/\/www.manaus.am.gov.br\/semsa\/cms-manaus-divulga-regulamento-do-processo-eleitoral-para-composicao-de-76-conselhos-locais-de-saude\/\" \/>\n<meta property=\"og:site_name\" content=\"SEMSA\" \/>\n<meta property=\"article:published_time\" content=\"2023-06-01T19:39:08+00:00\" \/>\n<meta property=\"article:modified_time\" content=\"2023-06-01T19:39:10+00:00\" \/>\n<meta property=\"og:image\" content=\"https:\/\/www.manaus.am.gov.br\/semsa\/wp-content\/uploads\/sites\/8\/2023\/06\/Junho-01_-Regulamento-eleicao-CMS-Manaus-scaled.jpg\" \/>\n\t<meta property=\"og:image:width\" content=\"2560\" \/>\n\t<meta property=\"og:image:height\" content=\"1920\" \/>\n\t<meta property=\"og:image:type\" content=\"image\/jpeg\" \/>\n<meta name=\"author\" content=\"Cl\u00e1udia Barbosa\" \/>\n<meta name=\"twitter:card\" content=\"summary_large_image\" \/>\n<meta name=\"twitter:label1\" content=\"Written by\" \/>\n\t<meta name=\"twitter:data1\" content=\"Cl\u00e1udia Barbosa\" \/>\n\t<meta name=\"twitter:label2\" content=\"Est. reading time\" \/>\n\t<meta name=\"twitter:data2\" content=\"4 minutos\" \/>\n<script type=\"application\/ld+json\" class=\"yoast-schema-graph\">{\"@context\":\"https:\/\/schema.org\",\"@graph\":[{\"@type\":\"WebPage\",\"@id\":\"https:\/\/www.manaus.am.gov.br\/semsa\/cms-manaus-divulga-regulamento-do-processo-eleitoral-para-composicao-de-76-conselhos-locais-de-saude\/\",\"url\":\"https:\/\/www.manaus.am.gov.br\/semsa\/cms-manaus-divulga-regulamento-do-processo-eleitoral-para-composicao-de-76-conselhos-locais-de-saude\/\",\"name\":\"CMS\/Manaus divulga regulamento do processo eleitoral para composi\u00e7\u00e3o de 76 Conselhos Locais de Sa\u00fade - SEMSA\",\"isPartOf\":{\"@id\":\"https:\/\/www.manaus.am.gov.br\/semsa\/#website\"},\"primaryImageOfPage\":{\"@id\":\"https:\/\/www.manaus.am.gov.br\/semsa\/cms-manaus-divulga-regulamento-do-processo-eleitoral-para-composicao-de-76-conselhos-locais-de-saude\/#primaryimage\"},\"image\":{\"@id\":\"https:\/\/www.manaus.am.gov.br\/semsa\/cms-manaus-divulga-regulamento-do-processo-eleitoral-para-composicao-de-76-conselhos-locais-de-saude\/#primaryimage\"},\"thumbnailUrl\":\"https:\/\/www.manaus.am.gov.br\/semsa\/wp-content\/uploads\/sites\/8\/2023\/06\/Junho-01_-Regulamento-eleicao-CMS-Manaus-scaled.jpg\",\"datePublished\":\"2023-06-01T19:39:08+00:00\",\"dateModified\":\"2023-06-01T19:39:10+00:00\",\"author\":{\"@id\":\"https:\/\/www.manaus.am.gov.br\/semsa\/#\/schema\/person\/d0a166b5031154c33c77794ddc9a827e\"},\"description\":\"O Conselho Municipal de Sa\u00fade (CMS\/Manaus) informa que o regulamento do processo eleitoral para Conselheiros Locais de Sa\u00fade (Tri\u00eanio 2023-2026) j\u00e1 est\u00e1 dispon\u00edvel para consulta. Publicado na edi\u00e7\u00e3o n\u00ba 5.596 do Di\u00e1rio Oficial do Munic\u00edpio (DOM), no dia 30 de maio, o regulamento tem como objetivo estabelecer crit\u00e9rios e procedimentos para o processo eletivo e indicativo dos conselheiros, de acordo com o Regimento Interno para funcionamento dos Conselhos Locais de Sa\u00fade (CLSs) e o Regimento Interno do CMS\/Manaus.\",\"inLanguage\":\"pt-BR\",\"potentialAction\":[{\"@type\":\"ReadAction\",\"target\":[\"https:\/\/www.manaus.am.gov.br\/semsa\/cms-manaus-divulga-regulamento-do-processo-eleitoral-para-composicao-de-76-conselhos-locais-de-saude\/\"]}]},{\"@type\":\"ImageObject\",\"inLanguage\":\"pt-BR\",\"@id\":\"https:\/\/www.manaus.am.gov.br\/semsa\/cms-manaus-divulga-regulamento-do-processo-eleitoral-para-composicao-de-76-conselhos-locais-de-saude\/#primaryimage\",\"url\":\"https:\/\/www.manaus.am.gov.br\/semsa\/wp-content\/uploads\/sites\/8\/2023\/06\/Junho-01_-Regulamento-eleicao-CMS-Manaus-scaled.jpg\",\"contentUrl\":\"https:\/\/www.manaus.am.gov.br\/semsa\/wp-content\/uploads\/sites\/8\/2023\/06\/Junho-01_-Regulamento-eleicao-CMS-Manaus-scaled.jpg\",\"width\":2560,\"height\":1920},{\"@type\":\"WebSite\",\"@id\":\"https:\/\/www.manaus.am.gov.br\/semsa\/#website\",\"url\":\"https:\/\/www.manaus.am.gov.br\/semsa\/\",\"name\":\"SEMSA\",\"description\":\"Secretaria Municipal de Sa\u00fade\",\"alternateName\":\"Secretaria Municipal de Sa\u00fade\",\"potentialAction\":[{\"@type\":\"SearchAction\",\"target\":{\"@type\":\"EntryPoint\",\"urlTemplate\":\"https:\/\/www.manaus.am.gov.br\/semsa\/?s={search_term_string}\"},\"query-input\":\"required name=search_term_string\"}],\"inLanguage\":\"pt-BR\"},{\"@type\":\"Person\",\"@id\":\"https:\/\/www.manaus.am.gov.br\/semsa\/#\/schema\/person\/d0a166b5031154c33c77794ddc9a827e\",\"name\":\"Cl\u00e1udia Barbosa\",\"image\":{\"@type\":\"ImageObject\",\"inLanguage\":\"pt-BR\",\"@id\":\"https:\/\/www.manaus.am.gov.br\/semsa\/#\/schema\/person\/image\/\",\"url\":\"https:\/\/secure.gravatar.com\/avatar\/42958a1cf007f1a00534009218c72590?s=96&d=mm&r=g\",\"contentUrl\":\"https:\/\/secure.gravatar.com\/avatar\/42958a1cf007f1a00534009218c72590?s=96&d=mm&r=g\",\"caption\":\"Cl\u00e1udia Barbosa\"}}]}<\/script>\n<!-- \/ Yoast SEO plugin. -->","yoast_head_json":{"title":"CMS\/Manaus divulga regulamento do processo eleitoral para composi\u00e7\u00e3o de 76 Conselhos Locais de Sa\u00fade - SEMSA","description":"O Conselho Municipal de Sa\u00fade (CMS\/Manaus) informa que o regulamento do processo eleitoral para Conselheiros Locais de Sa\u00fade (Tri\u00eanio 2023-2026) j\u00e1 est\u00e1 dispon\u00edvel para consulta. Publicado na edi\u00e7\u00e3o n\u00ba 5.596 do Di\u00e1rio Oficial do Munic\u00edpio (DOM), no dia 30 de maio, o regulamento tem como objetivo estabelecer crit\u00e9rios e procedimentos para o processo eletivo e indicativo dos conselheiros, de acordo com o Regimento Interno para funcionamento dos Conselhos Locais de Sa\u00fade (CLSs) e o Regimento Interno do CMS\/Manaus.","robots":{"index":"index","follow":"follow","max-snippet":"max-snippet:-1","max-image-preview":"max-image-preview:large","max-video-preview":"max-video-preview:-1"},"canonical":"https:\/\/www.manaus.am.gov.br\/semsa\/cms-manaus-divulga-regulamento-do-processo-eleitoral-para-composicao-de-76-conselhos-locais-de-saude\/","og_locale":"pt_BR","og_type":"article","og_title":"CMS\/Manaus divulga regulamento do processo eleitoral para composi\u00e7\u00e3o de 76 Conselhos Locais de Sa\u00fade - SEMSA","og_description":"O Conselho Municipal de Sa\u00fade (CMS\/Manaus) informa que o regulamento do processo eleitoral para Conselheiros Locais de Sa\u00fade (Tri\u00eanio 2023-2026) j\u00e1 est\u00e1 dispon\u00edvel para consulta. Publicado na edi\u00e7\u00e3o n\u00ba 5.596 do Di\u00e1rio Oficial do Munic\u00edpio (DOM), no dia 30 de maio, o regulamento tem como objetivo estabelecer crit\u00e9rios e procedimentos para o processo eletivo e indicativo dos conselheiros, de acordo com o Regimento Interno para funcionamento dos Conselhos Locais de Sa\u00fade (CLSs) e o Regimento Interno do CMS\/Manaus.","og_url":"https:\/\/www.manaus.am.gov.br\/semsa\/cms-manaus-divulga-regulamento-do-processo-eleitoral-para-composicao-de-76-conselhos-locais-de-saude\/","og_site_name":"SEMSA","article_published_time":"2023-06-01T19:39:08+00:00","article_modified_time":"2023-06-01T19:39:10+00:00","og_image":[{"width":2560,"height":1920,"url":"https:\/\/www.manaus.am.gov.br\/semsa\/wp-content\/uploads\/sites\/8\/2023\/06\/Junho-01_-Regulamento-eleicao-CMS-Manaus-scaled.jpg","type":"image\/jpeg"}],"author":"Cl\u00e1udia Barbosa","twitter_card":"summary_large_image","twitter_misc":{"Written by":"Cl\u00e1udia Barbosa","Est. reading time":"4 minutos"},"schema":{"@context":"https:\/\/schema.org","@graph":[{"@type":"WebPage","@id":"https:\/\/www.manaus.am.gov.br\/semsa\/cms-manaus-divulga-regulamento-do-processo-eleitoral-para-composicao-de-76-conselhos-locais-de-saude\/","url":"https:\/\/www.manaus.am.gov.br\/semsa\/cms-manaus-divulga-regulamento-do-processo-eleitoral-para-composicao-de-76-conselhos-locais-de-saude\/","name":"CMS\/Manaus divulga regulamento do processo eleitoral para composi\u00e7\u00e3o de 76 Conselhos Locais de Sa\u00fade - SEMSA","isPartOf":{"@id":"https:\/\/www.manaus.am.gov.br\/semsa\/#website"},"primaryImageOfPage":{"@id":"https:\/\/www.manaus.am.gov.br\/semsa\/cms-manaus-divulga-regulamento-do-processo-eleitoral-para-composicao-de-76-conselhos-locais-de-saude\/#primaryimage"},"image":{"@id":"https:\/\/www.manaus.am.gov.br\/semsa\/cms-manaus-divulga-regulamento-do-processo-eleitoral-para-composicao-de-76-conselhos-locais-de-saude\/#primaryimage"},"thumbnailUrl":"https:\/\/www.manaus.am.gov.br\/semsa\/wp-content\/uploads\/sites\/8\/2023\/06\/Junho-01_-Regulamento-eleicao-CMS-Manaus-scaled.jpg","datePublished":"2023-06-01T19:39:08+00:00","dateModified":"2023-06-01T19:39:10+00:00","author":{"@id":"https:\/\/www.manaus.am.gov.br\/semsa\/#\/schema\/person\/d0a166b5031154c33c77794ddc9a827e"},"description":"O Conselho Municipal de Sa\u00fade (CMS\/Manaus) informa que o regulamento do processo eleitoral para Conselheiros Locais de Sa\u00fade (Tri\u00eanio 2023-2026) j\u00e1 est\u00e1 dispon\u00edvel para consulta. Publicado na edi\u00e7\u00e3o n\u00ba 5.596 do Di\u00e1rio Oficial do Munic\u00edpio (DOM), no dia 30 de maio, o regulamento tem como objetivo estabelecer crit\u00e9rios e procedimentos para o processo eletivo e indicativo dos conselheiros, de acordo com o Regimento Interno para funcionamento dos Conselhos Locais de Sa\u00fade (CLSs) e o Regimento Interno do CMS\/Manaus.","inLanguage":"pt-BR","potentialAction":[{"@type":"ReadAction","target":["https:\/\/www.manaus.am.gov.br\/semsa\/cms-manaus-divulga-regulamento-do-processo-eleitoral-para-composicao-de-76-conselhos-locais-de-saude\/"]}]},{"@type":"ImageObject","inLanguage":"pt-BR","@id":"https:\/\/www.manaus.am.gov.br\/semsa\/cms-manaus-divulga-regulamento-do-processo-eleitoral-para-composicao-de-76-conselhos-locais-de-saude\/#primaryimage","url":"https:\/\/www.manaus.am.gov.br\/semsa\/wp-content\/uploads\/sites\/8\/2023\/06\/Junho-01_-Regulamento-eleicao-CMS-Manaus-scaled.jpg","contentUrl":"https:\/\/www.manaus.am.gov.br\/semsa\/wp-content\/uploads\/sites\/8\/2023\/06\/Junho-01_-Regulamento-eleicao-CMS-Manaus-scaled.jpg","width":2560,"height":1920},{"@type":"WebSite","@id":"https:\/\/www.manaus.am.gov.br\/semsa\/#website","url":"https:\/\/www.manaus.am.gov.br\/semsa\/","name":"SEMSA","description":"Secretaria Municipal de Sa\u00fade","alternateName":"Secretaria Municipal de Sa\u00fade","potentialAction":[{"@type":"SearchAction","target":{"@type":"EntryPoint","urlTemplate":"https:\/\/www.manaus.am.gov.br\/semsa\/?s={search_term_string}"},"query-input":"required name=search_term_string"}],"inLanguage":"pt-BR"},{"@type":"Person","@id":"https:\/\/www.manaus.am.gov.br\/semsa\/#\/schema\/person\/d0a166b5031154c33c77794ddc9a827e","name":"Cl\u00e1udia Barbosa","image":{"@type":"ImageObject","inLanguage":"pt-BR","@id":"https:\/\/www.manaus.am.gov.br\/semsa\/#\/schema\/person\/image\/","url":"https:\/\/secure.gravatar.com\/avatar\/42958a1cf007f1a00534009218c72590?s=96&d=mm&r=g","contentUrl":"https:\/\/secure.gravatar.com\/avatar\/42958a1cf007f1a00534009218c72590?s=96&d=mm&r=g","caption":"Cl\u00e1udia Barbosa"}}]}},"_links":{"self":[{"href":"https:\/\/www.manaus.am.gov.br\/semsa\/wp-json\/wp\/v2\/posts\/212298"}],"collection":[{"href":"https:\/\/www.manaus.am.gov.br\/semsa\/wp-json\/wp\/v2\/posts"}],"about":[{"href":"https:\/\/www.manaus.am.gov.br\/semsa\/wp-json\/wp\/v2\/types\/post"}],"author":[{"embeddable":true,"href":"https:\/\/www.manaus.am.gov.br\/semsa\/wp-json\/wp\/v2\/users\/24"}],"replies":[{"embeddable":true,"href":"https:\/\/www.manaus.am.gov.br\/semsa\/wp-json\/wp\/v2\/comments?post=212298"}],"version-history":[{"count":0,"href":"https:\/\/www.manaus.am.gov.br\/semsa\/wp-json\/wp\/v2\/posts\/212298\/revisions"}],"wp:featuredmedia":[{"embeddable":true,"href":"https:\/\/www.manaus.am.gov.br\/semsa\/wp-json\/wp\/v2\/media\/212299"}],"wp:attachment":[{"href":"https:\/\/www.manaus.am.gov.br\/semsa\/wp-json\/wp\/v2\/media?parent=212298"}],"wp:term":[{"taxonomy":"category","embeddable":true,"href":"https:\/\/www.manaus.am.gov.br\/semsa\/wp-json\/wp\/v2\/categories?post=212298"},{"taxonomy":"post_tag","embeddable":true,"href":"https:\/\/www.manaus.am.gov.br\/semsa\/wp-json\/wp\/v2\/tags?post=212298"}],"curies":[{"name":"wp","href":"https:\/\/api.w.org\/{rel}","templated":true}]}}