{"id":212295,"date":"2023-05-31T18:10:03","date_gmt":"2023-05-31T22:10:03","guid":{"rendered":"https:\/\/www.manaus.am.gov.br\/semsa\/engenharia-sanitaria-e-destaque-no-3o-dia-da-semana-do-regulado-da-visa-manaus\/"},"modified":"2023-05-31T18:10:05","modified_gmt":"2023-05-31T22:10:05","slug":"engenharia-sanitaria-e-destaque-no-3o-dia-da-semana-do-regulado-da-visa-manaus","status":"publish","type":"post","link":"https:\/\/www.manaus.am.gov.br\/semsa\/engenharia-sanitaria-e-destaque-no-3o-dia-da-semana-do-regulado-da-visa-manaus\/","title":{"rendered":"<strong>Engenharia Sanit\u00e1ria \u00e9 destaque no 3\u00ba dia da Semana do Regulado da Visa Manaus<\/strong>"},"content":{"rendered":"\n<p>As atividades da Semana do Regulado, evento que fortalece o di\u00e1logo entre os t\u00e9cnicos da Diretoria de Vigil\u00e2ncia Sanit\u00e1ria (Visa Manaus), da Prefeitura de Manaus, via Secretaria Municipal de Sa\u00fade (Semsa), com representantes de diversos segmentos do com\u00e9rcio e de servi\u00e7os na cidade, chegaram ao seu terceiro dia nesta quarta-feira, 31\/5.<\/p>\n\n\n\n<p>Desta vez, a programa\u00e7\u00e3o ficou a cargo da Ger\u00eancia de Vigil\u00e2ncia de Engenharia Sanit\u00e1ria (Gengs), que convidou arquitetos e engenheiros que trabalham com projetos de servi\u00e7os de assist\u00eancia \u00e0 sa\u00fade, para prestar orienta\u00e7\u00f5es sobre as boas pr\u00e1ticas sanit\u00e1rias nessa \u00e1rea. O encontro ocorreu no audit\u00f3rio Wilson Alecrim da Universidade Nilton Lins (UniNilton Lins), no bairro Parque das Laranjeiras, zona Centro-Sul da cidade.<\/p>\n\n\n\n<p>As apresenta\u00e7\u00f5es \u201cA import\u00e2ncia de garantir edifica\u00e7\u00f5es adequadas na assist\u00eancia \u00e0 sa\u00fade\u201d e \u201cEtapas do rito processual para submiss\u00e3o de projetos junto \u00e0 Visa Manaus\u201d, desenvolvidas pela fiscal engenheira da Visa Manaus, Regina Lemos, marcaram a programa\u00e7\u00e3o.<\/p>\n\n\n\n<p>Na primeira, Regina abordou v\u00e1rios aspectos que precisam ser observados na hora de se elaborar uma edifica\u00e7\u00e3o que ofere\u00e7a seguran\u00e7a e conforto aos funcion\u00e1rios e usu\u00e1rios que transitam nela, desde os materiais mais adequados para o revestimento de corredores e escadas at\u00e9 o tamanho m\u00ednimo necess\u00e1rio para que as portas internas sejam capazes de receber a passagem de macas e pacientes.<\/p>\n\n\n\n<p>J\u00e1 na segunda, a fiscal explicou em detalhes todo o procedimento envolvendo a submiss\u00e3o de um Projeto B\u00e1sico de Arquitetura (PBA), da documenta\u00e7\u00e3o inicial \u00e0 an\u00e1lise pelos fiscais da Vigil\u00e2ncia, e da\u00ed \u00e0 sua aprova\u00e7\u00e3o ou retorno para corre\u00e7\u00e3o de pend\u00eancias.<\/p>\n\n\n\n<p>O diretor da Visa Manaus, Ewerton Wanderley, agradeceu a presen\u00e7a e participa\u00e7\u00e3o do p\u00fablico no evento e destacou o empenho da Vigil\u00e2ncia municipal, por meio do N\u00facleo de Educa\u00e7\u00e3o em Vigil\u00e2ncia Sanit\u00e1ria (Nuevisa), em promover a\u00e7\u00f5es de cunho educacional e preventivo junto \u00e0 popula\u00e7\u00e3o, como a pr\u00f3pria Semana.<\/p>\n\n\n\n<p>\u201cMuitos profissionais rec\u00e9m-formados de arquitetura e engenharia, por exemplo, n\u00e3o conhecem o que s\u00e3o as boas pr\u00e1ticas sanit\u00e1rias para a sua \u00e1rea, o que devem adequar em seus procedimentos para trazer mais sa\u00fade e seguran\u00e7a ao p\u00fablico. Por isso a Visa Manaus tem buscado, atrav\u00e9s de parcerias acad\u00eamicas e eventos, expandir esse canal de di\u00e1logo e levar esses conceitos para uma parcela cada vez maior da popula\u00e7\u00e3o\u201d, afirmou.<\/p>\n\n\n\n<p>O gerente de Vigil\u00e2ncia em Engenharia Sanit\u00e1ria, Lucas Garcia, ressaltou que o evento \u00e9 uma oportunidade para incentivar o aprimoramento constante dos profissionais, a fim de que o servi\u00e7o oferecido pelos estabelecimentos de assist\u00eancia \u00e0 sa\u00fade na capital amazonense seja cada vez mais qualificado.<\/p>\n\n\n\n<p>\u201cConvidamos todos a integrar esse alinhamento de prop\u00f3sitos, esse esfor\u00e7o coletivo na busca por empreendimentos de qualidade e rigor na ades\u00e3o \u00e0s recomenda\u00e7\u00f5es sanit\u00e1rias. O grande beneficiado com isso \u00e9 a popula\u00e7\u00e3o, que pode contar com servi\u00e7os que atendem com zelo e efici\u00eancia as suas necessidades\u201d, explicou.<\/p>\n\n\n\n<p>Para a profissional de arquitetura Patr\u00edcia Sim\u00f5es, que assistiu \u00e0s apresenta\u00e7\u00f5es, o conte\u00fado apresentado pela Gengs foi providencial.<\/p>\n\n\n\n<p>\u201cAcredito que o evento de hoje ilustrou muito bem a rela\u00e7\u00e3o da Visa Manaus conosco, os profissionais, uma rela\u00e7\u00e3o que sempre foi muito aberta e colaborativa. Na minha experi\u00eancia na profiss\u00e3o, a Visa \u00e9 um o \u00f3rg\u00e3o que tem a miss\u00e3o de tirar d\u00favidas e indicar o caminho para um trabalho melhor, e isso foi refor\u00e7ado hoje, com toda a equipe dispon\u00edvel para acolher e orientar os trabalhadores\u201d, concluiu.<\/p>\n\n\n\n<p>A Semana do Regulado se encerra nesta quinta, 1\u00ba\/6, com a programa\u00e7\u00e3o especial que a Ger\u00eancia de Vigil\u00e2ncia de Servi\u00e7os (GevSer) da Visa Manaus ir\u00e1 oferecer para o seu p\u00fablico regulado.<\/p>\n\n\n\n<p>A popula\u00e7\u00e3o pode denunciar irregularidades sanit\u00e1rias relativas a produtos e servi\u00e7os por meio da Ouvidoria da Visa Manaus, no n\u00famero (92) 98842-8481, ou pelo e-mail&nbsp;<a href=\"mailto:visamanaus.ouvidoria@gmail.com\" target=\"_blank\" rel=\"noreferrer noopener\">visamanaus.ouvidoria@gmail.com<\/a>.<\/p>\n\n\n\n<p>&#8212; &#8212; &#8212;&nbsp;<\/p>\n\n\n\n<p><strong>Texto &#8211;<\/strong>&nbsp;Renildo Rodrigues \/ Semsa<\/p>\n\n\n\n<p><strong>Fotos &#8211;<\/strong>&nbsp;Divulga\u00e7\u00e3o \/ Semsa<\/p>\n","protected":false},"excerpt":{"rendered":"","protected":false},"author":31,"featured_media":212296,"comment_status":"closed","ping_status":"closed","sticky":false,"template":"","format":"standard","meta":{"footnotes":""},"categories":[172],"tags":[996,971,28,79],"acf":[],"yoast_head":"<!-- This site is optimized with the Yoast SEO plugin v23.0 - https:\/\/yoast.com\/wordpress\/plugins\/seo\/ -->\n<title>Engenharia Sanit\u00e1ria \u00e9 destaque no 3\u00ba dia da Semana do Regulado da Visa Manaus - SEMSA<\/title>\n<meta name=\"robots\" content=\"index, follow, max-snippet:-1, max-image-preview:large, max-video-preview:-1\" \/>\n<link rel=\"canonical\" href=\"https:\/\/www.manaus.am.gov.br\/semsa\/engenharia-sanitaria-e-destaque-no-3o-dia-da-semana-do-regulado-da-visa-manaus\/\" \/>\n<meta property=\"og:locale\" content=\"pt_BR\" \/>\n<meta property=\"og:type\" content=\"article\" \/>\n<meta property=\"og:title\" content=\"Engenharia Sanit\u00e1ria \u00e9 destaque no 3\u00ba dia da Semana do Regulado da Visa Manaus - SEMSA\" \/>\n<meta property=\"og:url\" content=\"https:\/\/www.manaus.am.gov.br\/semsa\/engenharia-sanitaria-e-destaque-no-3o-dia-da-semana-do-regulado-da-visa-manaus\/\" \/>\n<meta property=\"og:site_name\" content=\"SEMSA\" \/>\n<meta property=\"article:published_time\" content=\"2023-05-31T22:10:03+00:00\" \/>\n<meta property=\"article:modified_time\" content=\"2023-05-31T22:10:05+00:00\" \/>\n<meta property=\"og:image\" content=\"https:\/\/www.manaus.am.gov.br\/semsa\/wp-content\/uploads\/sites\/8\/2023\/05\/Maio-31_Semana-do-Regulado-3-dia-1-2-scaled.jpg\" \/>\n\t<meta property=\"og:image:width\" content=\"2560\" \/>\n\t<meta property=\"og:image:height\" content=\"1920\" \/>\n\t<meta property=\"og:image:type\" content=\"image\/jpeg\" \/>\n<meta name=\"author\" content=\"Renata Felix\" \/>\n<meta name=\"twitter:card\" content=\"summary_large_image\" \/>\n<meta name=\"twitter:label1\" content=\"Written by\" \/>\n\t<meta name=\"twitter:data1\" content=\"Renata Felix\" \/>\n\t<meta name=\"twitter:label2\" content=\"Est. reading time\" \/>\n\t<meta name=\"twitter:data2\" content=\"4 minutos\" \/>\n<script type=\"application\/ld+json\" class=\"yoast-schema-graph\">{\"@context\":\"https:\/\/schema.org\",\"@graph\":[{\"@type\":\"WebPage\",\"@id\":\"https:\/\/www.manaus.am.gov.br\/semsa\/engenharia-sanitaria-e-destaque-no-3o-dia-da-semana-do-regulado-da-visa-manaus\/\",\"url\":\"https:\/\/www.manaus.am.gov.br\/semsa\/engenharia-sanitaria-e-destaque-no-3o-dia-da-semana-do-regulado-da-visa-manaus\/\",\"name\":\"Engenharia Sanit\u00e1ria \u00e9 destaque no 3\u00ba dia da Semana do Regulado da Visa Manaus - SEMSA\",\"isPartOf\":{\"@id\":\"https:\/\/www.manaus.am.gov.br\/semsa\/#website\"},\"primaryImageOfPage\":{\"@id\":\"https:\/\/www.manaus.am.gov.br\/semsa\/engenharia-sanitaria-e-destaque-no-3o-dia-da-semana-do-regulado-da-visa-manaus\/#primaryimage\"},\"image\":{\"@id\":\"https:\/\/www.manaus.am.gov.br\/semsa\/engenharia-sanitaria-e-destaque-no-3o-dia-da-semana-do-regulado-da-visa-manaus\/#primaryimage\"},\"thumbnailUrl\":\"https:\/\/www.manaus.am.gov.br\/semsa\/wp-content\/uploads\/sites\/8\/2023\/05\/Maio-31_Semana-do-Regulado-3-dia-1-2-scaled.jpg\",\"datePublished\":\"2023-05-31T22:10:03+00:00\",\"dateModified\":\"2023-05-31T22:10:05+00:00\",\"author\":{\"@id\":\"https:\/\/www.manaus.am.gov.br\/semsa\/#\/schema\/person\/4eea2a8f78dc853097abb026f728aa06\"},\"inLanguage\":\"pt-BR\",\"potentialAction\":[{\"@type\":\"ReadAction\",\"target\":[\"https:\/\/www.manaus.am.gov.br\/semsa\/engenharia-sanitaria-e-destaque-no-3o-dia-da-semana-do-regulado-da-visa-manaus\/\"]}]},{\"@type\":\"ImageObject\",\"inLanguage\":\"pt-BR\",\"@id\":\"https:\/\/www.manaus.am.gov.br\/semsa\/engenharia-sanitaria-e-destaque-no-3o-dia-da-semana-do-regulado-da-visa-manaus\/#primaryimage\",\"url\":\"https:\/\/www.manaus.am.gov.br\/semsa\/wp-content\/uploads\/sites\/8\/2023\/05\/Maio-31_Semana-do-Regulado-3-dia-1-2-scaled.jpg\",\"contentUrl\":\"https:\/\/www.manaus.am.gov.br\/semsa\/wp-content\/uploads\/sites\/8\/2023\/05\/Maio-31_Semana-do-Regulado-3-dia-1-2-scaled.jpg\",\"width\":2560,\"height\":1920},{\"@type\":\"WebSite\",\"@id\":\"https:\/\/www.manaus.am.gov.br\/semsa\/#website\",\"url\":\"https:\/\/www.manaus.am.gov.br\/semsa\/\",\"name\":\"SEMSA\",\"description\":\"Secretaria Municipal de Sa\u00fade\",\"alternateName\":\"Secretaria Municipal de Sa\u00fade\",\"potentialAction\":[{\"@type\":\"SearchAction\",\"target\":{\"@type\":\"EntryPoint\",\"urlTemplate\":\"https:\/\/www.manaus.am.gov.br\/semsa\/?s={search_term_string}\"},\"query-input\":\"required name=search_term_string\"}],\"inLanguage\":\"pt-BR\"},{\"@type\":\"Person\",\"@id\":\"https:\/\/www.manaus.am.gov.br\/semsa\/#\/schema\/person\/4eea2a8f78dc853097abb026f728aa06\",\"name\":\"Renata Felix\",\"image\":{\"@type\":\"ImageObject\",\"inLanguage\":\"pt-BR\",\"@id\":\"https:\/\/www.manaus.am.gov.br\/semsa\/#\/schema\/person\/image\/\",\"url\":\"https:\/\/secure.gravatar.com\/avatar\/3c196cf9d3b837b24c8edb2c50fd8f29?s=96&d=mm&r=g\",\"contentUrl\":\"https:\/\/secure.gravatar.com\/avatar\/3c196cf9d3b837b24c8edb2c50fd8f29?s=96&d=mm&r=g\",\"caption\":\"Renata Felix\"}}]}<\/script>\n<!-- \/ Yoast SEO plugin. -->","yoast_head_json":{"title":"Engenharia Sanit\u00e1ria \u00e9 destaque no 3\u00ba dia da Semana do Regulado da Visa Manaus - SEMSA","robots":{"index":"index","follow":"follow","max-snippet":"max-snippet:-1","max-image-preview":"max-image-preview:large","max-video-preview":"max-video-preview:-1"},"canonical":"https:\/\/www.manaus.am.gov.br\/semsa\/engenharia-sanitaria-e-destaque-no-3o-dia-da-semana-do-regulado-da-visa-manaus\/","og_locale":"pt_BR","og_type":"article","og_title":"Engenharia Sanit\u00e1ria \u00e9 destaque no 3\u00ba dia da Semana do Regulado da Visa Manaus - SEMSA","og_url":"https:\/\/www.manaus.am.gov.br\/semsa\/engenharia-sanitaria-e-destaque-no-3o-dia-da-semana-do-regulado-da-visa-manaus\/","og_site_name":"SEMSA","article_published_time":"2023-05-31T22:10:03+00:00","article_modified_time":"2023-05-31T22:10:05+00:00","og_image":[{"width":2560,"height":1920,"url":"https:\/\/www.manaus.am.gov.br\/semsa\/wp-content\/uploads\/sites\/8\/2023\/05\/Maio-31_Semana-do-Regulado-3-dia-1-2-scaled.jpg","type":"image\/jpeg"}],"author":"Renata Felix","twitter_card":"summary_large_image","twitter_misc":{"Written by":"Renata Felix","Est. reading time":"4 minutos"},"schema":{"@context":"https:\/\/schema.org","@graph":[{"@type":"WebPage","@id":"https:\/\/www.manaus.am.gov.br\/semsa\/engenharia-sanitaria-e-destaque-no-3o-dia-da-semana-do-regulado-da-visa-manaus\/","url":"https:\/\/www.manaus.am.gov.br\/semsa\/engenharia-sanitaria-e-destaque-no-3o-dia-da-semana-do-regulado-da-visa-manaus\/","name":"Engenharia Sanit\u00e1ria \u00e9 destaque no 3\u00ba dia da Semana do Regulado da Visa Manaus - SEMSA","isPartOf":{"@id":"https:\/\/www.manaus.am.gov.br\/semsa\/#website"},"primaryImageOfPage":{"@id":"https:\/\/www.manaus.am.gov.br\/semsa\/engenharia-sanitaria-e-destaque-no-3o-dia-da-semana-do-regulado-da-visa-manaus\/#primaryimage"},"image":{"@id":"https:\/\/www.manaus.am.gov.br\/semsa\/engenharia-sanitaria-e-destaque-no-3o-dia-da-semana-do-regulado-da-visa-manaus\/#primaryimage"},"thumbnailUrl":"https:\/\/www.manaus.am.gov.br\/semsa\/wp-content\/uploads\/sites\/8\/2023\/05\/Maio-31_Semana-do-Regulado-3-dia-1-2-scaled.jpg","datePublished":"2023-05-31T22:10:03+00:00","dateModified":"2023-05-31T22:10:05+00:00","author":{"@id":"https:\/\/www.manaus.am.gov.br\/semsa\/#\/schema\/person\/4eea2a8f78dc853097abb026f728aa06"},"inLanguage":"pt-BR","potentialAction":[{"@type":"ReadAction","target":["https:\/\/www.manaus.am.gov.br\/semsa\/engenharia-sanitaria-e-destaque-no-3o-dia-da-semana-do-regulado-da-visa-manaus\/"]}]},{"@type":"ImageObject","inLanguage":"pt-BR","@id":"https:\/\/www.manaus.am.gov.br\/semsa\/engenharia-sanitaria-e-destaque-no-3o-dia-da-semana-do-regulado-da-visa-manaus\/#primaryimage","url":"https:\/\/www.manaus.am.gov.br\/semsa\/wp-content\/uploads\/sites\/8\/2023\/05\/Maio-31_Semana-do-Regulado-3-dia-1-2-scaled.jpg","contentUrl":"https:\/\/www.manaus.am.gov.br\/semsa\/wp-content\/uploads\/sites\/8\/2023\/05\/Maio-31_Semana-do-Regulado-3-dia-1-2-scaled.jpg","width":2560,"height":1920},{"@type":"WebSite","@id":"https:\/\/www.manaus.am.gov.br\/semsa\/#website","url":"https:\/\/www.manaus.am.gov.br\/semsa\/","name":"SEMSA","description":"Secretaria Municipal de Sa\u00fade","alternateName":"Secretaria Municipal de Sa\u00fade","potentialAction":[{"@type":"SearchAction","target":{"@type":"EntryPoint","urlTemplate":"https:\/\/www.manaus.am.gov.br\/semsa\/?s={search_term_string}"},"query-input":"required name=search_term_string"}],"inLanguage":"pt-BR"},{"@type":"Person","@id":"https:\/\/www.manaus.am.gov.br\/semsa\/#\/schema\/person\/4eea2a8f78dc853097abb026f728aa06","name":"Renata Felix","image":{"@type":"ImageObject","inLanguage":"pt-BR","@id":"https:\/\/www.manaus.am.gov.br\/semsa\/#\/schema\/person\/image\/","url":"https:\/\/secure.gravatar.com\/avatar\/3c196cf9d3b837b24c8edb2c50fd8f29?s=96&d=mm&r=g","contentUrl":"https:\/\/secure.gravatar.com\/avatar\/3c196cf9d3b837b24c8edb2c50fd8f29?s=96&d=mm&r=g","caption":"Renata Felix"}}]}},"_links":{"self":[{"href":"https:\/\/www.manaus.am.gov.br\/semsa\/wp-json\/wp\/v2\/posts\/212295"}],"collection":[{"href":"https:\/\/www.manaus.am.gov.br\/semsa\/wp-json\/wp\/v2\/posts"}],"about":[{"href":"https:\/\/www.manaus.am.gov.br\/semsa\/wp-json\/wp\/v2\/types\/post"}],"author":[{"embeddable":true,"href":"https:\/\/www.manaus.am.gov.br\/semsa\/wp-json\/wp\/v2\/users\/31"}],"replies":[{"embeddable":true,"href":"https:\/\/www.manaus.am.gov.br\/semsa\/wp-json\/wp\/v2\/comments?post=212295"}],"version-history":[{"count":0,"href":"https:\/\/www.manaus.am.gov.br\/semsa\/wp-json\/wp\/v2\/posts\/212295\/revisions"}],"wp:featuredmedia":[{"embeddable":true,"href":"https:\/\/www.manaus.am.gov.br\/semsa\/wp-json\/wp\/v2\/media\/212296"}],"wp:attachment":[{"href":"https:\/\/www.manaus.am.gov.br\/semsa\/wp-json\/wp\/v2\/media?parent=212295"}],"wp:term":[{"taxonomy":"category","embeddable":true,"href":"https:\/\/www.manaus.am.gov.br\/semsa\/wp-json\/wp\/v2\/categories?post=212295"},{"taxonomy":"post_tag","embeddable":true,"href":"https:\/\/www.manaus.am.gov.br\/semsa\/wp-json\/wp\/v2\/tags?post=212295"}],"curies":[{"name":"wp","href":"https:\/\/api.w.org\/{rel}","templated":true}]}}