{"id":212291,"date":"2023-05-31T15:50:16","date_gmt":"2023-05-31T19:50:16","guid":{"rendered":"https:\/\/www.manaus.am.gov.br\/semsa\/exposicao-com-apoio-da-prefeitura-de-manaus-enfoca-direitos-das-mulheres-e-empoderamento-feminino\/"},"modified":"2023-06-19T09:07:48","modified_gmt":"2023-06-19T13:07:48","slug":"exposicao-com-apoio-da-prefeitura-de-manaus-enfoca-direitos-das-mulheres-e-empoderamento-feminino","status":"publish","type":"post","link":"https:\/\/www.manaus.am.gov.br\/semsa\/exposicao-com-apoio-da-prefeitura-de-manaus-enfoca-direitos-das-mulheres-e-empoderamento-feminino\/","title":{"rendered":"Exposi\u00e7\u00e3o com apoio da Prefeitura de Manaus enfoca direitos das mulheres e empoderamento feminino"},"content":{"rendered":"\n<p>O empoderamento feminino e os direitos das mulheres s\u00e3o temas de uma exposi\u00e7\u00e3o itinerante atualmente em cartaz na sede da Secretaria Municipal de Sa\u00fade (Semsa), no bairro Adrian\u00f3polis, zona Sul. Com o apoio da Prefeitura de Manaus, a mostra \u201cDireitos Dela! Dinheiro, poder, autonomia\u201d \u00e9 uma iniciativa do consulado da Su\u00e9cia em Manaus, e pode ser conferida por visitantes e p\u00fablico interno da secretaria, at\u00e9 a sexta-feira, 2\/6, sempre das 8h \u00e0s 17h.<\/p>\n\n\n\n<p>Disposta em 22 pain\u00e9is, \u201cDireitos Dela!\u201d relata a evolu\u00e7\u00e3o hist\u00f3rica dos direitos das mulheres, da participa\u00e7\u00e3o na pol\u00edtica at\u00e9 a igualdade no trabalho e os direitos sexuais e reprodutivos, na Su\u00e9cia e no restante do mundo. Aponta tamb\u00e9m os obst\u00e1culos e dificuldades ainda presentes hoje, como o acesso restrito \u00e0 sa\u00fade e a m\u00e9todos contraceptivos e a disparidade no acesso \u00e0 educa\u00e7\u00e3o e no mercado de trabalho.<\/p>\n\n\n\n<p>Para a secret\u00e1ria municipal de Sa\u00fade, Sh\u00e1dia Fraxe, a mostra em exibi\u00e7\u00e3o na Semsa suscita reflex\u00f5es oportunas sobre o papel da mulher na sociedade e as diferen\u00e7as entre mulheres e homens no acesso a direitos fundamentais, como o direito \u00e0 sa\u00fade.<\/p>\n\n\n\n<p>\u201cAtingir a igualdade de g\u00eanero e empoderar mulheres e meninas \u00e9 um dos Objetivos do Desenvolvimento das Na\u00e7\u00f5es Unidas, e a mostra indica que evolu\u00edmos ao longo das d\u00e9cadas, mas que h\u00e1 ainda um caminho longo at\u00e9 termos as mulheres ocupando espa\u00e7os em p\u00e9 de igualdade com os homens e tendo seus direitos atendidos de forma plena\u201d, assinala.<\/p>\n\n\n\n<p>O texto de abertura da mostra lembra que a 4\u00aa Confer\u00eancia das Na\u00e7\u00f5es Unidas sobre as mulheres, em 1995, foi um ponto de inflex\u00e3o para os direitos femininos, resultando em uma declara\u00e7\u00e3o e uma plataforma de a\u00e7\u00e3o com pontos cr\u00edticos para o alcance da igualdade de g\u00eanero, e defende o refor\u00e7o daquele compromisso entre sociedades e na\u00e7\u00f5es.<\/p>\n\n\n\n<p>\u201cA igualdade de g\u00eanero n\u00e3o acontecer\u00e1 espontaneamente. As mudan\u00e7as sempre s\u00e3o resultados das demandas por direitos humanos feitas por ativistas do povo e por feministas, em qualquer lugar e a qualquer tempo\u201d, diz o texto.<\/p>\n\n\n\n<h2 class=\"wp-block-heading\">Elas na Hist\u00f3ria<\/h2>\n\n\n\n<p>Em seus primeiros pain\u00e9is, \u201cDireitos Dela!\u201d traz uma linha do tempo da evolu\u00e7\u00e3o dos direitos das mulheres desde 1792, quando a escritora e fil\u00f3sofa inglesa Mary Wollstonecraft publicou um ensaio em defesa do acesso igualit\u00e1rio \u00e0s escolas e a participa\u00e7\u00e3o plena da mulher na sociedade. A partir da\u00ed, apresenta dados e n\u00fameros sobre a presen\u00e7a feminina na educa\u00e7\u00e3o, tecnologia, mercado de trabalho, economia e pol\u00edtica, assinalando tamb\u00e9m hist\u00f3rias positivas.<\/p>\n\n\n\n<p>A exibi\u00e7\u00e3o destaca ainda quest\u00f5es como o aux\u00edlio-parental, apontando que 184 de 189 pa\u00edses garantem ao menos um dia de licen\u00e7a-maternidade remunerada, sendo a m\u00e9dia de dura\u00e7\u00e3o da licen\u00e7a de 98 dias. Para os pais, 105 pa\u00edses garantem pelo menos um dia de licen\u00e7a, com m\u00e9dia de cinco dias. J\u00e1 a Su\u00e9cia tem um dos aux\u00edlios mais generosos, assegurando 480 dias de licen\u00e7a remunerada para pais e m\u00e3es.<\/p>\n\n\n\n<p>O direito \u00e0 integridade f\u00edsica \u00e9 outro t\u00f3pico levantado na mostra, que informa que 49% das gesta\u00e7\u00f5es nos pa\u00edses de renda baixa e m\u00e9dia s\u00e3o indesejadas. Nesse quadro, por outro lado, o acesso a m\u00e9todos contraceptivos modernos e o cuidado adequado de mulheres gr\u00e1vidas e rec\u00e9m-nascidos permitiria a redu\u00e7\u00e3o de abortos inseguros em 72% e de \u00f3bitos maternos em 62%.<\/p>\n\n\n\n<h2 class=\"wp-block-heading\">Desafios e solu\u00e7\u00f5es<\/h2>\n\n\n\n<p>A exibi\u00e7\u00e3o evoca ainda desafios da atualidade, como a diminui\u00e7\u00e3o do espa\u00e7o para os atores democr\u00e1ticos no mundo, e aponta raz\u00f5es de esperan\u00e7a, como a crescente organiza\u00e7\u00e3o e participa\u00e7\u00e3o de meninos e homens em prol da igualdade de g\u00eanero, a visibilidade \u00e0 viol\u00eancia de g\u00eanero trazida por movimentos como o #MeToo e a mobiliza\u00e7\u00e3o de jovens mulheres como Greta Thunberg contra as mudan\u00e7as clim\u00e1ticas.<\/p>\n\n\n\n<p>\u201cAinda h\u00e1 um longo caminho a ser percorrido para chegarmos a um mundo com igualdade de g\u00eanero. Mas movimentos como Sextas-feiras pelo Futuro e #MeToo tamb\u00e9m nos mostram que os s\u00e9culos de luta valeram a pena e fizeram uma grande diferen\u00e7a\u201d, diz o texto da mostra.<\/p>\n\n\n\n<p>A circula\u00e7\u00e3o de \u201cDireitos Dela!\u201d em Manaus come\u00e7ou no \u00faltimo dia 10 de abril, com a abertura da exposi\u00e7\u00e3o no sal\u00e3o nobre da Biblioteca Aderson Dutra, na Universidade Nilton Lins. A mostra tem concep\u00e7\u00e3o do Instituto Sueco, com textos de Asa Eld\u00e9n, Rikard Lagerberg e Ulrika Rosvall, traduzidos por Marcelo Cordeiro de Mello, e design gr\u00e1fico do Kidler Design Studio.<\/p>\n\n\n\n<p>&#8212; &#8212; &#8212;&nbsp;<\/p>\n\n\n\n<p><strong>Texto &#8211;&nbsp;<\/strong>Jony Clay Borges \/ Semsa<\/p>\n\n\n\n<p><strong>Fotos &#8211;&nbsp;<\/strong>Alex Otani \/ Semsa<\/p>\n","protected":false},"excerpt":{"rendered":"","protected":false},"author":31,"featured_media":212292,"comment_status":"closed","ping_status":"closed","sticky":false,"template":"","format":"standard","meta":{"footnotes":""},"categories":[397],"tags":[987,988,989,990],"acf":[],"yoast_head":"<!-- This site is optimized with the Yoast SEO plugin v23.0 - https:\/\/yoast.com\/wordpress\/plugins\/seo\/ -->\n<title>Exposi\u00e7\u00e3o com apoio da Prefeitura de Manaus enfoca direitos das mulheres e empoderamento feminino - SEMSA<\/title>\n<meta name=\"robots\" content=\"index, follow, max-snippet:-1, max-image-preview:large, max-video-preview:-1\" \/>\n<link rel=\"canonical\" href=\"https:\/\/www.manaus.am.gov.br\/semsa\/exposicao-com-apoio-da-prefeitura-de-manaus-enfoca-direitos-das-mulheres-e-empoderamento-feminino\/\" \/>\n<meta property=\"og:locale\" content=\"pt_BR\" \/>\n<meta property=\"og:type\" content=\"article\" \/>\n<meta property=\"og:title\" content=\"Exposi\u00e7\u00e3o com apoio da Prefeitura de Manaus enfoca direitos das mulheres e empoderamento feminino - SEMSA\" \/>\n<meta property=\"og:url\" content=\"https:\/\/www.manaus.am.gov.br\/semsa\/exposicao-com-apoio-da-prefeitura-de-manaus-enfoca-direitos-das-mulheres-e-empoderamento-feminino\/\" \/>\n<meta property=\"og:site_name\" content=\"SEMSA\" \/>\n<meta property=\"article:published_time\" content=\"2023-05-31T19:50:16+00:00\" \/>\n<meta property=\"article:modified_time\" content=\"2023-06-19T13:07:48+00:00\" \/>\n<meta property=\"og:image\" content=\"https:\/\/www.manaus.am.gov.br\/semsa\/wp-content\/uploads\/sites\/8\/2023\/05\/DSF9157.jpg\" \/>\n\t<meta property=\"og:image:width\" content=\"1273\" \/>\n\t<meta property=\"og:image:height\" content=\"848\" \/>\n\t<meta property=\"og:image:type\" content=\"image\/jpeg\" \/>\n<meta name=\"author\" content=\"Renata Felix\" \/>\n<meta name=\"twitter:card\" content=\"summary_large_image\" \/>\n<meta name=\"twitter:label1\" content=\"Written by\" \/>\n\t<meta name=\"twitter:data1\" content=\"Renata Felix\" \/>\n\t<meta name=\"twitter:label2\" content=\"Est. reading time\" \/>\n\t<meta name=\"twitter:data2\" content=\"4 minutos\" \/>\n<script type=\"application\/ld+json\" class=\"yoast-schema-graph\">{\"@context\":\"https:\/\/schema.org\",\"@graph\":[{\"@type\":\"WebPage\",\"@id\":\"https:\/\/www.manaus.am.gov.br\/semsa\/exposicao-com-apoio-da-prefeitura-de-manaus-enfoca-direitos-das-mulheres-e-empoderamento-feminino\/\",\"url\":\"https:\/\/www.manaus.am.gov.br\/semsa\/exposicao-com-apoio-da-prefeitura-de-manaus-enfoca-direitos-das-mulheres-e-empoderamento-feminino\/\",\"name\":\"Exposi\u00e7\u00e3o com apoio da Prefeitura de Manaus enfoca direitos das mulheres e empoderamento feminino - SEMSA\",\"isPartOf\":{\"@id\":\"https:\/\/www.manaus.am.gov.br\/semsa\/#website\"},\"primaryImageOfPage\":{\"@id\":\"https:\/\/www.manaus.am.gov.br\/semsa\/exposicao-com-apoio-da-prefeitura-de-manaus-enfoca-direitos-das-mulheres-e-empoderamento-feminino\/#primaryimage\"},\"image\":{\"@id\":\"https:\/\/www.manaus.am.gov.br\/semsa\/exposicao-com-apoio-da-prefeitura-de-manaus-enfoca-direitos-das-mulheres-e-empoderamento-feminino\/#primaryimage\"},\"thumbnailUrl\":\"https:\/\/www.manaus.am.gov.br\/semsa\/wp-content\/uploads\/sites\/8\/2023\/05\/DSF9157.jpg\",\"datePublished\":\"2023-05-31T19:50:16+00:00\",\"dateModified\":\"2023-06-19T13:07:48+00:00\",\"author\":{\"@id\":\"https:\/\/www.manaus.am.gov.br\/semsa\/#\/schema\/person\/4eea2a8f78dc853097abb026f728aa06\"},\"inLanguage\":\"pt-BR\",\"potentialAction\":[{\"@type\":\"ReadAction\",\"target\":[\"https:\/\/www.manaus.am.gov.br\/semsa\/exposicao-com-apoio-da-prefeitura-de-manaus-enfoca-direitos-das-mulheres-e-empoderamento-feminino\/\"]}]},{\"@type\":\"ImageObject\",\"inLanguage\":\"pt-BR\",\"@id\":\"https:\/\/www.manaus.am.gov.br\/semsa\/exposicao-com-apoio-da-prefeitura-de-manaus-enfoca-direitos-das-mulheres-e-empoderamento-feminino\/#primaryimage\",\"url\":\"https:\/\/www.manaus.am.gov.br\/semsa\/wp-content\/uploads\/sites\/8\/2023\/05\/DSF9157.jpg\",\"contentUrl\":\"https:\/\/www.manaus.am.gov.br\/semsa\/wp-content\/uploads\/sites\/8\/2023\/05\/DSF9157.jpg\",\"width\":1273,\"height\":848},{\"@type\":\"WebSite\",\"@id\":\"https:\/\/www.manaus.am.gov.br\/semsa\/#website\",\"url\":\"https:\/\/www.manaus.am.gov.br\/semsa\/\",\"name\":\"SEMSA\",\"description\":\"Secretaria Municipal de Sa\u00fade\",\"alternateName\":\"Secretaria Municipal de Sa\u00fade\",\"potentialAction\":[{\"@type\":\"SearchAction\",\"target\":{\"@type\":\"EntryPoint\",\"urlTemplate\":\"https:\/\/www.manaus.am.gov.br\/semsa\/?s={search_term_string}\"},\"query-input\":\"required name=search_term_string\"}],\"inLanguage\":\"pt-BR\"},{\"@type\":\"Person\",\"@id\":\"https:\/\/www.manaus.am.gov.br\/semsa\/#\/schema\/person\/4eea2a8f78dc853097abb026f728aa06\",\"name\":\"Renata Felix\",\"image\":{\"@type\":\"ImageObject\",\"inLanguage\":\"pt-BR\",\"@id\":\"https:\/\/www.manaus.am.gov.br\/semsa\/#\/schema\/person\/image\/\",\"url\":\"https:\/\/secure.gravatar.com\/avatar\/3c196cf9d3b837b24c8edb2c50fd8f29?s=96&d=mm&r=g\",\"contentUrl\":\"https:\/\/secure.gravatar.com\/avatar\/3c196cf9d3b837b24c8edb2c50fd8f29?s=96&d=mm&r=g\",\"caption\":\"Renata Felix\"}}]}<\/script>\n<!-- \/ Yoast SEO plugin. -->","yoast_head_json":{"title":"Exposi\u00e7\u00e3o com apoio da Prefeitura de Manaus enfoca direitos das mulheres e empoderamento feminino - SEMSA","robots":{"index":"index","follow":"follow","max-snippet":"max-snippet:-1","max-image-preview":"max-image-preview:large","max-video-preview":"max-video-preview:-1"},"canonical":"https:\/\/www.manaus.am.gov.br\/semsa\/exposicao-com-apoio-da-prefeitura-de-manaus-enfoca-direitos-das-mulheres-e-empoderamento-feminino\/","og_locale":"pt_BR","og_type":"article","og_title":"Exposi\u00e7\u00e3o com apoio da Prefeitura de Manaus enfoca direitos das mulheres e empoderamento feminino - SEMSA","og_url":"https:\/\/www.manaus.am.gov.br\/semsa\/exposicao-com-apoio-da-prefeitura-de-manaus-enfoca-direitos-das-mulheres-e-empoderamento-feminino\/","og_site_name":"SEMSA","article_published_time":"2023-05-31T19:50:16+00:00","article_modified_time":"2023-06-19T13:07:48+00:00","og_image":[{"width":1273,"height":848,"url":"https:\/\/www.manaus.am.gov.br\/semsa\/wp-content\/uploads\/sites\/8\/2023\/05\/DSF9157.jpg","type":"image\/jpeg"}],"author":"Renata Felix","twitter_card":"summary_large_image","twitter_misc":{"Written by":"Renata Felix","Est. reading time":"4 minutos"},"schema":{"@context":"https:\/\/schema.org","@graph":[{"@type":"WebPage","@id":"https:\/\/www.manaus.am.gov.br\/semsa\/exposicao-com-apoio-da-prefeitura-de-manaus-enfoca-direitos-das-mulheres-e-empoderamento-feminino\/","url":"https:\/\/www.manaus.am.gov.br\/semsa\/exposicao-com-apoio-da-prefeitura-de-manaus-enfoca-direitos-das-mulheres-e-empoderamento-feminino\/","name":"Exposi\u00e7\u00e3o com apoio da Prefeitura de Manaus enfoca direitos das mulheres e empoderamento feminino - SEMSA","isPartOf":{"@id":"https:\/\/www.manaus.am.gov.br\/semsa\/#website"},"primaryImageOfPage":{"@id":"https:\/\/www.manaus.am.gov.br\/semsa\/exposicao-com-apoio-da-prefeitura-de-manaus-enfoca-direitos-das-mulheres-e-empoderamento-feminino\/#primaryimage"},"image":{"@id":"https:\/\/www.manaus.am.gov.br\/semsa\/exposicao-com-apoio-da-prefeitura-de-manaus-enfoca-direitos-das-mulheres-e-empoderamento-feminino\/#primaryimage"},"thumbnailUrl":"https:\/\/www.manaus.am.gov.br\/semsa\/wp-content\/uploads\/sites\/8\/2023\/05\/DSF9157.jpg","datePublished":"2023-05-31T19:50:16+00:00","dateModified":"2023-06-19T13:07:48+00:00","author":{"@id":"https:\/\/www.manaus.am.gov.br\/semsa\/#\/schema\/person\/4eea2a8f78dc853097abb026f728aa06"},"inLanguage":"pt-BR","potentialAction":[{"@type":"ReadAction","target":["https:\/\/www.manaus.am.gov.br\/semsa\/exposicao-com-apoio-da-prefeitura-de-manaus-enfoca-direitos-das-mulheres-e-empoderamento-feminino\/"]}]},{"@type":"ImageObject","inLanguage":"pt-BR","@id":"https:\/\/www.manaus.am.gov.br\/semsa\/exposicao-com-apoio-da-prefeitura-de-manaus-enfoca-direitos-das-mulheres-e-empoderamento-feminino\/#primaryimage","url":"https:\/\/www.manaus.am.gov.br\/semsa\/wp-content\/uploads\/sites\/8\/2023\/05\/DSF9157.jpg","contentUrl":"https:\/\/www.manaus.am.gov.br\/semsa\/wp-content\/uploads\/sites\/8\/2023\/05\/DSF9157.jpg","width":1273,"height":848},{"@type":"WebSite","@id":"https:\/\/www.manaus.am.gov.br\/semsa\/#website","url":"https:\/\/www.manaus.am.gov.br\/semsa\/","name":"SEMSA","description":"Secretaria Municipal de Sa\u00fade","alternateName":"Secretaria Municipal de Sa\u00fade","potentialAction":[{"@type":"SearchAction","target":{"@type":"EntryPoint","urlTemplate":"https:\/\/www.manaus.am.gov.br\/semsa\/?s={search_term_string}"},"query-input":"required name=search_term_string"}],"inLanguage":"pt-BR"},{"@type":"Person","@id":"https:\/\/www.manaus.am.gov.br\/semsa\/#\/schema\/person\/4eea2a8f78dc853097abb026f728aa06","name":"Renata Felix","image":{"@type":"ImageObject","inLanguage":"pt-BR","@id":"https:\/\/www.manaus.am.gov.br\/semsa\/#\/schema\/person\/image\/","url":"https:\/\/secure.gravatar.com\/avatar\/3c196cf9d3b837b24c8edb2c50fd8f29?s=96&d=mm&r=g","contentUrl":"https:\/\/secure.gravatar.com\/avatar\/3c196cf9d3b837b24c8edb2c50fd8f29?s=96&d=mm&r=g","caption":"Renata Felix"}}]}},"_links":{"self":[{"href":"https:\/\/www.manaus.am.gov.br\/semsa\/wp-json\/wp\/v2\/posts\/212291"}],"collection":[{"href":"https:\/\/www.manaus.am.gov.br\/semsa\/wp-json\/wp\/v2\/posts"}],"about":[{"href":"https:\/\/www.manaus.am.gov.br\/semsa\/wp-json\/wp\/v2\/types\/post"}],"author":[{"embeddable":true,"href":"https:\/\/www.manaus.am.gov.br\/semsa\/wp-json\/wp\/v2\/users\/31"}],"replies":[{"embeddable":true,"href":"https:\/\/www.manaus.am.gov.br\/semsa\/wp-json\/wp\/v2\/comments?post=212291"}],"version-history":[{"count":1,"href":"https:\/\/www.manaus.am.gov.br\/semsa\/wp-json\/wp\/v2\/posts\/212291\/revisions"}],"predecessor-version":[{"id":212384,"href":"https:\/\/www.manaus.am.gov.br\/semsa\/wp-json\/wp\/v2\/posts\/212291\/revisions\/212384"}],"wp:featuredmedia":[{"embeddable":true,"href":"https:\/\/www.manaus.am.gov.br\/semsa\/wp-json\/wp\/v2\/media\/212292"}],"wp:attachment":[{"href":"https:\/\/www.manaus.am.gov.br\/semsa\/wp-json\/wp\/v2\/media?parent=212291"}],"wp:term":[{"taxonomy":"category","embeddable":true,"href":"https:\/\/www.manaus.am.gov.br\/semsa\/wp-json\/wp\/v2\/categories?post=212291"},{"taxonomy":"post_tag","embeddable":true,"href":"https:\/\/www.manaus.am.gov.br\/semsa\/wp-json\/wp\/v2\/tags?post=212291"}],"curies":[{"name":"wp","href":"https:\/\/api.w.org\/{rel}","templated":true}]}}