{"id":212287,"date":"2023-05-31T11:43:49","date_gmt":"2023-05-31T15:43:49","guid":{"rendered":"https:\/\/www.manaus.am.gov.br\/semsa\/prefeitura-reforca-que-vacinacao-contra-febre-amarela-deve-ser-feita-a-partir-dos-9-meses-de-vida\/"},"modified":"2023-05-31T11:43:50","modified_gmt":"2023-05-31T15:43:50","slug":"prefeitura-reforca-que-vacinacao-contra-febre-amarela-deve-ser-feita-a-partir-dos-9-meses-de-vida","status":"publish","type":"post","link":"https:\/\/www.manaus.am.gov.br\/semsa\/prefeitura-reforca-que-vacinacao-contra-febre-amarela-deve-ser-feita-a-partir-dos-9-meses-de-vida\/","title":{"rendered":"<strong>Prefeitura refor\u00e7a que vacina\u00e7\u00e3o contra febre amarela deve ser feita a partir dos 9 meses de vida<\/strong>"},"content":{"rendered":"\n<p>Diante da confirma\u00e7\u00e3o de novos casos de febre amarela no Estado de S\u00e3o Paulo, ap\u00f3s tr\u00eas anos sem a doen\u00e7a, a Prefeitura de Manaus destaca a import\u00e2ncia da vacina na preven\u00e7\u00e3o contra a febre amarela. O imunizante deve ser administrado aos 9 meses de vida, com uma dose de refor\u00e7o aos 4 anos de idade. Em Manaus, a Secretaria Municipal de Sa\u00fade (Semsa) disponibiliza o servi\u00e7o em 171 salas de vacina\u00e7\u00e3o.<\/p>\n\n\n\n<p>A gerente de Vigil\u00e2ncia Epidemiol\u00f3gica da Semsa, Cl\u00e1udia Rolim, lembra que a febre amarela \u00e9 uma doen\u00e7a imunopreven\u00edvel, e o risco da reintrodu\u00e7\u00e3o da doen\u00e7a aumenta conforme a cobertura vacinal diminui. Cl\u00e1udia informa, ainda, que Manaus n\u00e3o registra casos confirmados de febre amarela desde o ano de 2001.<\/p>\n\n\n\n<p>\u201c\u00c9 uma doen\u00e7a febril aguda causada por um v\u00edrus transmitido por mosquitos silvestres, mas que gera preocupa\u00e7\u00e3o adicional devido ao potencial de dissemina\u00e7\u00e3o por mosquito urbano como o&nbsp;<em>Aedes aegypti<\/em>, favorecida pela ocupa\u00e7\u00e3o desordenada do homem nas \u00e1reas silvestres\u201d, explica.<\/p>\n\n\n\n<p>De acordo com a gerente, o per\u00edodo de incuba\u00e7\u00e3o do v\u00edrus \u00e9 de 3 a 6 dias, podendo se estender at\u00e9 15 dias, com potencial de r\u00e1pida evolu\u00e7\u00e3o para casos graves e alta letalidade. A exposi\u00e7\u00e3o de pessoas n\u00e3o vacinadas em \u00e1reas end\u00eamicas, como o interior do Amazonas e outros pa\u00edses da regi\u00e3o amaz\u00f4nica, tamb\u00e9m aumenta o risco de infec\u00e7\u00e3o.<\/p>\n\n\n\n<p>\u201cA regi\u00e3o amaz\u00f4nica \u00e9 considerada end\u00eamica, por ser uma doen\u00e7a caracter\u00edstica da regi\u00e3o e pela ocorr\u00eancia habitual e regular de casos, mas no munic\u00edpio de Manaus n\u00e3o \u00e9 considerada end\u00eamica\u201d, observa.<\/p>\n\n\n\n<p><strong>Sintomas<\/strong><\/p>\n\n\n\n<p>Cl\u00e1udia acrescenta que metade dos casos, aproximadamente, \u00e9 assintom\u00e1tico ou leve. Nos casos sintom\u00e1ticos, s\u00e3o observados calafrios, febre s\u00fabita, dor nas costas, prostra\u00e7\u00e3o, dor de cabe\u00e7a intensa e cont\u00ednua, falta de apetite, n\u00e1useas, v\u00f4mitos e dores musculares.<\/p>\n\n\n\n<p>Nos casos mais graves, os sintomas s\u00e3o diarreia, cor amarelada na pele, em especial nos olhos, parada de urinar e aumento dos v\u00f4mitos. Nestes casos, tamb\u00e9m podem surgir sangramentos e danos severos ao f\u00edgado e aos rins, podendo levar a queda de press\u00e3o e coma.<\/p>\n\n\n\n<p>\u201cCerca de 1\/3 dos pacientes podem evoluir para casos graves e grande parte desses evolui para o \u00f3bito em uma semana. N\u00e3o h\u00e1 tratamento espec\u00edfico para febre amarela. As formas graves s\u00e3o conduzidas em Unidade de Terapia Intensiva (UTI), onde s\u00e3o realizadas a\u00e7\u00f5es de suporte como hemodi\u00e1lise e medicamentos para tratamento de choque hemodin\u00e2mico\u201d, detalha a gerente de Vigil\u00e2ncia Epidemiol\u00f3gica da Semsa.<\/p>\n\n\n\n<p><strong>Cobertura vacinal<\/strong><\/p>\n\n\n\n<p>A Ger\u00eancia de Imuniza\u00e7\u00e3o da Semsa informa que a cobertura vacinal contra febre amarela em Manaus, que considera crian\u00e7as menores de 1 ano de idade, foi de 66,04% no ano de 2022. A meta preconizada pelo Minist\u00e9rio da Sa\u00fade \u00e9 de 95%.<\/p>\n\n\n\n<p>O esquema vacinal \u00e9 de apenas uma dose, podendo ser feito at\u00e9 os 59 anos de idade. Por\u00e9m, a recomenda\u00e7\u00e3o \u00e9 que as crian\u00e7as sejam vacinadas, preferencialmente, aos 9 meses de vida, podendo receber uma dose de refor\u00e7o aos 4 anos de idade.<\/p>\n\n\n\n<p>A lista com as 171 salas de vacina da rede est\u00e1 dispon\u00edvel no link&nbsp;<a href=\"http:\/\/bit.ly\/salasdevacinamanaus\" target=\"_blank\" rel=\"noreferrer noopener\">bit.ly\/salasdevacinamanaus<\/a>, com nove unidades que estendem o funcionamento at\u00e9 as 20h. Mais informa\u00e7\u00f5es tamb\u00e9m podem ser obtidas nas redes sociais da secretaria (@semsamanaus no Instagram e Semsa Manaus no Facebook).<\/p>\n\n\n\n<p>&#8212; &#8212; &#8212;<\/p>\n\n\n\n<p><strong>Texto<\/strong>&nbsp;&#8211; Victor Cruz \/ Semsa<\/p>\n\n\n\n<p><strong>Fotos<\/strong>&nbsp;&#8211; Divulga\u00e7\u00e3o \/ Semsa<\/p>\n","protected":false},"excerpt":{"rendered":"","protected":false},"author":23,"featured_media":212288,"comment_status":"closed","ping_status":"closed","sticky":false,"template":"","format":"standard","meta":{"footnotes":""},"categories":[15],"tags":[58,49,54,28,29],"acf":[],"yoast_head":"<!-- This site is optimized with the Yoast SEO plugin v23.0 - https:\/\/yoast.com\/wordpress\/plugins\/seo\/ -->\n<title>Prefeitura refor\u00e7a que vacina\u00e7\u00e3o contra febre amarela deve ser feita a partir dos 9 meses de vida<\/title>\n<meta name=\"description\" content=\"Diante da confirma\u00e7\u00e3o de novos casos de febre amarela no Estado de S\u00e3o Paulo, ap\u00f3s tr\u00eas anos sem a doen\u00e7a, a Prefeitura de Manaus destaca a import\u00e2ncia da vacina na preven\u00e7\u00e3o contra a febre amarela. O imunizante deve ser administrado aos 9 meses de vida, com uma dose de refor\u00e7o aos 4 anos de idade. Em Manaus, a Secretaria Municipal de Sa\u00fade (Semsa) disponibiliza o servi\u00e7o em 171 salas de vacina\u00e7\u00e3o.\" \/>\n<meta name=\"robots\" content=\"index, follow, max-snippet:-1, max-image-preview:large, max-video-preview:-1\" \/>\n<link rel=\"canonical\" href=\"https:\/\/www.manaus.am.gov.br\/semsa\/prefeitura-reforca-que-vacinacao-contra-febre-amarela-deve-ser-feita-a-partir-dos-9-meses-de-vida\/\" \/>\n<meta property=\"og:locale\" content=\"pt_BR\" \/>\n<meta property=\"og:type\" content=\"article\" \/>\n<meta property=\"og:title\" content=\"Prefeitura refor\u00e7a que vacina\u00e7\u00e3o contra febre amarela deve ser feita a partir dos 9 meses de vida\" \/>\n<meta property=\"og:description\" content=\"Diante da confirma\u00e7\u00e3o de novos casos de febre amarela no Estado de S\u00e3o Paulo, ap\u00f3s tr\u00eas anos sem a doen\u00e7a, a Prefeitura de Manaus destaca a import\u00e2ncia da vacina na preven\u00e7\u00e3o contra a febre amarela. O imunizante deve ser administrado aos 9 meses de vida, com uma dose de refor\u00e7o aos 4 anos de idade. Em Manaus, a Secretaria Municipal de Sa\u00fade (Semsa) disponibiliza o servi\u00e7o em 171 salas de vacina\u00e7\u00e3o.\" \/>\n<meta property=\"og:url\" content=\"https:\/\/www.manaus.am.gov.br\/semsa\/prefeitura-reforca-que-vacinacao-contra-febre-amarela-deve-ser-feita-a-partir-dos-9-meses-de-vida\/\" \/>\n<meta property=\"og:site_name\" content=\"SEMSA\" \/>\n<meta property=\"article:published_time\" content=\"2023-05-31T15:43:49+00:00\" \/>\n<meta property=\"article:modified_time\" content=\"2023-05-31T15:43:50+00:00\" \/>\n<meta property=\"og:image\" content=\"https:\/\/www.manaus.am.gov.br\/semsa\/wp-content\/uploads\/sites\/8\/2023\/05\/Vacinacao-de-bebes-calendario-basico-semsa-manaus-1.jpg\" \/>\n\t<meta property=\"og:image:width\" content=\"1280\" \/>\n\t<meta property=\"og:image:height\" content=\"905\" \/>\n\t<meta property=\"og:image:type\" content=\"image\/jpeg\" \/>\n<meta name=\"author\" content=\"Adriana Costa\" \/>\n<meta name=\"twitter:card\" content=\"summary_large_image\" \/>\n<meta name=\"twitter:label1\" content=\"Written by\" \/>\n\t<meta name=\"twitter:data1\" content=\"Adriana Costa\" \/>\n\t<meta name=\"twitter:label2\" content=\"Est. reading time\" \/>\n\t<meta name=\"twitter:data2\" content=\"3 minutos\" \/>\n<script type=\"application\/ld+json\" class=\"yoast-schema-graph\">{\"@context\":\"https:\/\/schema.org\",\"@graph\":[{\"@type\":\"WebPage\",\"@id\":\"https:\/\/www.manaus.am.gov.br\/semsa\/prefeitura-reforca-que-vacinacao-contra-febre-amarela-deve-ser-feita-a-partir-dos-9-meses-de-vida\/\",\"url\":\"https:\/\/www.manaus.am.gov.br\/semsa\/prefeitura-reforca-que-vacinacao-contra-febre-amarela-deve-ser-feita-a-partir-dos-9-meses-de-vida\/\",\"name\":\"Prefeitura refor\u00e7a que vacina\u00e7\u00e3o contra febre amarela deve ser feita a partir dos 9 meses de vida\",\"isPartOf\":{\"@id\":\"https:\/\/www.manaus.am.gov.br\/semsa\/#website\"},\"primaryImageOfPage\":{\"@id\":\"https:\/\/www.manaus.am.gov.br\/semsa\/prefeitura-reforca-que-vacinacao-contra-febre-amarela-deve-ser-feita-a-partir-dos-9-meses-de-vida\/#primaryimage\"},\"image\":{\"@id\":\"https:\/\/www.manaus.am.gov.br\/semsa\/prefeitura-reforca-que-vacinacao-contra-febre-amarela-deve-ser-feita-a-partir-dos-9-meses-de-vida\/#primaryimage\"},\"thumbnailUrl\":\"https:\/\/www.manaus.am.gov.br\/semsa\/wp-content\/uploads\/sites\/8\/2023\/05\/Vacinacao-de-bebes-calendario-basico-semsa-manaus-1.jpg\",\"datePublished\":\"2023-05-31T15:43:49+00:00\",\"dateModified\":\"2023-05-31T15:43:50+00:00\",\"author\":{\"@id\":\"https:\/\/www.manaus.am.gov.br\/semsa\/#\/schema\/person\/4e49f4e267757a06ca072ec61b2b9968\"},\"description\":\"Diante da confirma\u00e7\u00e3o de novos casos de febre amarela no Estado de S\u00e3o Paulo, ap\u00f3s tr\u00eas anos sem a doen\u00e7a, a Prefeitura de Manaus destaca a import\u00e2ncia da vacina na preven\u00e7\u00e3o contra a febre amarela. O imunizante deve ser administrado aos 9 meses de vida, com uma dose de refor\u00e7o aos 4 anos de idade. Em Manaus, a Secretaria Municipal de Sa\u00fade (Semsa) disponibiliza o servi\u00e7o em 171 salas de vacina\u00e7\u00e3o.\",\"inLanguage\":\"pt-BR\",\"potentialAction\":[{\"@type\":\"ReadAction\",\"target\":[\"https:\/\/www.manaus.am.gov.br\/semsa\/prefeitura-reforca-que-vacinacao-contra-febre-amarela-deve-ser-feita-a-partir-dos-9-meses-de-vida\/\"]}]},{\"@type\":\"ImageObject\",\"inLanguage\":\"pt-BR\",\"@id\":\"https:\/\/www.manaus.am.gov.br\/semsa\/prefeitura-reforca-que-vacinacao-contra-febre-amarela-deve-ser-feita-a-partir-dos-9-meses-de-vida\/#primaryimage\",\"url\":\"https:\/\/www.manaus.am.gov.br\/semsa\/wp-content\/uploads\/sites\/8\/2023\/05\/Vacinacao-de-bebes-calendario-basico-semsa-manaus-1.jpg\",\"contentUrl\":\"https:\/\/www.manaus.am.gov.br\/semsa\/wp-content\/uploads\/sites\/8\/2023\/05\/Vacinacao-de-bebes-calendario-basico-semsa-manaus-1.jpg\",\"width\":1280,\"height\":905},{\"@type\":\"WebSite\",\"@id\":\"https:\/\/www.manaus.am.gov.br\/semsa\/#website\",\"url\":\"https:\/\/www.manaus.am.gov.br\/semsa\/\",\"name\":\"SEMSA\",\"description\":\"Secretaria Municipal de Sa\u00fade\",\"alternateName\":\"Secretaria Municipal de Sa\u00fade\",\"potentialAction\":[{\"@type\":\"SearchAction\",\"target\":{\"@type\":\"EntryPoint\",\"urlTemplate\":\"https:\/\/www.manaus.am.gov.br\/semsa\/?s={search_term_string}\"},\"query-input\":\"required name=search_term_string\"}],\"inLanguage\":\"pt-BR\"},{\"@type\":\"Person\",\"@id\":\"https:\/\/www.manaus.am.gov.br\/semsa\/#\/schema\/person\/4e49f4e267757a06ca072ec61b2b9968\",\"name\":\"Adriana Costa\",\"image\":{\"@type\":\"ImageObject\",\"inLanguage\":\"pt-BR\",\"@id\":\"https:\/\/www.manaus.am.gov.br\/semsa\/#\/schema\/person\/image\/\",\"url\":\"https:\/\/secure.gravatar.com\/avatar\/576258617ef7194f718179e766d57bd4?s=96&d=mm&r=g\",\"contentUrl\":\"https:\/\/secure.gravatar.com\/avatar\/576258617ef7194f718179e766d57bd4?s=96&d=mm&r=g\",\"caption\":\"Adriana Costa\"}}]}<\/script>\n<!-- \/ Yoast SEO plugin. -->","yoast_head_json":{"title":"Prefeitura refor\u00e7a que vacina\u00e7\u00e3o contra febre amarela deve ser feita a partir dos 9 meses de vida","description":"Diante da confirma\u00e7\u00e3o de novos casos de febre amarela no Estado de S\u00e3o Paulo, ap\u00f3s tr\u00eas anos sem a doen\u00e7a, a Prefeitura de Manaus destaca a import\u00e2ncia da vacina na preven\u00e7\u00e3o contra a febre amarela. O imunizante deve ser administrado aos 9 meses de vida, com uma dose de refor\u00e7o aos 4 anos de idade. Em Manaus, a Secretaria Municipal de Sa\u00fade (Semsa) disponibiliza o servi\u00e7o em 171 salas de vacina\u00e7\u00e3o.","robots":{"index":"index","follow":"follow","max-snippet":"max-snippet:-1","max-image-preview":"max-image-preview:large","max-video-preview":"max-video-preview:-1"},"canonical":"https:\/\/www.manaus.am.gov.br\/semsa\/prefeitura-reforca-que-vacinacao-contra-febre-amarela-deve-ser-feita-a-partir-dos-9-meses-de-vida\/","og_locale":"pt_BR","og_type":"article","og_title":"Prefeitura refor\u00e7a que vacina\u00e7\u00e3o contra febre amarela deve ser feita a partir dos 9 meses de vida","og_description":"Diante da confirma\u00e7\u00e3o de novos casos de febre amarela no Estado de S\u00e3o Paulo, ap\u00f3s tr\u00eas anos sem a doen\u00e7a, a Prefeitura de Manaus destaca a import\u00e2ncia da vacina na preven\u00e7\u00e3o contra a febre amarela. O imunizante deve ser administrado aos 9 meses de vida, com uma dose de refor\u00e7o aos 4 anos de idade. Em Manaus, a Secretaria Municipal de Sa\u00fade (Semsa) disponibiliza o servi\u00e7o em 171 salas de vacina\u00e7\u00e3o.","og_url":"https:\/\/www.manaus.am.gov.br\/semsa\/prefeitura-reforca-que-vacinacao-contra-febre-amarela-deve-ser-feita-a-partir-dos-9-meses-de-vida\/","og_site_name":"SEMSA","article_published_time":"2023-05-31T15:43:49+00:00","article_modified_time":"2023-05-31T15:43:50+00:00","og_image":[{"width":1280,"height":905,"url":"https:\/\/www.manaus.am.gov.br\/semsa\/wp-content\/uploads\/sites\/8\/2023\/05\/Vacinacao-de-bebes-calendario-basico-semsa-manaus-1.jpg","type":"image\/jpeg"}],"author":"Adriana Costa","twitter_card":"summary_large_image","twitter_misc":{"Written by":"Adriana Costa","Est. reading time":"3 minutos"},"schema":{"@context":"https:\/\/schema.org","@graph":[{"@type":"WebPage","@id":"https:\/\/www.manaus.am.gov.br\/semsa\/prefeitura-reforca-que-vacinacao-contra-febre-amarela-deve-ser-feita-a-partir-dos-9-meses-de-vida\/","url":"https:\/\/www.manaus.am.gov.br\/semsa\/prefeitura-reforca-que-vacinacao-contra-febre-amarela-deve-ser-feita-a-partir-dos-9-meses-de-vida\/","name":"Prefeitura refor\u00e7a que vacina\u00e7\u00e3o contra febre amarela deve ser feita a partir dos 9 meses de vida","isPartOf":{"@id":"https:\/\/www.manaus.am.gov.br\/semsa\/#website"},"primaryImageOfPage":{"@id":"https:\/\/www.manaus.am.gov.br\/semsa\/prefeitura-reforca-que-vacinacao-contra-febre-amarela-deve-ser-feita-a-partir-dos-9-meses-de-vida\/#primaryimage"},"image":{"@id":"https:\/\/www.manaus.am.gov.br\/semsa\/prefeitura-reforca-que-vacinacao-contra-febre-amarela-deve-ser-feita-a-partir-dos-9-meses-de-vida\/#primaryimage"},"thumbnailUrl":"https:\/\/www.manaus.am.gov.br\/semsa\/wp-content\/uploads\/sites\/8\/2023\/05\/Vacinacao-de-bebes-calendario-basico-semsa-manaus-1.jpg","datePublished":"2023-05-31T15:43:49+00:00","dateModified":"2023-05-31T15:43:50+00:00","author":{"@id":"https:\/\/www.manaus.am.gov.br\/semsa\/#\/schema\/person\/4e49f4e267757a06ca072ec61b2b9968"},"description":"Diante da confirma\u00e7\u00e3o de novos casos de febre amarela no Estado de S\u00e3o Paulo, ap\u00f3s tr\u00eas anos sem a doen\u00e7a, a Prefeitura de Manaus destaca a import\u00e2ncia da vacina na preven\u00e7\u00e3o contra a febre amarela. O imunizante deve ser administrado aos 9 meses de vida, com uma dose de refor\u00e7o aos 4 anos de idade. Em Manaus, a Secretaria Municipal de Sa\u00fade (Semsa) disponibiliza o servi\u00e7o em 171 salas de vacina\u00e7\u00e3o.","inLanguage":"pt-BR","potentialAction":[{"@type":"ReadAction","target":["https:\/\/www.manaus.am.gov.br\/semsa\/prefeitura-reforca-que-vacinacao-contra-febre-amarela-deve-ser-feita-a-partir-dos-9-meses-de-vida\/"]}]},{"@type":"ImageObject","inLanguage":"pt-BR","@id":"https:\/\/www.manaus.am.gov.br\/semsa\/prefeitura-reforca-que-vacinacao-contra-febre-amarela-deve-ser-feita-a-partir-dos-9-meses-de-vida\/#primaryimage","url":"https:\/\/www.manaus.am.gov.br\/semsa\/wp-content\/uploads\/sites\/8\/2023\/05\/Vacinacao-de-bebes-calendario-basico-semsa-manaus-1.jpg","contentUrl":"https:\/\/www.manaus.am.gov.br\/semsa\/wp-content\/uploads\/sites\/8\/2023\/05\/Vacinacao-de-bebes-calendario-basico-semsa-manaus-1.jpg","width":1280,"height":905},{"@type":"WebSite","@id":"https:\/\/www.manaus.am.gov.br\/semsa\/#website","url":"https:\/\/www.manaus.am.gov.br\/semsa\/","name":"SEMSA","description":"Secretaria Municipal de Sa\u00fade","alternateName":"Secretaria Municipal de Sa\u00fade","potentialAction":[{"@type":"SearchAction","target":{"@type":"EntryPoint","urlTemplate":"https:\/\/www.manaus.am.gov.br\/semsa\/?s={search_term_string}"},"query-input":"required name=search_term_string"}],"inLanguage":"pt-BR"},{"@type":"Person","@id":"https:\/\/www.manaus.am.gov.br\/semsa\/#\/schema\/person\/4e49f4e267757a06ca072ec61b2b9968","name":"Adriana Costa","image":{"@type":"ImageObject","inLanguage":"pt-BR","@id":"https:\/\/www.manaus.am.gov.br\/semsa\/#\/schema\/person\/image\/","url":"https:\/\/secure.gravatar.com\/avatar\/576258617ef7194f718179e766d57bd4?s=96&d=mm&r=g","contentUrl":"https:\/\/secure.gravatar.com\/avatar\/576258617ef7194f718179e766d57bd4?s=96&d=mm&r=g","caption":"Adriana Costa"}}]}},"_links":{"self":[{"href":"https:\/\/www.manaus.am.gov.br\/semsa\/wp-json\/wp\/v2\/posts\/212287"}],"collection":[{"href":"https:\/\/www.manaus.am.gov.br\/semsa\/wp-json\/wp\/v2\/posts"}],"about":[{"href":"https:\/\/www.manaus.am.gov.br\/semsa\/wp-json\/wp\/v2\/types\/post"}],"author":[{"embeddable":true,"href":"https:\/\/www.manaus.am.gov.br\/semsa\/wp-json\/wp\/v2\/users\/23"}],"replies":[{"embeddable":true,"href":"https:\/\/www.manaus.am.gov.br\/semsa\/wp-json\/wp\/v2\/comments?post=212287"}],"version-history":[{"count":0,"href":"https:\/\/www.manaus.am.gov.br\/semsa\/wp-json\/wp\/v2\/posts\/212287\/revisions"}],"wp:featuredmedia":[{"embeddable":true,"href":"https:\/\/www.manaus.am.gov.br\/semsa\/wp-json\/wp\/v2\/media\/212288"}],"wp:attachment":[{"href":"https:\/\/www.manaus.am.gov.br\/semsa\/wp-json\/wp\/v2\/media?parent=212287"}],"wp:term":[{"taxonomy":"category","embeddable":true,"href":"https:\/\/www.manaus.am.gov.br\/semsa\/wp-json\/wp\/v2\/categories?post=212287"},{"taxonomy":"post_tag","embeddable":true,"href":"https:\/\/www.manaus.am.gov.br\/semsa\/wp-json\/wp\/v2\/tags?post=212287"}],"curies":[{"name":"wp","href":"https:\/\/api.w.org\/{rel}","templated":true}]}}