{"id":212281,"date":"2023-05-30T17:48:14","date_gmt":"2023-05-30T21:48:14","guid":{"rendered":"https:\/\/www.manaus.am.gov.br\/semsa\/prefeitura-de-manaus-promove-qualificacao-para-diagnostico-de-malaria\/"},"modified":"2023-05-30T17:48:15","modified_gmt":"2023-05-30T21:48:15","slug":"prefeitura-de-manaus-promove-qualificacao-para-diagnostico-de-malaria","status":"publish","type":"post","link":"https:\/\/www.manaus.am.gov.br\/semsa\/prefeitura-de-manaus-promove-qualificacao-para-diagnostico-de-malaria\/","title":{"rendered":"<strong>Prefeitura de Manaus promove qualifica\u00e7\u00e3o para diagn\u00f3stico de mal\u00e1ria<\/strong>"},"content":{"rendered":"\n<p>O Laborat\u00f3rio Central de Controle da Qualidade do Diagn\u00f3stico da Mal\u00e1ria, que integra a rede de sa\u00fade da Prefeitura de Manaus, est\u00e1 promovendo o curso de Atualiza\u00e7\u00e3o em Diagn\u00f3stico em Hemoparasitos. Com o foco principal na qualifica\u00e7\u00e3o do diagn\u00f3stico da mal\u00e1ria, o curso \u00e9 direcionado para 63 microscopistas que atuam na Secretaria Municipal de Sa\u00fade (Semsa), em servi\u00e7os da rede privada, na rede estadual de sa\u00fade e na Casa de Sa\u00fade Ind\u00edgena (Casai\/Manaus).<\/p>\n\n\n\n<p>A chefe do N\u00facleo de Controle da Mal\u00e1ria da Semsa, Ilauana Oliveira Paz, explica que os 63 microscopistas foram divididos em cinco turmas, com carga hor\u00e1ria de 40 horas, iniciando no dia 22 de maio e seguindo at\u00e9 dia 30 de junho.<\/p>\n\n\n\n<p>\u201cS\u00e3o profissionais que atuam em bases de opera\u00e7\u00e3o nos distritos de sa\u00fade Norte, Sul, Leste, Oeste e Rural, e alguns realizam o trabalho de campo em comunidades nas \u00e1reas ribeirinhas nos rios Negro e Amazonas, assim como nas comunidades ao longo das rodovias BR \u2013 174 e AM \u2013 010\u201d, informa Ilauana Oliveira.<\/p>\n\n\n\n<p>Al\u00e9m de mal\u00e1ria, o curso ainda aborda a qualifica\u00e7\u00e3o para o diagn\u00f3stico de Doen\u00e7a de Chagas e de Tripanossoma cruzzi. Segundo Ilauana Oliveira, diagn\u00f3sticos para essas doen\u00e7as em Manaus s\u00e3o raros, mas os microscopistas precisam ficar sempre atentos para identificar qualquer poss\u00edvel caso.<\/p>\n\n\n\n<p>\u201cJ\u00e1 a mal\u00e1ria \u00e9 end\u00eamica no munic\u00edpio de Manaus e um diagn\u00f3stico preciso \u00e9 essencial para que o paciente receba o tratamento adequado. E o objetivo do curso \u00e9 garantir que os profissionais estejam qualificados e atualizados sobre os processos de trabalho para realizar o diagn\u00f3stico sem erros\u201d, afirma Ilauana.<\/p>\n\n\n\n<p>Promovido com o apoio do Laborat\u00f3rio Central de Sa\u00fade P\u00fablica do Amazonas (Lacen\/AM), o curso aborda conte\u00fado te\u00f3rico e pr\u00e1tico, incluindo temas como biosseguran\u00e7a e qualidade, notifica\u00e7\u00e3o, fluxo e monitoramento, coleta de material e diagn\u00f3stico diferencial para mal\u00e1ria Vivax e Falciparum.<\/p>\n\n\n\n<p>\u201cO Laborat\u00f3rio Central de Controle da Qualidade do Diagn\u00f3stico da Mal\u00e1ria recebe amostras que s\u00e3o coletadas em toda a rede de sa\u00fade de Manaus, como dos distritos de sa\u00fade, das For\u00e7as Armadas e rede particular, para fazer o controle de qualidade dos diagn\u00f3sticos realizados pelos microscopistas. Com o curso, estamos atualizando tudo o que os microscopistas j\u00e1 realizam no trabalho di\u00e1rio, trazendo novos conhecimentos, adapta\u00e7\u00f5es que precisam ser feitas e tirando as d\u00favidas que os profissionais t\u00eam sobre o trabalho\u201d, destaca a coordenadora do Laborat\u00f3rio, Ivanete Oliveira, que tamb\u00e9m \u00e9 uma das instrutoras do curso.<\/p>\n\n\n\n<p>O microscopista Raimundo Nonato Silva, servidor do Minist\u00e9rio da Sa\u00fade que trabalha na Casai\/Manaus, localizada no quil\u00f4metro 25 da AM \u2013 010, participa da etapa do curso realizada esta semana, de 29\/5 a 2\/6, e conta que atua no atendimento de todos os ind\u00edgenas que ficam hospedados na Casai para tratamento de sa\u00fade em Manaus.<\/p>\n\n\n\n<p>\u201cAssim que a pessoa chega, j\u00e1 fazemos o exame para o diagn\u00f3stico da mal\u00e1ria porque ela pode ter chegado contaminada com a doen\u00e7a. Quando vai sair da Casai, tamb\u00e9m fazemos esse controle para saber se n\u00e3o contraiu a mal\u00e1ria em Manaus. Para fazer esse trabalho, capacita\u00e7\u00e3o \u00e9 muito importante. O que queremos \u00e9 aprimorar nosso trabalho para oferecer um diagn\u00f3stico precoce e correto\u201d, afirmou Raimundo Nonato.<\/p>\n\n\n\n<p>No ano passado, Manaus registrou a realiza\u00e7\u00e3o de 82.219 exames para diagn\u00f3stico de mal\u00e1ria, que \u00e9 chamado exame de gota espessa, quando \u00e9 feito a coleta de sangue da ponta de um dos dedos do paciente para obter a amostra que ser\u00e1 analisada pelo microscopista. Este ano, o n\u00famero chegou a 30.036 exames.<\/p>\n\n\n\n<p>O chefe da Divis\u00e3o de Controle de Doen\u00e7as Transmitidas por Vetores da Semsa, Alciles Comape, explica que a gota \u00e9 analisada pelo microscopista em busca da presen\u00e7a do protozo\u00e1rio do g\u00eanero Plasmodium, causador da mal\u00e1ria, que \u00e9 transmitido ao ser humano pela picada da f\u00eamea do mosquito Anopheles.<\/p>\n\n\n\n<p>Com a capacita\u00e7\u00e3o, ressalta Alciles Comape, uma das preocupa\u00e7\u00f5es \u00e9 a qualifica\u00e7\u00e3o dos microscopistas para o diagn\u00f3stico diferencial da mal\u00e1ria causada pelo Plasmodium vivax, que \u00e9 o mais comum na regi\u00e3o, e Plasmodium falciparum, que caracteriza a forma mais grave da mal\u00e1ria e \u00e9 principal respons\u00e1vel por mortes pela doen\u00e7a.<\/p>\n\n\n\n<p>\u201cO Plasmodium falciparum n\u00e3o \u00e9 comum e n\u00e3o faz parte da rotina di\u00e1ria no trabalho de diagn\u00f3stico para a mal\u00e1ria. Com isso, o profissional pode perder a habilidade de identificar casos da doen\u00e7a, o que vai dificultar o diagn\u00f3stico precoce. E essa \u00e9 uma situa\u00e7\u00e3o que pode ocasionar surtos da forma grave de mal\u00e1ria, j\u00e1 que n\u00e3o ser\u00e1 poss\u00edvel atuar com a\u00e7\u00f5es de preven\u00e7\u00e3o e controle em tempo oportuno. A capacita\u00e7\u00e3o \u00e9 uma estrat\u00e9gia para relembrar o conhecimento e refor\u00e7ar a qualifica\u00e7\u00e3o do diagn\u00f3stico\u201d, afirma Alciles Comape.<\/p>\n\n\n\n<p><strong>N\u00famero de casos<\/strong><\/p>\n\n\n\n<p>Este ano, Manaus registrou, entre janeiro e 30 de maio, 912 casos de mal\u00e1ria, em um aumento de 11,1% em rela\u00e7\u00e3o ao mesmo per\u00edodo do ano passado, quando houve a notifica\u00e7\u00e3o 821 casos.<\/p>\n\n\n\n<p>Apesar dessa varia\u00e7\u00e3o provocar um alerta, Alciles Comape lembra que no ano passado Manaus registrou quase 35% de redu\u00e7\u00e3o de casos em rela\u00e7\u00e3o a 2021, a maior redu\u00e7\u00e3o anual na s\u00e9rie hist\u00f3rica desde o ano de 1999.<\/p>\n\n\n\n<p>\u201cConsiderando a grande redu\u00e7\u00e3o do ano passado e que Manaus \u00e9 uma \u00e1rea end\u00eamica para a mal\u00e1ria, estamos prevendo os mesmos n\u00fameros de 2022 para este ano. Mas a Semsa j\u00e1 trabalha com um planejamento para os pr\u00f3ximos meses com a meta de refor\u00e7ar as a\u00e7\u00f5es de preven\u00e7\u00e3o e controle, protegendo a sa\u00fade da popula\u00e7\u00e3o\u201d, afirmou Alciles Comape.<\/p>\n\n\n\n<p>&#8212; &#8212; &#8212;<\/p>\n\n\n\n<p><strong>Texto &#8211; &nbsp;<\/strong>Euriv\u00e2nia Gal\u00facio \/ Semsa<\/p>\n\n\n\n<p><strong>Foto &#8211;\u00a0<\/strong>Divulga\u00e7\u00e3o \/ Semsa<\/p>\n","protected":false},"excerpt":{"rendered":"","protected":false},"author":31,"featured_media":212282,"comment_status":"closed","ping_status":"closed","sticky":false,"template":"","format":"standard","meta":{"footnotes":""},"categories":[30],"tags":[980,530,981,982],"acf":[],"yoast_head":"<!-- This site is optimized with the Yoast SEO plugin v23.0 - https:\/\/yoast.com\/wordpress\/plugins\/seo\/ -->\n<title>Prefeitura de Manaus promove qualifica\u00e7\u00e3o para diagn\u00f3stico de mal\u00e1ria - SEMSA<\/title>\n<meta name=\"robots\" content=\"index, follow, max-snippet:-1, max-image-preview:large, max-video-preview:-1\" \/>\n<link rel=\"canonical\" href=\"https:\/\/www.manaus.am.gov.br\/semsa\/prefeitura-de-manaus-promove-qualificacao-para-diagnostico-de-malaria\/\" \/>\n<meta property=\"og:locale\" content=\"pt_BR\" \/>\n<meta property=\"og:type\" content=\"article\" \/>\n<meta property=\"og:title\" content=\"Prefeitura de Manaus promove qualifica\u00e7\u00e3o para diagn\u00f3stico de mal\u00e1ria - SEMSA\" \/>\n<meta property=\"og:url\" content=\"https:\/\/www.manaus.am.gov.br\/semsa\/prefeitura-de-manaus-promove-qualificacao-para-diagnostico-de-malaria\/\" \/>\n<meta property=\"og:site_name\" content=\"SEMSA\" \/>\n<meta property=\"article:published_time\" content=\"2023-05-30T21:48:14+00:00\" \/>\n<meta property=\"article:modified_time\" content=\"2023-05-30T21:48:15+00:00\" \/>\n<meta property=\"og:image\" content=\"https:\/\/www.manaus.am.gov.br\/semsa\/wp-content\/uploads\/sites\/8\/2023\/05\/Maio-30_Curso-malaria-2-scaled.jpg\" \/>\n\t<meta property=\"og:image:width\" content=\"2560\" \/>\n\t<meta property=\"og:image:height\" content=\"2021\" \/>\n\t<meta property=\"og:image:type\" content=\"image\/jpeg\" \/>\n<meta name=\"author\" content=\"Renata Felix\" \/>\n<meta name=\"twitter:card\" content=\"summary_large_image\" \/>\n<meta name=\"twitter:label1\" content=\"Written by\" \/>\n\t<meta name=\"twitter:data1\" content=\"Renata Felix\" \/>\n\t<meta name=\"twitter:label2\" content=\"Est. reading time\" \/>\n\t<meta name=\"twitter:data2\" content=\"5 minutos\" \/>\n<script type=\"application\/ld+json\" class=\"yoast-schema-graph\">{\"@context\":\"https:\/\/schema.org\",\"@graph\":[{\"@type\":\"WebPage\",\"@id\":\"https:\/\/www.manaus.am.gov.br\/semsa\/prefeitura-de-manaus-promove-qualificacao-para-diagnostico-de-malaria\/\",\"url\":\"https:\/\/www.manaus.am.gov.br\/semsa\/prefeitura-de-manaus-promove-qualificacao-para-diagnostico-de-malaria\/\",\"name\":\"Prefeitura de Manaus promove qualifica\u00e7\u00e3o para diagn\u00f3stico de mal\u00e1ria - SEMSA\",\"isPartOf\":{\"@id\":\"https:\/\/www.manaus.am.gov.br\/semsa\/#website\"},\"primaryImageOfPage\":{\"@id\":\"https:\/\/www.manaus.am.gov.br\/semsa\/prefeitura-de-manaus-promove-qualificacao-para-diagnostico-de-malaria\/#primaryimage\"},\"image\":{\"@id\":\"https:\/\/www.manaus.am.gov.br\/semsa\/prefeitura-de-manaus-promove-qualificacao-para-diagnostico-de-malaria\/#primaryimage\"},\"thumbnailUrl\":\"https:\/\/www.manaus.am.gov.br\/semsa\/wp-content\/uploads\/sites\/8\/2023\/05\/Maio-30_Curso-malaria-2-scaled.jpg\",\"datePublished\":\"2023-05-30T21:48:14+00:00\",\"dateModified\":\"2023-05-30T21:48:15+00:00\",\"author\":{\"@id\":\"https:\/\/www.manaus.am.gov.br\/semsa\/#\/schema\/person\/4eea2a8f78dc853097abb026f728aa06\"},\"inLanguage\":\"pt-BR\",\"potentialAction\":[{\"@type\":\"ReadAction\",\"target\":[\"https:\/\/www.manaus.am.gov.br\/semsa\/prefeitura-de-manaus-promove-qualificacao-para-diagnostico-de-malaria\/\"]}]},{\"@type\":\"ImageObject\",\"inLanguage\":\"pt-BR\",\"@id\":\"https:\/\/www.manaus.am.gov.br\/semsa\/prefeitura-de-manaus-promove-qualificacao-para-diagnostico-de-malaria\/#primaryimage\",\"url\":\"https:\/\/www.manaus.am.gov.br\/semsa\/wp-content\/uploads\/sites\/8\/2023\/05\/Maio-30_Curso-malaria-2-scaled.jpg\",\"contentUrl\":\"https:\/\/www.manaus.am.gov.br\/semsa\/wp-content\/uploads\/sites\/8\/2023\/05\/Maio-30_Curso-malaria-2-scaled.jpg\",\"width\":2560,\"height\":2021},{\"@type\":\"WebSite\",\"@id\":\"https:\/\/www.manaus.am.gov.br\/semsa\/#website\",\"url\":\"https:\/\/www.manaus.am.gov.br\/semsa\/\",\"name\":\"SEMSA\",\"description\":\"Secretaria Municipal de Sa\u00fade\",\"alternateName\":\"Secretaria Municipal de Sa\u00fade\",\"potentialAction\":[{\"@type\":\"SearchAction\",\"target\":{\"@type\":\"EntryPoint\",\"urlTemplate\":\"https:\/\/www.manaus.am.gov.br\/semsa\/?s={search_term_string}\"},\"query-input\":\"required name=search_term_string\"}],\"inLanguage\":\"pt-BR\"},{\"@type\":\"Person\",\"@id\":\"https:\/\/www.manaus.am.gov.br\/semsa\/#\/schema\/person\/4eea2a8f78dc853097abb026f728aa06\",\"name\":\"Renata Felix\",\"image\":{\"@type\":\"ImageObject\",\"inLanguage\":\"pt-BR\",\"@id\":\"https:\/\/www.manaus.am.gov.br\/semsa\/#\/schema\/person\/image\/\",\"url\":\"https:\/\/secure.gravatar.com\/avatar\/3c196cf9d3b837b24c8edb2c50fd8f29?s=96&d=mm&r=g\",\"contentUrl\":\"https:\/\/secure.gravatar.com\/avatar\/3c196cf9d3b837b24c8edb2c50fd8f29?s=96&d=mm&r=g\",\"caption\":\"Renata Felix\"}}]}<\/script>\n<!-- \/ Yoast SEO plugin. -->","yoast_head_json":{"title":"Prefeitura de Manaus promove qualifica\u00e7\u00e3o para diagn\u00f3stico de mal\u00e1ria - SEMSA","robots":{"index":"index","follow":"follow","max-snippet":"max-snippet:-1","max-image-preview":"max-image-preview:large","max-video-preview":"max-video-preview:-1"},"canonical":"https:\/\/www.manaus.am.gov.br\/semsa\/prefeitura-de-manaus-promove-qualificacao-para-diagnostico-de-malaria\/","og_locale":"pt_BR","og_type":"article","og_title":"Prefeitura de Manaus promove qualifica\u00e7\u00e3o para diagn\u00f3stico de mal\u00e1ria - SEMSA","og_url":"https:\/\/www.manaus.am.gov.br\/semsa\/prefeitura-de-manaus-promove-qualificacao-para-diagnostico-de-malaria\/","og_site_name":"SEMSA","article_published_time":"2023-05-30T21:48:14+00:00","article_modified_time":"2023-05-30T21:48:15+00:00","og_image":[{"width":2560,"height":2021,"url":"https:\/\/www.manaus.am.gov.br\/semsa\/wp-content\/uploads\/sites\/8\/2023\/05\/Maio-30_Curso-malaria-2-scaled.jpg","type":"image\/jpeg"}],"author":"Renata Felix","twitter_card":"summary_large_image","twitter_misc":{"Written by":"Renata Felix","Est. reading time":"5 minutos"},"schema":{"@context":"https:\/\/schema.org","@graph":[{"@type":"WebPage","@id":"https:\/\/www.manaus.am.gov.br\/semsa\/prefeitura-de-manaus-promove-qualificacao-para-diagnostico-de-malaria\/","url":"https:\/\/www.manaus.am.gov.br\/semsa\/prefeitura-de-manaus-promove-qualificacao-para-diagnostico-de-malaria\/","name":"Prefeitura de Manaus promove qualifica\u00e7\u00e3o para diagn\u00f3stico de mal\u00e1ria - SEMSA","isPartOf":{"@id":"https:\/\/www.manaus.am.gov.br\/semsa\/#website"},"primaryImageOfPage":{"@id":"https:\/\/www.manaus.am.gov.br\/semsa\/prefeitura-de-manaus-promove-qualificacao-para-diagnostico-de-malaria\/#primaryimage"},"image":{"@id":"https:\/\/www.manaus.am.gov.br\/semsa\/prefeitura-de-manaus-promove-qualificacao-para-diagnostico-de-malaria\/#primaryimage"},"thumbnailUrl":"https:\/\/www.manaus.am.gov.br\/semsa\/wp-content\/uploads\/sites\/8\/2023\/05\/Maio-30_Curso-malaria-2-scaled.jpg","datePublished":"2023-05-30T21:48:14+00:00","dateModified":"2023-05-30T21:48:15+00:00","author":{"@id":"https:\/\/www.manaus.am.gov.br\/semsa\/#\/schema\/person\/4eea2a8f78dc853097abb026f728aa06"},"inLanguage":"pt-BR","potentialAction":[{"@type":"ReadAction","target":["https:\/\/www.manaus.am.gov.br\/semsa\/prefeitura-de-manaus-promove-qualificacao-para-diagnostico-de-malaria\/"]}]},{"@type":"ImageObject","inLanguage":"pt-BR","@id":"https:\/\/www.manaus.am.gov.br\/semsa\/prefeitura-de-manaus-promove-qualificacao-para-diagnostico-de-malaria\/#primaryimage","url":"https:\/\/www.manaus.am.gov.br\/semsa\/wp-content\/uploads\/sites\/8\/2023\/05\/Maio-30_Curso-malaria-2-scaled.jpg","contentUrl":"https:\/\/www.manaus.am.gov.br\/semsa\/wp-content\/uploads\/sites\/8\/2023\/05\/Maio-30_Curso-malaria-2-scaled.jpg","width":2560,"height":2021},{"@type":"WebSite","@id":"https:\/\/www.manaus.am.gov.br\/semsa\/#website","url":"https:\/\/www.manaus.am.gov.br\/semsa\/","name":"SEMSA","description":"Secretaria Municipal de Sa\u00fade","alternateName":"Secretaria Municipal de Sa\u00fade","potentialAction":[{"@type":"SearchAction","target":{"@type":"EntryPoint","urlTemplate":"https:\/\/www.manaus.am.gov.br\/semsa\/?s={search_term_string}"},"query-input":"required name=search_term_string"}],"inLanguage":"pt-BR"},{"@type":"Person","@id":"https:\/\/www.manaus.am.gov.br\/semsa\/#\/schema\/person\/4eea2a8f78dc853097abb026f728aa06","name":"Renata Felix","image":{"@type":"ImageObject","inLanguage":"pt-BR","@id":"https:\/\/www.manaus.am.gov.br\/semsa\/#\/schema\/person\/image\/","url":"https:\/\/secure.gravatar.com\/avatar\/3c196cf9d3b837b24c8edb2c50fd8f29?s=96&d=mm&r=g","contentUrl":"https:\/\/secure.gravatar.com\/avatar\/3c196cf9d3b837b24c8edb2c50fd8f29?s=96&d=mm&r=g","caption":"Renata Felix"}}]}},"_links":{"self":[{"href":"https:\/\/www.manaus.am.gov.br\/semsa\/wp-json\/wp\/v2\/posts\/212281"}],"collection":[{"href":"https:\/\/www.manaus.am.gov.br\/semsa\/wp-json\/wp\/v2\/posts"}],"about":[{"href":"https:\/\/www.manaus.am.gov.br\/semsa\/wp-json\/wp\/v2\/types\/post"}],"author":[{"embeddable":true,"href":"https:\/\/www.manaus.am.gov.br\/semsa\/wp-json\/wp\/v2\/users\/31"}],"replies":[{"embeddable":true,"href":"https:\/\/www.manaus.am.gov.br\/semsa\/wp-json\/wp\/v2\/comments?post=212281"}],"version-history":[{"count":0,"href":"https:\/\/www.manaus.am.gov.br\/semsa\/wp-json\/wp\/v2\/posts\/212281\/revisions"}],"wp:featuredmedia":[{"embeddable":true,"href":"https:\/\/www.manaus.am.gov.br\/semsa\/wp-json\/wp\/v2\/media\/212282"}],"wp:attachment":[{"href":"https:\/\/www.manaus.am.gov.br\/semsa\/wp-json\/wp\/v2\/media?parent=212281"}],"wp:term":[{"taxonomy":"category","embeddable":true,"href":"https:\/\/www.manaus.am.gov.br\/semsa\/wp-json\/wp\/v2\/categories?post=212281"},{"taxonomy":"post_tag","embeddable":true,"href":"https:\/\/www.manaus.am.gov.br\/semsa\/wp-json\/wp\/v2\/tags?post=212281"}],"curies":[{"name":"wp","href":"https:\/\/api.w.org\/{rel}","templated":true}]}}