{"id":212278,"date":"2023-05-30T16:26:11","date_gmt":"2023-05-30T20:26:11","guid":{"rendered":"https:\/\/www.manaus.am.gov.br\/semsa\/prefeitura-realiza-acao-de-educacao-em-saude-pelo-dia-mundial-sem-tabaco-na-usf-frei-valerio\/"},"modified":"2023-05-30T16:26:14","modified_gmt":"2023-05-30T20:26:14","slug":"prefeitura-realiza-acao-de-educacao-em-saude-pelo-dia-mundial-sem-tabaco-na-usf-frei-valerio","status":"publish","type":"post","link":"https:\/\/www.manaus.am.gov.br\/semsa\/prefeitura-realiza-acao-de-educacao-em-saude-pelo-dia-mundial-sem-tabaco-na-usf-frei-valerio\/","title":{"rendered":"<strong>Prefeitura realiza a\u00e7\u00e3o de educa\u00e7\u00e3o em sa\u00fade pelo Dia Mundial Sem Tabaco na USF Frei Val\u00e9rio<\/strong>"},"content":{"rendered":"\n<p>Principal causa de morte evit\u00e1vel no mundo, o tabagismo \u00e9 associado ao desenvolvimento de aproximadamente 50 doen\u00e7as, dentre elas v\u00e1rios tipos de c\u00e2ncer e doen\u00e7as do aparelho respirat\u00f3rio. Nesta quarta-feira, 31\/5, Dia Mundial Sem Tabaco, a Prefeitura de Manaus alerta para os riscos do uso do produto por meio de uma a\u00e7\u00e3o de educa\u00e7\u00e3o em sa\u00fade na Unidade de Sa\u00fade da Fam\u00edlia (USF) Frei Val\u00e9rio Di Carlo, no bairro Novo Israel, zona Norte da capital, a partir das 14h.<\/p>\n\n\n\n<p>Promovida pela Secretaria Municipal de Sa\u00fade (Semsa), a a\u00e7\u00e3o visa informar aos usu\u00e1rios da USF Frei Val\u00e9rio, fumantes e n\u00e3o fumantes, sobre os males causados pelo tabagismo e os benef\u00edcios de abandonar o v\u00edcio. O p\u00fablico do bairro Novo Israel e entorno tamb\u00e9m vai receber orienta\u00e7\u00f5es sobre os Ambulat\u00f3rios de Tratamento de Fumantes, que funcionam em 17 unidades da rede municipal de sa\u00fade.<\/p>\n\n\n\n<p>A chefe do N\u00facleo de Preven\u00e7\u00e3o de Riscos \u00e0 Sa\u00fade por Causas Externas e Fatores de Risco da Semsa, Carla Azevedo, acrescenta que pessoas que j\u00e1 passaram pelo programa de tratamento ofertado pela Semsa devem participar da a\u00e7\u00e3o, compartilhando suas experi\u00eancias sobre a vida com e sem cigarros e outros produtos \u00e0 base de tabaco.<\/p>\n\n\n\n<p>\u201cTeremos informa\u00e7\u00f5es visuais em estandes, distribui\u00e7\u00e3o de panfletos e toda uma equipe preparada para acolher, motivar e captar esses usu\u00e1rios que pretendem parar de fumar. Ser\u00e1 uma grande a\u00e7\u00e3o de conscientiza\u00e7\u00e3o contra o uso do tabaco\u201d, antecipa.<\/p>\n\n\n\n<p>A programa\u00e7\u00e3o na USF Frei Val\u00e9rio faz parte de uma agenda de a\u00e7\u00f5es da Semsa para preven\u00e7\u00e3o e combate ao tabagismo. Ao longo do m\u00eas de maio, unidades dos cinco Distritos de Sa\u00fade da secretaria realizaram a\u00e7\u00f5es de educa\u00e7\u00e3o em sa\u00fade contra o uso do tabaco, bem como a\u00e7\u00f5es junto a empresas que solicitaram estandes do programa de tratamento de fumantes.<\/p>\n\n\n\n<p><strong>Sa\u00fade<\/strong><\/p>\n\n\n\n<p>Carla destaca que quem abandona o v\u00edcio em tabaco experimenta em poucas semanas efeitos positivos, como a melhora da circula\u00e7\u00e3o e da respira\u00e7\u00e3o, que se torna mais f\u00e1cil, e ao longo dos anos tem cada vez menos risco de desenvolver doen\u00e7as associadas ao tabagismo. Ap\u00f3s 10 anos sem fumar, ela exemplifica, o risco de a pessoa sofrer um infarto ser\u00e1 o mesmo de algu\u00e9m que nunca fumou.<\/p>\n\n\n\n<p>\u201c\u00c9 um caminho longo para voc\u00ea ficar realmente livre de todos os malef\u00edcios do cigarro, mas o benef\u00edcio \u00e9 principalmente evitar doen\u00e7as cardiovasculares, pulmonares e o pr\u00f3prio c\u00e2ncer\u201d, disse.<\/p>\n\n\n\n<p>Por outro lado, a gestora enfatiza que o tabagismo \u00e9 ainda quest\u00e3o de sa\u00fade p\u00fablica mundial. \u201cEstat\u00edsticas apontam que o uso do tabaco pode chegar a matar oito milh\u00f5es de pessoas no mundo at\u00e9 2030, se n\u00e3o reduzirmos o atual \u00edndice de fumantes em rela\u00e7\u00e3o \u00e0 popula\u00e7\u00e3o total\u201d.<\/p>\n\n\n\n<p><strong>Tratamento<\/strong><\/p>\n\n\n\n<p>Visando reduzir os riscos \u00e0 sa\u00fade e a mortalidade decorrentes do fumo na capital amazonense, dentro da Pol\u00edtica Nacional de Controle do Tabagismo, a Semsa mant\u00e9m 17 Ambulat\u00f3rios de Tratamento de Fumantes nas unidades do Sistema \u00danico de Sa\u00fade (SUS). O servi\u00e7o oferta acompanhamento cognitivo-comportamental para pessoas que desejam abandonar o v\u00edcio por cigarros e outros derivados do tabaco.<\/p>\n\n\n\n<p>Conforme Carla Azevedo, o usu\u00e1rio que procura um dos ambulat\u00f3rios passa por avalia\u00e7\u00e3o multidisciplinar e \u00e9 encaminhado para sess\u00f5es de terapia, em um grupo de fumantes ou individualmente. O tratamento inicial abrange quatro sess\u00f5es semanais, com orienta\u00e7\u00f5es, palestras e atividades pr\u00e1ticas. Caso necess\u00e1rio, o usu\u00e1rio recebe medicamentos para apoio ao tratamento, dispensados de forma gratuita na unidade.<\/p>\n\n\n\n<p>\u201cEm muitos casos, na segunda consulta o usu\u00e1rio j\u00e1 interrompe o uso do cigarro. J\u00e1 os usu\u00e1rios que n\u00e3o abandonam o h\u00e1bito ap\u00f3s as quatro sess\u00f5es iniciais passam para um grupo de controle, com dura\u00e7\u00e3o de at\u00e9 12 meses, e que atende tamb\u00e9m usu\u00e1rios que t\u00eam reca\u00eddas\u201d, explica Carla.<\/p>\n\n\n\n<p>A lista de unidades da Semsa Manaus que oferecem o programa de tratamento est\u00e1 dispon\u00edvel online, no endere\u00e7o <a href=\"https:\/\/semsa.manaus.am.gov.br\/wp-content\/uploads\/2022\/06\/Ambulatorio-de-Tratamento-de-Fumantes.pdf\">https:\/\/semsa.manaus.am.gov.br\/wp-content\/uploads\/2022\/06\/Ambulatorio-de-Tratamento-de-Fumantes.pdf<\/a>.<\/p>\n\n\n\n<p><strong>Lista de Ambulat\u00f3rios para Tratamento de Fumantes<\/strong><\/p>\n\n\n\n<p><strong>Zona Norte<\/strong><\/p>\n\n\n\n<p>1 \u2013 USF Frei Val\u00e9rio Di Carlo \u2013 rua Bom Jesus, s\/n\u00ba, Novo Israel<\/p>\n\n\n\n<p>2 \u2013 USF S\u00e1lvio Belota \u2013 rua das Samambaias, 786, Santa Etelvina<\/p>\n\n\n\n<p>3 \u2013 USF Armando Mendes \u2013 rua 5, s\/n\u00ba, conjunto Manoa, Cidade Nova<\/p>\n\n\n\n<p>4 \u2013 Policl\u00ednica Anna Barreto \u2013 avenida Grande Circular, s\/n\u00ba, Monte Si\u00e3o<\/p>\n\n\n\n<p>5 \u2013 USF Jos\u00e9 Figlioulo \u2013 rua Rios Arinos, s\/n\u00ba, conjunto Residencial Viver Melhor<\/p>\n\n\n\n<p><strong>Zona Sul<\/strong><\/p>\n\n\n\n<p>6 \u2013 USF Dr. Luiz Montenegro \u2013 rua Pico das \u00c1guas, 527, Nossa Senhora das Gra\u00e7as<\/p>\n\n\n\n<p>7 \u2013 USF Petr\u00f3polis \u2013 rua Delfim de Souza, s\/n\u00ba, Petr\u00f3polis<\/p>\n\n\n\n<p>8 \u2013 USF Nilton Lins \u2013 avenida Professor Nilton Lins, 3.259, Flores<\/p>\n\n\n\n<p>9 \u2013 USF Theodomiro Garrido, rua S\u00e3o Jos\u00e9, s\/n\u00ba, Col\u00f4nia Oliveira Machado<\/p>\n\n\n\n<p><strong>Zona Leste<\/strong><\/p>\n\n\n\n<p>10 \u2013 Policl\u00ednica Ivone Lima dos Santos \u2013 rua 8, s\/n\u00ba, Coroado 3<\/p>\n\n\n\n<p>11 \u2013 USF Amazonas Palhano \u2013 rua Ant\u00f4nio Matias, s\/n\u00ba, S\u00e3o Jos\u00e9 2&nbsp;&nbsp;&nbsp;<\/p>\n\n\n\n<p>12 \u2013 USF Mauazinho \u2013 rua Rio Negro, 113, Mauazinho<\/p>\n\n\n\n<p><strong>Zona Oeste<\/strong><\/p>\n\n\n\n<p>13 \u2013 Policl\u00ednica Raimundo Franco de S\u00e1 \u2013 rua V, 150, Nova Esperan\u00e7a<\/p>\n\n\n\n<p>14 \u2013 Policl\u00ednica Djalma Batista \u2013 rua 23 de Dezembro, s\/n\u00ba \u2013 Compensa 2<\/p>\n\n\n\n<p><strong>Zona Rural<\/strong><\/p>\n\n\n\n<p>15 \u2013 USFR S\u00e3o Pedro \u2013 Km 35, rodovia AM-010 (Manaus-Itacoatiara)<\/p>\n\n\n\n<p>16 \u2013 USFR Ephig\u00eanio Sales \u2013 Km 41, rodovia AM-010 (Manaus-Itacoatiara)<\/p>\n\n\n\n<p>17 \u2013 USFR Pau-Rosa \u2013 ramal do Pau-Rosa, Km 21, rodovia BR-174 (Manaus-Porto Velho)<\/p>\n\n\n\n<p>&#8212; &#8212; &#8212;&nbsp;<\/p>\n\n\n\n<p><strong>Texto<\/strong> &#8211; Jony Clay Borges \/ Semsa<\/p>\n\n\n\n<p><strong>Foto<\/strong> &#8211; Divulga\u00e7\u00e3o \/ Semsa<\/p>\n","protected":false},"excerpt":{"rendered":"","protected":false},"author":39,"featured_media":212279,"comment_status":"closed","ping_status":"closed","sticky":false,"template":"","format":"standard","meta":{"footnotes":""},"categories":[13],"tags":[977,978,54,979,28],"acf":[],"yoast_head":"<!-- This site is optimized with the Yoast SEO plugin v23.0 - https:\/\/yoast.com\/wordpress\/plugins\/seo\/ -->\n<title>Prefeitura realiza a\u00e7\u00e3o de educa\u00e7\u00e3o em sa\u00fade pelo Dia Mundial Sem Tabaco na USF Frei Val\u00e9rio<\/title>\n<meta name=\"description\" content=\"Nesta quarta-feira, 31\/5, Dia Mundial Sem Tabaco, a Prefeitura de Manaus alerta para os riscos do uso do produto por meio de uma a\u00e7\u00e3o de educa\u00e7\u00e3o em sa\u00fade na Unidade de Sa\u00fade da Fam\u00edlia (USF) Frei Val\u00e9rio Di Carlo, no bairro Novo Israel, zona Norte da capital, a partir das 14h.\" \/>\n<meta name=\"robots\" content=\"index, follow, max-snippet:-1, max-image-preview:large, max-video-preview:-1\" \/>\n<link rel=\"canonical\" href=\"https:\/\/www.manaus.am.gov.br\/semsa\/prefeitura-realiza-acao-de-educacao-em-saude-pelo-dia-mundial-sem-tabaco-na-usf-frei-valerio\/\" \/>\n<meta property=\"og:locale\" content=\"pt_BR\" \/>\n<meta property=\"og:type\" content=\"article\" \/>\n<meta property=\"og:title\" content=\"Prefeitura realiza a\u00e7\u00e3o de educa\u00e7\u00e3o em sa\u00fade pelo Dia Mundial Sem Tabaco na USF Frei Val\u00e9rio\" \/>\n<meta property=\"og:description\" content=\"Nesta quarta-feira, 31\/5, Dia Mundial Sem Tabaco, a Prefeitura de Manaus alerta para os riscos do uso do produto por meio de uma a\u00e7\u00e3o de educa\u00e7\u00e3o em sa\u00fade na Unidade de Sa\u00fade da Fam\u00edlia (USF) Frei Val\u00e9rio Di Carlo, no bairro Novo Israel, zona Norte da capital, a partir das 14h.\" \/>\n<meta property=\"og:url\" content=\"https:\/\/www.manaus.am.gov.br\/semsa\/prefeitura-realiza-acao-de-educacao-em-saude-pelo-dia-mundial-sem-tabaco-na-usf-frei-valerio\/\" \/>\n<meta property=\"og:site_name\" content=\"SEMSA\" \/>\n<meta property=\"article:published_time\" content=\"2023-05-30T20:26:11+00:00\" \/>\n<meta property=\"article:modified_time\" content=\"2023-05-30T20:26:14+00:00\" \/>\n<meta property=\"og:image\" content=\"https:\/\/www.manaus.am.gov.br\/semsa\/wp-content\/uploads\/sites\/8\/2023\/05\/Maio-30_Dia-Mundial-Sem-Tabaco-7.jpeg\" \/>\n\t<meta property=\"og:image:width\" content=\"958\" \/>\n\t<meta property=\"og:image:height\" content=\"719\" \/>\n\t<meta property=\"og:image:type\" content=\"image\/jpeg\" \/>\n<meta name=\"author\" content=\"Bruna Greco\" \/>\n<meta name=\"twitter:card\" content=\"summary_large_image\" \/>\n<meta name=\"twitter:label1\" content=\"Written by\" \/>\n\t<meta name=\"twitter:data1\" content=\"Bruna Greco\" \/>\n\t<meta name=\"twitter:label2\" content=\"Est. reading time\" \/>\n\t<meta name=\"twitter:data2\" content=\"5 minutos\" \/>\n<script type=\"application\/ld+json\" class=\"yoast-schema-graph\">{\"@context\":\"https:\/\/schema.org\",\"@graph\":[{\"@type\":\"WebPage\",\"@id\":\"https:\/\/www.manaus.am.gov.br\/semsa\/prefeitura-realiza-acao-de-educacao-em-saude-pelo-dia-mundial-sem-tabaco-na-usf-frei-valerio\/\",\"url\":\"https:\/\/www.manaus.am.gov.br\/semsa\/prefeitura-realiza-acao-de-educacao-em-saude-pelo-dia-mundial-sem-tabaco-na-usf-frei-valerio\/\",\"name\":\"Prefeitura realiza a\u00e7\u00e3o de educa\u00e7\u00e3o em sa\u00fade pelo Dia Mundial Sem Tabaco na USF Frei Val\u00e9rio\",\"isPartOf\":{\"@id\":\"https:\/\/www.manaus.am.gov.br\/semsa\/#website\"},\"primaryImageOfPage\":{\"@id\":\"https:\/\/www.manaus.am.gov.br\/semsa\/prefeitura-realiza-acao-de-educacao-em-saude-pelo-dia-mundial-sem-tabaco-na-usf-frei-valerio\/#primaryimage\"},\"image\":{\"@id\":\"https:\/\/www.manaus.am.gov.br\/semsa\/prefeitura-realiza-acao-de-educacao-em-saude-pelo-dia-mundial-sem-tabaco-na-usf-frei-valerio\/#primaryimage\"},\"thumbnailUrl\":\"https:\/\/www.manaus.am.gov.br\/semsa\/wp-content\/uploads\/sites\/8\/2023\/05\/Maio-30_Dia-Mundial-Sem-Tabaco-7.jpeg\",\"datePublished\":\"2023-05-30T20:26:11+00:00\",\"dateModified\":\"2023-05-30T20:26:14+00:00\",\"author\":{\"@id\":\"https:\/\/www.manaus.am.gov.br\/semsa\/#\/schema\/person\/05d223aea2bf115f9883a6ff3683d81b\"},\"description\":\"Nesta quarta-feira, 31\/5, Dia Mundial Sem Tabaco, a Prefeitura de Manaus alerta para os riscos do uso do produto por meio de uma a\u00e7\u00e3o de educa\u00e7\u00e3o em sa\u00fade na Unidade de Sa\u00fade da Fam\u00edlia (USF) Frei Val\u00e9rio Di Carlo, no bairro Novo Israel, zona Norte da capital, a partir das 14h.\",\"inLanguage\":\"pt-BR\",\"potentialAction\":[{\"@type\":\"ReadAction\",\"target\":[\"https:\/\/www.manaus.am.gov.br\/semsa\/prefeitura-realiza-acao-de-educacao-em-saude-pelo-dia-mundial-sem-tabaco-na-usf-frei-valerio\/\"]}]},{\"@type\":\"ImageObject\",\"inLanguage\":\"pt-BR\",\"@id\":\"https:\/\/www.manaus.am.gov.br\/semsa\/prefeitura-realiza-acao-de-educacao-em-saude-pelo-dia-mundial-sem-tabaco-na-usf-frei-valerio\/#primaryimage\",\"url\":\"https:\/\/www.manaus.am.gov.br\/semsa\/wp-content\/uploads\/sites\/8\/2023\/05\/Maio-30_Dia-Mundial-Sem-Tabaco-7.jpeg\",\"contentUrl\":\"https:\/\/www.manaus.am.gov.br\/semsa\/wp-content\/uploads\/sites\/8\/2023\/05\/Maio-30_Dia-Mundial-Sem-Tabaco-7.jpeg\",\"width\":958,\"height\":719},{\"@type\":\"WebSite\",\"@id\":\"https:\/\/www.manaus.am.gov.br\/semsa\/#website\",\"url\":\"https:\/\/www.manaus.am.gov.br\/semsa\/\",\"name\":\"SEMSA\",\"description\":\"Secretaria Municipal de Sa\u00fade\",\"alternateName\":\"Secretaria Municipal de Sa\u00fade\",\"potentialAction\":[{\"@type\":\"SearchAction\",\"target\":{\"@type\":\"EntryPoint\",\"urlTemplate\":\"https:\/\/www.manaus.am.gov.br\/semsa\/?s={search_term_string}\"},\"query-input\":\"required name=search_term_string\"}],\"inLanguage\":\"pt-BR\"},{\"@type\":\"Person\",\"@id\":\"https:\/\/www.manaus.am.gov.br\/semsa\/#\/schema\/person\/05d223aea2bf115f9883a6ff3683d81b\",\"name\":\"Bruna Greco\",\"image\":{\"@type\":\"ImageObject\",\"inLanguage\":\"pt-BR\",\"@id\":\"https:\/\/www.manaus.am.gov.br\/semsa\/#\/schema\/person\/image\/\",\"url\":\"https:\/\/secure.gravatar.com\/avatar\/9c877d1a6adc2a055330e5c09a8653ce?s=96&d=mm&r=g\",\"contentUrl\":\"https:\/\/secure.gravatar.com\/avatar\/9c877d1a6adc2a055330e5c09a8653ce?s=96&d=mm&r=g\",\"caption\":\"Bruna Greco\"}}]}<\/script>\n<!-- \/ Yoast SEO plugin. -->","yoast_head_json":{"title":"Prefeitura realiza a\u00e7\u00e3o de educa\u00e7\u00e3o em sa\u00fade pelo Dia Mundial Sem Tabaco na USF Frei Val\u00e9rio","description":"Nesta quarta-feira, 31\/5, Dia Mundial Sem Tabaco, a Prefeitura de Manaus alerta para os riscos do uso do produto por meio de uma a\u00e7\u00e3o de educa\u00e7\u00e3o em sa\u00fade na Unidade de Sa\u00fade da Fam\u00edlia (USF) Frei Val\u00e9rio Di Carlo, no bairro Novo Israel, zona Norte da capital, a partir das 14h.","robots":{"index":"index","follow":"follow","max-snippet":"max-snippet:-1","max-image-preview":"max-image-preview:large","max-video-preview":"max-video-preview:-1"},"canonical":"https:\/\/www.manaus.am.gov.br\/semsa\/prefeitura-realiza-acao-de-educacao-em-saude-pelo-dia-mundial-sem-tabaco-na-usf-frei-valerio\/","og_locale":"pt_BR","og_type":"article","og_title":"Prefeitura realiza a\u00e7\u00e3o de educa\u00e7\u00e3o em sa\u00fade pelo Dia Mundial Sem Tabaco na USF Frei Val\u00e9rio","og_description":"Nesta quarta-feira, 31\/5, Dia Mundial Sem Tabaco, a Prefeitura de Manaus alerta para os riscos do uso do produto por meio de uma a\u00e7\u00e3o de educa\u00e7\u00e3o em sa\u00fade na Unidade de Sa\u00fade da Fam\u00edlia (USF) Frei Val\u00e9rio Di Carlo, no bairro Novo Israel, zona Norte da capital, a partir das 14h.","og_url":"https:\/\/www.manaus.am.gov.br\/semsa\/prefeitura-realiza-acao-de-educacao-em-saude-pelo-dia-mundial-sem-tabaco-na-usf-frei-valerio\/","og_site_name":"SEMSA","article_published_time":"2023-05-30T20:26:11+00:00","article_modified_time":"2023-05-30T20:26:14+00:00","og_image":[{"width":958,"height":719,"url":"https:\/\/www.manaus.am.gov.br\/semsa\/wp-content\/uploads\/sites\/8\/2023\/05\/Maio-30_Dia-Mundial-Sem-Tabaco-7.jpeg","type":"image\/jpeg"}],"author":"Bruna Greco","twitter_card":"summary_large_image","twitter_misc":{"Written by":"Bruna Greco","Est. reading time":"5 minutos"},"schema":{"@context":"https:\/\/schema.org","@graph":[{"@type":"WebPage","@id":"https:\/\/www.manaus.am.gov.br\/semsa\/prefeitura-realiza-acao-de-educacao-em-saude-pelo-dia-mundial-sem-tabaco-na-usf-frei-valerio\/","url":"https:\/\/www.manaus.am.gov.br\/semsa\/prefeitura-realiza-acao-de-educacao-em-saude-pelo-dia-mundial-sem-tabaco-na-usf-frei-valerio\/","name":"Prefeitura realiza a\u00e7\u00e3o de educa\u00e7\u00e3o em sa\u00fade pelo Dia Mundial Sem Tabaco na USF Frei Val\u00e9rio","isPartOf":{"@id":"https:\/\/www.manaus.am.gov.br\/semsa\/#website"},"primaryImageOfPage":{"@id":"https:\/\/www.manaus.am.gov.br\/semsa\/prefeitura-realiza-acao-de-educacao-em-saude-pelo-dia-mundial-sem-tabaco-na-usf-frei-valerio\/#primaryimage"},"image":{"@id":"https:\/\/www.manaus.am.gov.br\/semsa\/prefeitura-realiza-acao-de-educacao-em-saude-pelo-dia-mundial-sem-tabaco-na-usf-frei-valerio\/#primaryimage"},"thumbnailUrl":"https:\/\/www.manaus.am.gov.br\/semsa\/wp-content\/uploads\/sites\/8\/2023\/05\/Maio-30_Dia-Mundial-Sem-Tabaco-7.jpeg","datePublished":"2023-05-30T20:26:11+00:00","dateModified":"2023-05-30T20:26:14+00:00","author":{"@id":"https:\/\/www.manaus.am.gov.br\/semsa\/#\/schema\/person\/05d223aea2bf115f9883a6ff3683d81b"},"description":"Nesta quarta-feira, 31\/5, Dia Mundial Sem Tabaco, a Prefeitura de Manaus alerta para os riscos do uso do produto por meio de uma a\u00e7\u00e3o de educa\u00e7\u00e3o em sa\u00fade na Unidade de Sa\u00fade da Fam\u00edlia (USF) Frei Val\u00e9rio Di Carlo, no bairro Novo Israel, zona Norte da capital, a partir das 14h.","inLanguage":"pt-BR","potentialAction":[{"@type":"ReadAction","target":["https:\/\/www.manaus.am.gov.br\/semsa\/prefeitura-realiza-acao-de-educacao-em-saude-pelo-dia-mundial-sem-tabaco-na-usf-frei-valerio\/"]}]},{"@type":"ImageObject","inLanguage":"pt-BR","@id":"https:\/\/www.manaus.am.gov.br\/semsa\/prefeitura-realiza-acao-de-educacao-em-saude-pelo-dia-mundial-sem-tabaco-na-usf-frei-valerio\/#primaryimage","url":"https:\/\/www.manaus.am.gov.br\/semsa\/wp-content\/uploads\/sites\/8\/2023\/05\/Maio-30_Dia-Mundial-Sem-Tabaco-7.jpeg","contentUrl":"https:\/\/www.manaus.am.gov.br\/semsa\/wp-content\/uploads\/sites\/8\/2023\/05\/Maio-30_Dia-Mundial-Sem-Tabaco-7.jpeg","width":958,"height":719},{"@type":"WebSite","@id":"https:\/\/www.manaus.am.gov.br\/semsa\/#website","url":"https:\/\/www.manaus.am.gov.br\/semsa\/","name":"SEMSA","description":"Secretaria Municipal de Sa\u00fade","alternateName":"Secretaria Municipal de Sa\u00fade","potentialAction":[{"@type":"SearchAction","target":{"@type":"EntryPoint","urlTemplate":"https:\/\/www.manaus.am.gov.br\/semsa\/?s={search_term_string}"},"query-input":"required name=search_term_string"}],"inLanguage":"pt-BR"},{"@type":"Person","@id":"https:\/\/www.manaus.am.gov.br\/semsa\/#\/schema\/person\/05d223aea2bf115f9883a6ff3683d81b","name":"Bruna Greco","image":{"@type":"ImageObject","inLanguage":"pt-BR","@id":"https:\/\/www.manaus.am.gov.br\/semsa\/#\/schema\/person\/image\/","url":"https:\/\/secure.gravatar.com\/avatar\/9c877d1a6adc2a055330e5c09a8653ce?s=96&d=mm&r=g","contentUrl":"https:\/\/secure.gravatar.com\/avatar\/9c877d1a6adc2a055330e5c09a8653ce?s=96&d=mm&r=g","caption":"Bruna Greco"}}]}},"_links":{"self":[{"href":"https:\/\/www.manaus.am.gov.br\/semsa\/wp-json\/wp\/v2\/posts\/212278"}],"collection":[{"href":"https:\/\/www.manaus.am.gov.br\/semsa\/wp-json\/wp\/v2\/posts"}],"about":[{"href":"https:\/\/www.manaus.am.gov.br\/semsa\/wp-json\/wp\/v2\/types\/post"}],"author":[{"embeddable":true,"href":"https:\/\/www.manaus.am.gov.br\/semsa\/wp-json\/wp\/v2\/users\/39"}],"replies":[{"embeddable":true,"href":"https:\/\/www.manaus.am.gov.br\/semsa\/wp-json\/wp\/v2\/comments?post=212278"}],"version-history":[{"count":0,"href":"https:\/\/www.manaus.am.gov.br\/semsa\/wp-json\/wp\/v2\/posts\/212278\/revisions"}],"wp:featuredmedia":[{"embeddable":true,"href":"https:\/\/www.manaus.am.gov.br\/semsa\/wp-json\/wp\/v2\/media\/212279"}],"wp:attachment":[{"href":"https:\/\/www.manaus.am.gov.br\/semsa\/wp-json\/wp\/v2\/media?parent=212278"}],"wp:term":[{"taxonomy":"category","embeddable":true,"href":"https:\/\/www.manaus.am.gov.br\/semsa\/wp-json\/wp\/v2\/categories?post=212278"},{"taxonomy":"post_tag","embeddable":true,"href":"https:\/\/www.manaus.am.gov.br\/semsa\/wp-json\/wp\/v2\/tags?post=212278"}],"curies":[{"name":"wp","href":"https:\/\/api.w.org\/{rel}","templated":true}]}}