{"id":212258,"date":"2023-05-29T17:40:09","date_gmt":"2023-05-29T21:40:09","guid":{"rendered":"https:\/\/www.manaus.am.gov.br\/semsa\/visa-manaus-da-inicio-a-semana-do-regulado-com-orientacoes-ao-segmento-de-supermercados-da-cidade\/"},"modified":"2023-05-29T17:45:13","modified_gmt":"2023-05-29T21:45:13","slug":"visa-manaus-da-inicio-a-semana-do-regulado-com-orientacoes-ao-segmento-de-supermercados-da-cidade","status":"publish","type":"post","link":"https:\/\/www.manaus.am.gov.br\/semsa\/visa-manaus-da-inicio-a-semana-do-regulado-com-orientacoes-ao-segmento-de-supermercados-da-cidade\/","title":{"rendered":"<strong>Visa Manaus d\u00e1 in\u00edcio \u00e0 Semana do Regulado com orienta\u00e7\u00f5es ao segmento de supermercados da cidade<\/strong>\u00a0"},"content":{"rendered":"\n<p>A Diretoria de Vigil\u00e2ncia Sanit\u00e1ria (Visa Manaus) da Secretaria Municipal de Sa\u00fade (Semsa) abriu, nesta segunda-feira, 29\/5, a Semana do Regulado da Visa Manaus, no audit\u00f3rio Wilson Alecrim da Universidade Nilton Lins (UniNilton Lins), no bairro Parque das Laranjeiras, zona Centro-Sul da capital. A programa\u00e7\u00e3o segue at\u00e9 esta quinta, 1\u00ba\/6, com cada dia dedicado a uma ger\u00eancia da Visa Manaus.<\/p>\n\n\n\n<p>A Semana \u00e9 uma iniciativa da Prefeitura de Manaus in\u00e9dita na cidade, que coloca a Visa em di\u00e1logo direto com o p\u00fablico regulado, ou seja, os representantes de v\u00e1rios segmentos do com\u00e9rcio e de servi\u00e7os em Manaus, para realizar orienta\u00e7\u00f5es e esclarecimentos e disseminar as boas pr\u00e1ticas sanit\u00e1rias, de modo a refor\u00e7ar a sa\u00fade e bem-estar da popula\u00e7\u00e3o.<\/p>\n\n\n\n<p>Nesta segunda-feira, a programa\u00e7\u00e3o ficou a cargo da Ger\u00eancia de Vigil\u00e2ncia de Alimentos (Gevali), com o apoio do N\u00facleo de Gest\u00e3o em Vigil\u00e2ncia Sanit\u00e1ria (Nuevisa). A solenidade de abertura dos trabalhos teve a presen\u00e7a de representantes de outros \u00f3rg\u00e3os de sa\u00fade, regula\u00e7\u00e3o e defesa do consumidor.<\/p>\n\n\n\n<p>O subsecret\u00e1rio municipal de Gest\u00e3o da Sa\u00fade, Djalma Coelho, lembrou em sua fala que a Vigil\u00e2ncia Sanit\u00e1ria, em suas diversas inst\u00e2ncias, \u00e9 um dos bra\u00e7os mais importantes e presentes do SUS na vida dos cidad\u00e3os.<\/p>\n\n\n\n<p>\u201cA Vigil\u00e2ncia, com seu monitoramento amplo e constante da qualidade dos produtos e servi\u00e7os oferecidos \u00e0 popula\u00e7\u00e3o, mostra que o SUS est\u00e1 presente em muitos aspectos da nossa vida di\u00e1ria, da\u00ed a necessidade de valoriz\u00e1-la e defend\u00ea-la\u201d, afirmou.<\/p>\n\n\n\n<p>O diretor da Visa Manaus, Ewerton Wanderley, destacou o apoio recebido pela Visa Manaus na realiza\u00e7\u00e3o da Semana, n\u00e3o apenas da Semsa, mas de diversas outras institui\u00e7\u00f5es em todos os segmentos de atividades contemplados pela Vigil\u00e2ncia, bem como o interesse do setor regulado.<\/p>\n\n\n\n<p>\u201c\u00c9 uma grande vit\u00f3ria e tamb\u00e9m uma recompensa pelo nosso esfor\u00e7o, sob a orienta\u00e7\u00e3o do prefeito David Almeida, para levar a atua\u00e7\u00e3o da Visa cada vez mais na dire\u00e7\u00e3o da educa\u00e7\u00e3o e da preven\u00e7\u00e3o, em vez de ficar apenas na fiscaliza\u00e7\u00e3o e puni\u00e7\u00e3o por eventuais equ\u00edvocos e irregularidades sanit\u00e1rias\u201d, explica.<\/p>\n\n\n\n<p>O diretor Ewerton tamb\u00e9m anunciou, na abertura, que a Semana ser\u00e1 incorporada ao calend\u00e1rio anual de atividades da Visa Manaus, com a san\u00e7\u00e3o do prefeito David Almeida.<\/p>\n\n\n\n<p>\u201cQueremos tornar este espa\u00e7o de integra\u00e7\u00e3o entre a Visa e os regulados uma atividade regular, um f\u00f3rum que estar\u00e1 sempre \u00e0 disposi\u00e7\u00e3o desse segmento da popula\u00e7\u00e3o, e que ter\u00e1, sem d\u00favidas, um impacto decisivo no avan\u00e7o da cultura das boas pr\u00e1ticas sanit\u00e1rias em nossa cidade\u201d, frisou.<\/p>\n\n\n\n<p><strong>Orienta\u00e7\u00f5es<\/strong><\/p>\n\n\n\n<p>A programa\u00e7\u00e3o da Ger\u00eancia de Vigil\u00e2ncia de Alimentos incluiu o an\u00fancio de um novo documento municipal, a Portaria n\u00ba 319\/DVISA\/Semsa, que institui o Regulamento T\u00e9cnico de boas pr\u00e1ticas para o fracionamento de produtos de origem animal por estabelecimentos comerciais de alimentos regulados pela Visa Manaus.<\/p>\n\n\n\n<p>Publicado na edi\u00e7\u00e3o 5591 do Di\u00e1rio Oficial do Munic\u00edpio (DOM), de 23 de maio deste ano, com entrada em vigor no m\u00eas de junho, o novo regulamento oferece uma s\u00e9rie de crit\u00e9rios e procedimentos para estabelecimentos comerciais de Manaus realizarem o fracionamento de alimentos como latic\u00ednios, embutidos c\u00e1rneos e cortes salgados de diferentes tipos de carne, a fim de refor\u00e7ar a qualidade e a seguran\u00e7a desses produtos antes da sua oferta ao p\u00fablico.<\/p>\n\n\n\n<p>O gerente da Gevali, Ricardo Celestino, e o fiscal de alimentos Augusto Kluczkovski, apresentaram a nova regula\u00e7\u00e3o e esclareceram d\u00favidas do p\u00fablico, composto principalmente de representantes convidados da Associa\u00e7\u00e3o Amazonense de Supermercados (Amase).<\/p>\n\n\n\n<p>Para Bruno Braga, presidente da Associa\u00e7\u00e3o, a Semana do Regulado refor\u00e7ou uma s\u00e9rie de conceitos que mostram a converg\u00eancia de inten\u00e7\u00f5es entre a Visa Manaus e o segmento regulado \u2013 como uni\u00e3o, trabalho conjunto, parceria, alinhamento de prop\u00f3sitos, servi\u00e7o \u00e0 sociedade e, sobretudo, bem coletivo.<\/p>\n\n\n\n<p>\u201cO grande acontecimento do nosso encontro com a Vigil\u00e2ncia \u00e9 essa intera\u00e7\u00e3o, essa quebra de paradigmas, essa oportunidade de di\u00e1logo e resolu\u00e7\u00e3o de d\u00favidas junto \u00e0 Prefeitura de Manaus. O setor supermercadista compareceu em peso, o que mostra a vontade de todos de atender cada vez melhor e com mais seguran\u00e7a \u00e0 popula\u00e7\u00e3o\u201d, concluiu.<\/p>\n\n\n\n<p>A programa\u00e7\u00e3o da Semana do Regulado continua nesta ter\u00e7a-feira, 30\/5, reunindo a Ger\u00eancia de Vigil\u00e2ncia de Medicamentos (GevMed) e representantes do p\u00fablico regulado na \u00e1rea. Na quarta-feira, 31\/5, ser\u00e1 a vez da Ger\u00eancia de Engenharia de Vigil\u00e2ncia Sanit\u00e1ria (Gengs) mostrar a natureza do seu trabalho. E, na quinta-feira, a Ger\u00eancia de Vigil\u00e2ncia de Servi\u00e7os (GevSer) da Visa Manaus comandar\u00e1 o encontro.<\/p>\n\n\n\n<p>A popula\u00e7\u00e3o pode denunciar irregularidades sanit\u00e1rias relativas a produtos e servi\u00e7os por meio da Ouvidoria da Visa Manaus, no n\u00famero (92) 98842-8481, ou pelo e-mail <a href=\"mailto:visamanaus.ouvidoria@gmail.com\">visamanaus.ouvidoria@gmail.com<\/a>.<\/p>\n\n\n\n<p>&#8212; &#8212; &#8212;&nbsp;<\/p>\n\n\n\n<p><strong>Texto &#8211;<\/strong>&nbsp;Renildo Rodrigues \/ Semsa<\/p>\n\n\n\n<p><strong>Fotos \u2013<\/strong>&nbsp;Grazi Praia \/ Semsa<\/p>\n\n\n\n<p><strong>Dispon\u00edveis em &#8211; <\/strong>&nbsp;<a href=\"https:\/\/flic.kr\/s\/aHBqjAFG2V\">https:\/\/flic.kr\/s\/aHBqjAFG2V<\/a><\/p>\n","protected":false},"excerpt":{"rendered":"","protected":false},"author":39,"featured_media":212259,"comment_status":"closed","ping_status":"closed","sticky":false,"template":"","format":"standard","meta":{"footnotes":""},"categories":[205],"tags":[54,970,971,28,79],"acf":[],"yoast_head":"<!-- This site is optimized with the Yoast SEO plugin v23.0 - https:\/\/yoast.com\/wordpress\/plugins\/seo\/ -->\n<title>Visa Manaus d\u00e1 in\u00edcio \u00e0 Semana do Regulado com orienta\u00e7\u00f5es ao segmento de supermercados da cidade<\/title>\n<meta name=\"description\" content=\"A Diretoria de Vigil\u00e2ncia Sanit\u00e1ria (Visa Manaus) da Secretaria Municipal de Sa\u00fade (Semsa) abriu, nesta segunda-feira, 29\/5, a Semana do Regulado da Visa Manaus, no audit\u00f3rio Wilson Alecrim da Universidade Nilton Lins (UniNilton Lins), no bairro Parque das Laranjeiras, zona Centro-Sul da capital. A programa\u00e7\u00e3o segue at\u00e9 esta quinta, 1\u00ba\/6, com cada dia dedicado a uma ger\u00eancia da Visa Manaus.\" \/>\n<meta name=\"robots\" content=\"index, follow, max-snippet:-1, max-image-preview:large, max-video-preview:-1\" \/>\n<link rel=\"canonical\" href=\"https:\/\/www.manaus.am.gov.br\/semsa\/visa-manaus-da-inicio-a-semana-do-regulado-com-orientacoes-ao-segmento-de-supermercados-da-cidade\/\" \/>\n<meta property=\"og:locale\" content=\"pt_BR\" \/>\n<meta property=\"og:type\" content=\"article\" \/>\n<meta property=\"og:title\" content=\"Visa Manaus d\u00e1 in\u00edcio \u00e0 Semana do Regulado com orienta\u00e7\u00f5es ao segmento de supermercados da cidade\" \/>\n<meta property=\"og:description\" content=\"A Diretoria de Vigil\u00e2ncia Sanit\u00e1ria (Visa Manaus) da Secretaria Municipal de Sa\u00fade (Semsa) abriu, nesta segunda-feira, 29\/5, a Semana do Regulado da Visa Manaus, no audit\u00f3rio Wilson Alecrim da Universidade Nilton Lins (UniNilton Lins), no bairro Parque das Laranjeiras, zona Centro-Sul da capital. A programa\u00e7\u00e3o segue at\u00e9 esta quinta, 1\u00ba\/6, com cada dia dedicado a uma ger\u00eancia da Visa Manaus.\" \/>\n<meta property=\"og:url\" content=\"https:\/\/www.manaus.am.gov.br\/semsa\/visa-manaus-da-inicio-a-semana-do-regulado-com-orientacoes-ao-segmento-de-supermercados-da-cidade\/\" \/>\n<meta property=\"og:site_name\" content=\"SEMSA\" \/>\n<meta property=\"article:published_time\" content=\"2023-05-29T21:40:09+00:00\" \/>\n<meta property=\"article:modified_time\" content=\"2023-05-29T21:45:13+00:00\" \/>\n<meta property=\"og:image\" content=\"https:\/\/www.manaus.am.gov.br\/semsa\/wp-content\/uploads\/sites\/8\/2023\/05\/52935204721_ea9859eb29_k.jpg\" \/>\n\t<meta property=\"og:image:width\" content=\"2048\" \/>\n\t<meta property=\"og:image:height\" content=\"1365\" \/>\n\t<meta property=\"og:image:type\" content=\"image\/jpeg\" \/>\n<meta name=\"author\" content=\"Bruna Greco\" \/>\n<meta name=\"twitter:card\" content=\"summary_large_image\" \/>\n<meta name=\"twitter:label1\" content=\"Written by\" \/>\n\t<meta name=\"twitter:data1\" content=\"Bruna Greco\" \/>\n\t<meta name=\"twitter:label2\" content=\"Est. reading time\" \/>\n\t<meta name=\"twitter:data2\" content=\"5 minutos\" \/>\n<script type=\"application\/ld+json\" class=\"yoast-schema-graph\">{\"@context\":\"https:\/\/schema.org\",\"@graph\":[{\"@type\":\"WebPage\",\"@id\":\"https:\/\/www.manaus.am.gov.br\/semsa\/visa-manaus-da-inicio-a-semana-do-regulado-com-orientacoes-ao-segmento-de-supermercados-da-cidade\/\",\"url\":\"https:\/\/www.manaus.am.gov.br\/semsa\/visa-manaus-da-inicio-a-semana-do-regulado-com-orientacoes-ao-segmento-de-supermercados-da-cidade\/\",\"name\":\"Visa Manaus d\u00e1 in\u00edcio \u00e0 Semana do Regulado com orienta\u00e7\u00f5es ao segmento de supermercados da cidade\",\"isPartOf\":{\"@id\":\"https:\/\/www.manaus.am.gov.br\/semsa\/#website\"},\"primaryImageOfPage\":{\"@id\":\"https:\/\/www.manaus.am.gov.br\/semsa\/visa-manaus-da-inicio-a-semana-do-regulado-com-orientacoes-ao-segmento-de-supermercados-da-cidade\/#primaryimage\"},\"image\":{\"@id\":\"https:\/\/www.manaus.am.gov.br\/semsa\/visa-manaus-da-inicio-a-semana-do-regulado-com-orientacoes-ao-segmento-de-supermercados-da-cidade\/#primaryimage\"},\"thumbnailUrl\":\"https:\/\/www.manaus.am.gov.br\/semsa\/wp-content\/uploads\/sites\/8\/2023\/05\/52935204721_ea9859eb29_k.jpg\",\"datePublished\":\"2023-05-29T21:40:09+00:00\",\"dateModified\":\"2023-05-29T21:45:13+00:00\",\"author\":{\"@id\":\"https:\/\/www.manaus.am.gov.br\/semsa\/#\/schema\/person\/05d223aea2bf115f9883a6ff3683d81b\"},\"description\":\"A Diretoria de Vigil\u00e2ncia Sanit\u00e1ria (Visa Manaus) da Secretaria Municipal de Sa\u00fade (Semsa) abriu, nesta segunda-feira, 29\/5, a Semana do Regulado da Visa Manaus, no audit\u00f3rio Wilson Alecrim da Universidade Nilton Lins (UniNilton Lins), no bairro Parque das Laranjeiras, zona Centro-Sul da capital. A programa\u00e7\u00e3o segue at\u00e9 esta quinta, 1\u00ba\/6, com cada dia dedicado a uma ger\u00eancia da Visa Manaus.\",\"inLanguage\":\"pt-BR\",\"potentialAction\":[{\"@type\":\"ReadAction\",\"target\":[\"https:\/\/www.manaus.am.gov.br\/semsa\/visa-manaus-da-inicio-a-semana-do-regulado-com-orientacoes-ao-segmento-de-supermercados-da-cidade\/\"]}]},{\"@type\":\"ImageObject\",\"inLanguage\":\"pt-BR\",\"@id\":\"https:\/\/www.manaus.am.gov.br\/semsa\/visa-manaus-da-inicio-a-semana-do-regulado-com-orientacoes-ao-segmento-de-supermercados-da-cidade\/#primaryimage\",\"url\":\"https:\/\/www.manaus.am.gov.br\/semsa\/wp-content\/uploads\/sites\/8\/2023\/05\/52935204721_ea9859eb29_k.jpg\",\"contentUrl\":\"https:\/\/www.manaus.am.gov.br\/semsa\/wp-content\/uploads\/sites\/8\/2023\/05\/52935204721_ea9859eb29_k.jpg\",\"width\":2048,\"height\":1365},{\"@type\":\"WebSite\",\"@id\":\"https:\/\/www.manaus.am.gov.br\/semsa\/#website\",\"url\":\"https:\/\/www.manaus.am.gov.br\/semsa\/\",\"name\":\"SEMSA\",\"description\":\"Secretaria Municipal de Sa\u00fade\",\"alternateName\":\"Secretaria Municipal de Sa\u00fade\",\"potentialAction\":[{\"@type\":\"SearchAction\",\"target\":{\"@type\":\"EntryPoint\",\"urlTemplate\":\"https:\/\/www.manaus.am.gov.br\/semsa\/?s={search_term_string}\"},\"query-input\":\"required name=search_term_string\"}],\"inLanguage\":\"pt-BR\"},{\"@type\":\"Person\",\"@id\":\"https:\/\/www.manaus.am.gov.br\/semsa\/#\/schema\/person\/05d223aea2bf115f9883a6ff3683d81b\",\"name\":\"Bruna Greco\",\"image\":{\"@type\":\"ImageObject\",\"inLanguage\":\"pt-BR\",\"@id\":\"https:\/\/www.manaus.am.gov.br\/semsa\/#\/schema\/person\/image\/\",\"url\":\"https:\/\/secure.gravatar.com\/avatar\/9c877d1a6adc2a055330e5c09a8653ce?s=96&d=mm&r=g\",\"contentUrl\":\"https:\/\/secure.gravatar.com\/avatar\/9c877d1a6adc2a055330e5c09a8653ce?s=96&d=mm&r=g\",\"caption\":\"Bruna Greco\"}}]}<\/script>\n<!-- \/ Yoast SEO plugin. -->","yoast_head_json":{"title":"Visa Manaus d\u00e1 in\u00edcio \u00e0 Semana do Regulado com orienta\u00e7\u00f5es ao segmento de supermercados da cidade","description":"A Diretoria de Vigil\u00e2ncia Sanit\u00e1ria (Visa Manaus) da Secretaria Municipal de Sa\u00fade (Semsa) abriu, nesta segunda-feira, 29\/5, a Semana do Regulado da Visa Manaus, no audit\u00f3rio Wilson Alecrim da Universidade Nilton Lins (UniNilton Lins), no bairro Parque das Laranjeiras, zona Centro-Sul da capital. A programa\u00e7\u00e3o segue at\u00e9 esta quinta, 1\u00ba\/6, com cada dia dedicado a uma ger\u00eancia da Visa Manaus.","robots":{"index":"index","follow":"follow","max-snippet":"max-snippet:-1","max-image-preview":"max-image-preview:large","max-video-preview":"max-video-preview:-1"},"canonical":"https:\/\/www.manaus.am.gov.br\/semsa\/visa-manaus-da-inicio-a-semana-do-regulado-com-orientacoes-ao-segmento-de-supermercados-da-cidade\/","og_locale":"pt_BR","og_type":"article","og_title":"Visa Manaus d\u00e1 in\u00edcio \u00e0 Semana do Regulado com orienta\u00e7\u00f5es ao segmento de supermercados da cidade","og_description":"A Diretoria de Vigil\u00e2ncia Sanit\u00e1ria (Visa Manaus) da Secretaria Municipal de Sa\u00fade (Semsa) abriu, nesta segunda-feira, 29\/5, a Semana do Regulado da Visa Manaus, no audit\u00f3rio Wilson Alecrim da Universidade Nilton Lins (UniNilton Lins), no bairro Parque das Laranjeiras, zona Centro-Sul da capital. A programa\u00e7\u00e3o segue at\u00e9 esta quinta, 1\u00ba\/6, com cada dia dedicado a uma ger\u00eancia da Visa Manaus.","og_url":"https:\/\/www.manaus.am.gov.br\/semsa\/visa-manaus-da-inicio-a-semana-do-regulado-com-orientacoes-ao-segmento-de-supermercados-da-cidade\/","og_site_name":"SEMSA","article_published_time":"2023-05-29T21:40:09+00:00","article_modified_time":"2023-05-29T21:45:13+00:00","og_image":[{"width":2048,"height":1365,"url":"https:\/\/www.manaus.am.gov.br\/semsa\/wp-content\/uploads\/sites\/8\/2023\/05\/52935204721_ea9859eb29_k.jpg","type":"image\/jpeg"}],"author":"Bruna Greco","twitter_card":"summary_large_image","twitter_misc":{"Written by":"Bruna Greco","Est. reading time":"5 minutos"},"schema":{"@context":"https:\/\/schema.org","@graph":[{"@type":"WebPage","@id":"https:\/\/www.manaus.am.gov.br\/semsa\/visa-manaus-da-inicio-a-semana-do-regulado-com-orientacoes-ao-segmento-de-supermercados-da-cidade\/","url":"https:\/\/www.manaus.am.gov.br\/semsa\/visa-manaus-da-inicio-a-semana-do-regulado-com-orientacoes-ao-segmento-de-supermercados-da-cidade\/","name":"Visa Manaus d\u00e1 in\u00edcio \u00e0 Semana do Regulado com orienta\u00e7\u00f5es ao segmento de supermercados da cidade","isPartOf":{"@id":"https:\/\/www.manaus.am.gov.br\/semsa\/#website"},"primaryImageOfPage":{"@id":"https:\/\/www.manaus.am.gov.br\/semsa\/visa-manaus-da-inicio-a-semana-do-regulado-com-orientacoes-ao-segmento-de-supermercados-da-cidade\/#primaryimage"},"image":{"@id":"https:\/\/www.manaus.am.gov.br\/semsa\/visa-manaus-da-inicio-a-semana-do-regulado-com-orientacoes-ao-segmento-de-supermercados-da-cidade\/#primaryimage"},"thumbnailUrl":"https:\/\/www.manaus.am.gov.br\/semsa\/wp-content\/uploads\/sites\/8\/2023\/05\/52935204721_ea9859eb29_k.jpg","datePublished":"2023-05-29T21:40:09+00:00","dateModified":"2023-05-29T21:45:13+00:00","author":{"@id":"https:\/\/www.manaus.am.gov.br\/semsa\/#\/schema\/person\/05d223aea2bf115f9883a6ff3683d81b"},"description":"A Diretoria de Vigil\u00e2ncia Sanit\u00e1ria (Visa Manaus) da Secretaria Municipal de Sa\u00fade (Semsa) abriu, nesta segunda-feira, 29\/5, a Semana do Regulado da Visa Manaus, no audit\u00f3rio Wilson Alecrim da Universidade Nilton Lins (UniNilton Lins), no bairro Parque das Laranjeiras, zona Centro-Sul da capital. A programa\u00e7\u00e3o segue at\u00e9 esta quinta, 1\u00ba\/6, com cada dia dedicado a uma ger\u00eancia da Visa Manaus.","inLanguage":"pt-BR","potentialAction":[{"@type":"ReadAction","target":["https:\/\/www.manaus.am.gov.br\/semsa\/visa-manaus-da-inicio-a-semana-do-regulado-com-orientacoes-ao-segmento-de-supermercados-da-cidade\/"]}]},{"@type":"ImageObject","inLanguage":"pt-BR","@id":"https:\/\/www.manaus.am.gov.br\/semsa\/visa-manaus-da-inicio-a-semana-do-regulado-com-orientacoes-ao-segmento-de-supermercados-da-cidade\/#primaryimage","url":"https:\/\/www.manaus.am.gov.br\/semsa\/wp-content\/uploads\/sites\/8\/2023\/05\/52935204721_ea9859eb29_k.jpg","contentUrl":"https:\/\/www.manaus.am.gov.br\/semsa\/wp-content\/uploads\/sites\/8\/2023\/05\/52935204721_ea9859eb29_k.jpg","width":2048,"height":1365},{"@type":"WebSite","@id":"https:\/\/www.manaus.am.gov.br\/semsa\/#website","url":"https:\/\/www.manaus.am.gov.br\/semsa\/","name":"SEMSA","description":"Secretaria Municipal de Sa\u00fade","alternateName":"Secretaria Municipal de Sa\u00fade","potentialAction":[{"@type":"SearchAction","target":{"@type":"EntryPoint","urlTemplate":"https:\/\/www.manaus.am.gov.br\/semsa\/?s={search_term_string}"},"query-input":"required name=search_term_string"}],"inLanguage":"pt-BR"},{"@type":"Person","@id":"https:\/\/www.manaus.am.gov.br\/semsa\/#\/schema\/person\/05d223aea2bf115f9883a6ff3683d81b","name":"Bruna Greco","image":{"@type":"ImageObject","inLanguage":"pt-BR","@id":"https:\/\/www.manaus.am.gov.br\/semsa\/#\/schema\/person\/image\/","url":"https:\/\/secure.gravatar.com\/avatar\/9c877d1a6adc2a055330e5c09a8653ce?s=96&d=mm&r=g","contentUrl":"https:\/\/secure.gravatar.com\/avatar\/9c877d1a6adc2a055330e5c09a8653ce?s=96&d=mm&r=g","caption":"Bruna Greco"}}]}},"_links":{"self":[{"href":"https:\/\/www.manaus.am.gov.br\/semsa\/wp-json\/wp\/v2\/posts\/212258"}],"collection":[{"href":"https:\/\/www.manaus.am.gov.br\/semsa\/wp-json\/wp\/v2\/posts"}],"about":[{"href":"https:\/\/www.manaus.am.gov.br\/semsa\/wp-json\/wp\/v2\/types\/post"}],"author":[{"embeddable":true,"href":"https:\/\/www.manaus.am.gov.br\/semsa\/wp-json\/wp\/v2\/users\/39"}],"replies":[{"embeddable":true,"href":"https:\/\/www.manaus.am.gov.br\/semsa\/wp-json\/wp\/v2\/comments?post=212258"}],"version-history":[{"count":1,"href":"https:\/\/www.manaus.am.gov.br\/semsa\/wp-json\/wp\/v2\/posts\/212258\/revisions"}],"predecessor-version":[{"id":212260,"href":"https:\/\/www.manaus.am.gov.br\/semsa\/wp-json\/wp\/v2\/posts\/212258\/revisions\/212260"}],"wp:featuredmedia":[{"embeddable":true,"href":"https:\/\/www.manaus.am.gov.br\/semsa\/wp-json\/wp\/v2\/media\/212259"}],"wp:attachment":[{"href":"https:\/\/www.manaus.am.gov.br\/semsa\/wp-json\/wp\/v2\/media?parent=212258"}],"wp:term":[{"taxonomy":"category","embeddable":true,"href":"https:\/\/www.manaus.am.gov.br\/semsa\/wp-json\/wp\/v2\/categories?post=212258"},{"taxonomy":"post_tag","embeddable":true,"href":"https:\/\/www.manaus.am.gov.br\/semsa\/wp-json\/wp\/v2\/tags?post=212258"}],"curies":[{"name":"wp","href":"https:\/\/api.w.org\/{rel}","templated":true}]}}