{"id":212175,"date":"2023-05-18T18:43:57","date_gmt":"2023-05-18T22:43:57","guid":{"rendered":"https:\/\/www.manaus.am.gov.br\/semsa\/apoio-e-acompanhamento-medico-permitem-conviver-com-doenca-celiaca-informa-prefeitura-de-manaus\/"},"modified":"2023-05-18T18:43:58","modified_gmt":"2023-05-18T22:43:58","slug":"apoio-e-acompanhamento-medico-permitem-conviver-com-doenca-celiaca-informa-prefeitura-de-manaus","status":"publish","type":"post","link":"https:\/\/www.manaus.am.gov.br\/semsa\/apoio-e-acompanhamento-medico-permitem-conviver-com-doenca-celiaca-informa-prefeitura-de-manaus\/","title":{"rendered":"<strong>Apoio e acompanhamento m\u00e9dico permitem conviver com doen\u00e7a cel\u00edaca, informa Prefeitura de Manaus<\/strong>"},"content":{"rendered":"\n<p>Encontrado em alimentos como p\u00e3es e biscoitos, o gl\u00faten \u00e9 inofensivo para a maioria da popula\u00e7\u00e3o, mas afeta a sa\u00fade das pessoas cel\u00edacas, que n\u00e3o podem consumir estes e outros produtos comuns do dia a dia. Como parte do Maio Verde, m\u00eas de conscientiza\u00e7\u00e3o sobre a doen\u00e7a cel\u00edaca, a Prefeitura de Manaus, por meio da Secretaria Municipal de Sa\u00fade (Semsa), informa sobre a doen\u00e7a e refor\u00e7a que a aten\u00e7\u00e3o \u00e0 dieta e o acompanhamento m\u00e9dico possibilitam aos cel\u00edacos conviver com as restri\u00e7\u00f5es impostas pela condi\u00e7\u00e3o.<\/p>\n\n\n\n<p>A doen\u00e7a cel\u00edaca \u00e9 uma doen\u00e7a cr\u00f4nica e autoimune, que afeta uma a cada cem pessoas em todo o mundo e causa intoler\u00e2ncia permanente ao gl\u00faten. No cel\u00edaco, o consumo dessa prote\u00edna (encontrada no trigo, centeio e cevada, e nos produtos derivados desses cereais, de pizzas, p\u00e3es e biscoitos a cerveja), leva o sistema imunol\u00f3gico a atacar o intestino, causando sintomas como diarreia, dor abdominal, gases, e dor de cabe\u00e7a e nas articula\u00e7\u00f5es.<\/p>\n\n\n\n<p>\u201cEssa rea\u00e7\u00e3o inflamat\u00f3ria pode acabar destruindo a mucosa do intestino, causando atrofia e levando \u00e0 m\u00e1 absor\u00e7\u00e3o de vitamina B12, c\u00e1lcio e outros nutrientes, e os pacientes passam a ter problemas como anemia cr\u00f4nica e fraqueza\u201d, explica o m\u00e9dico gastroenterologista e endoscopista, F\u00e1bio Alexandre de Souza, tamb\u00e9m delegado da Sociedade Amazonense de Gastroenterologia (SAG).<\/p>\n\n\n\n<p>F\u00e1bio Alexandre esteve nesta semana na sede da Semsa Manaus, onde conversou com a secret\u00e1ria Sh\u00e1dia Fraxe e apresentou as a\u00e7\u00f5es de conscientiza\u00e7\u00e3o sobre a doen\u00e7a cel\u00edaca a serem promovidas na capital como parte da campanha do Maio Verde.<\/p>\n\n\n\n<p>Conforme F\u00e1bio Alexandre, a doen\u00e7a cel\u00edaca tem origem gen\u00e9tica e atinge mais mulheres do que homens, manifestando-se de forma mais evidente em um primeiro momento na inf\u00e2ncia, por volta dos oito aos 12 anos. Apesar do maior conhecimento sobre o problema na atualidade, ele aponta que ainda \u00e9 comum o diagn\u00f3stico tardio dos casos.<\/p>\n\n\n\n<p>\u201cEm m\u00e9dia, os pacientes demoram oito anos para ter um diagn\u00f3stico. Em cada dez pacientes, somente dois s\u00e3o diagnosticados, porque a pessoa n\u00e3o tem informa\u00e7\u00e3o e n\u00e3o pensa na possibilidade da doen\u00e7a cel\u00edaca\u201d, assinala o especialista, que orienta as pessoas a buscar um profissional em caso de problemas digestivos recorrentes.<\/p>\n\n\n\n<p>O tratamento da doen\u00e7a cel\u00edaca consiste em evitar alimentos, bebidas ou mesmo medicamentos que possam conter gl\u00faten, de modo a controlar os sintomas e promover a cicatriza\u00e7\u00e3o intestinal. A falta de restri\u00e7\u00e3o na dieta, ao longo do tempo, diz F\u00e1bio Alexandre, pode causar danos ao revestimento do intestino e \u00e0 sa\u00fade em geral.<\/p>\n\n\n\n<p>\u201cH\u00e1 ainda sintomas neurol\u00f3gicos associados \u00e0 doen\u00e7a cel\u00edaca, como ataxia cerebelar, que faz o paciente andar como se estivesse tonto, al\u00e9m de depress\u00e3o e ansiedade. A doen\u00e7a cel\u00edaca acomete da cabe\u00e7a aos p\u00e9s\u201d.<\/p>\n\n\n\n<p><strong>Diagn\u00f3stico<\/strong><\/p>\n\n\n\n<p>O diagn\u00f3stico da doen\u00e7a cel\u00edaca \u00e9 feito pelo m\u00e9dico cl\u00ednico ou pediatra, da rede p\u00fablica ou particular de sa\u00fade, e inicialmente requer exames laboratoriais e de anticorpos, para aferir condi\u00e7\u00f5es como anemia e verificar a resposta imune. Diante de uma contagem elevada de anticorpos associados \u00e0 doen\u00e7a, o paciente \u00e9 referenciado para o gastroenterologista, que seguir\u00e1 na investiga\u00e7\u00e3o com endoscopia e exame gen\u00e9tico, a depender do caso.<\/p>\n\n\n\n<p>\u201cUma d\u00favida muito comum entre as m\u00e3es cel\u00edacas \u00e9 saber se seu filho vai ser cel\u00edaco. A crian\u00e7a n\u00e3o pode fazer endoscopia, mas faz o teste gen\u00e9tico, e apenas se der positivo essa m\u00e3e deve se preocupar sobre o filho ter a doen\u00e7a, do contr\u00e1rio pode ficar tranquila\u201d, explica.<\/p>\n\n\n\n<p><strong>Informa\u00e7\u00e3o e apoio<\/strong><\/p>\n\n\n\n<p>As restri\u00e7\u00f5es na dieta e no dia a dia por conta da proibi\u00e7\u00e3o do consumo de p\u00e3es e massas podem intimidar os pacientes e suas fam\u00edlias, mas F\u00e1bio Alexandre ressalta que um diagn\u00f3stico da doen\u00e7a cel\u00edaca n\u00e3o precisa ser motivo de ang\u00fastia ou desespero.<\/p>\n\n\n\n<p>\u201c\u00c9 importante n\u00e3o se apavorar, mas conhecer mais sobre a doen\u00e7a, procurar um grupo de apoio e buscar um m\u00e9dico especialista para lhe acompanhar\u201d, orienta.<\/p>\n\n\n\n<p>O especialista enfatiza a import\u00e2ncia dos grupos de apoio, nos quais os cel\u00edacos podem obter informa\u00e7\u00f5es sobre a doen\u00e7a, al\u00e9m de trocar viv\u00eancias e dicas para conviver melhor com as restri\u00e7\u00f5es na dieta e no dia a dia. A rede de suporte, ele aponta, inclui associa\u00e7\u00f5es diversas, al\u00e9m da Federa\u00e7\u00e3o Nacional das Associa\u00e7\u00f5es de Cel\u00edacos do Brasil (Fenacelbra) e da Associa\u00e7\u00e3o dos Cel\u00edacos do Brasil (Acelbra).<\/p>\n\n\n\n<p>\u201cAqui em Manaus temos o Grupo de Cel\u00edacos do Amazonas, onde cada um ajuda o outro, indicando onde encontrar p\u00e3o sem gl\u00faten, ensinando como fazer receitas sem gl\u00faten, contando sua experi\u00eancia\u201d, indica o especialista, tamb\u00e9m fundador de um grupo voltado \u00e0s pessoas com a doen\u00e7a, o Grupo de Apoio aos Cel\u00edacos do Amazonas, que d\u00e1 tamb\u00e9m orienta\u00e7\u00f5es e dicas de dieta on-line, no site&nbsp;<a href=\"http:\/\/www.gacam.com.br\/\" target=\"_blank\" rel=\"noreferrer noopener\">www.gacam.com.br<\/a>.<\/p>\n\n\n\n<p>O acompanhamento regular, a aten\u00e7\u00e3o \u00e0s orienta\u00e7\u00f5es m\u00e9dicas e o suporte dos grupos de apoio e da fam\u00edlia v\u00e3o permitir ao cel\u00edaco conviver com a doen\u00e7a de forma tranquila, mantendo o gl\u00faten longe da dieta e a sa\u00fade em dia.<\/p>\n\n\n\n<p>\u201cO paciente \u00e0s vezes n\u00e3o aceita o diagn\u00f3stico, e por isso precisa de apoio, precisa de pessoas que ou\u00e7am, precisa da aten\u00e7\u00e3o do m\u00e9dico. Bem orientado, ele consegue superar a doen\u00e7a\u201d, conclui F\u00e1bio Alexandre.<\/p>\n\n\n\n<p><strong>Maio Verde<\/strong><\/p>\n\n\n\n<p>A conscientiza\u00e7\u00e3o sobre a doen\u00e7a cel\u00edaca \u00e9 o foco da campanha Maio Verde, que surgiu em 2018 com o objetivo de informar sobre o impacto da condi\u00e7\u00e3o cel\u00edaca na vida das pessoas. Em maio s\u00e3o celebrados o Dia Mundial de Conscientiza\u00e7\u00e3o da Doen\u00e7a Cel\u00edaca, no dia 16, e o Dia Internacional do Cel\u00edaco, no terceiro domingo do m\u00eas.<\/p>\n\n\n\n<p>Em Manaus, as atividades relacionadas ao Maio Verde incluem a ilumina\u00e7\u00e3o do Teatro Amazonas na cor da campanha, a partir deste s\u00e1bado, 19\/5. J\u00e1 no domingo, 20\/5, o Complexo Tur\u00edstico da Ponta Negra ser\u00e1 palco de uma caminhada de conscientiza\u00e7\u00e3o com faixas, cartazes e distribui\u00e7\u00e3o de folhetos sobre a doen\u00e7a cel\u00edaca. O Anfiteatro do cart\u00e3o-postal ser\u00e1 o ponto de encontro da atividade.<\/p>\n\n\n\n<p>&#8212; &#8212; &#8212;<\/p>\n\n\n\n<p><strong>Texto &#8211;&nbsp;<\/strong>Jony Clay Borges \/ Semsa<\/p>\n\n\n\n<p><strong>Fotos &#8211;&nbsp;<\/strong>Divulga\u00e7\u00e3o \/ Semsa<\/p>\n","protected":false},"excerpt":{"rendered":"","protected":false},"author":31,"featured_media":212176,"comment_status":"closed","ping_status":"closed","sticky":false,"template":"","format":"standard","meta":{"footnotes":""},"categories":[6],"tags":[873,556,874,875],"acf":[],"yoast_head":"<!-- This site is optimized with the Yoast SEO plugin v23.0 - https:\/\/yoast.com\/wordpress\/plugins\/seo\/ -->\n<title>Apoio e acompanhamento m\u00e9dico permitem conviver com doen\u00e7a cel\u00edaca, informa Prefeitura de Manaus - SEMSA<\/title>\n<meta name=\"robots\" content=\"index, follow, max-snippet:-1, max-image-preview:large, max-video-preview:-1\" \/>\n<link rel=\"canonical\" href=\"https:\/\/www.manaus.am.gov.br\/semsa\/apoio-e-acompanhamento-medico-permitem-conviver-com-doenca-celiaca-informa-prefeitura-de-manaus\/\" \/>\n<meta property=\"og:locale\" content=\"pt_BR\" \/>\n<meta property=\"og:type\" content=\"article\" \/>\n<meta property=\"og:title\" content=\"Apoio e acompanhamento m\u00e9dico permitem conviver com doen\u00e7a cel\u00edaca, informa Prefeitura de Manaus - SEMSA\" \/>\n<meta property=\"og:url\" content=\"https:\/\/www.manaus.am.gov.br\/semsa\/apoio-e-acompanhamento-medico-permitem-conviver-com-doenca-celiaca-informa-prefeitura-de-manaus\/\" \/>\n<meta property=\"og:site_name\" content=\"SEMSA\" \/>\n<meta property=\"article:published_time\" content=\"2023-05-18T22:43:57+00:00\" \/>\n<meta property=\"article:modified_time\" content=\"2023-05-18T22:43:58+00:00\" \/>\n<meta property=\"og:image\" content=\"https:\/\/www.manaus.am.gov.br\/semsa\/wp-content\/uploads\/sites\/8\/2023\/05\/Maio-18_Dia-Internacional-Celiaco-3-scaled.jpg\" \/>\n\t<meta property=\"og:image:width\" content=\"2560\" \/>\n\t<meta property=\"og:image:height\" content=\"1920\" \/>\n\t<meta property=\"og:image:type\" content=\"image\/jpeg\" \/>\n<meta name=\"author\" content=\"Renata Felix\" \/>\n<meta name=\"twitter:card\" content=\"summary_large_image\" \/>\n<meta name=\"twitter:label1\" content=\"Written by\" \/>\n\t<meta name=\"twitter:data1\" content=\"Renata Felix\" \/>\n\t<meta name=\"twitter:label2\" content=\"Est. reading time\" \/>\n\t<meta name=\"twitter:data2\" content=\"6 minutos\" \/>\n<script type=\"application\/ld+json\" class=\"yoast-schema-graph\">{\"@context\":\"https:\/\/schema.org\",\"@graph\":[{\"@type\":\"WebPage\",\"@id\":\"https:\/\/www.manaus.am.gov.br\/semsa\/apoio-e-acompanhamento-medico-permitem-conviver-com-doenca-celiaca-informa-prefeitura-de-manaus\/\",\"url\":\"https:\/\/www.manaus.am.gov.br\/semsa\/apoio-e-acompanhamento-medico-permitem-conviver-com-doenca-celiaca-informa-prefeitura-de-manaus\/\",\"name\":\"Apoio e acompanhamento m\u00e9dico permitem conviver com doen\u00e7a cel\u00edaca, informa Prefeitura de Manaus - SEMSA\",\"isPartOf\":{\"@id\":\"https:\/\/www.manaus.am.gov.br\/semsa\/#website\"},\"primaryImageOfPage\":{\"@id\":\"https:\/\/www.manaus.am.gov.br\/semsa\/apoio-e-acompanhamento-medico-permitem-conviver-com-doenca-celiaca-informa-prefeitura-de-manaus\/#primaryimage\"},\"image\":{\"@id\":\"https:\/\/www.manaus.am.gov.br\/semsa\/apoio-e-acompanhamento-medico-permitem-conviver-com-doenca-celiaca-informa-prefeitura-de-manaus\/#primaryimage\"},\"thumbnailUrl\":\"https:\/\/www.manaus.am.gov.br\/semsa\/wp-content\/uploads\/sites\/8\/2023\/05\/Maio-18_Dia-Internacional-Celiaco-3-scaled.jpg\",\"datePublished\":\"2023-05-18T22:43:57+00:00\",\"dateModified\":\"2023-05-18T22:43:58+00:00\",\"author\":{\"@id\":\"https:\/\/www.manaus.am.gov.br\/semsa\/#\/schema\/person\/4eea2a8f78dc853097abb026f728aa06\"},\"inLanguage\":\"pt-BR\",\"potentialAction\":[{\"@type\":\"ReadAction\",\"target\":[\"https:\/\/www.manaus.am.gov.br\/semsa\/apoio-e-acompanhamento-medico-permitem-conviver-com-doenca-celiaca-informa-prefeitura-de-manaus\/\"]}]},{\"@type\":\"ImageObject\",\"inLanguage\":\"pt-BR\",\"@id\":\"https:\/\/www.manaus.am.gov.br\/semsa\/apoio-e-acompanhamento-medico-permitem-conviver-com-doenca-celiaca-informa-prefeitura-de-manaus\/#primaryimage\",\"url\":\"https:\/\/www.manaus.am.gov.br\/semsa\/wp-content\/uploads\/sites\/8\/2023\/05\/Maio-18_Dia-Internacional-Celiaco-3-scaled.jpg\",\"contentUrl\":\"https:\/\/www.manaus.am.gov.br\/semsa\/wp-content\/uploads\/sites\/8\/2023\/05\/Maio-18_Dia-Internacional-Celiaco-3-scaled.jpg\",\"width\":2560,\"height\":1920},{\"@type\":\"WebSite\",\"@id\":\"https:\/\/www.manaus.am.gov.br\/semsa\/#website\",\"url\":\"https:\/\/www.manaus.am.gov.br\/semsa\/\",\"name\":\"SEMSA\",\"description\":\"Secretaria Municipal de Sa\u00fade\",\"alternateName\":\"Secretaria Municipal de Sa\u00fade\",\"potentialAction\":[{\"@type\":\"SearchAction\",\"target\":{\"@type\":\"EntryPoint\",\"urlTemplate\":\"https:\/\/www.manaus.am.gov.br\/semsa\/?s={search_term_string}\"},\"query-input\":\"required name=search_term_string\"}],\"inLanguage\":\"pt-BR\"},{\"@type\":\"Person\",\"@id\":\"https:\/\/www.manaus.am.gov.br\/semsa\/#\/schema\/person\/4eea2a8f78dc853097abb026f728aa06\",\"name\":\"Renata Felix\",\"image\":{\"@type\":\"ImageObject\",\"inLanguage\":\"pt-BR\",\"@id\":\"https:\/\/www.manaus.am.gov.br\/semsa\/#\/schema\/person\/image\/\",\"url\":\"https:\/\/secure.gravatar.com\/avatar\/3c196cf9d3b837b24c8edb2c50fd8f29?s=96&d=mm&r=g\",\"contentUrl\":\"https:\/\/secure.gravatar.com\/avatar\/3c196cf9d3b837b24c8edb2c50fd8f29?s=96&d=mm&r=g\",\"caption\":\"Renata Felix\"}}]}<\/script>\n<!-- \/ Yoast SEO plugin. -->","yoast_head_json":{"title":"Apoio e acompanhamento m\u00e9dico permitem conviver com doen\u00e7a cel\u00edaca, informa Prefeitura de Manaus - SEMSA","robots":{"index":"index","follow":"follow","max-snippet":"max-snippet:-1","max-image-preview":"max-image-preview:large","max-video-preview":"max-video-preview:-1"},"canonical":"https:\/\/www.manaus.am.gov.br\/semsa\/apoio-e-acompanhamento-medico-permitem-conviver-com-doenca-celiaca-informa-prefeitura-de-manaus\/","og_locale":"pt_BR","og_type":"article","og_title":"Apoio e acompanhamento m\u00e9dico permitem conviver com doen\u00e7a cel\u00edaca, informa Prefeitura de Manaus - SEMSA","og_url":"https:\/\/www.manaus.am.gov.br\/semsa\/apoio-e-acompanhamento-medico-permitem-conviver-com-doenca-celiaca-informa-prefeitura-de-manaus\/","og_site_name":"SEMSA","article_published_time":"2023-05-18T22:43:57+00:00","article_modified_time":"2023-05-18T22:43:58+00:00","og_image":[{"width":2560,"height":1920,"url":"https:\/\/www.manaus.am.gov.br\/semsa\/wp-content\/uploads\/sites\/8\/2023\/05\/Maio-18_Dia-Internacional-Celiaco-3-scaled.jpg","type":"image\/jpeg"}],"author":"Renata Felix","twitter_card":"summary_large_image","twitter_misc":{"Written by":"Renata Felix","Est. reading time":"6 minutos"},"schema":{"@context":"https:\/\/schema.org","@graph":[{"@type":"WebPage","@id":"https:\/\/www.manaus.am.gov.br\/semsa\/apoio-e-acompanhamento-medico-permitem-conviver-com-doenca-celiaca-informa-prefeitura-de-manaus\/","url":"https:\/\/www.manaus.am.gov.br\/semsa\/apoio-e-acompanhamento-medico-permitem-conviver-com-doenca-celiaca-informa-prefeitura-de-manaus\/","name":"Apoio e acompanhamento m\u00e9dico permitem conviver com doen\u00e7a cel\u00edaca, informa Prefeitura de Manaus - SEMSA","isPartOf":{"@id":"https:\/\/www.manaus.am.gov.br\/semsa\/#website"},"primaryImageOfPage":{"@id":"https:\/\/www.manaus.am.gov.br\/semsa\/apoio-e-acompanhamento-medico-permitem-conviver-com-doenca-celiaca-informa-prefeitura-de-manaus\/#primaryimage"},"image":{"@id":"https:\/\/www.manaus.am.gov.br\/semsa\/apoio-e-acompanhamento-medico-permitem-conviver-com-doenca-celiaca-informa-prefeitura-de-manaus\/#primaryimage"},"thumbnailUrl":"https:\/\/www.manaus.am.gov.br\/semsa\/wp-content\/uploads\/sites\/8\/2023\/05\/Maio-18_Dia-Internacional-Celiaco-3-scaled.jpg","datePublished":"2023-05-18T22:43:57+00:00","dateModified":"2023-05-18T22:43:58+00:00","author":{"@id":"https:\/\/www.manaus.am.gov.br\/semsa\/#\/schema\/person\/4eea2a8f78dc853097abb026f728aa06"},"inLanguage":"pt-BR","potentialAction":[{"@type":"ReadAction","target":["https:\/\/www.manaus.am.gov.br\/semsa\/apoio-e-acompanhamento-medico-permitem-conviver-com-doenca-celiaca-informa-prefeitura-de-manaus\/"]}]},{"@type":"ImageObject","inLanguage":"pt-BR","@id":"https:\/\/www.manaus.am.gov.br\/semsa\/apoio-e-acompanhamento-medico-permitem-conviver-com-doenca-celiaca-informa-prefeitura-de-manaus\/#primaryimage","url":"https:\/\/www.manaus.am.gov.br\/semsa\/wp-content\/uploads\/sites\/8\/2023\/05\/Maio-18_Dia-Internacional-Celiaco-3-scaled.jpg","contentUrl":"https:\/\/www.manaus.am.gov.br\/semsa\/wp-content\/uploads\/sites\/8\/2023\/05\/Maio-18_Dia-Internacional-Celiaco-3-scaled.jpg","width":2560,"height":1920},{"@type":"WebSite","@id":"https:\/\/www.manaus.am.gov.br\/semsa\/#website","url":"https:\/\/www.manaus.am.gov.br\/semsa\/","name":"SEMSA","description":"Secretaria Municipal de Sa\u00fade","alternateName":"Secretaria Municipal de Sa\u00fade","potentialAction":[{"@type":"SearchAction","target":{"@type":"EntryPoint","urlTemplate":"https:\/\/www.manaus.am.gov.br\/semsa\/?s={search_term_string}"},"query-input":"required name=search_term_string"}],"inLanguage":"pt-BR"},{"@type":"Person","@id":"https:\/\/www.manaus.am.gov.br\/semsa\/#\/schema\/person\/4eea2a8f78dc853097abb026f728aa06","name":"Renata Felix","image":{"@type":"ImageObject","inLanguage":"pt-BR","@id":"https:\/\/www.manaus.am.gov.br\/semsa\/#\/schema\/person\/image\/","url":"https:\/\/secure.gravatar.com\/avatar\/3c196cf9d3b837b24c8edb2c50fd8f29?s=96&d=mm&r=g","contentUrl":"https:\/\/secure.gravatar.com\/avatar\/3c196cf9d3b837b24c8edb2c50fd8f29?s=96&d=mm&r=g","caption":"Renata Felix"}}]}},"_links":{"self":[{"href":"https:\/\/www.manaus.am.gov.br\/semsa\/wp-json\/wp\/v2\/posts\/212175"}],"collection":[{"href":"https:\/\/www.manaus.am.gov.br\/semsa\/wp-json\/wp\/v2\/posts"}],"about":[{"href":"https:\/\/www.manaus.am.gov.br\/semsa\/wp-json\/wp\/v2\/types\/post"}],"author":[{"embeddable":true,"href":"https:\/\/www.manaus.am.gov.br\/semsa\/wp-json\/wp\/v2\/users\/31"}],"replies":[{"embeddable":true,"href":"https:\/\/www.manaus.am.gov.br\/semsa\/wp-json\/wp\/v2\/comments?post=212175"}],"version-history":[{"count":0,"href":"https:\/\/www.manaus.am.gov.br\/semsa\/wp-json\/wp\/v2\/posts\/212175\/revisions"}],"wp:featuredmedia":[{"embeddable":true,"href":"https:\/\/www.manaus.am.gov.br\/semsa\/wp-json\/wp\/v2\/media\/212176"}],"wp:attachment":[{"href":"https:\/\/www.manaus.am.gov.br\/semsa\/wp-json\/wp\/v2\/media?parent=212175"}],"wp:term":[{"taxonomy":"category","embeddable":true,"href":"https:\/\/www.manaus.am.gov.br\/semsa\/wp-json\/wp\/v2\/categories?post=212175"},{"taxonomy":"post_tag","embeddable":true,"href":"https:\/\/www.manaus.am.gov.br\/semsa\/wp-json\/wp\/v2\/tags?post=212175"}],"curies":[{"name":"wp","href":"https:\/\/api.w.org\/{rel}","templated":true}]}}