{"id":212172,"date":"2023-05-18T18:18:10","date_gmt":"2023-05-18T22:18:10","guid":{"rendered":"https:\/\/www.manaus.am.gov.br\/semsa\/prefeitura-realiza-ato-simbolico-de-combate-ao-abuso-e-a-exploracao-sexual-de-criancas-e-adolescentes\/"},"modified":"2023-05-18T18:18:31","modified_gmt":"2023-05-18T22:18:31","slug":"prefeitura-realiza-ato-simbolico-de-combate-ao-abuso-e-a-exploracao-sexual-de-criancas-e-adolescentes","status":"publish","type":"post","link":"https:\/\/www.manaus.am.gov.br\/semsa\/prefeitura-realiza-ato-simbolico-de-combate-ao-abuso-e-a-exploracao-sexual-de-criancas-e-adolescentes\/","title":{"rendered":"<strong>Prefeitura realiza ato simb\u00f3lico de combate ao abuso e \u00e0 explora\u00e7\u00e3o sexual de crian\u00e7as e adolescentes<\/strong>\u00a0"},"content":{"rendered":"\n<p>O Servi\u00e7o de Atendimento \u00e0s V\u00edtimas de Viol\u00eancia Sexual (Savvis), da Prefeitura de Manaus, que funciona na Maternidade Dr. Moura Tapaj\u00f3z (MMT), realizou na manh\u00e3 desta quinta-feira, 18\/5, Dia Nacional de Combate ao Abuso e \u00e0 Explora\u00e7\u00e3o Sexual de Crian\u00e7as e Adolescentes, um ato simb\u00f3lico na sede da unidade, de compromisso com a Campanha \u201cFa\u00e7a Bonito &#8211; Proteja nossas crian\u00e7as e adolescentes\u201d.<\/p>\n\n\n\n<p>Durante o evento, a adolescente Fernanda Lima Teixeira leu o poema \u201cN\u00e3o esque\u00e7am da Ana, do anjo, Aninha\u201d, de autoria do artista visual, fot\u00f3grafo, poeta e chargista Jousefe Oliveira. O poema, composto por 40 versos, fala sobre o caso da menina ind\u00edgena Ana Beatriz, de apenas cinco anos, que, em 23 de novembro de 2020, foi raptada enquanto dormia dentro de casa, abusada sexualmente e morta em Barreirinha, no interior do Amazonas, na comunidade Nova Vida, aldeia ind\u00edgena Sater\u00e9-Maw\u00e9.<\/p>\n\n\n\n<p>Na obra, o autor pede justi\u00e7a e &#8211; por meio de um texto sens\u00edvel, intenso e repleto de dor, revolta e indigna\u00e7\u00e3o &#8211; clama para que o crime n\u00e3o caia no esquecimento e para que os respons\u00e1veis n\u00e3o fiquem impunes.<\/p>\n\n\n\n<p>Estudo recente publicado pelo Instituto de Pesquisa Econ\u00f4mica Aplicada (Ipea) revelou que o n\u00famero estimado de casos de estupro no pa\u00eds por ano \u00e9 de 822 mil, o equivalente a dois por minuto. Desses, apenas 8,5% chegam ao conhecimento da pol\u00edcia e 4,2% s\u00e3o identificados pelo sistema de sa\u00fade. E, de acordo com o Sistema de Informa\u00e7\u00e3o de Agravos de Notifica\u00e7\u00e3o (Sinan), a maior quantidade de casos de estupros ocorre entre jovens, com o pico de idade aos 13 anos. Os principais agressores s\u00e3o parceiros e ex-parceiros, familiares, amigos, conhecidos e, em \u00faltimo lugar, os desconhecidos.<\/p>\n\n\n\n<p>A enfermeira obstetra e diretora da MMT, N\u00fabia Pereira da Cruz, destacou a luta constante da Secretaria Municipal de Sa\u00fade (Semsa), por meio da Moura Tapaj\u00f3z, no combate ao abuso e explora\u00e7\u00e3o sexual de crian\u00e7as e adolescentes.<\/p>\n\n\n\n<p>\u201cEste ano, chegamos ao 23\u00ba ano de mobiliza\u00e7\u00e3o do dia 18 de maio e, aqui na Moura, tamb\u00e9m abra\u00e7amos essa causa desde nossa inaugura\u00e7\u00e3o, em 2005, pois o Savvis foi inaugurado junto com a Moura e come\u00e7ou seus atendimentos j\u00e1 em janeiro de 2006. Ent\u00e3o, s\u00e3o 17 anos de luta, 17 anos de trabalho de informa\u00e7\u00e3o, de mobiliza\u00e7\u00e3o e de sensibiliza\u00e7\u00e3o\u201d, informou.<\/p>\n\n\n\n<p>Durante o evento, a m\u00e9dica e coordenadora do Savvis, Z\u00e9lia Campos, mostrou que, de janeiro de 2006 a maio de 2023, foram 12.649 pessoas atendidas na unidade do Savvis da Moura Tapaj\u00f3z. Dessas v\u00edtimas, 89% eram crian\u00e7as e adolescentes de 0 a 19 anos, das quais 22%, crian\u00e7as entre 0 e 6 anos.<\/p>\n\n\n\n<p>\u201cSabemos que uma em cada oito crian\u00e7as do mundo, cerca de 12,7%, j\u00e1 foi abusada sexualmente antes dos 18 anos. E, segundo a Unicef, uma em cada 20 meninas, entre 15 e 19 anos, teve rela\u00e7\u00f5es sexuais for\u00e7adas durante a sua vida. Ent\u00e3o, nossa luta \u00e9 para garantir que isso n\u00e3o aconte\u00e7a mais. Que toda crian\u00e7a e adolescente tenha o direito ao seu desenvolvimento de forma segura e protegida, livre do abuso e da explora\u00e7\u00e3o sexual\u201d, declarou Z\u00e9lia.<\/p>\n\n\n\n<p>Segundo a m\u00e9dica, \u00e9 necess\u00e1rio seguir alertando a popula\u00e7\u00e3o para situa\u00e7\u00f5es que, para alguns, seriam inimagin\u00e1veis, como, por exemplo, o fato de que a maior parte dos casos de viol\u00eancia sexual acontece dentro da pr\u00f3pria casa e que em praticamente 98% dos casos o agressor \u00e9 um familiar. \u201cTodos precisamos saber como identificar as situa\u00e7\u00f5es de abuso, saber o que fazer quando as identificamos, assim como tamb\u00e9m tudo o que n\u00e3o deve ser feito\u201d, destacou Z\u00e9lia Campos.<\/p>\n\n\n\n<p>No encerramento do evento, os presentes foram convidados a plantar dezenas de flores nos jardins da unidade. A flor \u00e9 s\u00edmbolo da campanha por ser uma lembran\u00e7a dos desenhos da primeira inf\u00e2ncia, e tamb\u00e9m por ser associada \u00e0 necessidade de cuidado e prote\u00e7\u00e3o para um desenvolvimento saud\u00e1vel. O slogan \u201cFa\u00e7a Bonito &#8211; Proteja nossas crian\u00e7as e adolescentes\u201d chama a sociedade para assumir a responsabilidade na prote\u00e7\u00e3o de crian\u00e7as e adolescentes das diversas viol\u00eancias sexuais.<\/p>\n\n\n\n<p>\u201cMinimizar os impactos dessas viol\u00eancias, que n\u00e3o acontecem apenas com meninas e mulheres, mas com homens tamb\u00e9m, apoiando campanhas como essa, \u00e9 um dos principais objetivos do nosso projeto\u201d, explicou a chefe do escrit\u00f3rio do Fundo de Popula\u00e7\u00e3o da Organiza\u00e7\u00e3o das Na\u00e7\u00f5es Unidas (UNFPA) em Manaus, D\u00e9bora Rodrigues.<\/p>\n\n\n\n<p>De acordo com ela, no pr\u00f3ximo m\u00eas, ser\u00e1 realizado curso on-line em parceria com a Funda\u00e7\u00e3o Oswaldo Cruz (Fiocruz), de Atualiza\u00e7\u00e3o em Manejo Cl\u00ednico da Viol\u00eancia Sexual. O curso foi elaborado por tr\u00eas profissionais da equipe multiprofissional, sendo uma delas a coordenadora do Savvis na MMT, Z\u00e9lia Campos.<\/p>\n\n\n\n<p>\u201cPara o sucesso dessa empreitada, contamos com o engajamento de todos os profissionais, de todas as secretarias. Ser\u00e3o mil vagas para os profissionais de Sa\u00fade, com \u00eanfase naqueles que trabalham com mulheres, na linha de frente, tendo contato com sobreviventes de viol\u00eancia sexual\u201d, revelou D\u00e9bora.<\/p>\n\n\n\n<p>Representando a secret\u00e1ria municipal de Sa\u00fade, Sh\u00e1dia Fraxe, a chefe da Divis\u00e3o de Aten\u00e7\u00e3o \u00e0 Sa\u00fade da Mulher da Secretaria Municipal de Sa\u00fade (Semsa), L\u00facia Marques de Freitas, destacou que o problema do abuso e da explora\u00e7\u00e3o sexual contra crian\u00e7as e adolescentes deve ser debatido todos os dias.<\/p>\n\n\n\n<p>\u201cO Savvis, al\u00e9m de fazer o acolhimento e atendimento em seu pr\u00f3prio servi\u00e7o, ainda sai e faz a parte da educa\u00e7\u00e3o extramuros durante todo o ano\u201d, observa L\u00facia. Ela acrescenta que o munic\u00edpio conta com o Programa Sa\u00fade na Escola e destaca a import\u00e2ncia da integra\u00e7\u00e3o entre Sa\u00fade e Educa\u00e7\u00e3o para fortalecer as informa\u00e7\u00f5es que visam proteger crian\u00e7as e adolescentes. \u201cTemos que lembrar desse tema, ficar atentos, observar as situa\u00e7\u00f5es \u00e0 nossa volta e trabalhar com a educa\u00e7\u00e3o\u201d.<\/p>\n\n\n\n<p>Al\u00e9m de t\u00e9cnicos e gestores da Semsa, participaram do evento a presidente da Sociedade Amazonense de Pediatria (Saped-AM), Adriana Taveira; a promotora da 27\u00aa Promotoria de Justi\u00e7a da Inf\u00e2ncia e Juventude do Minist\u00e9rio P\u00fablico do Estado do Amazonas, Romina Carmen Brito Carvalho; e o promotor titular da 69\u00aa Promotoria de Justi\u00e7a Especializada em Combate a Crimes Contra a Dignidade Sexual de Crian\u00e7as e Adolescentes do Minist\u00e9rio P\u00fablico do Estado do Amazonas, Rodrigo Miranda Le\u00e3o J\u00fanior.<\/p>\n\n\n\n<p><strong>18 de maio<\/strong><\/p>\n\n\n\n<p>Este \u00e9 o 23\u00ba ano de mobiliza\u00e7\u00e3o do 18 de maio \u2013 \u201cDia Nacional de Combate ao Abuso e \u00e0 Explora\u00e7\u00e3o Sexual de Crian\u00e7as e Adolescentes\u201d, institu\u00eddo pela Lei Federal 9.970\/00. Este ano tamb\u00e9m \u00e9 o marco dos 50 anos do assassinato da menina Araceli Crespo.<\/p>\n\n\n\n<p>Em 1973, aos 8 anos de idade, Araceli foi raptada, drogada, estuprada, morta e carbonizada, no Esp\u00edrito Santo. O corpo foi deixado desfigurado e em avan\u00e7ado estado de decomposi\u00e7\u00e3o pr\u00f3ximo a uma mata, em Vit\u00f3ria, dias depois de desaparecer. Em 2000, o dia do desaparecimento de Araceli passou a marcar um lembrete para que a sociedade se atente \u00e0 viol\u00eancia contra as crian\u00e7as, sendo institu\u00eddo como o Dia Nacional de Combate ao Abuso e \u00e0 Explora\u00e7\u00e3o Sexual de Crian\u00e7as e Adolescentes.<\/p>\n\n\n\n<p>\u201c\u00c9 fundamental a ampla ades\u00e3o da sociedade, de munic\u00edpios, redes estaduais, organiza\u00e7\u00f5es n\u00e3o governamentais e setor privado na mobiliza\u00e7\u00e3o em torno do dia 18 de maio, divulgando o s\u00edmbolo da campanha e a chamada \u2018Fa\u00e7a Bonito&#8217;. Proteja nossas crian\u00e7as e adolescentes\u2019, ressaltou Z\u00e9lia Campos.<\/p>\n\n\n\n<p><strong>Savvis<\/strong><\/p>\n\n\n\n<p>A rede de servi\u00e7os do Savvis, da Prefeitura de Manaus, funciona na Maternidade Dr. Moura Tapaj\u00f3z, na avenida Brasil, n\u00ba 1.335, bairro Compensa, zona Oeste, e atende casos agudos e cr\u00f4nicos de viol\u00eancia sexual em regime de plant\u00e3o, 24 horas por dia, sete dias por semana.<\/p>\n\n\n\n<p>O servi\u00e7o \u00e9 formado por uma equipe multiprofissional (m\u00e9dico, enfermeiro, psic\u00f3logo e assistente social) especialmente preparada para o atendimento priorit\u00e1rio e reservado, inclusive com leitos espec\u00edficos em enfermaria em casos de interna\u00e7\u00e3o.<\/p>\n\n\n\n<p>A orienta\u00e7\u00e3o \u00e9 de que o atendimento para casos agudos ocorra em at\u00e9 72 horas do fato ocorrido. O servi\u00e7o, no entanto, tamb\u00e9m acolhe v\u00edtimas que estejam fora desse per\u00edodo.&nbsp;<\/p>\n\n\n\n<p>&#8212; &#8212; &#8212;<\/p>\n\n\n\n<p><strong>Texto &#8211;<\/strong>&nbsp;Marcella Normando \/ Semsa<\/p>\n\n\n\n<p><strong>Fotos &#8211;<\/strong>&nbsp;Graziela Praia \/ Semsa&nbsp;<\/p>\n\n\n\n<p><strong>Dispon\u00edveis em \u2013 <\/strong><a href=\"https:\/\/flic.kr\/s\/aHBqjAEgHb\">https:\/\/flic.kr\/s\/aHBqjAEgHb<\/a>\u00a0<\/p>\n\n\n\n<p><\/p>\n","protected":false},"excerpt":{"rendered":"","protected":false},"author":39,"featured_media":212173,"comment_status":"closed","ping_status":"closed","sticky":false,"template":"","format":"standard","meta":{"footnotes":""},"categories":[16],"tags":[868,869,870,871,54,28,872],"acf":[],"yoast_head":"<!-- This site is optimized with the Yoast SEO plugin v23.0 - https:\/\/yoast.com\/wordpress\/plugins\/seo\/ -->\n<title>Prefeitura realiza ato simb\u00f3lico de combate ao abuso e \u00e0 explora\u00e7\u00e3o sexual de crian\u00e7as e adolescentes<\/title>\n<meta name=\"description\" content=\"O Servi\u00e7o de Atendimento \u00e0s V\u00edtimas de Viol\u00eancia Sexual (Savvis), da Prefeitura de Manaus, que funciona na Maternidade Dr. Moura Tapaj\u00f3z (MMT), realizou na manh\u00e3 desta quinta-feira, 18\/5, Dia Nacional de Combate ao Abuso e \u00e0 Explora\u00e7\u00e3o Sexual de Crian\u00e7as e Adolescentes, um ato simb\u00f3lico na sede da unidade, de compromisso com a Campanha \u201cFa\u00e7a Bonito - Proteja nossas crian\u00e7as e adolescentes\u201d.\" \/>\n<meta name=\"robots\" content=\"index, follow, max-snippet:-1, max-image-preview:large, max-video-preview:-1\" \/>\n<link rel=\"canonical\" href=\"https:\/\/www.manaus.am.gov.br\/semsa\/prefeitura-realiza-ato-simbolico-de-combate-ao-abuso-e-a-exploracao-sexual-de-criancas-e-adolescentes\/\" \/>\n<meta property=\"og:locale\" content=\"pt_BR\" \/>\n<meta property=\"og:type\" content=\"article\" \/>\n<meta property=\"og:title\" content=\"Prefeitura realiza ato simb\u00f3lico de combate ao abuso e \u00e0 explora\u00e7\u00e3o sexual de crian\u00e7as e adolescentes\" \/>\n<meta property=\"og:description\" content=\"O Servi\u00e7o de Atendimento \u00e0s V\u00edtimas de Viol\u00eancia Sexual (Savvis), da Prefeitura de Manaus, que funciona na Maternidade Dr. Moura Tapaj\u00f3z (MMT), realizou na manh\u00e3 desta quinta-feira, 18\/5, Dia Nacional de Combate ao Abuso e \u00e0 Explora\u00e7\u00e3o Sexual de Crian\u00e7as e Adolescentes, um ato simb\u00f3lico na sede da unidade, de compromisso com a Campanha \u201cFa\u00e7a Bonito - Proteja nossas crian\u00e7as e adolescentes\u201d.\" \/>\n<meta property=\"og:url\" content=\"https:\/\/www.manaus.am.gov.br\/semsa\/prefeitura-realiza-ato-simbolico-de-combate-ao-abuso-e-a-exploracao-sexual-de-criancas-e-adolescentes\/\" \/>\n<meta property=\"og:site_name\" content=\"SEMSA\" \/>\n<meta property=\"article:published_time\" content=\"2023-05-18T22:18:10+00:00\" \/>\n<meta property=\"article:modified_time\" content=\"2023-05-18T22:18:31+00:00\" \/>\n<meta property=\"og:image\" content=\"https:\/\/www.manaus.am.gov.br\/semsa\/wp-content\/uploads\/sites\/8\/2023\/05\/IMG_2822-scaled.jpg\" \/>\n\t<meta property=\"og:image:width\" content=\"2560\" \/>\n\t<meta property=\"og:image:height\" content=\"1707\" \/>\n\t<meta property=\"og:image:type\" content=\"image\/jpeg\" \/>\n<meta name=\"author\" content=\"Bruna Greco\" \/>\n<meta name=\"twitter:card\" content=\"summary_large_image\" \/>\n<meta name=\"twitter:label1\" content=\"Written by\" \/>\n\t<meta name=\"twitter:data1\" content=\"Bruna Greco\" \/>\n\t<meta name=\"twitter:label2\" content=\"Est. reading time\" \/>\n\t<meta name=\"twitter:data2\" content=\"8 minutos\" \/>\n<script type=\"application\/ld+json\" class=\"yoast-schema-graph\">{\"@context\":\"https:\/\/schema.org\",\"@graph\":[{\"@type\":\"WebPage\",\"@id\":\"https:\/\/www.manaus.am.gov.br\/semsa\/prefeitura-realiza-ato-simbolico-de-combate-ao-abuso-e-a-exploracao-sexual-de-criancas-e-adolescentes\/\",\"url\":\"https:\/\/www.manaus.am.gov.br\/semsa\/prefeitura-realiza-ato-simbolico-de-combate-ao-abuso-e-a-exploracao-sexual-de-criancas-e-adolescentes\/\",\"name\":\"Prefeitura realiza ato simb\u00f3lico de combate ao abuso e \u00e0 explora\u00e7\u00e3o sexual de crian\u00e7as e adolescentes\",\"isPartOf\":{\"@id\":\"https:\/\/www.manaus.am.gov.br\/semsa\/#website\"},\"primaryImageOfPage\":{\"@id\":\"https:\/\/www.manaus.am.gov.br\/semsa\/prefeitura-realiza-ato-simbolico-de-combate-ao-abuso-e-a-exploracao-sexual-de-criancas-e-adolescentes\/#primaryimage\"},\"image\":{\"@id\":\"https:\/\/www.manaus.am.gov.br\/semsa\/prefeitura-realiza-ato-simbolico-de-combate-ao-abuso-e-a-exploracao-sexual-de-criancas-e-adolescentes\/#primaryimage\"},\"thumbnailUrl\":\"https:\/\/www.manaus.am.gov.br\/semsa\/wp-content\/uploads\/sites\/8\/2023\/05\/IMG_2822-scaled.jpg\",\"datePublished\":\"2023-05-18T22:18:10+00:00\",\"dateModified\":\"2023-05-18T22:18:31+00:00\",\"author\":{\"@id\":\"https:\/\/www.manaus.am.gov.br\/semsa\/#\/schema\/person\/05d223aea2bf115f9883a6ff3683d81b\"},\"description\":\"O Servi\u00e7o de Atendimento \u00e0s V\u00edtimas de Viol\u00eancia Sexual (Savvis), da Prefeitura de Manaus, que funciona na Maternidade Dr. Moura Tapaj\u00f3z (MMT), realizou na manh\u00e3 desta quinta-feira, 18\/5, Dia Nacional de Combate ao Abuso e \u00e0 Explora\u00e7\u00e3o Sexual de Crian\u00e7as e Adolescentes, um ato simb\u00f3lico na sede da unidade, de compromisso com a Campanha \u201cFa\u00e7a Bonito - Proteja nossas crian\u00e7as e adolescentes\u201d.\",\"inLanguage\":\"pt-BR\",\"potentialAction\":[{\"@type\":\"ReadAction\",\"target\":[\"https:\/\/www.manaus.am.gov.br\/semsa\/prefeitura-realiza-ato-simbolico-de-combate-ao-abuso-e-a-exploracao-sexual-de-criancas-e-adolescentes\/\"]}]},{\"@type\":\"ImageObject\",\"inLanguage\":\"pt-BR\",\"@id\":\"https:\/\/www.manaus.am.gov.br\/semsa\/prefeitura-realiza-ato-simbolico-de-combate-ao-abuso-e-a-exploracao-sexual-de-criancas-e-adolescentes\/#primaryimage\",\"url\":\"https:\/\/www.manaus.am.gov.br\/semsa\/wp-content\/uploads\/sites\/8\/2023\/05\/IMG_2822-scaled.jpg\",\"contentUrl\":\"https:\/\/www.manaus.am.gov.br\/semsa\/wp-content\/uploads\/sites\/8\/2023\/05\/IMG_2822-scaled.jpg\",\"width\":2560,\"height\":1707},{\"@type\":\"WebSite\",\"@id\":\"https:\/\/www.manaus.am.gov.br\/semsa\/#website\",\"url\":\"https:\/\/www.manaus.am.gov.br\/semsa\/\",\"name\":\"SEMSA\",\"description\":\"Secretaria Municipal de Sa\u00fade\",\"alternateName\":\"Secretaria Municipal de Sa\u00fade\",\"potentialAction\":[{\"@type\":\"SearchAction\",\"target\":{\"@type\":\"EntryPoint\",\"urlTemplate\":\"https:\/\/www.manaus.am.gov.br\/semsa\/?s={search_term_string}\"},\"query-input\":\"required name=search_term_string\"}],\"inLanguage\":\"pt-BR\"},{\"@type\":\"Person\",\"@id\":\"https:\/\/www.manaus.am.gov.br\/semsa\/#\/schema\/person\/05d223aea2bf115f9883a6ff3683d81b\",\"name\":\"Bruna Greco\",\"image\":{\"@type\":\"ImageObject\",\"inLanguage\":\"pt-BR\",\"@id\":\"https:\/\/www.manaus.am.gov.br\/semsa\/#\/schema\/person\/image\/\",\"url\":\"https:\/\/secure.gravatar.com\/avatar\/9c877d1a6adc2a055330e5c09a8653ce?s=96&d=mm&r=g\",\"contentUrl\":\"https:\/\/secure.gravatar.com\/avatar\/9c877d1a6adc2a055330e5c09a8653ce?s=96&d=mm&r=g\",\"caption\":\"Bruna Greco\"}}]}<\/script>\n<!-- \/ Yoast SEO plugin. -->","yoast_head_json":{"title":"Prefeitura realiza ato simb\u00f3lico de combate ao abuso e \u00e0 explora\u00e7\u00e3o sexual de crian\u00e7as e adolescentes","description":"O Servi\u00e7o de Atendimento \u00e0s V\u00edtimas de Viol\u00eancia Sexual (Savvis), da Prefeitura de Manaus, que funciona na Maternidade Dr. Moura Tapaj\u00f3z (MMT), realizou na manh\u00e3 desta quinta-feira, 18\/5, Dia Nacional de Combate ao Abuso e \u00e0 Explora\u00e7\u00e3o Sexual de Crian\u00e7as e Adolescentes, um ato simb\u00f3lico na sede da unidade, de compromisso com a Campanha \u201cFa\u00e7a Bonito - Proteja nossas crian\u00e7as e adolescentes\u201d.","robots":{"index":"index","follow":"follow","max-snippet":"max-snippet:-1","max-image-preview":"max-image-preview:large","max-video-preview":"max-video-preview:-1"},"canonical":"https:\/\/www.manaus.am.gov.br\/semsa\/prefeitura-realiza-ato-simbolico-de-combate-ao-abuso-e-a-exploracao-sexual-de-criancas-e-adolescentes\/","og_locale":"pt_BR","og_type":"article","og_title":"Prefeitura realiza ato simb\u00f3lico de combate ao abuso e \u00e0 explora\u00e7\u00e3o sexual de crian\u00e7as e adolescentes","og_description":"O Servi\u00e7o de Atendimento \u00e0s V\u00edtimas de Viol\u00eancia Sexual (Savvis), da Prefeitura de Manaus, que funciona na Maternidade Dr. Moura Tapaj\u00f3z (MMT), realizou na manh\u00e3 desta quinta-feira, 18\/5, Dia Nacional de Combate ao Abuso e \u00e0 Explora\u00e7\u00e3o Sexual de Crian\u00e7as e Adolescentes, um ato simb\u00f3lico na sede da unidade, de compromisso com a Campanha \u201cFa\u00e7a Bonito - Proteja nossas crian\u00e7as e adolescentes\u201d.","og_url":"https:\/\/www.manaus.am.gov.br\/semsa\/prefeitura-realiza-ato-simbolico-de-combate-ao-abuso-e-a-exploracao-sexual-de-criancas-e-adolescentes\/","og_site_name":"SEMSA","article_published_time":"2023-05-18T22:18:10+00:00","article_modified_time":"2023-05-18T22:18:31+00:00","og_image":[{"width":2560,"height":1707,"url":"https:\/\/www.manaus.am.gov.br\/semsa\/wp-content\/uploads\/sites\/8\/2023\/05\/IMG_2822-scaled.jpg","type":"image\/jpeg"}],"author":"Bruna Greco","twitter_card":"summary_large_image","twitter_misc":{"Written by":"Bruna Greco","Est. reading time":"8 minutos"},"schema":{"@context":"https:\/\/schema.org","@graph":[{"@type":"WebPage","@id":"https:\/\/www.manaus.am.gov.br\/semsa\/prefeitura-realiza-ato-simbolico-de-combate-ao-abuso-e-a-exploracao-sexual-de-criancas-e-adolescentes\/","url":"https:\/\/www.manaus.am.gov.br\/semsa\/prefeitura-realiza-ato-simbolico-de-combate-ao-abuso-e-a-exploracao-sexual-de-criancas-e-adolescentes\/","name":"Prefeitura realiza ato simb\u00f3lico de combate ao abuso e \u00e0 explora\u00e7\u00e3o sexual de crian\u00e7as e adolescentes","isPartOf":{"@id":"https:\/\/www.manaus.am.gov.br\/semsa\/#website"},"primaryImageOfPage":{"@id":"https:\/\/www.manaus.am.gov.br\/semsa\/prefeitura-realiza-ato-simbolico-de-combate-ao-abuso-e-a-exploracao-sexual-de-criancas-e-adolescentes\/#primaryimage"},"image":{"@id":"https:\/\/www.manaus.am.gov.br\/semsa\/prefeitura-realiza-ato-simbolico-de-combate-ao-abuso-e-a-exploracao-sexual-de-criancas-e-adolescentes\/#primaryimage"},"thumbnailUrl":"https:\/\/www.manaus.am.gov.br\/semsa\/wp-content\/uploads\/sites\/8\/2023\/05\/IMG_2822-scaled.jpg","datePublished":"2023-05-18T22:18:10+00:00","dateModified":"2023-05-18T22:18:31+00:00","author":{"@id":"https:\/\/www.manaus.am.gov.br\/semsa\/#\/schema\/person\/05d223aea2bf115f9883a6ff3683d81b"},"description":"O Servi\u00e7o de Atendimento \u00e0s V\u00edtimas de Viol\u00eancia Sexual (Savvis), da Prefeitura de Manaus, que funciona na Maternidade Dr. Moura Tapaj\u00f3z (MMT), realizou na manh\u00e3 desta quinta-feira, 18\/5, Dia Nacional de Combate ao Abuso e \u00e0 Explora\u00e7\u00e3o Sexual de Crian\u00e7as e Adolescentes, um ato simb\u00f3lico na sede da unidade, de compromisso com a Campanha \u201cFa\u00e7a Bonito - Proteja nossas crian\u00e7as e adolescentes\u201d.","inLanguage":"pt-BR","potentialAction":[{"@type":"ReadAction","target":["https:\/\/www.manaus.am.gov.br\/semsa\/prefeitura-realiza-ato-simbolico-de-combate-ao-abuso-e-a-exploracao-sexual-de-criancas-e-adolescentes\/"]}]},{"@type":"ImageObject","inLanguage":"pt-BR","@id":"https:\/\/www.manaus.am.gov.br\/semsa\/prefeitura-realiza-ato-simbolico-de-combate-ao-abuso-e-a-exploracao-sexual-de-criancas-e-adolescentes\/#primaryimage","url":"https:\/\/www.manaus.am.gov.br\/semsa\/wp-content\/uploads\/sites\/8\/2023\/05\/IMG_2822-scaled.jpg","contentUrl":"https:\/\/www.manaus.am.gov.br\/semsa\/wp-content\/uploads\/sites\/8\/2023\/05\/IMG_2822-scaled.jpg","width":2560,"height":1707},{"@type":"WebSite","@id":"https:\/\/www.manaus.am.gov.br\/semsa\/#website","url":"https:\/\/www.manaus.am.gov.br\/semsa\/","name":"SEMSA","description":"Secretaria Municipal de Sa\u00fade","alternateName":"Secretaria Municipal de Sa\u00fade","potentialAction":[{"@type":"SearchAction","target":{"@type":"EntryPoint","urlTemplate":"https:\/\/www.manaus.am.gov.br\/semsa\/?s={search_term_string}"},"query-input":"required name=search_term_string"}],"inLanguage":"pt-BR"},{"@type":"Person","@id":"https:\/\/www.manaus.am.gov.br\/semsa\/#\/schema\/person\/05d223aea2bf115f9883a6ff3683d81b","name":"Bruna Greco","image":{"@type":"ImageObject","inLanguage":"pt-BR","@id":"https:\/\/www.manaus.am.gov.br\/semsa\/#\/schema\/person\/image\/","url":"https:\/\/secure.gravatar.com\/avatar\/9c877d1a6adc2a055330e5c09a8653ce?s=96&d=mm&r=g","contentUrl":"https:\/\/secure.gravatar.com\/avatar\/9c877d1a6adc2a055330e5c09a8653ce?s=96&d=mm&r=g","caption":"Bruna Greco"}}]}},"_links":{"self":[{"href":"https:\/\/www.manaus.am.gov.br\/semsa\/wp-json\/wp\/v2\/posts\/212172"}],"collection":[{"href":"https:\/\/www.manaus.am.gov.br\/semsa\/wp-json\/wp\/v2\/posts"}],"about":[{"href":"https:\/\/www.manaus.am.gov.br\/semsa\/wp-json\/wp\/v2\/types\/post"}],"author":[{"embeddable":true,"href":"https:\/\/www.manaus.am.gov.br\/semsa\/wp-json\/wp\/v2\/users\/39"}],"replies":[{"embeddable":true,"href":"https:\/\/www.manaus.am.gov.br\/semsa\/wp-json\/wp\/v2\/comments?post=212172"}],"version-history":[{"count":1,"href":"https:\/\/www.manaus.am.gov.br\/semsa\/wp-json\/wp\/v2\/posts\/212172\/revisions"}],"predecessor-version":[{"id":212174,"href":"https:\/\/www.manaus.am.gov.br\/semsa\/wp-json\/wp\/v2\/posts\/212172\/revisions\/212174"}],"wp:featuredmedia":[{"embeddable":true,"href":"https:\/\/www.manaus.am.gov.br\/semsa\/wp-json\/wp\/v2\/media\/212173"}],"wp:attachment":[{"href":"https:\/\/www.manaus.am.gov.br\/semsa\/wp-json\/wp\/v2\/media?parent=212172"}],"wp:term":[{"taxonomy":"category","embeddable":true,"href":"https:\/\/www.manaus.am.gov.br\/semsa\/wp-json\/wp\/v2\/categories?post=212172"},{"taxonomy":"post_tag","embeddable":true,"href":"https:\/\/www.manaus.am.gov.br\/semsa\/wp-json\/wp\/v2\/tags?post=212172"}],"curies":[{"name":"wp","href":"https:\/\/api.w.org\/{rel}","templated":true}]}}