{"id":212123,"date":"2021-11-12T16:28:09","date_gmt":"2021-11-12T20:28:09","guid":{"rendered":"https:\/\/www.manaus.am.gov.br\/semsa\/prefeitura-realiza-acoes-do-novembro-azul-na-sede-da-semad\/"},"modified":"2023-05-15T09:52:46","modified_gmt":"2023-05-15T13:52:46","slug":"prefeitura-realiza-acoes-do-novembro-azul-na-sede-da-semad","status":"publish","type":"post","link":"https:\/\/www.manaus.am.gov.br\/semsa\/prefeitura-realiza-acoes-do-novembro-azul-na-sede-da-semad\/","title":{"rendered":"Prefeitura realiza a\u00e7\u00f5es do Novembro Azul na sede da Semad"},"content":{"rendered":"\n<p>A <a href=\"https:\/\/www.manaus.am.gov.br\">Prefeitura de Manaus<\/a>, por meio do Servi\u00e7o de Assist\u00eancia \u00e0 Sa\u00fade dos Servidores P\u00fablicos do Munic\u00edpio de Manaus (Manausmed), encerrou, nesta sexta-feira, 12\/11, a campanha alusiva ao Novembro Azul, m\u00eas de conscientiza\u00e7\u00e3o e preven\u00e7\u00e3o ao c\u00e2ncer de pr\u00f3stata. As a\u00e7\u00f5es foram realizadas ao longo da semana, na sede da de Administra\u00e7\u00e3o, Planejamento e Gest\u00e3o (Semad), localizada na Vila da Prata, zona Oeste.<\/p>\n\n\n\n<p>A campanha contou com exames laboratoriais e de imagem, consultas m\u00e9dicas com o urologista credenciado, o m\u00e9dico Eclair Filho, do Hospital Santo Alberto, al\u00e9m de vacina\u00e7\u00e3o contra H1N1, teste de glicemia, aferi\u00e7\u00e3o de temperatura e teste r\u00e1pido de s\u00edfilis, HIV e hepatites B e C, realizado em parceria com a Secretaria Municipal de Sa\u00fade (Semsa).<\/p>\n\n\n\n<p>No encerramento da campanha, os servidores participaram de uma palestra com o enfermeiro da Semsa, Willis Paz, com o tema \u201cSa\u00fade do Homem, Promo\u00e7\u00e3o e Preven\u00e7\u00e3o\u201d, realizada no audit\u00f3rio da Casa Militar, Compensa.<\/p>\n\n\n\n<p>Para o servidor do Manausmed, Daniel Fernandes, a a\u00e7\u00e3o foi extremamente necess\u00e1ria para os servidores do \u00f3rg\u00e3o. \u201cCampanhas como essa nos estimulam a realizar o autocuidado, pois nem sempre temos tempo para fazer uma consulta ou exame, ou at\u00e9 mesmo participar de uma palestra sobre o tema. Infelizmente, ainda h\u00e1 muito tabu sobre esse assunto, mas \u00e9 importante priorizarmos a nossa sa\u00fade\u201d, destaca.<\/p>\n\n\n\n<p>De acordo com o subsecret\u00e1rio do Manausmed, C\u00e9sar Marques, a\u00e7\u00f5es como essa fortalecem o autocuidado. \u201cO Manausmed tem como projeto levar essas a\u00e7\u00f5es para outras secretarias da estrutura municipal com o incentivo do homem se cuidar, pois \u00e9 somente por meio da preven\u00e7\u00e3o que \u00e9 poss\u00edvel identificar uma doen\u00e7a e iniciar o tratamento necess\u00e1rio\u201d, informa.<\/p>\n\n\n\n<p>No total foram realizados mais de 280 exames e mais de 20 consultas com os servidores da estrutura administrativa.<\/p>\n\n\n\n<p>&#8212; &#8212; &#8212;<\/p>\n\n\n\n<p><strong>Texto<\/strong> \u2013 Divulga\u00e7\u00e3o \/ Semad<\/p>\n\n\n\n<p><strong>Foto<\/strong>&nbsp;\u2013 Arquivo \/ Semad<\/p>\n\n\n\n<p>&nbsp;<\/p>\n","protected":false},"excerpt":{"rendered":"","protected":false},"author":8,"featured_media":212124,"comment_status":"closed","ping_status":"closed","sticky":false,"template":"","format":"standard","meta":{"footnotes":""},"categories":[56],"tags":[834,835,836,837],"acf":[],"yoast_head":"<!-- This site is optimized with the Yoast SEO plugin v23.0 - https:\/\/yoast.com\/wordpress\/plugins\/seo\/ -->\n<title>Prefeitura realiza a\u00e7\u00f5es do Novembro Azul na sede da Semad<\/title>\n<meta name=\"description\" content=\"Prefeitura realiza a\u00e7\u00f5es do Novembro Azul na sede da Semad, com exames laboratoriais e de imagem, consultas m\u00e9dicas, vacina\u00e7\u00e3o contra H1N1...\" \/>\n<meta name=\"robots\" content=\"index, follow, max-snippet:-1, max-image-preview:large, max-video-preview:-1\" \/>\n<link rel=\"canonical\" href=\"https:\/\/www.manaus.am.gov.br\/semsa\/prefeitura-realiza-acoes-do-novembro-azul-na-sede-da-semad\/\" \/>\n<meta property=\"og:locale\" content=\"pt_BR\" \/>\n<meta property=\"og:type\" content=\"article\" \/>\n<meta property=\"og:title\" content=\"Prefeitura realiza a\u00e7\u00f5es do Novembro Azul na sede da Semad\" \/>\n<meta property=\"og:description\" content=\"Prefeitura realiza a\u00e7\u00f5es do Novembro Azul na sede da Semad, com exames laboratoriais e de imagem, consultas m\u00e9dicas, vacina\u00e7\u00e3o contra H1N1...\" \/>\n<meta property=\"og:url\" content=\"https:\/\/www.manaus.am.gov.br\/semsa\/prefeitura-realiza-acoes-do-novembro-azul-na-sede-da-semad\/\" \/>\n<meta property=\"og:site_name\" content=\"SEMSA\" \/>\n<meta property=\"article:published_time\" content=\"2021-11-12T20:28:09+00:00\" \/>\n<meta property=\"article:modified_time\" content=\"2023-05-15T13:52:46+00:00\" \/>\n<meta property=\"og:image\" content=\"https:\/\/www.manaus.am.gov.br\/semsa\/wp-content\/uploads\/sites\/8\/2023\/05\/Prefeitura-realiza-acoes-do-Novembro-Azul-na-sede-da-Semad.jpg\" \/>\n\t<meta property=\"og:image:width\" content=\"720\" \/>\n\t<meta property=\"og:image:height\" content=\"480\" \/>\n\t<meta property=\"og:image:type\" content=\"image\/jpeg\" \/>\n<meta name=\"author\" content=\"Glauber Farias\" \/>\n<meta name=\"twitter:card\" content=\"summary_large_image\" \/>\n<meta name=\"twitter:label1\" content=\"Written by\" \/>\n\t<meta name=\"twitter:data1\" content=\"Glauber Farias\" \/>\n\t<meta name=\"twitter:label2\" content=\"Est. reading time\" \/>\n\t<meta name=\"twitter:data2\" content=\"2 minutos\" \/>\n<script type=\"application\/ld+json\" class=\"yoast-schema-graph\">{\"@context\":\"https:\/\/schema.org\",\"@graph\":[{\"@type\":\"WebPage\",\"@id\":\"https:\/\/www.manaus.am.gov.br\/semsa\/prefeitura-realiza-acoes-do-novembro-azul-na-sede-da-semad\/\",\"url\":\"https:\/\/www.manaus.am.gov.br\/semsa\/prefeitura-realiza-acoes-do-novembro-azul-na-sede-da-semad\/\",\"name\":\"Prefeitura realiza a\u00e7\u00f5es do Novembro Azul na sede da Semad\",\"isPartOf\":{\"@id\":\"https:\/\/www.manaus.am.gov.br\/semsa\/#website\"},\"primaryImageOfPage\":{\"@id\":\"https:\/\/www.manaus.am.gov.br\/semsa\/prefeitura-realiza-acoes-do-novembro-azul-na-sede-da-semad\/#primaryimage\"},\"image\":{\"@id\":\"https:\/\/www.manaus.am.gov.br\/semsa\/prefeitura-realiza-acoes-do-novembro-azul-na-sede-da-semad\/#primaryimage\"},\"thumbnailUrl\":\"https:\/\/www.manaus.am.gov.br\/semsa\/wp-content\/uploads\/sites\/8\/2023\/05\/Prefeitura-realiza-acoes-do-Novembro-Azul-na-sede-da-Semad.jpg\",\"datePublished\":\"2021-11-12T20:28:09+00:00\",\"dateModified\":\"2023-05-15T13:52:46+00:00\",\"author\":{\"@id\":\"https:\/\/www.manaus.am.gov.br\/semsa\/#\/schema\/person\/fe69d2249d78e7a3112d42bc34c44a58\"},\"description\":\"Prefeitura realiza a\u00e7\u00f5es do Novembro Azul na sede da Semad, com exames laboratoriais e de imagem, consultas m\u00e9dicas, vacina\u00e7\u00e3o contra H1N1...\",\"inLanguage\":\"pt-BR\",\"potentialAction\":[{\"@type\":\"ReadAction\",\"target\":[\"https:\/\/www.manaus.am.gov.br\/semsa\/prefeitura-realiza-acoes-do-novembro-azul-na-sede-da-semad\/\"]}]},{\"@type\":\"ImageObject\",\"inLanguage\":\"pt-BR\",\"@id\":\"https:\/\/www.manaus.am.gov.br\/semsa\/prefeitura-realiza-acoes-do-novembro-azul-na-sede-da-semad\/#primaryimage\",\"url\":\"https:\/\/www.manaus.am.gov.br\/semsa\/wp-content\/uploads\/sites\/8\/2023\/05\/Prefeitura-realiza-acoes-do-Novembro-Azul-na-sede-da-Semad.jpg\",\"contentUrl\":\"https:\/\/www.manaus.am.gov.br\/semsa\/wp-content\/uploads\/sites\/8\/2023\/05\/Prefeitura-realiza-acoes-do-Novembro-Azul-na-sede-da-Semad.jpg\",\"width\":720,\"height\":480,\"caption\":\"Prefeitura realiza a\u00e7\u00f5es do Novembro Azul na sede da Semad\"},{\"@type\":\"WebSite\",\"@id\":\"https:\/\/www.manaus.am.gov.br\/semsa\/#website\",\"url\":\"https:\/\/www.manaus.am.gov.br\/semsa\/\",\"name\":\"SEMSA\",\"description\":\"Secretaria Municipal de Sa\u00fade\",\"alternateName\":\"Secretaria Municipal de Sa\u00fade\",\"potentialAction\":[{\"@type\":\"SearchAction\",\"target\":{\"@type\":\"EntryPoint\",\"urlTemplate\":\"https:\/\/www.manaus.am.gov.br\/semsa\/?s={search_term_string}\"},\"query-input\":\"required name=search_term_string\"}],\"inLanguage\":\"pt-BR\"},{\"@type\":\"Person\",\"@id\":\"https:\/\/www.manaus.am.gov.br\/semsa\/#\/schema\/person\/fe69d2249d78e7a3112d42bc34c44a58\",\"name\":\"Glauber Farias\",\"image\":{\"@type\":\"ImageObject\",\"inLanguage\":\"pt-BR\",\"@id\":\"https:\/\/www.manaus.am.gov.br\/semsa\/#\/schema\/person\/image\/\",\"url\":\"https:\/\/secure.gravatar.com\/avatar\/eb33200ffd19538372f635b2165531c0?s=96&d=mm&r=g\",\"contentUrl\":\"https:\/\/secure.gravatar.com\/avatar\/eb33200ffd19538372f635b2165531c0?s=96&d=mm&r=g\",\"caption\":\"Glauber Farias\"}}]}<\/script>\n<!-- \/ Yoast SEO plugin. -->","yoast_head_json":{"title":"Prefeitura realiza a\u00e7\u00f5es do Novembro Azul na sede da Semad","description":"Prefeitura realiza a\u00e7\u00f5es do Novembro Azul na sede da Semad, com exames laboratoriais e de imagem, consultas m\u00e9dicas, vacina\u00e7\u00e3o contra H1N1...","robots":{"index":"index","follow":"follow","max-snippet":"max-snippet:-1","max-image-preview":"max-image-preview:large","max-video-preview":"max-video-preview:-1"},"canonical":"https:\/\/www.manaus.am.gov.br\/semsa\/prefeitura-realiza-acoes-do-novembro-azul-na-sede-da-semad\/","og_locale":"pt_BR","og_type":"article","og_title":"Prefeitura realiza a\u00e7\u00f5es do Novembro Azul na sede da Semad","og_description":"Prefeitura realiza a\u00e7\u00f5es do Novembro Azul na sede da Semad, com exames laboratoriais e de imagem, consultas m\u00e9dicas, vacina\u00e7\u00e3o contra H1N1...","og_url":"https:\/\/www.manaus.am.gov.br\/semsa\/prefeitura-realiza-acoes-do-novembro-azul-na-sede-da-semad\/","og_site_name":"SEMSA","article_published_time":"2021-11-12T20:28:09+00:00","article_modified_time":"2023-05-15T13:52:46+00:00","og_image":[{"width":720,"height":480,"url":"https:\/\/www.manaus.am.gov.br\/semsa\/wp-content\/uploads\/sites\/8\/2023\/05\/Prefeitura-realiza-acoes-do-Novembro-Azul-na-sede-da-Semad.jpg","type":"image\/jpeg"}],"author":"Glauber Farias","twitter_card":"summary_large_image","twitter_misc":{"Written by":"Glauber Farias","Est. reading time":"2 minutos"},"schema":{"@context":"https:\/\/schema.org","@graph":[{"@type":"WebPage","@id":"https:\/\/www.manaus.am.gov.br\/semsa\/prefeitura-realiza-acoes-do-novembro-azul-na-sede-da-semad\/","url":"https:\/\/www.manaus.am.gov.br\/semsa\/prefeitura-realiza-acoes-do-novembro-azul-na-sede-da-semad\/","name":"Prefeitura realiza a\u00e7\u00f5es do Novembro Azul na sede da Semad","isPartOf":{"@id":"https:\/\/www.manaus.am.gov.br\/semsa\/#website"},"primaryImageOfPage":{"@id":"https:\/\/www.manaus.am.gov.br\/semsa\/prefeitura-realiza-acoes-do-novembro-azul-na-sede-da-semad\/#primaryimage"},"image":{"@id":"https:\/\/www.manaus.am.gov.br\/semsa\/prefeitura-realiza-acoes-do-novembro-azul-na-sede-da-semad\/#primaryimage"},"thumbnailUrl":"https:\/\/www.manaus.am.gov.br\/semsa\/wp-content\/uploads\/sites\/8\/2023\/05\/Prefeitura-realiza-acoes-do-Novembro-Azul-na-sede-da-Semad.jpg","datePublished":"2021-11-12T20:28:09+00:00","dateModified":"2023-05-15T13:52:46+00:00","author":{"@id":"https:\/\/www.manaus.am.gov.br\/semsa\/#\/schema\/person\/fe69d2249d78e7a3112d42bc34c44a58"},"description":"Prefeitura realiza a\u00e7\u00f5es do Novembro Azul na sede da Semad, com exames laboratoriais e de imagem, consultas m\u00e9dicas, vacina\u00e7\u00e3o contra H1N1...","inLanguage":"pt-BR","potentialAction":[{"@type":"ReadAction","target":["https:\/\/www.manaus.am.gov.br\/semsa\/prefeitura-realiza-acoes-do-novembro-azul-na-sede-da-semad\/"]}]},{"@type":"ImageObject","inLanguage":"pt-BR","@id":"https:\/\/www.manaus.am.gov.br\/semsa\/prefeitura-realiza-acoes-do-novembro-azul-na-sede-da-semad\/#primaryimage","url":"https:\/\/www.manaus.am.gov.br\/semsa\/wp-content\/uploads\/sites\/8\/2023\/05\/Prefeitura-realiza-acoes-do-Novembro-Azul-na-sede-da-Semad.jpg","contentUrl":"https:\/\/www.manaus.am.gov.br\/semsa\/wp-content\/uploads\/sites\/8\/2023\/05\/Prefeitura-realiza-acoes-do-Novembro-Azul-na-sede-da-Semad.jpg","width":720,"height":480,"caption":"Prefeitura realiza a\u00e7\u00f5es do Novembro Azul na sede da Semad"},{"@type":"WebSite","@id":"https:\/\/www.manaus.am.gov.br\/semsa\/#website","url":"https:\/\/www.manaus.am.gov.br\/semsa\/","name":"SEMSA","description":"Secretaria Municipal de Sa\u00fade","alternateName":"Secretaria Municipal de Sa\u00fade","potentialAction":[{"@type":"SearchAction","target":{"@type":"EntryPoint","urlTemplate":"https:\/\/www.manaus.am.gov.br\/semsa\/?s={search_term_string}"},"query-input":"required name=search_term_string"}],"inLanguage":"pt-BR"},{"@type":"Person","@id":"https:\/\/www.manaus.am.gov.br\/semsa\/#\/schema\/person\/fe69d2249d78e7a3112d42bc34c44a58","name":"Glauber Farias","image":{"@type":"ImageObject","inLanguage":"pt-BR","@id":"https:\/\/www.manaus.am.gov.br\/semsa\/#\/schema\/person\/image\/","url":"https:\/\/secure.gravatar.com\/avatar\/eb33200ffd19538372f635b2165531c0?s=96&d=mm&r=g","contentUrl":"https:\/\/secure.gravatar.com\/avatar\/eb33200ffd19538372f635b2165531c0?s=96&d=mm&r=g","caption":"Glauber Farias"}}]}},"_links":{"self":[{"href":"https:\/\/www.manaus.am.gov.br\/semsa\/wp-json\/wp\/v2\/posts\/212123"}],"collection":[{"href":"https:\/\/www.manaus.am.gov.br\/semsa\/wp-json\/wp\/v2\/posts"}],"about":[{"href":"https:\/\/www.manaus.am.gov.br\/semsa\/wp-json\/wp\/v2\/types\/post"}],"author":[{"embeddable":true,"href":"https:\/\/www.manaus.am.gov.br\/semsa\/wp-json\/wp\/v2\/users\/8"}],"replies":[{"embeddable":true,"href":"https:\/\/www.manaus.am.gov.br\/semsa\/wp-json\/wp\/v2\/comments?post=212123"}],"version-history":[{"count":0,"href":"https:\/\/www.manaus.am.gov.br\/semsa\/wp-json\/wp\/v2\/posts\/212123\/revisions"}],"wp:featuredmedia":[{"embeddable":true,"href":"https:\/\/www.manaus.am.gov.br\/semsa\/wp-json\/wp\/v2\/media\/212124"}],"wp:attachment":[{"href":"https:\/\/www.manaus.am.gov.br\/semsa\/wp-json\/wp\/v2\/media?parent=212123"}],"wp:term":[{"taxonomy":"category","embeddable":true,"href":"https:\/\/www.manaus.am.gov.br\/semsa\/wp-json\/wp\/v2\/categories?post=212123"},{"taxonomy":"post_tag","embeddable":true,"href":"https:\/\/www.manaus.am.gov.br\/semsa\/wp-json\/wp\/v2\/tags?post=212123"}],"curies":[{"name":"wp","href":"https:\/\/api.w.org\/{rel}","templated":true}]}}