{"id":212108,"date":"2021-09-17T16:39:45","date_gmt":"2021-09-17T20:39:45","guid":{"rendered":"https:\/\/www.manaus.am.gov.br\/semsa\/conselheiros-de-saude-discutem-execucao-do-concurso-publico-da-semsa\/"},"modified":"2021-09-17T16:39:45","modified_gmt":"2021-09-17T20:39:45","slug":"conselheiros-de-saude-discutem-execucao-do-concurso-publico-da-semsa","status":"publish","type":"post","link":"https:\/\/www.manaus.am.gov.br\/semsa\/conselheiros-de-saude-discutem-execucao-do-concurso-publico-da-semsa\/","title":{"rendered":"Conselheiros de Sa\u00fade discutem execu\u00e7\u00e3o do concurso p\u00fablico da Semsa"},"content":{"rendered":"\n<p>O pr\u00f3ximo concurso p\u00fablico da Secretaria Municipal de Sa\u00fade (Semsa), anunciado pelo prefeito de Manaus, David Almeida, no dia 28 de agosto, foi um dos temas discutidos na 9\u00aa Assembleia Geral do Conselho Municipal de Sa\u00fade (CMS\/Manaus), realizada na manh\u00e3 desta sexta-feira, 17\/9, com a presen\u00e7a de representantes de trabalhadores, gestores e usu\u00e1rios do Sistema \u00danico de Sa\u00fade (SUS). Na Assembleia, realizada no audit\u00f3rio do Complexo de Sa\u00fade Oeste, no bairro da Paz, houve a apresenta\u00e7\u00e3o do relat\u00f3rio elaborado pela Semsa, com os principais pontos sobre o certame que vai oferecer 2.001 vagas.<\/p>\n\n\n\n<figure class=\"wp-block-image\"><img loading=\"lazy\" decoding=\"async\" width=\"2560\" height=\"1920\" src=\"https:\/\/www.manaus.am.gov.br\/wp-content\/uploads\/2021\/09\/cms105011-scaled.jpg\" alt=\"\" class=\"wp-image-212109\"\/><\/figure>\n\n\n\n<p>Segundo o presidente do CMS\/Manaus, Jorge Carneiro, a apresenta\u00e7\u00e3o tamb\u00e9m atendeu \u00e0 demanda de conselheiros, para mais informa\u00e7\u00f5es sobre o assunto.<\/p>\n\n\n\n<p>&#8220;O concurso \u00e9 fundamental,&nbsp;um anseio antigo, discutido exaustivamente neste f\u00f3rum. Sabemos que h\u00e1 uma defasagem em rela\u00e7\u00e3o ao quantitativo de recursos humanos e temos perspectivas muito positivas, mas h\u00e1 necessidade de discutir alguns aspectos do relat\u00f3rio&#8221;, ressaltou Jorge Carneiro.<\/p>\n\n\n\n<p>A apresenta\u00e7\u00e3o do relat\u00f3rio foi feita pela diretora do Departamento de Gest\u00e3o do Trabalho e Educa\u00e7\u00e3o (DTRAB\/Semsa), Mircleide Santana da Silva, que destacou a necessidade urgente de realiza\u00e7\u00e3o do concurso, para&nbsp;completar o quadro de servidores (cargos em vac\u00e2ncia), com vagas dispon\u00edveis em decorr\u00eancia de aposentadoria dos servidores, demiss\u00e3o, falecimento, desligamento e exonera\u00e7\u00e3o de servidores.<\/p>\n\n\n\n<p>&#8220;A Semsa \u00e9 uma secretaria de grande porte e desde 2012 n\u00e3o \u00e9 realizado concurso p\u00fablico, portanto temos essa necessidade urgente de recursos humanos. O concurso vai permitir refor\u00e7ar o atendimento na rede de sa\u00fade e de novos projetos, como o Sa\u00fade na Hora, Telessa\u00fade e o Previne Brasil, assim como a inaugura\u00e7\u00e3o de novos servi\u00e7os. Al\u00e9m de tudo isso, a pandemia da Covid-19 ampliou muito a necessidade de recursos humanos na \u00e1rea da Sa\u00fade&#8221;,&nbsp; explicou Mircleide Silva.<\/p>\n\n\n\n<p>O processo do concurso deve tramitar pelas secretarias municipais de&nbsp;Finan\u00e7as e Tecnologia da Informa\u00e7\u00e3o&nbsp;(Semef), de&nbsp;Administra\u00e7\u00e3o, Planejamento e Gest\u00e3o&nbsp;(Semad), Casa Civil, Procuradoria Geral do Munic\u00edpio (PGM) e Controladoria Geral do Munic\u00edpio (CGM).<\/p>\n\n\n\n<p>O subsecret\u00e1rio de Gest\u00e3o Administrativa e Planejamento da Semsa, Nagib Salem Jos\u00e9 Neto, acompanhou a Assembleia do CMS e explicou que o processo para a realiza\u00e7\u00e3o do concurso segue de forma paralela nas secretarias envolvidas, e que a apresenta\u00e7\u00e3o para os conselheiros de sa\u00fade \u00e9 mais uma etapa desse trabalho.<\/p>\n\n\n\n<p>\u201cA Semsa sempre busca a parceria do CMS\/Manaus em todas as a\u00e7\u00f5es de sa\u00fade, tentando caminhar junto, porque com o apoio do conselho, com o controle social e a participa\u00e7\u00e3o popular, tudo caminha melhor\u201d, afirmou Nagib Neto.<\/p>\n\n\n\n<p>O subsecret\u00e1rio tamb\u00e9m lembrou que o n\u00famero atual de vac\u00e2ncia nos servi\u00e7os de sa\u00fade causa impacto direto no processo de trabalho.<\/p>\n\n\n\n<p>\u201c\u00c9 uma situa\u00e7\u00e3o que sentimos no dia a dia, com todos os setores e departamentos sobrecarregados, e servidores muitas vezes fazendo o trabalho de duas pessoas. A Semsa tem feito o pagamento de horas extras, para suprir a demanda e atender da melhor maneira a popula\u00e7\u00e3o, mas esperamos realizar o concurso o quanto antes, para resolver essas quest\u00f5es\u201d, ressaltou o subsecret\u00e1rio.<\/p>\n\n\n\n<p>Ap\u00f3s os questionamentos dos conselheiros, o relat\u00f3rio apresentado na assembleia, que vai subsidiar o edital para a realiza\u00e7\u00e3o do concurso p\u00fablico, foi aprovado pelo CMS\/Manaus, com ressalva de que haja revis\u00e3o na Lei de Cargos dos servidores da sa\u00fade, o que j\u00e1 vem sendo acompanhado pela Semsa.<\/p>\n\n\n\n<p>&#8212; &#8212; &#8212;<\/p>\n\n\n\n<p><strong>Texto<\/strong> &#8211; Eurivania Gal\u00facio \/ Semsa<\/p>\n\n\n\n<p><strong>Fotos<\/strong>&#8211; Divulga\u00e7\u00e3o \/ Semsa<\/p>\n","protected":false},"excerpt":{"rendered":"","protected":false},"author":31,"featured_media":0,"comment_status":"closed","ping_status":"closed","sticky":false,"template":"","format":"standard","meta":{"footnotes":""},"categories":[293],"tags":[831,294,270,832],"acf":[],"yoast_head":"<!-- This site is optimized with the Yoast SEO plugin v23.0 - https:\/\/yoast.com\/wordpress\/plugins\/seo\/ -->\n<title>Conselheiros de Sa\u00fade discutem execu\u00e7\u00e3o do concurso p\u00fablico da Semsa - SEMSA<\/title>\n<meta name=\"robots\" content=\"index, follow, max-snippet:-1, max-image-preview:large, max-video-preview:-1\" \/>\n<link rel=\"canonical\" href=\"https:\/\/www.manaus.am.gov.br\/semsa\/conselheiros-de-saude-discutem-execucao-do-concurso-publico-da-semsa\/\" \/>\n<meta property=\"og:locale\" content=\"pt_BR\" \/>\n<meta property=\"og:type\" content=\"article\" \/>\n<meta property=\"og:title\" content=\"Conselheiros de Sa\u00fade discutem execu\u00e7\u00e3o do concurso p\u00fablico da Semsa - SEMSA\" \/>\n<meta property=\"og:url\" content=\"https:\/\/www.manaus.am.gov.br\/semsa\/conselheiros-de-saude-discutem-execucao-do-concurso-publico-da-semsa\/\" \/>\n<meta property=\"og:site_name\" content=\"SEMSA\" \/>\n<meta property=\"article:published_time\" content=\"2021-09-17T20:39:45+00:00\" \/>\n<meta property=\"og:image\" content=\"https:\/\/www.manaus.am.gov.br\/wp-content\/uploads\/2021\/09\/cms105011-scaled.jpg\" \/>\n<meta name=\"author\" content=\"Renata Felix\" \/>\n<meta name=\"twitter:card\" content=\"summary_large_image\" \/>\n<meta name=\"twitter:label1\" content=\"Written by\" \/>\n\t<meta name=\"twitter:data1\" content=\"Renata Felix\" \/>\n\t<meta name=\"twitter:label2\" content=\"Est. reading time\" \/>\n\t<meta name=\"twitter:data2\" content=\"4 minutos\" \/>\n<script type=\"application\/ld+json\" class=\"yoast-schema-graph\">{\"@context\":\"https:\/\/schema.org\",\"@graph\":[{\"@type\":\"WebPage\",\"@id\":\"https:\/\/www.manaus.am.gov.br\/semsa\/conselheiros-de-saude-discutem-execucao-do-concurso-publico-da-semsa\/\",\"url\":\"https:\/\/www.manaus.am.gov.br\/semsa\/conselheiros-de-saude-discutem-execucao-do-concurso-publico-da-semsa\/\",\"name\":\"Conselheiros de Sa\u00fade discutem execu\u00e7\u00e3o do concurso p\u00fablico da Semsa - SEMSA\",\"isPartOf\":{\"@id\":\"https:\/\/www.manaus.am.gov.br\/semsa\/#website\"},\"primaryImageOfPage\":{\"@id\":\"https:\/\/www.manaus.am.gov.br\/semsa\/conselheiros-de-saude-discutem-execucao-do-concurso-publico-da-semsa\/#primaryimage\"},\"image\":{\"@id\":\"https:\/\/www.manaus.am.gov.br\/semsa\/conselheiros-de-saude-discutem-execucao-do-concurso-publico-da-semsa\/#primaryimage\"},\"thumbnailUrl\":\"https:\/\/www.manaus.am.gov.br\/wp-content\/uploads\/2021\/09\/cms105011-scaled.jpg\",\"datePublished\":\"2021-09-17T20:39:45+00:00\",\"dateModified\":\"2021-09-17T20:39:45+00:00\",\"author\":{\"@id\":\"https:\/\/www.manaus.am.gov.br\/semsa\/#\/schema\/person\/4eea2a8f78dc853097abb026f728aa06\"},\"inLanguage\":\"pt-BR\",\"potentialAction\":[{\"@type\":\"ReadAction\",\"target\":[\"https:\/\/www.manaus.am.gov.br\/semsa\/conselheiros-de-saude-discutem-execucao-do-concurso-publico-da-semsa\/\"]}]},{\"@type\":\"ImageObject\",\"inLanguage\":\"pt-BR\",\"@id\":\"https:\/\/www.manaus.am.gov.br\/semsa\/conselheiros-de-saude-discutem-execucao-do-concurso-publico-da-semsa\/#primaryimage\",\"url\":\"https:\/\/www.manaus.am.gov.br\/wp-content\/uploads\/2021\/09\/cms105011-scaled.jpg\",\"contentUrl\":\"https:\/\/www.manaus.am.gov.br\/wp-content\/uploads\/2021\/09\/cms105011-scaled.jpg\"},{\"@type\":\"WebSite\",\"@id\":\"https:\/\/www.manaus.am.gov.br\/semsa\/#website\",\"url\":\"https:\/\/www.manaus.am.gov.br\/semsa\/\",\"name\":\"SEMSA\",\"description\":\"Secretaria Municipal de Sa\u00fade\",\"alternateName\":\"Secretaria Municipal de Sa\u00fade\",\"potentialAction\":[{\"@type\":\"SearchAction\",\"target\":{\"@type\":\"EntryPoint\",\"urlTemplate\":\"https:\/\/www.manaus.am.gov.br\/semsa\/?s={search_term_string}\"},\"query-input\":\"required name=search_term_string\"}],\"inLanguage\":\"pt-BR\"},{\"@type\":\"Person\",\"@id\":\"https:\/\/www.manaus.am.gov.br\/semsa\/#\/schema\/person\/4eea2a8f78dc853097abb026f728aa06\",\"name\":\"Renata Felix\",\"image\":{\"@type\":\"ImageObject\",\"inLanguage\":\"pt-BR\",\"@id\":\"https:\/\/www.manaus.am.gov.br\/semsa\/#\/schema\/person\/image\/\",\"url\":\"https:\/\/secure.gravatar.com\/avatar\/3c196cf9d3b837b24c8edb2c50fd8f29?s=96&d=mm&r=g\",\"contentUrl\":\"https:\/\/secure.gravatar.com\/avatar\/3c196cf9d3b837b24c8edb2c50fd8f29?s=96&d=mm&r=g\",\"caption\":\"Renata Felix\"}}]}<\/script>\n<!-- \/ Yoast SEO plugin. -->","yoast_head_json":{"title":"Conselheiros de Sa\u00fade discutem execu\u00e7\u00e3o do concurso p\u00fablico da Semsa - SEMSA","robots":{"index":"index","follow":"follow","max-snippet":"max-snippet:-1","max-image-preview":"max-image-preview:large","max-video-preview":"max-video-preview:-1"},"canonical":"https:\/\/www.manaus.am.gov.br\/semsa\/conselheiros-de-saude-discutem-execucao-do-concurso-publico-da-semsa\/","og_locale":"pt_BR","og_type":"article","og_title":"Conselheiros de Sa\u00fade discutem execu\u00e7\u00e3o do concurso p\u00fablico da Semsa - SEMSA","og_url":"https:\/\/www.manaus.am.gov.br\/semsa\/conselheiros-de-saude-discutem-execucao-do-concurso-publico-da-semsa\/","og_site_name":"SEMSA","article_published_time":"2021-09-17T20:39:45+00:00","og_image":[{"url":"https:\/\/www.manaus.am.gov.br\/wp-content\/uploads\/2021\/09\/cms105011-scaled.jpg"}],"author":"Renata Felix","twitter_card":"summary_large_image","twitter_misc":{"Written by":"Renata Felix","Est. reading time":"4 minutos"},"schema":{"@context":"https:\/\/schema.org","@graph":[{"@type":"WebPage","@id":"https:\/\/www.manaus.am.gov.br\/semsa\/conselheiros-de-saude-discutem-execucao-do-concurso-publico-da-semsa\/","url":"https:\/\/www.manaus.am.gov.br\/semsa\/conselheiros-de-saude-discutem-execucao-do-concurso-publico-da-semsa\/","name":"Conselheiros de Sa\u00fade discutem execu\u00e7\u00e3o do concurso p\u00fablico da Semsa - SEMSA","isPartOf":{"@id":"https:\/\/www.manaus.am.gov.br\/semsa\/#website"},"primaryImageOfPage":{"@id":"https:\/\/www.manaus.am.gov.br\/semsa\/conselheiros-de-saude-discutem-execucao-do-concurso-publico-da-semsa\/#primaryimage"},"image":{"@id":"https:\/\/www.manaus.am.gov.br\/semsa\/conselheiros-de-saude-discutem-execucao-do-concurso-publico-da-semsa\/#primaryimage"},"thumbnailUrl":"https:\/\/www.manaus.am.gov.br\/wp-content\/uploads\/2021\/09\/cms105011-scaled.jpg","datePublished":"2021-09-17T20:39:45+00:00","dateModified":"2021-09-17T20:39:45+00:00","author":{"@id":"https:\/\/www.manaus.am.gov.br\/semsa\/#\/schema\/person\/4eea2a8f78dc853097abb026f728aa06"},"inLanguage":"pt-BR","potentialAction":[{"@type":"ReadAction","target":["https:\/\/www.manaus.am.gov.br\/semsa\/conselheiros-de-saude-discutem-execucao-do-concurso-publico-da-semsa\/"]}]},{"@type":"ImageObject","inLanguage":"pt-BR","@id":"https:\/\/www.manaus.am.gov.br\/semsa\/conselheiros-de-saude-discutem-execucao-do-concurso-publico-da-semsa\/#primaryimage","url":"https:\/\/www.manaus.am.gov.br\/wp-content\/uploads\/2021\/09\/cms105011-scaled.jpg","contentUrl":"https:\/\/www.manaus.am.gov.br\/wp-content\/uploads\/2021\/09\/cms105011-scaled.jpg"},{"@type":"WebSite","@id":"https:\/\/www.manaus.am.gov.br\/semsa\/#website","url":"https:\/\/www.manaus.am.gov.br\/semsa\/","name":"SEMSA","description":"Secretaria Municipal de Sa\u00fade","alternateName":"Secretaria Municipal de Sa\u00fade","potentialAction":[{"@type":"SearchAction","target":{"@type":"EntryPoint","urlTemplate":"https:\/\/www.manaus.am.gov.br\/semsa\/?s={search_term_string}"},"query-input":"required name=search_term_string"}],"inLanguage":"pt-BR"},{"@type":"Person","@id":"https:\/\/www.manaus.am.gov.br\/semsa\/#\/schema\/person\/4eea2a8f78dc853097abb026f728aa06","name":"Renata Felix","image":{"@type":"ImageObject","inLanguage":"pt-BR","@id":"https:\/\/www.manaus.am.gov.br\/semsa\/#\/schema\/person\/image\/","url":"https:\/\/secure.gravatar.com\/avatar\/3c196cf9d3b837b24c8edb2c50fd8f29?s=96&d=mm&r=g","contentUrl":"https:\/\/secure.gravatar.com\/avatar\/3c196cf9d3b837b24c8edb2c50fd8f29?s=96&d=mm&r=g","caption":"Renata Felix"}}]}},"_links":{"self":[{"href":"https:\/\/www.manaus.am.gov.br\/semsa\/wp-json\/wp\/v2\/posts\/212108"}],"collection":[{"href":"https:\/\/www.manaus.am.gov.br\/semsa\/wp-json\/wp\/v2\/posts"}],"about":[{"href":"https:\/\/www.manaus.am.gov.br\/semsa\/wp-json\/wp\/v2\/types\/post"}],"author":[{"embeddable":true,"href":"https:\/\/www.manaus.am.gov.br\/semsa\/wp-json\/wp\/v2\/users\/31"}],"replies":[{"embeddable":true,"href":"https:\/\/www.manaus.am.gov.br\/semsa\/wp-json\/wp\/v2\/comments?post=212108"}],"version-history":[{"count":1,"href":"https:\/\/www.manaus.am.gov.br\/semsa\/wp-json\/wp\/v2\/posts\/212108\/revisions"}],"predecessor-version":[{"id":212110,"href":"https:\/\/www.manaus.am.gov.br\/semsa\/wp-json\/wp\/v2\/posts\/212108\/revisions\/212110"}],"wp:attachment":[{"href":"https:\/\/www.manaus.am.gov.br\/semsa\/wp-json\/wp\/v2\/media?parent=212108"}],"wp:term":[{"taxonomy":"category","embeddable":true,"href":"https:\/\/www.manaus.am.gov.br\/semsa\/wp-json\/wp\/v2\/categories?post=212108"},{"taxonomy":"post_tag","embeddable":true,"href":"https:\/\/www.manaus.am.gov.br\/semsa\/wp-json\/wp\/v2\/tags?post=212108"}],"curies":[{"name":"wp","href":"https:\/\/api.w.org\/{rel}","templated":true}]}}