{"id":212046,"date":"2023-05-09T17:37:08","date_gmt":"2023-05-09T21:37:08","guid":{"rendered":"https:\/\/www.manaus.am.gov.br\/semsa\/prefeitura-alerta-para-baixa-cobertura-da-vacinacao-contra-febre-amarela-em-manaus\/"},"modified":"2023-05-09T17:37:09","modified_gmt":"2023-05-09T21:37:09","slug":"prefeitura-alerta-para-baixa-cobertura-da-vacinacao-contra-febre-amarela-em-manaus","status":"publish","type":"post","link":"https:\/\/www.manaus.am.gov.br\/semsa\/prefeitura-alerta-para-baixa-cobertura-da-vacinacao-contra-febre-amarela-em-manaus\/","title":{"rendered":"<strong>Prefeitura alerta para baixa cobertura da vacina\u00e7\u00e3o contra febre amarela em Manaus<\/strong>"},"content":{"rendered":"\n<p>Uma das principais doen\u00e7as end\u00eamicas da regi\u00e3o amaz\u00f4nica, a febre amarela pode ser prevenida por meio de vacina dispon\u00edvel na rede p\u00fablica de sa\u00fade de forma gratuita. O alerta \u00e9 da Prefeitura de Manaus, que oferta o imunizante em mais de 170 Unidades B\u00e1sicas de Sa\u00fade (UBSs) da capital, por meio do Sistema \u00danico de Sa\u00fade (SUS), para administra\u00e7\u00e3o aos nove meses de idade, com dose de refor\u00e7o aos quatro anos.<\/p>\n\n\n\n<p>Segundo a Secretaria Municipal de Sa\u00fade (Semsa), Manaus apresenta baixa cobertura vacinal para a febre amarela, atualmente com um \u00edndice de 66,04% entre menores de um ano, distante da meta de 95% definida pelo Minist\u00e9rio da Sa\u00fade.<\/p>\n\n\n\n<p>A secret\u00e1ria municipal de Sa\u00fade, Sh\u00e1dia Fraxe, aponta que esse cen\u00e1rio contribui para o risco de ocorr\u00eancia de novos casos, e orienta pais e respons\u00e1veis para que levem seus beb\u00eas a partir de nove meses para receber a vacina em qualquer uma das unidades b\u00e1sicas de sa\u00fade da cidade.<\/p>\n\n\n\n<p>\u201cA cobertura vacinal baixa significa que temos muitas crian\u00e7as desprotegidas, mesmo sendo a vacina contra febre amarela uma das principais dentro do calend\u00e1rio infantil. A doen\u00e7a pode evoluir para casos graves, com risco de morte, mas \u00e9 poss\u00edvel evitar isso bastando apenas que os pais levem suas crian\u00e7as ao posto de sa\u00fade, junto com o documento de identifica\u00e7\u00e3o oficial e a caderneta da crian\u00e7a, para tomar a vacina gratuitamente\u201d, afirma Sh\u00e1dia.<\/p>\n\n\n\n<p>A gerente de Imuniza\u00e7\u00e3o da Semsa, Isabel Cristina Hernandes, destaca que a idade indicada para aplica\u00e7\u00e3o da dose inicial da febre amarela \u00e9 aos nove meses e que a dose de refor\u00e7o deve ser feita aos quatro anos. No entanto, ressalta, que caso a crian\u00e7a n\u00e3o tenha sido vacinada neste per\u00edodo, poder\u00e1 receber as duas doses at\u00e9 os cinco anos de idade, sendo que o intervalo m\u00ednimo entre as duas aplica\u00e7\u00f5es seja de 30 dias. Dos cinco anos at\u00e9 o fim da vida adulta, a dose \u00fanica \u00e9 suficiente para assegurar a prote\u00e7\u00e3o contra a doen\u00e7a.<\/p>\n\n\n\n<p>Em Manaus, a vacina est\u00e1 recomendada para toda a popula\u00e7\u00e3o e deve ser aplicada uma \u00fanica vez. \u201cSe a pessoa j\u00e1 comprovou uma dose no cart\u00e3o de vacina, n\u00e3o tem recomenda\u00e7\u00e3o de tomar mais. A vacina tem uma efic\u00e1cia de quase 100%. As \u00fanicas pessoas com contraindica\u00e7\u00e3o para receber a vacina s\u00e3o aquelas acima de 59 anos, que s\u00f3 podem tomar ap\u00f3s avalia\u00e7\u00e3o m\u00e9dica, e as imunossuprimidas, pois a vacina \u00e9 produzida a partir de v\u00edrus atenuado\u201d, relata a gerente.<\/p>\n\n\n\n<p>Isabel acrescenta ainda que, ap\u00f3s a aplica\u00e7\u00e3o, o per\u00edodo para a produ\u00e7\u00e3o de anticorpos no organismo, ou soroconvers\u00e3o, \u00e9 de 10 a 15 dias, raz\u00e3o pela qual se recomenda a imuniza\u00e7\u00e3o contra a febre amarela com pelo menos 10 dias de anteced\u00eancia de qualquer viagem para uma \u00e1rea de risco da doen\u00e7a.<\/p>\n\n\n\n<p><strong>Comunicados<\/strong><\/p>\n\n\n\n<p>A vacina\u00e7\u00e3o contra a febre amarela ganha import\u00e2ncia na medida em que casos confirmados da doen\u00e7a foram relatados em cidades no Amazonas e em localidades vizinhas do Estado nas \u00faltimas semanas, por meio de comunicados de risco de \u00f3rg\u00e3os de vigil\u00e2ncia em sa\u00fade.<\/p>\n\n\n\n<p>No dia 21\/3, a Ger\u00eancia do Centro de Informa\u00e7\u00f5es Estrat\u00e9gicas de Vigil\u00e2ncia em Sa\u00fade de Manaus (Cievs Manaus) informou o caso confirmado de um ind\u00edgena na faixa et\u00e1ria de 10 a 14 anos, residente na aldeia Jubar\u00e1, no munic\u00edpio de Mara\u00e3, distante 634 quil\u00f4metros de Manaus.<\/p>\n\n\n\n<p>J\u00e1 no dia 5\/5, o Instituto Nacional de Sa\u00fade da Col\u00f4mbia relatou a confirma\u00e7\u00e3o de febre amarela de um adolescente de 16 anos, ind\u00edgena da etnia Kokama, que foi a \u00f3bito em abril em Leticia, cidade colombiana na fronteira com o Brasil, vizinha de Tabatinga \u2013 situada a 1.108 quil\u00f4metros de Manaus \u2013 e pr\u00f3xima de Benjamin Constant, Atalaia do Norte, S\u00e3o Paulo de Oliven\u00e7a e Santo Ant\u00f4nio do I\u00e7\u00e1.<\/p>\n\n\n\n<p>Para a gerente do Centro de Informa\u00e7\u00f5es Estrat\u00e9gicas de Vigil\u00e2ncia em Sa\u00fade (Cievs Manaus), Graziela Andrade das Neves, os casos s\u00e3o alertas para a capital em raz\u00e3o da cobertura reduzida da popula\u00e7\u00e3o.<\/p>\n\n\n\n<p>\u201cH\u00e1 motivos de preocupa\u00e7\u00e3o, pois Manaus possui alto n\u00famero de pessoas suscet\u00edveis, em decorr\u00eancia da baixa cobertura vacinal, bem como por sua import\u00e2ncia epidemiol\u00f3gica decorrente da gravidade cl\u00ednica, da elevada letalidade e do potencial de dissemina\u00e7\u00e3o e impacto, sobretudo quando relacionada \u00e0 transmiss\u00e3o urbana\u201d, disse a gerente.<\/p>\n\n\n\n<p>A elevada letalidade da doen\u00e7a \u00e9 outro fator importante a ser considerado, conforme Graziela. \u201cCerca de 20% a 50% das pessoas que desenvolvem febre amarela em sua forma grave podem morrer\u201d, aponta ela, que orienta buscar aten\u00e7\u00e3o m\u00e9dica imediatamente com o surgimento dos primeiros sintomas da doen\u00e7a.<\/p>\n\n\n\n<p><strong>Doen\u00e7a<\/strong><\/p>\n\n\n\n<p>A febre amarela \u00e9 uma doen\u00e7a infecciosa febril aguda, que evolui rapidamente com gravidade vari\u00e1vel, tendo como sintomas febre, icter\u00edcia (colora\u00e7\u00e3o amarelada da pele e do branco dos olhos) calafrios, cefalalgia, lombalgia, mialgias generalizadas, prostra\u00e7\u00e3o, n\u00e1useas e v\u00f4mitos.<\/p>\n\n\n\n<p>A doen\u00e7a \u00e9 causada pelo v\u00edrus amar\u00edlico, transmitido pela picada de mosquitos transmissores infectados, n\u00e3o havendo transmiss\u00e3o de pessoa para pessoa. A transmiss\u00e3o pode ocorrer na forma silvestre, por meio de mosquitos dos g\u00eaneros Haemagogus e Sabethes, encontrados em \u00e1reas de mata; ou na forma urbana, tendo como vetor o Aedes aegypti, mesmo mosquito que transmite a dengue.<\/p>\n\n\n\n<p>Conforme Graziela, o \u00faltimo registro de transmiss\u00e3o da doen\u00e7a na forma urbana \u00e9 de 1942, mas a febre amarela silvestre \u00e9 uma doen\u00e7a end\u00eamica na regi\u00e3o amaz\u00f4nica, onde ocorre em um padr\u00e3o sazonal. \u201cA maior parte dos casos incide no per\u00edodo entre dezembro e maio, com surtos que ocorrem com periodicidade irregular, quando o v\u00edrus encontra condi\u00e7\u00f5es favor\u00e1veis para a transmiss\u00e3o\u201d, explica a gerente.<\/p>\n\n\n\n<p>&#8212; &#8212; &#8212;<\/p>\n\n\n\n<p><strong>Texto<\/strong> &#8211; Jony Clay Borges \/ Semsa<\/p>\n\n\n\n<p><strong>Foto<\/strong> &#8211; Divulga\u00e7\u00e3o \/ Semsa<\/p>\n","protected":false},"excerpt":{"rendered":"","protected":false},"author":39,"featured_media":212047,"comment_status":"closed","ping_status":"closed","sticky":false,"template":"","format":"standard","meta":{"footnotes":""},"categories":[2],"tags":[797,798,58,54,28,29],"acf":[],"yoast_head":"<!-- This site is optimized with the Yoast SEO plugin v23.0 - https:\/\/yoast.com\/wordpress\/plugins\/seo\/ -->\n<title>Prefeitura alerta para baixa cobertura da vacina\u00e7\u00e3o contra febre amarela em Manaus<\/title>\n<meta name=\"description\" content=\"O alerta \u00e9 da Prefeitura de Manaus, que oferta o imunizante em mais de 170 Unidades B\u00e1sicas de Sa\u00fade (UBSs) da capital, por meio do Sistema \u00danico de Sa\u00fade (SUS), para administra\u00e7\u00e3o aos nove meses de idade, com dose de refor\u00e7o aos quatro anos.\" \/>\n<meta name=\"robots\" content=\"index, follow, max-snippet:-1, max-image-preview:large, max-video-preview:-1\" \/>\n<link rel=\"canonical\" href=\"https:\/\/www.manaus.am.gov.br\/semsa\/prefeitura-alerta-para-baixa-cobertura-da-vacinacao-contra-febre-amarela-em-manaus\/\" \/>\n<meta property=\"og:locale\" content=\"pt_BR\" \/>\n<meta property=\"og:type\" content=\"article\" \/>\n<meta property=\"og:title\" content=\"Prefeitura alerta para baixa cobertura da vacina\u00e7\u00e3o contra febre amarela em Manaus\" \/>\n<meta property=\"og:description\" content=\"O alerta \u00e9 da Prefeitura de Manaus, que oferta o imunizante em mais de 170 Unidades B\u00e1sicas de Sa\u00fade (UBSs) da capital, por meio do Sistema \u00danico de Sa\u00fade (SUS), para administra\u00e7\u00e3o aos nove meses de idade, com dose de refor\u00e7o aos quatro anos.\" \/>\n<meta property=\"og:url\" content=\"https:\/\/www.manaus.am.gov.br\/semsa\/prefeitura-alerta-para-baixa-cobertura-da-vacinacao-contra-febre-amarela-em-manaus\/\" \/>\n<meta property=\"og:site_name\" content=\"SEMSA\" \/>\n<meta property=\"article:published_time\" content=\"2023-05-09T21:37:08+00:00\" \/>\n<meta property=\"article:modified_time\" content=\"2023-05-09T21:37:09+00:00\" \/>\n<meta property=\"og:image\" content=\"https:\/\/www.manaus.am.gov.br\/semsa\/wp-content\/uploads\/sites\/8\/2023\/05\/Maio-09_Reforco-Vacinacao-Febre-Amarela-4.jpg\" \/>\n\t<meta property=\"og:image:width\" content=\"1500\" \/>\n\t<meta property=\"og:image:height\" content=\"1000\" \/>\n\t<meta property=\"og:image:type\" content=\"image\/jpeg\" \/>\n<meta name=\"author\" content=\"Bruna Greco\" \/>\n<meta name=\"twitter:card\" content=\"summary_large_image\" \/>\n<meta name=\"twitter:label1\" content=\"Written by\" \/>\n\t<meta name=\"twitter:data1\" content=\"Bruna Greco\" \/>\n\t<meta name=\"twitter:label2\" content=\"Est. reading time\" \/>\n\t<meta name=\"twitter:data2\" content=\"6 minutos\" \/>\n<script type=\"application\/ld+json\" class=\"yoast-schema-graph\">{\"@context\":\"https:\/\/schema.org\",\"@graph\":[{\"@type\":\"WebPage\",\"@id\":\"https:\/\/www.manaus.am.gov.br\/semsa\/prefeitura-alerta-para-baixa-cobertura-da-vacinacao-contra-febre-amarela-em-manaus\/\",\"url\":\"https:\/\/www.manaus.am.gov.br\/semsa\/prefeitura-alerta-para-baixa-cobertura-da-vacinacao-contra-febre-amarela-em-manaus\/\",\"name\":\"Prefeitura alerta para baixa cobertura da vacina\u00e7\u00e3o contra febre amarela em Manaus\",\"isPartOf\":{\"@id\":\"https:\/\/www.manaus.am.gov.br\/semsa\/#website\"},\"primaryImageOfPage\":{\"@id\":\"https:\/\/www.manaus.am.gov.br\/semsa\/prefeitura-alerta-para-baixa-cobertura-da-vacinacao-contra-febre-amarela-em-manaus\/#primaryimage\"},\"image\":{\"@id\":\"https:\/\/www.manaus.am.gov.br\/semsa\/prefeitura-alerta-para-baixa-cobertura-da-vacinacao-contra-febre-amarela-em-manaus\/#primaryimage\"},\"thumbnailUrl\":\"https:\/\/www.manaus.am.gov.br\/semsa\/wp-content\/uploads\/sites\/8\/2023\/05\/Maio-09_Reforco-Vacinacao-Febre-Amarela-4.jpg\",\"datePublished\":\"2023-05-09T21:37:08+00:00\",\"dateModified\":\"2023-05-09T21:37:09+00:00\",\"author\":{\"@id\":\"https:\/\/www.manaus.am.gov.br\/semsa\/#\/schema\/person\/05d223aea2bf115f9883a6ff3683d81b\"},\"description\":\"O alerta \u00e9 da Prefeitura de Manaus, que oferta o imunizante em mais de 170 Unidades B\u00e1sicas de Sa\u00fade (UBSs) da capital, por meio do Sistema \u00danico de Sa\u00fade (SUS), para administra\u00e7\u00e3o aos nove meses de idade, com dose de refor\u00e7o aos quatro anos.\",\"inLanguage\":\"pt-BR\",\"potentialAction\":[{\"@type\":\"ReadAction\",\"target\":[\"https:\/\/www.manaus.am.gov.br\/semsa\/prefeitura-alerta-para-baixa-cobertura-da-vacinacao-contra-febre-amarela-em-manaus\/\"]}]},{\"@type\":\"ImageObject\",\"inLanguage\":\"pt-BR\",\"@id\":\"https:\/\/www.manaus.am.gov.br\/semsa\/prefeitura-alerta-para-baixa-cobertura-da-vacinacao-contra-febre-amarela-em-manaus\/#primaryimage\",\"url\":\"https:\/\/www.manaus.am.gov.br\/semsa\/wp-content\/uploads\/sites\/8\/2023\/05\/Maio-09_Reforco-Vacinacao-Febre-Amarela-4.jpg\",\"contentUrl\":\"https:\/\/www.manaus.am.gov.br\/semsa\/wp-content\/uploads\/sites\/8\/2023\/05\/Maio-09_Reforco-Vacinacao-Febre-Amarela-4.jpg\",\"width\":1500,\"height\":1000},{\"@type\":\"WebSite\",\"@id\":\"https:\/\/www.manaus.am.gov.br\/semsa\/#website\",\"url\":\"https:\/\/www.manaus.am.gov.br\/semsa\/\",\"name\":\"SEMSA\",\"description\":\"Secretaria Municipal de Sa\u00fade\",\"alternateName\":\"Secretaria Municipal de Sa\u00fade\",\"potentialAction\":[{\"@type\":\"SearchAction\",\"target\":{\"@type\":\"EntryPoint\",\"urlTemplate\":\"https:\/\/www.manaus.am.gov.br\/semsa\/?s={search_term_string}\"},\"query-input\":\"required name=search_term_string\"}],\"inLanguage\":\"pt-BR\"},{\"@type\":\"Person\",\"@id\":\"https:\/\/www.manaus.am.gov.br\/semsa\/#\/schema\/person\/05d223aea2bf115f9883a6ff3683d81b\",\"name\":\"Bruna Greco\",\"image\":{\"@type\":\"ImageObject\",\"inLanguage\":\"pt-BR\",\"@id\":\"https:\/\/www.manaus.am.gov.br\/semsa\/#\/schema\/person\/image\/\",\"url\":\"https:\/\/secure.gravatar.com\/avatar\/9c877d1a6adc2a055330e5c09a8653ce?s=96&d=mm&r=g\",\"contentUrl\":\"https:\/\/secure.gravatar.com\/avatar\/9c877d1a6adc2a055330e5c09a8653ce?s=96&d=mm&r=g\",\"caption\":\"Bruna Greco\"}}]}<\/script>\n<!-- \/ Yoast SEO plugin. -->","yoast_head_json":{"title":"Prefeitura alerta para baixa cobertura da vacina\u00e7\u00e3o contra febre amarela em Manaus","description":"O alerta \u00e9 da Prefeitura de Manaus, que oferta o imunizante em mais de 170 Unidades B\u00e1sicas de Sa\u00fade (UBSs) da capital, por meio do Sistema \u00danico de Sa\u00fade (SUS), para administra\u00e7\u00e3o aos nove meses de idade, com dose de refor\u00e7o aos quatro anos.","robots":{"index":"index","follow":"follow","max-snippet":"max-snippet:-1","max-image-preview":"max-image-preview:large","max-video-preview":"max-video-preview:-1"},"canonical":"https:\/\/www.manaus.am.gov.br\/semsa\/prefeitura-alerta-para-baixa-cobertura-da-vacinacao-contra-febre-amarela-em-manaus\/","og_locale":"pt_BR","og_type":"article","og_title":"Prefeitura alerta para baixa cobertura da vacina\u00e7\u00e3o contra febre amarela em Manaus","og_description":"O alerta \u00e9 da Prefeitura de Manaus, que oferta o imunizante em mais de 170 Unidades B\u00e1sicas de Sa\u00fade (UBSs) da capital, por meio do Sistema \u00danico de Sa\u00fade (SUS), para administra\u00e7\u00e3o aos nove meses de idade, com dose de refor\u00e7o aos quatro anos.","og_url":"https:\/\/www.manaus.am.gov.br\/semsa\/prefeitura-alerta-para-baixa-cobertura-da-vacinacao-contra-febre-amarela-em-manaus\/","og_site_name":"SEMSA","article_published_time":"2023-05-09T21:37:08+00:00","article_modified_time":"2023-05-09T21:37:09+00:00","og_image":[{"width":1500,"height":1000,"url":"https:\/\/www.manaus.am.gov.br\/semsa\/wp-content\/uploads\/sites\/8\/2023\/05\/Maio-09_Reforco-Vacinacao-Febre-Amarela-4.jpg","type":"image\/jpeg"}],"author":"Bruna Greco","twitter_card":"summary_large_image","twitter_misc":{"Written by":"Bruna Greco","Est. reading time":"6 minutos"},"schema":{"@context":"https:\/\/schema.org","@graph":[{"@type":"WebPage","@id":"https:\/\/www.manaus.am.gov.br\/semsa\/prefeitura-alerta-para-baixa-cobertura-da-vacinacao-contra-febre-amarela-em-manaus\/","url":"https:\/\/www.manaus.am.gov.br\/semsa\/prefeitura-alerta-para-baixa-cobertura-da-vacinacao-contra-febre-amarela-em-manaus\/","name":"Prefeitura alerta para baixa cobertura da vacina\u00e7\u00e3o contra febre amarela em Manaus","isPartOf":{"@id":"https:\/\/www.manaus.am.gov.br\/semsa\/#website"},"primaryImageOfPage":{"@id":"https:\/\/www.manaus.am.gov.br\/semsa\/prefeitura-alerta-para-baixa-cobertura-da-vacinacao-contra-febre-amarela-em-manaus\/#primaryimage"},"image":{"@id":"https:\/\/www.manaus.am.gov.br\/semsa\/prefeitura-alerta-para-baixa-cobertura-da-vacinacao-contra-febre-amarela-em-manaus\/#primaryimage"},"thumbnailUrl":"https:\/\/www.manaus.am.gov.br\/semsa\/wp-content\/uploads\/sites\/8\/2023\/05\/Maio-09_Reforco-Vacinacao-Febre-Amarela-4.jpg","datePublished":"2023-05-09T21:37:08+00:00","dateModified":"2023-05-09T21:37:09+00:00","author":{"@id":"https:\/\/www.manaus.am.gov.br\/semsa\/#\/schema\/person\/05d223aea2bf115f9883a6ff3683d81b"},"description":"O alerta \u00e9 da Prefeitura de Manaus, que oferta o imunizante em mais de 170 Unidades B\u00e1sicas de Sa\u00fade (UBSs) da capital, por meio do Sistema \u00danico de Sa\u00fade (SUS), para administra\u00e7\u00e3o aos nove meses de idade, com dose de refor\u00e7o aos quatro anos.","inLanguage":"pt-BR","potentialAction":[{"@type":"ReadAction","target":["https:\/\/www.manaus.am.gov.br\/semsa\/prefeitura-alerta-para-baixa-cobertura-da-vacinacao-contra-febre-amarela-em-manaus\/"]}]},{"@type":"ImageObject","inLanguage":"pt-BR","@id":"https:\/\/www.manaus.am.gov.br\/semsa\/prefeitura-alerta-para-baixa-cobertura-da-vacinacao-contra-febre-amarela-em-manaus\/#primaryimage","url":"https:\/\/www.manaus.am.gov.br\/semsa\/wp-content\/uploads\/sites\/8\/2023\/05\/Maio-09_Reforco-Vacinacao-Febre-Amarela-4.jpg","contentUrl":"https:\/\/www.manaus.am.gov.br\/semsa\/wp-content\/uploads\/sites\/8\/2023\/05\/Maio-09_Reforco-Vacinacao-Febre-Amarela-4.jpg","width":1500,"height":1000},{"@type":"WebSite","@id":"https:\/\/www.manaus.am.gov.br\/semsa\/#website","url":"https:\/\/www.manaus.am.gov.br\/semsa\/","name":"SEMSA","description":"Secretaria Municipal de Sa\u00fade","alternateName":"Secretaria Municipal de Sa\u00fade","potentialAction":[{"@type":"SearchAction","target":{"@type":"EntryPoint","urlTemplate":"https:\/\/www.manaus.am.gov.br\/semsa\/?s={search_term_string}"},"query-input":"required name=search_term_string"}],"inLanguage":"pt-BR"},{"@type":"Person","@id":"https:\/\/www.manaus.am.gov.br\/semsa\/#\/schema\/person\/05d223aea2bf115f9883a6ff3683d81b","name":"Bruna Greco","image":{"@type":"ImageObject","inLanguage":"pt-BR","@id":"https:\/\/www.manaus.am.gov.br\/semsa\/#\/schema\/person\/image\/","url":"https:\/\/secure.gravatar.com\/avatar\/9c877d1a6adc2a055330e5c09a8653ce?s=96&d=mm&r=g","contentUrl":"https:\/\/secure.gravatar.com\/avatar\/9c877d1a6adc2a055330e5c09a8653ce?s=96&d=mm&r=g","caption":"Bruna Greco"}}]}},"_links":{"self":[{"href":"https:\/\/www.manaus.am.gov.br\/semsa\/wp-json\/wp\/v2\/posts\/212046"}],"collection":[{"href":"https:\/\/www.manaus.am.gov.br\/semsa\/wp-json\/wp\/v2\/posts"}],"about":[{"href":"https:\/\/www.manaus.am.gov.br\/semsa\/wp-json\/wp\/v2\/types\/post"}],"author":[{"embeddable":true,"href":"https:\/\/www.manaus.am.gov.br\/semsa\/wp-json\/wp\/v2\/users\/39"}],"replies":[{"embeddable":true,"href":"https:\/\/www.manaus.am.gov.br\/semsa\/wp-json\/wp\/v2\/comments?post=212046"}],"version-history":[{"count":0,"href":"https:\/\/www.manaus.am.gov.br\/semsa\/wp-json\/wp\/v2\/posts\/212046\/revisions"}],"wp:featuredmedia":[{"embeddable":true,"href":"https:\/\/www.manaus.am.gov.br\/semsa\/wp-json\/wp\/v2\/media\/212047"}],"wp:attachment":[{"href":"https:\/\/www.manaus.am.gov.br\/semsa\/wp-json\/wp\/v2\/media?parent=212046"}],"wp:term":[{"taxonomy":"category","embeddable":true,"href":"https:\/\/www.manaus.am.gov.br\/semsa\/wp-json\/wp\/v2\/categories?post=212046"},{"taxonomy":"post_tag","embeddable":true,"href":"https:\/\/www.manaus.am.gov.br\/semsa\/wp-json\/wp\/v2\/tags?post=212046"}],"curies":[{"name":"wp","href":"https:\/\/api.w.org\/{rel}","templated":true}]}}