{"id":212020,"date":"2023-05-02T17:18:33","date_gmt":"2023-05-02T21:18:33","guid":{"rendered":"https:\/\/www.manaus.am.gov.br\/semsa\/prefeitura-forma-mais-21-profissionais-da-atencao-primaria-de-manaus-em-curso-sobre-hanseniase\/"},"modified":"2023-05-02T17:18:35","modified_gmt":"2023-05-02T21:18:35","slug":"prefeitura-forma-mais-21-profissionais-da-atencao-primaria-de-manaus-em-curso-sobre-hanseniase","status":"publish","type":"post","link":"https:\/\/www.manaus.am.gov.br\/semsa\/prefeitura-forma-mais-21-profissionais-da-atencao-primaria-de-manaus-em-curso-sobre-hanseniase\/","title":{"rendered":"<strong>Prefeitura forma mais 21 profissionais da Aten\u00e7\u00e3o Prim\u00e1ria de Manaus em curso sobre hansen\u00edase<\/strong>"},"content":{"rendered":"\n<p>A Prefeitura de Manaus formou mais 21 profissionais da rede municipal de sa\u00fade no curso b\u00e1sico em hansen\u00edase para a Aten\u00e7\u00e3o Prim\u00e1ria, nesta ter\u00e7a-feira, 2\/5. Ao todo, 45 m\u00e9dicos, enfermeiros, fisioterapeutas e t\u00e9cnicos dos cinco Distritos de Sa\u00fade (Disa) j\u00e1 participaram da forma\u00e7\u00e3o, realizada pela Secretaria Municipal de Sa\u00fade (Semsa), em parceria com a Funda\u00e7\u00e3o Hospitalar Alfredo da Matta (Fuham).<\/p>\n\n\n\n<p>A segunda turma a participar do curso contou com profissionais de sa\u00fade dos Disas Leste, Rural e Oeste, que tiveram aulas te\u00f3ricas e pr\u00e1ticas abrangendo desde a abordagem at\u00e9 o manejo cl\u00ednico da hansen\u00edase na rede municipal. A capacita\u00e7\u00e3o teve carga hor\u00e1ria de 20 horas, distribu\u00eddas em cinco dias, e aconteceu nas instala\u00e7\u00f5es do Disa Oeste, no bairro da Paz.<\/p>\n\n\n\n<p>A chefe do N\u00facleo de Controle de Hansen\u00edase da Diretoria de Vigil\u00e2ncia Epidemiol\u00f3gica, Ambiental, Zoonoses e da Sa\u00fade do Trabalhador (Nuhan\/Dvae), Ingrid Simone Alves dos Santos, explica que o curso enfoca n\u00e3o apenas habilidades e conhecimentos t\u00e9cnicos espec\u00edficos relativos \u00e0 doen\u00e7a, mas tamb\u00e9m sobre a rede de acolhimento dos pacientes que chegam \u00e0 aten\u00e7\u00e3o prim\u00e1ria.<\/p>\n\n\n\n<p>\u201cEsses profissionais saem do curso munidos de conhecimento sobre como acolher e identificar o paciente, e entendendo melhor a rede e os fluxos de atendimento que devem ser seguidos\u201d, afirma Ingrid.<\/p>\n\n\n\n<p>Conforme Ingrid, o paciente com hansen\u00edase segue um fluxo diverso do Sistema de Regula\u00e7\u00e3o (Sisreg), na medida em que, uma vez diante de um caso suspeito de hansen\u00edase, o profissional de sa\u00fade capacitado entra em contato com o Nuhan para, com o apoio de enfermeiros e m\u00e9dico dermatologista do N\u00facleo, realizar o diagn\u00f3stico. Em casos especiais, o paciente \u00e9 referenciado para policl\u00ednicas da rede.<\/p>\n\n\n\n<p>\u201cDessa forma, o paciente de hansen\u00edase n\u00e3o precisa ficar em busca de atendimentos posteriores, pois ele inicia o atendimento e j\u00e1 \u00e9 fechado o diagn\u00f3stico dentro da unidade. Assim ele se sente acolhido, confort\u00e1vel e seguro de que seu tratamento vai correr com sucesso\u201d, aponta.<\/p>\n\n\n\n<p><strong>Tem\u00e1ticas<\/strong><\/p>\n\n\n\n<p>O curso b\u00e1sico em hansen\u00edase para a Aten\u00e7\u00e3o Prim\u00e1ria abrange a hist\u00f3ria da doen\u00e7a, o cen\u00e1rio epidemiol\u00f3gico e abordagem na APS, focando t\u00f3picos como meio de transmiss\u00e3o, classifica\u00e7\u00e3o cl\u00ednica, diagn\u00f3stico e tratamento. Inclui ainda atualiza\u00e7\u00e3o e revis\u00e3o sobre exame dermatoneurol\u00f3gico, teste de sensibilidade e preven\u00e7\u00e3o de incapacidade, com atividades pr\u00e1ticas. Ao final, as equipes recebem as notas t\u00e9cnicas implantadas e material did\u00e1tico para apoio.<\/p>\n\n\n\n<p>A enfermeira do Disa Oeste, \u00c1urea Navarro, avalia que a capacita\u00e7\u00e3o traz conhecimentos que possibilitam aos profissionais do atendimento b\u00e1sico de sa\u00fade detectar poss\u00edveis casos suspeitos.<\/p>\n\n\n\n<p>\u201cN\u00e3o \u00e9 muito comum a gente ter casos de hansen\u00edase, na minha unidade estamos tendo um caso pela primeira vez. Tudo \u00e9 muito novo para a gente, \u00e9 uma pr\u00e1tica di\u00e1ria, e as informa\u00e7\u00f5es que estamos recebendo neste curso s\u00e3o muito valiosas para fazermos o diagn\u00f3stico precoce, de modo que possamos estar atentos a qualquer les\u00e3o, mancha ou dificuldade de sensibilidade, que antes poderia passar despercebida\u201d, diz.<\/p>\n\n\n\n<p><strong>Programa\u00e7\u00e3o<\/strong><\/p>\n\n\n\n<p>O curso b\u00e1sico em hansen\u00edase para a Aten\u00e7\u00e3o Prim\u00e1ria ter\u00e1 ainda duas outras turmas de profissionais da rede municipal, cada uma com 25 participantes, at\u00e9 o final deste semestre. As atividades est\u00e3o previstas para ocorrer de 12 a 16\/6 e de 19 a 23\/6, em diferentes turnos, reunindo profissionais dos Disas Norte e Sul.<\/p>\n\n\n\n<p>&#8212; &#8212; &#8212;&nbsp;<\/p>\n\n\n\n<p><strong>Texto &#8211;&nbsp;<\/strong>Jony Clay Borges \/ Semsa<\/p>\n\n\n\n<p><strong>Fotos &#8211;&nbsp;<\/strong>Divulga\u00e7\u00e3o \/ Semsa<\/p>\n","protected":false},"excerpt":{"rendered":"","protected":false},"author":31,"featured_media":212021,"comment_status":"closed","ping_status":"closed","sticky":false,"template":"","format":"standard","meta":{"footnotes":""},"categories":[83],"tags":[405,36,768],"acf":[],"yoast_head":"<!-- This site is optimized with the Yoast SEO plugin v23.0 - https:\/\/yoast.com\/wordpress\/plugins\/seo\/ -->\n<title>Prefeitura forma mais 21 profissionais da Aten\u00e7\u00e3o Prim\u00e1ria de Manaus em curso sobre hansen\u00edase - SEMSA<\/title>\n<meta name=\"robots\" content=\"index, follow, max-snippet:-1, max-image-preview:large, max-video-preview:-1\" \/>\n<link rel=\"canonical\" href=\"https:\/\/www.manaus.am.gov.br\/semsa\/prefeitura-forma-mais-21-profissionais-da-atencao-primaria-de-manaus-em-curso-sobre-hanseniase\/\" \/>\n<meta property=\"og:locale\" content=\"pt_BR\" \/>\n<meta property=\"og:type\" content=\"article\" \/>\n<meta property=\"og:title\" content=\"Prefeitura forma mais 21 profissionais da Aten\u00e7\u00e3o Prim\u00e1ria de Manaus em curso sobre hansen\u00edase - SEMSA\" \/>\n<meta property=\"og:url\" content=\"https:\/\/www.manaus.am.gov.br\/semsa\/prefeitura-forma-mais-21-profissionais-da-atencao-primaria-de-manaus-em-curso-sobre-hanseniase\/\" \/>\n<meta property=\"og:site_name\" content=\"SEMSA\" \/>\n<meta property=\"article:published_time\" content=\"2023-05-02T21:18:33+00:00\" \/>\n<meta property=\"article:modified_time\" content=\"2023-05-02T21:18:35+00:00\" \/>\n<meta property=\"og:image\" content=\"https:\/\/www.manaus.am.gov.br\/semsa\/wp-content\/uploads\/sites\/8\/2023\/05\/Maio-02_Curso-Hanseniase-2a-Turma-3.jpg\" \/>\n\t<meta property=\"og:image:width\" content=\"1500\" \/>\n\t<meta property=\"og:image:height\" content=\"1000\" \/>\n\t<meta property=\"og:image:type\" content=\"image\/jpeg\" \/>\n<meta name=\"author\" content=\"Renata Felix\" \/>\n<meta name=\"twitter:card\" content=\"summary_large_image\" \/>\n<meta name=\"twitter:label1\" content=\"Written by\" \/>\n\t<meta name=\"twitter:data1\" content=\"Renata Felix\" \/>\n\t<meta name=\"twitter:label2\" content=\"Est. reading time\" \/>\n\t<meta name=\"twitter:data2\" content=\"3 minutos\" \/>\n<script type=\"application\/ld+json\" class=\"yoast-schema-graph\">{\"@context\":\"https:\/\/schema.org\",\"@graph\":[{\"@type\":\"WebPage\",\"@id\":\"https:\/\/www.manaus.am.gov.br\/semsa\/prefeitura-forma-mais-21-profissionais-da-atencao-primaria-de-manaus-em-curso-sobre-hanseniase\/\",\"url\":\"https:\/\/www.manaus.am.gov.br\/semsa\/prefeitura-forma-mais-21-profissionais-da-atencao-primaria-de-manaus-em-curso-sobre-hanseniase\/\",\"name\":\"Prefeitura forma mais 21 profissionais da Aten\u00e7\u00e3o Prim\u00e1ria de Manaus em curso sobre hansen\u00edase - SEMSA\",\"isPartOf\":{\"@id\":\"https:\/\/www.manaus.am.gov.br\/semsa\/#website\"},\"primaryImageOfPage\":{\"@id\":\"https:\/\/www.manaus.am.gov.br\/semsa\/prefeitura-forma-mais-21-profissionais-da-atencao-primaria-de-manaus-em-curso-sobre-hanseniase\/#primaryimage\"},\"image\":{\"@id\":\"https:\/\/www.manaus.am.gov.br\/semsa\/prefeitura-forma-mais-21-profissionais-da-atencao-primaria-de-manaus-em-curso-sobre-hanseniase\/#primaryimage\"},\"thumbnailUrl\":\"https:\/\/www.manaus.am.gov.br\/semsa\/wp-content\/uploads\/sites\/8\/2023\/05\/Maio-02_Curso-Hanseniase-2a-Turma-3.jpg\",\"datePublished\":\"2023-05-02T21:18:33+00:00\",\"dateModified\":\"2023-05-02T21:18:35+00:00\",\"author\":{\"@id\":\"https:\/\/www.manaus.am.gov.br\/semsa\/#\/schema\/person\/4eea2a8f78dc853097abb026f728aa06\"},\"inLanguage\":\"pt-BR\",\"potentialAction\":[{\"@type\":\"ReadAction\",\"target\":[\"https:\/\/www.manaus.am.gov.br\/semsa\/prefeitura-forma-mais-21-profissionais-da-atencao-primaria-de-manaus-em-curso-sobre-hanseniase\/\"]}]},{\"@type\":\"ImageObject\",\"inLanguage\":\"pt-BR\",\"@id\":\"https:\/\/www.manaus.am.gov.br\/semsa\/prefeitura-forma-mais-21-profissionais-da-atencao-primaria-de-manaus-em-curso-sobre-hanseniase\/#primaryimage\",\"url\":\"https:\/\/www.manaus.am.gov.br\/semsa\/wp-content\/uploads\/sites\/8\/2023\/05\/Maio-02_Curso-Hanseniase-2a-Turma-3.jpg\",\"contentUrl\":\"https:\/\/www.manaus.am.gov.br\/semsa\/wp-content\/uploads\/sites\/8\/2023\/05\/Maio-02_Curso-Hanseniase-2a-Turma-3.jpg\",\"width\":1500,\"height\":1000},{\"@type\":\"WebSite\",\"@id\":\"https:\/\/www.manaus.am.gov.br\/semsa\/#website\",\"url\":\"https:\/\/www.manaus.am.gov.br\/semsa\/\",\"name\":\"SEMSA\",\"description\":\"Secretaria Municipal de Sa\u00fade\",\"alternateName\":\"Secretaria Municipal de Sa\u00fade\",\"potentialAction\":[{\"@type\":\"SearchAction\",\"target\":{\"@type\":\"EntryPoint\",\"urlTemplate\":\"https:\/\/www.manaus.am.gov.br\/semsa\/?s={search_term_string}\"},\"query-input\":\"required name=search_term_string\"}],\"inLanguage\":\"pt-BR\"},{\"@type\":\"Person\",\"@id\":\"https:\/\/www.manaus.am.gov.br\/semsa\/#\/schema\/person\/4eea2a8f78dc853097abb026f728aa06\",\"name\":\"Renata Felix\",\"image\":{\"@type\":\"ImageObject\",\"inLanguage\":\"pt-BR\",\"@id\":\"https:\/\/www.manaus.am.gov.br\/semsa\/#\/schema\/person\/image\/\",\"url\":\"https:\/\/secure.gravatar.com\/avatar\/3c196cf9d3b837b24c8edb2c50fd8f29?s=96&d=mm&r=g\",\"contentUrl\":\"https:\/\/secure.gravatar.com\/avatar\/3c196cf9d3b837b24c8edb2c50fd8f29?s=96&d=mm&r=g\",\"caption\":\"Renata Felix\"}}]}<\/script>\n<!-- \/ Yoast SEO plugin. -->","yoast_head_json":{"title":"Prefeitura forma mais 21 profissionais da Aten\u00e7\u00e3o Prim\u00e1ria de Manaus em curso sobre hansen\u00edase - SEMSA","robots":{"index":"index","follow":"follow","max-snippet":"max-snippet:-1","max-image-preview":"max-image-preview:large","max-video-preview":"max-video-preview:-1"},"canonical":"https:\/\/www.manaus.am.gov.br\/semsa\/prefeitura-forma-mais-21-profissionais-da-atencao-primaria-de-manaus-em-curso-sobre-hanseniase\/","og_locale":"pt_BR","og_type":"article","og_title":"Prefeitura forma mais 21 profissionais da Aten\u00e7\u00e3o Prim\u00e1ria de Manaus em curso sobre hansen\u00edase - SEMSA","og_url":"https:\/\/www.manaus.am.gov.br\/semsa\/prefeitura-forma-mais-21-profissionais-da-atencao-primaria-de-manaus-em-curso-sobre-hanseniase\/","og_site_name":"SEMSA","article_published_time":"2023-05-02T21:18:33+00:00","article_modified_time":"2023-05-02T21:18:35+00:00","og_image":[{"width":1500,"height":1000,"url":"https:\/\/www.manaus.am.gov.br\/semsa\/wp-content\/uploads\/sites\/8\/2023\/05\/Maio-02_Curso-Hanseniase-2a-Turma-3.jpg","type":"image\/jpeg"}],"author":"Renata Felix","twitter_card":"summary_large_image","twitter_misc":{"Written by":"Renata Felix","Est. reading time":"3 minutos"},"schema":{"@context":"https:\/\/schema.org","@graph":[{"@type":"WebPage","@id":"https:\/\/www.manaus.am.gov.br\/semsa\/prefeitura-forma-mais-21-profissionais-da-atencao-primaria-de-manaus-em-curso-sobre-hanseniase\/","url":"https:\/\/www.manaus.am.gov.br\/semsa\/prefeitura-forma-mais-21-profissionais-da-atencao-primaria-de-manaus-em-curso-sobre-hanseniase\/","name":"Prefeitura forma mais 21 profissionais da Aten\u00e7\u00e3o Prim\u00e1ria de Manaus em curso sobre hansen\u00edase - SEMSA","isPartOf":{"@id":"https:\/\/www.manaus.am.gov.br\/semsa\/#website"},"primaryImageOfPage":{"@id":"https:\/\/www.manaus.am.gov.br\/semsa\/prefeitura-forma-mais-21-profissionais-da-atencao-primaria-de-manaus-em-curso-sobre-hanseniase\/#primaryimage"},"image":{"@id":"https:\/\/www.manaus.am.gov.br\/semsa\/prefeitura-forma-mais-21-profissionais-da-atencao-primaria-de-manaus-em-curso-sobre-hanseniase\/#primaryimage"},"thumbnailUrl":"https:\/\/www.manaus.am.gov.br\/semsa\/wp-content\/uploads\/sites\/8\/2023\/05\/Maio-02_Curso-Hanseniase-2a-Turma-3.jpg","datePublished":"2023-05-02T21:18:33+00:00","dateModified":"2023-05-02T21:18:35+00:00","author":{"@id":"https:\/\/www.manaus.am.gov.br\/semsa\/#\/schema\/person\/4eea2a8f78dc853097abb026f728aa06"},"inLanguage":"pt-BR","potentialAction":[{"@type":"ReadAction","target":["https:\/\/www.manaus.am.gov.br\/semsa\/prefeitura-forma-mais-21-profissionais-da-atencao-primaria-de-manaus-em-curso-sobre-hanseniase\/"]}]},{"@type":"ImageObject","inLanguage":"pt-BR","@id":"https:\/\/www.manaus.am.gov.br\/semsa\/prefeitura-forma-mais-21-profissionais-da-atencao-primaria-de-manaus-em-curso-sobre-hanseniase\/#primaryimage","url":"https:\/\/www.manaus.am.gov.br\/semsa\/wp-content\/uploads\/sites\/8\/2023\/05\/Maio-02_Curso-Hanseniase-2a-Turma-3.jpg","contentUrl":"https:\/\/www.manaus.am.gov.br\/semsa\/wp-content\/uploads\/sites\/8\/2023\/05\/Maio-02_Curso-Hanseniase-2a-Turma-3.jpg","width":1500,"height":1000},{"@type":"WebSite","@id":"https:\/\/www.manaus.am.gov.br\/semsa\/#website","url":"https:\/\/www.manaus.am.gov.br\/semsa\/","name":"SEMSA","description":"Secretaria Municipal de Sa\u00fade","alternateName":"Secretaria Municipal de Sa\u00fade","potentialAction":[{"@type":"SearchAction","target":{"@type":"EntryPoint","urlTemplate":"https:\/\/www.manaus.am.gov.br\/semsa\/?s={search_term_string}"},"query-input":"required name=search_term_string"}],"inLanguage":"pt-BR"},{"@type":"Person","@id":"https:\/\/www.manaus.am.gov.br\/semsa\/#\/schema\/person\/4eea2a8f78dc853097abb026f728aa06","name":"Renata Felix","image":{"@type":"ImageObject","inLanguage":"pt-BR","@id":"https:\/\/www.manaus.am.gov.br\/semsa\/#\/schema\/person\/image\/","url":"https:\/\/secure.gravatar.com\/avatar\/3c196cf9d3b837b24c8edb2c50fd8f29?s=96&d=mm&r=g","contentUrl":"https:\/\/secure.gravatar.com\/avatar\/3c196cf9d3b837b24c8edb2c50fd8f29?s=96&d=mm&r=g","caption":"Renata Felix"}}]}},"_links":{"self":[{"href":"https:\/\/www.manaus.am.gov.br\/semsa\/wp-json\/wp\/v2\/posts\/212020"}],"collection":[{"href":"https:\/\/www.manaus.am.gov.br\/semsa\/wp-json\/wp\/v2\/posts"}],"about":[{"href":"https:\/\/www.manaus.am.gov.br\/semsa\/wp-json\/wp\/v2\/types\/post"}],"author":[{"embeddable":true,"href":"https:\/\/www.manaus.am.gov.br\/semsa\/wp-json\/wp\/v2\/users\/31"}],"replies":[{"embeddable":true,"href":"https:\/\/www.manaus.am.gov.br\/semsa\/wp-json\/wp\/v2\/comments?post=212020"}],"version-history":[{"count":0,"href":"https:\/\/www.manaus.am.gov.br\/semsa\/wp-json\/wp\/v2\/posts\/212020\/revisions"}],"wp:featuredmedia":[{"embeddable":true,"href":"https:\/\/www.manaus.am.gov.br\/semsa\/wp-json\/wp\/v2\/media\/212021"}],"wp:attachment":[{"href":"https:\/\/www.manaus.am.gov.br\/semsa\/wp-json\/wp\/v2\/media?parent=212020"}],"wp:term":[{"taxonomy":"category","embeddable":true,"href":"https:\/\/www.manaus.am.gov.br\/semsa\/wp-json\/wp\/v2\/categories?post=212020"},{"taxonomy":"post_tag","embeddable":true,"href":"https:\/\/www.manaus.am.gov.br\/semsa\/wp-json\/wp\/v2\/tags?post=212020"}],"curies":[{"name":"wp","href":"https:\/\/api.w.org\/{rel}","templated":true}]}}