{"id":211701,"date":"2023-04-05T13:33:52","date_gmt":"2023-04-05T17:33:52","guid":{"rendered":"https:\/\/www.manaus.am.gov.br\/semsa\/prefeitura-de-manaus-garante-servicos-basicos-a-populacao-no-feriado-prolongado-da-semana-santa\/"},"modified":"2023-04-05T13:33:54","modified_gmt":"2023-04-05T17:33:54","slug":"prefeitura-de-manaus-garante-servicos-basicos-a-populacao-no-feriado-prolongado-da-semana-santa","status":"publish","type":"post","link":"https:\/\/www.manaus.am.gov.br\/semsa\/prefeitura-de-manaus-garante-servicos-basicos-a-populacao-no-feriado-prolongado-da-semana-santa\/","title":{"rendered":"<strong>Prefeitura de Manaus garante servi\u00e7os b\u00e1sicos \u00e0 popula\u00e7\u00e3o no feriado prolongado da Semana Santa<\/strong>"},"content":{"rendered":"\n<p>A Prefeitura de Manaus informa o funcionamento dos servi\u00e7os essenciais \u00e0 popula\u00e7\u00e3o nesta Quinta-Feira Santa, 6\/4, ponto facultativo no munic\u00edpio, no feriado nacional da Sexta-Feira da Paix\u00e3o, 7\/4, assim como no fim de semana de P\u00e1scoa.<\/p>\n\n\n\n<p>A Secretaria Municipal de Sa\u00fade (Semsa) gerencia quatro servi\u00e7os que ficam \u00e0 disposi\u00e7\u00e3o da popula\u00e7\u00e3o todos os dias, inclusive fins de semana e feriados.<\/p>\n\n\n\n<p>No bairro Compensa, zona Oeste da capital, a maternidade Dr. Moura Tapaj\u00f3z funciona em regime de plant\u00e3o 24 horas, todos os dias, assim como o Servi\u00e7o de Atendimento M\u00f3vel de Urg\u00eancia (Samu), que pode ser acionado para casos de urg\u00eancia pelo n\u00famero 192.<\/p>\n\n\n\n<p>A popula\u00e7\u00e3o tamb\u00e9m poder\u00e1 buscar servi\u00e7os b\u00e1sicos da Aten\u00e7\u00e3o Prim\u00e1ria, como vacina\u00e7\u00e3o do calend\u00e1rio b\u00e1sico, testes r\u00e1pidos de Infec\u00e7\u00f5es Sexualmente Transmiss\u00edveis (ISTs) e procedimentos no Sistema de Regula\u00e7\u00e3o (Sisreg), na cl\u00ednica da fam\u00edlia Carmem Nicolau, localizada na rua Santa Tereza D\u2019\u00c1vila, s\/n\u00ba, bairro Lago Azul, zona Norte, das 8h \u00e0s 18h.<\/p>\n\n\n\n<p>O Centro de Emiss\u00e3o de Declara\u00e7\u00e3o de \u00d3bito por Causa Natural em Domic\u00edlio (Cedo) atende os usu\u00e1rios das 8h \u00e0s 18h, por meio do n\u00famero (92) 98842-8437. Os demais estabelecimentos da rede municipal de sa\u00fade retomam as atividades na segunda-feira, 10\/2.<\/p>\n\n\n\n<p><strong>Limpeza<\/strong><\/p>\n\n\n\n<p>A Secretaria Municipal de Limpeza Urbana (Semulsp) informa que, durante o feriado da Semana Santa, trabalhar\u00e1 em regime de plant\u00e3o. Na sexta-feira, 200 servidores desenvolver\u00e3o os servi\u00e7os de limpeza na cidade, sendo que cem garis atuaram na limpeza dentro dos bairros e os outros cem realizar\u00e3o a varri\u00e7\u00e3o da \u00e1rea central e principais vias. J\u00e1 a coleta domiciliar trabalhar\u00e1 na Sexta-Feira Santa, com a frota reduzida, atendendo as avenidas.<\/p>\n\n\n\n<p><strong>Abastecimento<\/strong><\/p>\n\n\n\n<p>A Secretaria Municipal de Agricultura, Abastecimento, Centro e Com\u00e9rcio&nbsp;Informal (Semacc) informa o funcionamento do mercado municipal Adolpho Lisboa e das tr\u00eas feiras abastecedoras de Manaus, no feriado prolongado da Semana Santa.<\/p>\n\n\n\n<p>O mercado municipal Adolpho Lisboa, na avenida Louren\u00e7o Braga, Centro,&nbsp;funciona das 6h \u00e0s 17h tanto na quinta-feira, 6\/4, quanto no s\u00e1bado,&nbsp;8\/4. No feriado da Sexta-Feira Santa, 7\/4, e no domingo, 9\/4, o mercado abre somente das 6h \u00e0s 12h.<\/p>\n\n\n\n<p>As feiras do Produtor da zona Leste e da Coronel Jorge Teixeira (Manaus Moderna) funcionam das 5h \u00e0s 20h; na quinta-feira, 6\/4, e na sexta-feira, 7\/4, das 5h \u00e0s 12h, e s\u00e1bado e domingo em hor\u00e1rio normal.<\/p>\n\n\n\n<p>A feira municipal da Panair, bairro Educandos, zona Sul, estar\u00e1 aberta das 5h \u00e0s 23h, na quarta-feira, 5\/4, e na quinta-feira, 6\/4. Na sexta-feira, das 5h \u00e0s 12h, s\u00e1bado e domingo funcionam em hor\u00e1rio normal.<\/p>\n\n\n\n<p><strong>Sine Manaus<\/strong><\/p>\n\n\n\n<p>A Secretaria Municipal do Trabalho, Empreendedorismo e Inova\u00e7\u00e3o (Semtepi) informa que o atendimento nos postos do Sine Manaus, localizados na avenida Constantino Nery, zona Sul, e no shopping Phelippe Daou, zona Leste de Manaus, estar\u00e3o suspensos nesta quinta e sexta-feira, 6 e 7\/4, em virtude do ponto facultativo e do feriado religioso da Paix\u00e3o de Cristo.<\/p>\n\n\n\n<p>As atividades retornam normalmente na segunda-feira, 10\/4. N\u00e3o \u00e9 necess\u00e1rio fazer agendamento pr\u00e9vio para acessar os servi\u00e7os. A popula\u00e7\u00e3o pode se dirigir a um dos postos, portando os documentos originais e o cart\u00e3o de vacina\u00e7\u00e3o, com o esquema vacinal completo contra a Covid-19, de segunda a sexta-feira, das 8h \u00e0s 16h.<\/p>\n\n\n\n<p>&#8212; &#8212; &#8212;<\/p>\n\n\n\n<p><strong>Texto<\/strong>&nbsp;\u2013 Divulga\u00e7\u00e3o Semsa\/Semulsp\/Semtepi\/Semacc<\/p>\n\n\n\n<p><strong>Fotos<\/strong>&nbsp;\u2013 Arquivo Semcom (mercad\u00e3o), Dhyeizo Lemos\/Semcom (limpeza) e Arquivo Semsa (Samu)<\/p>\n","protected":false},"excerpt":{"rendered":"","protected":false},"author":23,"featured_media":211702,"comment_status":"closed","ping_status":"closed","sticky":false,"template":"","format":"standard","meta":{"footnotes":""},"categories":[468],"tags":[588,54,589,211],"acf":[],"yoast_head":"<!-- This site is optimized with the Yoast SEO plugin v23.0 - https:\/\/yoast.com\/wordpress\/plugins\/seo\/ -->\n<title>Prefeitura de Manaus garante servi\u00e7os b\u00e1sicos \u00e0 popula\u00e7\u00e3o no feriado prolongado da Semana Santa<\/title>\n<meta name=\"description\" content=\"A Prefeitura de Manaus informa o funcionamento dos servi\u00e7os essenciais \u00e0 popula\u00e7\u00e3o nesta Quinta-Feira Santa, 6\/4, ponto facultativo no munic\u00edpio, no feriado nacional da Sexta-Feira da Paix\u00e3o, 7\/4, assim como no fim de semana de P\u00e1scoa.\" \/>\n<meta name=\"robots\" content=\"index, follow, max-snippet:-1, max-image-preview:large, max-video-preview:-1\" \/>\n<link rel=\"canonical\" href=\"https:\/\/www.manaus.am.gov.br\/semsa\/prefeitura-de-manaus-garante-servicos-basicos-a-populacao-no-feriado-prolongado-da-semana-santa\/\" \/>\n<meta property=\"og:locale\" content=\"pt_BR\" \/>\n<meta property=\"og:type\" content=\"article\" \/>\n<meta property=\"og:title\" content=\"Prefeitura de Manaus garante servi\u00e7os b\u00e1sicos \u00e0 popula\u00e7\u00e3o no feriado prolongado da Semana Santa\" \/>\n<meta property=\"og:description\" content=\"A Prefeitura de Manaus informa o funcionamento dos servi\u00e7os essenciais \u00e0 popula\u00e7\u00e3o nesta Quinta-Feira Santa, 6\/4, ponto facultativo no munic\u00edpio, no feriado nacional da Sexta-Feira da Paix\u00e3o, 7\/4, assim como no fim de semana de P\u00e1scoa.\" \/>\n<meta property=\"og:url\" content=\"https:\/\/www.manaus.am.gov.br\/semsa\/prefeitura-de-manaus-garante-servicos-basicos-a-populacao-no-feriado-prolongado-da-semana-santa\/\" \/>\n<meta property=\"og:site_name\" content=\"SEMSA\" \/>\n<meta property=\"article:published_time\" content=\"2023-04-05T17:33:52+00:00\" \/>\n<meta property=\"article:modified_time\" content=\"2023-04-05T17:33:54+00:00\" \/>\n<meta property=\"og:image\" content=\"https:\/\/www.manaus.am.gov.br\/semsa\/wp-content\/uploads\/sites\/8\/2023\/04\/52306278309_4e31c9d4b6_c.jpg\" \/>\n\t<meta property=\"og:image:width\" content=\"799\" \/>\n\t<meta property=\"og:image:height\" content=\"533\" \/>\n\t<meta property=\"og:image:type\" content=\"image\/jpeg\" \/>\n<meta name=\"author\" content=\"Adriana Costa\" \/>\n<meta name=\"twitter:card\" content=\"summary_large_image\" \/>\n<meta name=\"twitter:label1\" content=\"Written by\" \/>\n\t<meta name=\"twitter:data1\" content=\"Adriana Costa\" \/>\n\t<meta name=\"twitter:label2\" content=\"Est. reading time\" \/>\n\t<meta name=\"twitter:data2\" content=\"3 minutos\" \/>\n<script type=\"application\/ld+json\" class=\"yoast-schema-graph\">{\"@context\":\"https:\/\/schema.org\",\"@graph\":[{\"@type\":\"WebPage\",\"@id\":\"https:\/\/www.manaus.am.gov.br\/semsa\/prefeitura-de-manaus-garante-servicos-basicos-a-populacao-no-feriado-prolongado-da-semana-santa\/\",\"url\":\"https:\/\/www.manaus.am.gov.br\/semsa\/prefeitura-de-manaus-garante-servicos-basicos-a-populacao-no-feriado-prolongado-da-semana-santa\/\",\"name\":\"Prefeitura de Manaus garante servi\u00e7os b\u00e1sicos \u00e0 popula\u00e7\u00e3o no feriado prolongado da Semana Santa\",\"isPartOf\":{\"@id\":\"https:\/\/www.manaus.am.gov.br\/semsa\/#website\"},\"primaryImageOfPage\":{\"@id\":\"https:\/\/www.manaus.am.gov.br\/semsa\/prefeitura-de-manaus-garante-servicos-basicos-a-populacao-no-feriado-prolongado-da-semana-santa\/#primaryimage\"},\"image\":{\"@id\":\"https:\/\/www.manaus.am.gov.br\/semsa\/prefeitura-de-manaus-garante-servicos-basicos-a-populacao-no-feriado-prolongado-da-semana-santa\/#primaryimage\"},\"thumbnailUrl\":\"https:\/\/www.manaus.am.gov.br\/semsa\/wp-content\/uploads\/sites\/8\/2023\/04\/52306278309_4e31c9d4b6_c.jpg\",\"datePublished\":\"2023-04-05T17:33:52+00:00\",\"dateModified\":\"2023-04-05T17:33:54+00:00\",\"author\":{\"@id\":\"https:\/\/www.manaus.am.gov.br\/semsa\/#\/schema\/person\/4e49f4e267757a06ca072ec61b2b9968\"},\"description\":\"A Prefeitura de Manaus informa o funcionamento dos servi\u00e7os essenciais \u00e0 popula\u00e7\u00e3o nesta Quinta-Feira Santa, 6\/4, ponto facultativo no munic\u00edpio, no feriado nacional da Sexta-Feira da Paix\u00e3o, 7\/4, assim como no fim de semana de P\u00e1scoa.\",\"inLanguage\":\"pt-BR\",\"potentialAction\":[{\"@type\":\"ReadAction\",\"target\":[\"https:\/\/www.manaus.am.gov.br\/semsa\/prefeitura-de-manaus-garante-servicos-basicos-a-populacao-no-feriado-prolongado-da-semana-santa\/\"]}]},{\"@type\":\"ImageObject\",\"inLanguage\":\"pt-BR\",\"@id\":\"https:\/\/www.manaus.am.gov.br\/semsa\/prefeitura-de-manaus-garante-servicos-basicos-a-populacao-no-feriado-prolongado-da-semana-santa\/#primaryimage\",\"url\":\"https:\/\/www.manaus.am.gov.br\/semsa\/wp-content\/uploads\/sites\/8\/2023\/04\/52306278309_4e31c9d4b6_c.jpg\",\"contentUrl\":\"https:\/\/www.manaus.am.gov.br\/semsa\/wp-content\/uploads\/sites\/8\/2023\/04\/52306278309_4e31c9d4b6_c.jpg\",\"width\":799,\"height\":533},{\"@type\":\"WebSite\",\"@id\":\"https:\/\/www.manaus.am.gov.br\/semsa\/#website\",\"url\":\"https:\/\/www.manaus.am.gov.br\/semsa\/\",\"name\":\"SEMSA\",\"description\":\"Secretaria Municipal de Sa\u00fade\",\"alternateName\":\"Secretaria Municipal de Sa\u00fade\",\"potentialAction\":[{\"@type\":\"SearchAction\",\"target\":{\"@type\":\"EntryPoint\",\"urlTemplate\":\"https:\/\/www.manaus.am.gov.br\/semsa\/?s={search_term_string}\"},\"query-input\":\"required name=search_term_string\"}],\"inLanguage\":\"pt-BR\"},{\"@type\":\"Person\",\"@id\":\"https:\/\/www.manaus.am.gov.br\/semsa\/#\/schema\/person\/4e49f4e267757a06ca072ec61b2b9968\",\"name\":\"Adriana Costa\",\"image\":{\"@type\":\"ImageObject\",\"inLanguage\":\"pt-BR\",\"@id\":\"https:\/\/www.manaus.am.gov.br\/semsa\/#\/schema\/person\/image\/\",\"url\":\"https:\/\/secure.gravatar.com\/avatar\/576258617ef7194f718179e766d57bd4?s=96&d=mm&r=g\",\"contentUrl\":\"https:\/\/secure.gravatar.com\/avatar\/576258617ef7194f718179e766d57bd4?s=96&d=mm&r=g\",\"caption\":\"Adriana Costa\"}}]}<\/script>\n<!-- \/ Yoast SEO plugin. -->","yoast_head_json":{"title":"Prefeitura de Manaus garante servi\u00e7os b\u00e1sicos \u00e0 popula\u00e7\u00e3o no feriado prolongado da Semana Santa","description":"A Prefeitura de Manaus informa o funcionamento dos servi\u00e7os essenciais \u00e0 popula\u00e7\u00e3o nesta Quinta-Feira Santa, 6\/4, ponto facultativo no munic\u00edpio, no feriado nacional da Sexta-Feira da Paix\u00e3o, 7\/4, assim como no fim de semana de P\u00e1scoa.","robots":{"index":"index","follow":"follow","max-snippet":"max-snippet:-1","max-image-preview":"max-image-preview:large","max-video-preview":"max-video-preview:-1"},"canonical":"https:\/\/www.manaus.am.gov.br\/semsa\/prefeitura-de-manaus-garante-servicos-basicos-a-populacao-no-feriado-prolongado-da-semana-santa\/","og_locale":"pt_BR","og_type":"article","og_title":"Prefeitura de Manaus garante servi\u00e7os b\u00e1sicos \u00e0 popula\u00e7\u00e3o no feriado prolongado da Semana Santa","og_description":"A Prefeitura de Manaus informa o funcionamento dos servi\u00e7os essenciais \u00e0 popula\u00e7\u00e3o nesta Quinta-Feira Santa, 6\/4, ponto facultativo no munic\u00edpio, no feriado nacional da Sexta-Feira da Paix\u00e3o, 7\/4, assim como no fim de semana de P\u00e1scoa.","og_url":"https:\/\/www.manaus.am.gov.br\/semsa\/prefeitura-de-manaus-garante-servicos-basicos-a-populacao-no-feriado-prolongado-da-semana-santa\/","og_site_name":"SEMSA","article_published_time":"2023-04-05T17:33:52+00:00","article_modified_time":"2023-04-05T17:33:54+00:00","og_image":[{"width":799,"height":533,"url":"https:\/\/www.manaus.am.gov.br\/semsa\/wp-content\/uploads\/sites\/8\/2023\/04\/52306278309_4e31c9d4b6_c.jpg","type":"image\/jpeg"}],"author":"Adriana Costa","twitter_card":"summary_large_image","twitter_misc":{"Written by":"Adriana Costa","Est. reading time":"3 minutos"},"schema":{"@context":"https:\/\/schema.org","@graph":[{"@type":"WebPage","@id":"https:\/\/www.manaus.am.gov.br\/semsa\/prefeitura-de-manaus-garante-servicos-basicos-a-populacao-no-feriado-prolongado-da-semana-santa\/","url":"https:\/\/www.manaus.am.gov.br\/semsa\/prefeitura-de-manaus-garante-servicos-basicos-a-populacao-no-feriado-prolongado-da-semana-santa\/","name":"Prefeitura de Manaus garante servi\u00e7os b\u00e1sicos \u00e0 popula\u00e7\u00e3o no feriado prolongado da Semana Santa","isPartOf":{"@id":"https:\/\/www.manaus.am.gov.br\/semsa\/#website"},"primaryImageOfPage":{"@id":"https:\/\/www.manaus.am.gov.br\/semsa\/prefeitura-de-manaus-garante-servicos-basicos-a-populacao-no-feriado-prolongado-da-semana-santa\/#primaryimage"},"image":{"@id":"https:\/\/www.manaus.am.gov.br\/semsa\/prefeitura-de-manaus-garante-servicos-basicos-a-populacao-no-feriado-prolongado-da-semana-santa\/#primaryimage"},"thumbnailUrl":"https:\/\/www.manaus.am.gov.br\/semsa\/wp-content\/uploads\/sites\/8\/2023\/04\/52306278309_4e31c9d4b6_c.jpg","datePublished":"2023-04-05T17:33:52+00:00","dateModified":"2023-04-05T17:33:54+00:00","author":{"@id":"https:\/\/www.manaus.am.gov.br\/semsa\/#\/schema\/person\/4e49f4e267757a06ca072ec61b2b9968"},"description":"A Prefeitura de Manaus informa o funcionamento dos servi\u00e7os essenciais \u00e0 popula\u00e7\u00e3o nesta Quinta-Feira Santa, 6\/4, ponto facultativo no munic\u00edpio, no feriado nacional da Sexta-Feira da Paix\u00e3o, 7\/4, assim como no fim de semana de P\u00e1scoa.","inLanguage":"pt-BR","potentialAction":[{"@type":"ReadAction","target":["https:\/\/www.manaus.am.gov.br\/semsa\/prefeitura-de-manaus-garante-servicos-basicos-a-populacao-no-feriado-prolongado-da-semana-santa\/"]}]},{"@type":"ImageObject","inLanguage":"pt-BR","@id":"https:\/\/www.manaus.am.gov.br\/semsa\/prefeitura-de-manaus-garante-servicos-basicos-a-populacao-no-feriado-prolongado-da-semana-santa\/#primaryimage","url":"https:\/\/www.manaus.am.gov.br\/semsa\/wp-content\/uploads\/sites\/8\/2023\/04\/52306278309_4e31c9d4b6_c.jpg","contentUrl":"https:\/\/www.manaus.am.gov.br\/semsa\/wp-content\/uploads\/sites\/8\/2023\/04\/52306278309_4e31c9d4b6_c.jpg","width":799,"height":533},{"@type":"WebSite","@id":"https:\/\/www.manaus.am.gov.br\/semsa\/#website","url":"https:\/\/www.manaus.am.gov.br\/semsa\/","name":"SEMSA","description":"Secretaria Municipal de Sa\u00fade","alternateName":"Secretaria Municipal de Sa\u00fade","potentialAction":[{"@type":"SearchAction","target":{"@type":"EntryPoint","urlTemplate":"https:\/\/www.manaus.am.gov.br\/semsa\/?s={search_term_string}"},"query-input":"required name=search_term_string"}],"inLanguage":"pt-BR"},{"@type":"Person","@id":"https:\/\/www.manaus.am.gov.br\/semsa\/#\/schema\/person\/4e49f4e267757a06ca072ec61b2b9968","name":"Adriana Costa","image":{"@type":"ImageObject","inLanguage":"pt-BR","@id":"https:\/\/www.manaus.am.gov.br\/semsa\/#\/schema\/person\/image\/","url":"https:\/\/secure.gravatar.com\/avatar\/576258617ef7194f718179e766d57bd4?s=96&d=mm&r=g","contentUrl":"https:\/\/secure.gravatar.com\/avatar\/576258617ef7194f718179e766d57bd4?s=96&d=mm&r=g","caption":"Adriana Costa"}}]}},"_links":{"self":[{"href":"https:\/\/www.manaus.am.gov.br\/semsa\/wp-json\/wp\/v2\/posts\/211701"}],"collection":[{"href":"https:\/\/www.manaus.am.gov.br\/semsa\/wp-json\/wp\/v2\/posts"}],"about":[{"href":"https:\/\/www.manaus.am.gov.br\/semsa\/wp-json\/wp\/v2\/types\/post"}],"author":[{"embeddable":true,"href":"https:\/\/www.manaus.am.gov.br\/semsa\/wp-json\/wp\/v2\/users\/23"}],"replies":[{"embeddable":true,"href":"https:\/\/www.manaus.am.gov.br\/semsa\/wp-json\/wp\/v2\/comments?post=211701"}],"version-history":[{"count":0,"href":"https:\/\/www.manaus.am.gov.br\/semsa\/wp-json\/wp\/v2\/posts\/211701\/revisions"}],"wp:featuredmedia":[{"embeddable":true,"href":"https:\/\/www.manaus.am.gov.br\/semsa\/wp-json\/wp\/v2\/media\/211702"}],"wp:attachment":[{"href":"https:\/\/www.manaus.am.gov.br\/semsa\/wp-json\/wp\/v2\/media?parent=211701"}],"wp:term":[{"taxonomy":"category","embeddable":true,"href":"https:\/\/www.manaus.am.gov.br\/semsa\/wp-json\/wp\/v2\/categories?post=211701"},{"taxonomy":"post_tag","embeddable":true,"href":"https:\/\/www.manaus.am.gov.br\/semsa\/wp-json\/wp\/v2\/tags?post=211701"}],"curies":[{"name":"wp","href":"https:\/\/api.w.org\/{rel}","templated":true}]}}