{"id":210946,"date":"2023-03-23T10:43:57","date_gmt":"2023-03-23T14:43:57","guid":{"rendered":"https:\/\/www.manaus.am.gov.br\/semsa\/prefeitura-de-manaus-anuncia-abertura-das-inscricoes-para-a-1a-mostra-manaus-aqui-tem-sus\/"},"modified":"2023-03-24T08:55:01","modified_gmt":"2023-03-24T12:55:01","slug":"prefeitura-de-manaus-anuncia-abertura-das-inscricoes-para-a-1a-mostra-manaus-aqui-tem-sus","status":"publish","type":"post","link":"https:\/\/www.manaus.am.gov.br\/semsa\/prefeitura-de-manaus-anuncia-abertura-das-inscricoes-para-a-1a-mostra-manaus-aqui-tem-sus\/","title":{"rendered":"Prefeitura de Manaus anuncia abertura das inscri\u00e7\u00f5es para a 1\u00aa Mostra \u2018Manaus, Aqui Tem SUS\u2019"},"content":{"rendered":"\n<p>A Prefeitura de Manaus, por meio da Secretaria Municipal de Sa\u00fade (Semsa), anuncia que as inscri\u00e7\u00f5es para a 1\u00aa Mostra \u201cManaus, Aqui Tem SUS\u201d \u2013 Edi\u00e7\u00e3o 2023 ser\u00e3o abertas nesta quinta-feira, 23\/3. O evento, marcado para o dia 14\/4, busca fortalecer e dar visibilidade \u00e0s experi\u00eancias inovadoras desenvolvidas no Sistema \u00danico de Sa\u00fade (SUS), no \u00e2mbito municipal.<\/p>\n\n\n\n<p>O subsecret\u00e1rio municipal de Gest\u00e3o da Sa\u00fade, Djalma Coelho, informa que o regulamento da mostra foi publicado na Edi\u00e7\u00e3o 5.551 do Di\u00e1rio Oficial do Munic\u00edpio (DOM), de 22 de mar\u00e7o de 2023, com todos os crit\u00e9rios para as inscri\u00e7\u00f5es, prazos, sele\u00e7\u00e3o e avalia\u00e7\u00e3o dos trabalhos, apresenta\u00e7\u00e3o, entre outros pontos.<\/p>\n\n\n\n<p>\u201cSer\u00e1 um evento significativo para colocar em evid\u00eancia as estrat\u00e9gias inovadoras e bem-sucedidas que est\u00e3o sendo realizadas em Manaus para aprimorar o SUS. Temos o objetivo de compartilhar essas experi\u00eancias, estimular e fortalecer as a\u00e7\u00f5es que garantem o direito \u00e0 sa\u00fade, e promover um espa\u00e7o para troca de experi\u00eancias entre trabalhadores e gestores do sistema\u201d, afirma Djalma.<\/p>\n\n\n\n<p>A mostra municipal ir\u00e1 anteceder a realiza\u00e7\u00e3o da 4\u00aa Mostra Amazonas Aqui Tem SUS, coordenada pelo Conselho de Secretarias Municipais de Sa\u00fade do Amazonas (Cosems\/AM). As tr\u00eas experi\u00eancias vencedoras da Mostra Manaus, Aqui Tem SUS ser\u00e3o submetidas para a etapa estadual, que ser\u00e1 realizada nos dias 25 e 26\/4.<\/p>\n\n\n\n<p>Djalma explica que as inscri\u00e7\u00f5es poder\u00e3o ser efetuadas at\u00e9 o dia 30\/3, mediante preenchimento e envio da ficha de inscri\u00e7\u00e3o dispon\u00edvel no link&nbsp;<a href=\"http:\/\/bit.ly\/IMOSTRAMANAUS\" target=\"_blank\" rel=\"noreferrer noopener\">bit.ly\/IMOSTRAMANAUS<\/a>. A divulga\u00e7\u00e3o da lista dos trabalhos v\u00e1lidos inscritos na mostra ser\u00e1 divulgada no dia 31 deste m\u00eas.<\/p>\n\n\n\n<p>\u201cSer\u00e3o considerados aptos para participa\u00e7\u00e3o na mostra os trabalhos escritos e executados por profissionais, trabalhadores e gestores do SUS, que atuem no \u00e2mbito municipal, e que retratem experi\u00eancias das equipes de trabalhadores da Semsa, incluindo aquelas executadas de forma compartilhada, cooperada, intersetorial ou interfederativa nos territ\u00f3rios da capital\u201d, acrescenta o subsecret\u00e1rio.<\/p>\n\n\n\n<p>Ainda de acordo com Djalma, as experi\u00eancias submetidas \u00e0 Mostra \u201cManaus, Aqui Tem SUS\u201d devem ter sido efetivamente implementadas e consideradas bem-sucedidas, no sentido de estar contribuindo para a gest\u00e3o do SUS e para a garantia do direito \u00e0 sa\u00fade da popula\u00e7\u00e3o.<\/p>\n\n\n\n<p>Os trabalhos inscritos ir\u00e3o passar por uma avalia\u00e7\u00e3o escrita, entre os dias 1\u00ba e 4\/4, por uma banca formada por avaliadores externos. No dia 5\/4, ser\u00e1 divulgada a lista dos trabalhos selecionados para a etapa de apresenta\u00e7\u00e3o oral durante a mostra.<\/p>\n\n\n\n<p><strong>&#8212; &#8212; &#8212;<\/strong><\/p>\n\n\n\n<p><strong>Texto<\/strong>&nbsp;&#8211; Victor Cruz \/ Semsa<\/p>\n\n\n\n<p><strong>Fotos<\/strong>&nbsp;&#8211; Divulga\u00e7\u00e3o \/ Semsa<\/p>\n","protected":false},"excerpt":{"rendered":"","protected":false},"author":24,"featured_media":210947,"comment_status":"closed","ping_status":"closed","sticky":false,"template":"","format":"standard","meta":{"footnotes":""},"categories":[478],"tags":[479,480,51,481,54,55,28,387,388,482],"acf":[],"yoast_head":"<!-- This site is optimized with the Yoast SEO plugin v23.0 - https:\/\/yoast.com\/wordpress\/plugins\/seo\/ -->\n<title>Prefeitura de Manaus anuncia abertura das inscri\u00e7\u00f5es para a 1\u00aa Mostra \u2018Manaus, Aqui Tem SUS\u2019<\/title>\n<meta name=\"description\" content=\"A Prefeitura de Manaus, por meio da Secretaria Municipal de Sa\u00fade (Semsa), anuncia que as inscri\u00e7\u00f5es para a 1\u00aa Mostra \u201cManaus, Aqui Tem SUS\u201d \u2013 Edi\u00e7\u00e3o 2023 ser\u00e3o abertas nesta quinta-feira, 23\/3.\" \/>\n<meta name=\"robots\" content=\"index, follow, max-snippet:-1, max-image-preview:large, max-video-preview:-1\" \/>\n<link rel=\"canonical\" href=\"https:\/\/www.manaus.am.gov.br\/semsa\/prefeitura-de-manaus-anuncia-abertura-das-inscricoes-para-a-1a-mostra-manaus-aqui-tem-sus\/\" \/>\n<meta property=\"og:locale\" content=\"pt_BR\" \/>\n<meta property=\"og:type\" content=\"article\" \/>\n<meta property=\"og:title\" content=\"Prefeitura de Manaus anuncia abertura das inscri\u00e7\u00f5es para a 1\u00aa Mostra \u2018Manaus, Aqui Tem SUS\u2019\" \/>\n<meta property=\"og:description\" content=\"A Prefeitura de Manaus, por meio da Secretaria Municipal de Sa\u00fade (Semsa), anuncia que as inscri\u00e7\u00f5es para a 1\u00aa Mostra \u201cManaus, Aqui Tem SUS\u201d \u2013 Edi\u00e7\u00e3o 2023 ser\u00e3o abertas nesta quinta-feira, 23\/3.\" \/>\n<meta property=\"og:url\" content=\"https:\/\/www.manaus.am.gov.br\/semsa\/prefeitura-de-manaus-anuncia-abertura-das-inscricoes-para-a-1a-mostra-manaus-aqui-tem-sus\/\" \/>\n<meta property=\"og:site_name\" content=\"SEMSA\" \/>\n<meta property=\"article:published_time\" content=\"2023-03-23T14:43:57+00:00\" \/>\n<meta property=\"article:modified_time\" content=\"2023-03-24T12:55:01+00:00\" \/>\n<meta property=\"og:image\" content=\"https:\/\/www.manaus.am.gov.br\/semsa\/wp-content\/uploads\/sites\/8\/2023\/03\/ATENDIMENTO-EM-SAUDE-SEMSA-MANAUS.jpg\" \/>\n\t<meta property=\"og:image:width\" content=\"1280\" \/>\n\t<meta property=\"og:image:height\" content=\"853\" \/>\n\t<meta property=\"og:image:type\" content=\"image\/jpeg\" \/>\n<meta name=\"author\" content=\"Cl\u00e1udia Barbosa\" \/>\n<meta name=\"twitter:card\" content=\"summary_large_image\" \/>\n<meta name=\"twitter:label1\" content=\"Written by\" \/>\n\t<meta name=\"twitter:data1\" content=\"Cl\u00e1udia Barbosa\" \/>\n\t<meta name=\"twitter:label2\" content=\"Est. reading time\" \/>\n\t<meta name=\"twitter:data2\" content=\"3 minutos\" \/>\n<script type=\"application\/ld+json\" class=\"yoast-schema-graph\">{\"@context\":\"https:\/\/schema.org\",\"@graph\":[{\"@type\":\"WebPage\",\"@id\":\"https:\/\/www.manaus.am.gov.br\/semsa\/prefeitura-de-manaus-anuncia-abertura-das-inscricoes-para-a-1a-mostra-manaus-aqui-tem-sus\/\",\"url\":\"https:\/\/www.manaus.am.gov.br\/semsa\/prefeitura-de-manaus-anuncia-abertura-das-inscricoes-para-a-1a-mostra-manaus-aqui-tem-sus\/\",\"name\":\"Prefeitura de Manaus anuncia abertura das inscri\u00e7\u00f5es para a 1\u00aa Mostra \u2018Manaus, Aqui Tem SUS\u2019\",\"isPartOf\":{\"@id\":\"https:\/\/www.manaus.am.gov.br\/semsa\/#website\"},\"primaryImageOfPage\":{\"@id\":\"https:\/\/www.manaus.am.gov.br\/semsa\/prefeitura-de-manaus-anuncia-abertura-das-inscricoes-para-a-1a-mostra-manaus-aqui-tem-sus\/#primaryimage\"},\"image\":{\"@id\":\"https:\/\/www.manaus.am.gov.br\/semsa\/prefeitura-de-manaus-anuncia-abertura-das-inscricoes-para-a-1a-mostra-manaus-aqui-tem-sus\/#primaryimage\"},\"thumbnailUrl\":\"https:\/\/www.manaus.am.gov.br\/semsa\/wp-content\/uploads\/sites\/8\/2023\/03\/ATENDIMENTO-EM-SAUDE-SEMSA-MANAUS.jpg\",\"datePublished\":\"2023-03-23T14:43:57+00:00\",\"dateModified\":\"2023-03-24T12:55:01+00:00\",\"author\":{\"@id\":\"https:\/\/www.manaus.am.gov.br\/semsa\/#\/schema\/person\/d0a166b5031154c33c77794ddc9a827e\"},\"description\":\"A Prefeitura de Manaus, por meio da Secretaria Municipal de Sa\u00fade (Semsa), anuncia que as inscri\u00e7\u00f5es para a 1\u00aa Mostra \u201cManaus, Aqui Tem SUS\u201d \u2013 Edi\u00e7\u00e3o 2023 ser\u00e3o abertas nesta quinta-feira, 23\/3.\",\"inLanguage\":\"pt-BR\",\"potentialAction\":[{\"@type\":\"ReadAction\",\"target\":[\"https:\/\/www.manaus.am.gov.br\/semsa\/prefeitura-de-manaus-anuncia-abertura-das-inscricoes-para-a-1a-mostra-manaus-aqui-tem-sus\/\"]}]},{\"@type\":\"ImageObject\",\"inLanguage\":\"pt-BR\",\"@id\":\"https:\/\/www.manaus.am.gov.br\/semsa\/prefeitura-de-manaus-anuncia-abertura-das-inscricoes-para-a-1a-mostra-manaus-aqui-tem-sus\/#primaryimage\",\"url\":\"https:\/\/www.manaus.am.gov.br\/semsa\/wp-content\/uploads\/sites\/8\/2023\/03\/ATENDIMENTO-EM-SAUDE-SEMSA-MANAUS.jpg\",\"contentUrl\":\"https:\/\/www.manaus.am.gov.br\/semsa\/wp-content\/uploads\/sites\/8\/2023\/03\/ATENDIMENTO-EM-SAUDE-SEMSA-MANAUS.jpg\",\"width\":1280,\"height\":853},{\"@type\":\"WebSite\",\"@id\":\"https:\/\/www.manaus.am.gov.br\/semsa\/#website\",\"url\":\"https:\/\/www.manaus.am.gov.br\/semsa\/\",\"name\":\"SEMSA\",\"description\":\"Secretaria Municipal de Sa\u00fade\",\"alternateName\":\"Secretaria Municipal de Sa\u00fade\",\"potentialAction\":[{\"@type\":\"SearchAction\",\"target\":{\"@type\":\"EntryPoint\",\"urlTemplate\":\"https:\/\/www.manaus.am.gov.br\/semsa\/?s={search_term_string}\"},\"query-input\":\"required name=search_term_string\"}],\"inLanguage\":\"pt-BR\"},{\"@type\":\"Person\",\"@id\":\"https:\/\/www.manaus.am.gov.br\/semsa\/#\/schema\/person\/d0a166b5031154c33c77794ddc9a827e\",\"name\":\"Cl\u00e1udia Barbosa\",\"image\":{\"@type\":\"ImageObject\",\"inLanguage\":\"pt-BR\",\"@id\":\"https:\/\/www.manaus.am.gov.br\/semsa\/#\/schema\/person\/image\/\",\"url\":\"https:\/\/secure.gravatar.com\/avatar\/42958a1cf007f1a00534009218c72590?s=96&d=mm&r=g\",\"contentUrl\":\"https:\/\/secure.gravatar.com\/avatar\/42958a1cf007f1a00534009218c72590?s=96&d=mm&r=g\",\"caption\":\"Cl\u00e1udia Barbosa\"}}]}<\/script>\n<!-- \/ Yoast SEO plugin. -->","yoast_head_json":{"title":"Prefeitura de Manaus anuncia abertura das inscri\u00e7\u00f5es para a 1\u00aa Mostra \u2018Manaus, Aqui Tem SUS\u2019","description":"A Prefeitura de Manaus, por meio da Secretaria Municipal de Sa\u00fade (Semsa), anuncia que as inscri\u00e7\u00f5es para a 1\u00aa Mostra \u201cManaus, Aqui Tem SUS\u201d \u2013 Edi\u00e7\u00e3o 2023 ser\u00e3o abertas nesta quinta-feira, 23\/3.","robots":{"index":"index","follow":"follow","max-snippet":"max-snippet:-1","max-image-preview":"max-image-preview:large","max-video-preview":"max-video-preview:-1"},"canonical":"https:\/\/www.manaus.am.gov.br\/semsa\/prefeitura-de-manaus-anuncia-abertura-das-inscricoes-para-a-1a-mostra-manaus-aqui-tem-sus\/","og_locale":"pt_BR","og_type":"article","og_title":"Prefeitura de Manaus anuncia abertura das inscri\u00e7\u00f5es para a 1\u00aa Mostra \u2018Manaus, Aqui Tem SUS\u2019","og_description":"A Prefeitura de Manaus, por meio da Secretaria Municipal de Sa\u00fade (Semsa), anuncia que as inscri\u00e7\u00f5es para a 1\u00aa Mostra \u201cManaus, Aqui Tem SUS\u201d \u2013 Edi\u00e7\u00e3o 2023 ser\u00e3o abertas nesta quinta-feira, 23\/3.","og_url":"https:\/\/www.manaus.am.gov.br\/semsa\/prefeitura-de-manaus-anuncia-abertura-das-inscricoes-para-a-1a-mostra-manaus-aqui-tem-sus\/","og_site_name":"SEMSA","article_published_time":"2023-03-23T14:43:57+00:00","article_modified_time":"2023-03-24T12:55:01+00:00","og_image":[{"width":1280,"height":853,"url":"https:\/\/www.manaus.am.gov.br\/semsa\/wp-content\/uploads\/sites\/8\/2023\/03\/ATENDIMENTO-EM-SAUDE-SEMSA-MANAUS.jpg","type":"image\/jpeg"}],"author":"Cl\u00e1udia Barbosa","twitter_card":"summary_large_image","twitter_misc":{"Written by":"Cl\u00e1udia Barbosa","Est. reading time":"3 minutos"},"schema":{"@context":"https:\/\/schema.org","@graph":[{"@type":"WebPage","@id":"https:\/\/www.manaus.am.gov.br\/semsa\/prefeitura-de-manaus-anuncia-abertura-das-inscricoes-para-a-1a-mostra-manaus-aqui-tem-sus\/","url":"https:\/\/www.manaus.am.gov.br\/semsa\/prefeitura-de-manaus-anuncia-abertura-das-inscricoes-para-a-1a-mostra-manaus-aqui-tem-sus\/","name":"Prefeitura de Manaus anuncia abertura das inscri\u00e7\u00f5es para a 1\u00aa Mostra \u2018Manaus, Aqui Tem SUS\u2019","isPartOf":{"@id":"https:\/\/www.manaus.am.gov.br\/semsa\/#website"},"primaryImageOfPage":{"@id":"https:\/\/www.manaus.am.gov.br\/semsa\/prefeitura-de-manaus-anuncia-abertura-das-inscricoes-para-a-1a-mostra-manaus-aqui-tem-sus\/#primaryimage"},"image":{"@id":"https:\/\/www.manaus.am.gov.br\/semsa\/prefeitura-de-manaus-anuncia-abertura-das-inscricoes-para-a-1a-mostra-manaus-aqui-tem-sus\/#primaryimage"},"thumbnailUrl":"https:\/\/www.manaus.am.gov.br\/semsa\/wp-content\/uploads\/sites\/8\/2023\/03\/ATENDIMENTO-EM-SAUDE-SEMSA-MANAUS.jpg","datePublished":"2023-03-23T14:43:57+00:00","dateModified":"2023-03-24T12:55:01+00:00","author":{"@id":"https:\/\/www.manaus.am.gov.br\/semsa\/#\/schema\/person\/d0a166b5031154c33c77794ddc9a827e"},"description":"A Prefeitura de Manaus, por meio da Secretaria Municipal de Sa\u00fade (Semsa), anuncia que as inscri\u00e7\u00f5es para a 1\u00aa Mostra \u201cManaus, Aqui Tem SUS\u201d \u2013 Edi\u00e7\u00e3o 2023 ser\u00e3o abertas nesta quinta-feira, 23\/3.","inLanguage":"pt-BR","potentialAction":[{"@type":"ReadAction","target":["https:\/\/www.manaus.am.gov.br\/semsa\/prefeitura-de-manaus-anuncia-abertura-das-inscricoes-para-a-1a-mostra-manaus-aqui-tem-sus\/"]}]},{"@type":"ImageObject","inLanguage":"pt-BR","@id":"https:\/\/www.manaus.am.gov.br\/semsa\/prefeitura-de-manaus-anuncia-abertura-das-inscricoes-para-a-1a-mostra-manaus-aqui-tem-sus\/#primaryimage","url":"https:\/\/www.manaus.am.gov.br\/semsa\/wp-content\/uploads\/sites\/8\/2023\/03\/ATENDIMENTO-EM-SAUDE-SEMSA-MANAUS.jpg","contentUrl":"https:\/\/www.manaus.am.gov.br\/semsa\/wp-content\/uploads\/sites\/8\/2023\/03\/ATENDIMENTO-EM-SAUDE-SEMSA-MANAUS.jpg","width":1280,"height":853},{"@type":"WebSite","@id":"https:\/\/www.manaus.am.gov.br\/semsa\/#website","url":"https:\/\/www.manaus.am.gov.br\/semsa\/","name":"SEMSA","description":"Secretaria Municipal de Sa\u00fade","alternateName":"Secretaria Municipal de Sa\u00fade","potentialAction":[{"@type":"SearchAction","target":{"@type":"EntryPoint","urlTemplate":"https:\/\/www.manaus.am.gov.br\/semsa\/?s={search_term_string}"},"query-input":"required name=search_term_string"}],"inLanguage":"pt-BR"},{"@type":"Person","@id":"https:\/\/www.manaus.am.gov.br\/semsa\/#\/schema\/person\/d0a166b5031154c33c77794ddc9a827e","name":"Cl\u00e1udia Barbosa","image":{"@type":"ImageObject","inLanguage":"pt-BR","@id":"https:\/\/www.manaus.am.gov.br\/semsa\/#\/schema\/person\/image\/","url":"https:\/\/secure.gravatar.com\/avatar\/42958a1cf007f1a00534009218c72590?s=96&d=mm&r=g","contentUrl":"https:\/\/secure.gravatar.com\/avatar\/42958a1cf007f1a00534009218c72590?s=96&d=mm&r=g","caption":"Cl\u00e1udia Barbosa"}}]}},"_links":{"self":[{"href":"https:\/\/www.manaus.am.gov.br\/semsa\/wp-json\/wp\/v2\/posts\/210946"}],"collection":[{"href":"https:\/\/www.manaus.am.gov.br\/semsa\/wp-json\/wp\/v2\/posts"}],"about":[{"href":"https:\/\/www.manaus.am.gov.br\/semsa\/wp-json\/wp\/v2\/types\/post"}],"author":[{"embeddable":true,"href":"https:\/\/www.manaus.am.gov.br\/semsa\/wp-json\/wp\/v2\/users\/24"}],"replies":[{"embeddable":true,"href":"https:\/\/www.manaus.am.gov.br\/semsa\/wp-json\/wp\/v2\/comments?post=210946"}],"version-history":[{"count":1,"href":"https:\/\/www.manaus.am.gov.br\/semsa\/wp-json\/wp\/v2\/posts\/210946\/revisions"}],"predecessor-version":[{"id":210959,"href":"https:\/\/www.manaus.am.gov.br\/semsa\/wp-json\/wp\/v2\/posts\/210946\/revisions\/210959"}],"wp:featuredmedia":[{"embeddable":true,"href":"https:\/\/www.manaus.am.gov.br\/semsa\/wp-json\/wp\/v2\/media\/210947"}],"wp:attachment":[{"href":"https:\/\/www.manaus.am.gov.br\/semsa\/wp-json\/wp\/v2\/media?parent=210946"}],"wp:term":[{"taxonomy":"category","embeddable":true,"href":"https:\/\/www.manaus.am.gov.br\/semsa\/wp-json\/wp\/v2\/categories?post=210946"},{"taxonomy":"post_tag","embeddable":true,"href":"https:\/\/www.manaus.am.gov.br\/semsa\/wp-json\/wp\/v2\/tags?post=210946"}],"curies":[{"name":"wp","href":"https:\/\/api.w.org\/{rel}","templated":true}]}}