{"id":210943,"date":"2023-03-22T16:27:57","date_gmt":"2023-03-22T20:27:57","guid":{"rendered":"https:\/\/www.manaus.am.gov.br\/semsa\/unidade-movel-do-ccz-da-prefeitura-de-manaus-realiza-castracao-de-gatos-no-bairro-jorge-teixeira\/"},"modified":"2023-03-23T17:51:18","modified_gmt":"2023-03-23T21:51:18","slug":"unidade-movel-do-ccz-da-prefeitura-de-manaus-realiza-castracao-de-gatos-no-bairro-jorge-teixeira","status":"publish","type":"post","link":"https:\/\/www.manaus.am.gov.br\/semsa\/unidade-movel-do-ccz-da-prefeitura-de-manaus-realiza-castracao-de-gatos-no-bairro-jorge-teixeira\/","title":{"rendered":"Unidade M\u00f3vel do CCZ da Prefeitura de Manaus realiza castra\u00e7\u00e3o de gatos no bairro Jorge Teixeira"},"content":{"rendered":"\n<p>Como parte do trabalho de controle populacional de animais e preven\u00e7\u00e3o na dissemina\u00e7\u00e3o de doen\u00e7as, o Centro de Controle de Zoonoses (CCZ) Dr. Carlos Durand, da Prefeitura de Manaus, agendou a castra\u00e7\u00e3o de 250 gatos em a\u00e7\u00e3o realizada no bairro Jorge Teixeira, zona Leste.<\/p>\n\n\n\n<p>O agendamento para o servi\u00e7o foi disponibilizado no dia 16\/3 e o procedimento cir\u00fargico foi iniciado na segunda-feira, 20, e ser\u00e1 encerrado na sexta-feira, 24, com o apoio da Unidade M\u00f3vel do CCZ, instalada na sede do Distrito de Sa\u00fade (Disa) Leste, no bairro Jorge Teixeira, facilitando o acesso da popula\u00e7\u00e3o ao atendimento.<\/p>\n\n\n\n<p>O diretor do CCZ, Rodrigo Ara\u00fajo, informa que a oferta do servi\u00e7o no Jorge Teixeira, com 50 procedimentos cir\u00fargicos di\u00e1rios, faz parte de uma a\u00e7\u00e3o que busca priorizar bairros em que h\u00e1 maior registro de casos de esporotricose, zoonose que afeta pessoas e animais, especialmente gatos.<\/p>\n\n\n\n<p>\u201cO CCZ tem a fun\u00e7\u00e3o de controle das doen\u00e7as que os animais podem transmitir para os humanos. E a castra\u00e7\u00e3o \u00e9 uma das melhores formas de fazer o controle epidemiol\u00f3gico das zoonoses. Com menos animais nas ruas, menores s\u00e3o as chances de propaga\u00e7\u00e3o de doen\u00e7as. As possibilidades de um animal ser acometido, por exemplo, pela raiva e de transmitir para outros animais, diminuem significativamente. Os gatos t\u00eam o h\u00e1bito de brigar pelo territ\u00f3rio e at\u00e9 mesmo no acasalamento, \u00e0s vezes, acabam se machucando com as unhas, o que torna mais f\u00e1cil a transmiss\u00e3o da esporotricose, que vem se alastrando nos bairros da cidade\u201d, explica Rodrigo.<\/p>\n\n\n\n<p>Al\u00e9m da a\u00e7\u00e3o no bairro Jorge Teixeira, o CCZ oferece na rotina de servi\u00e7o o agendamento de castra\u00e7\u00e3o de c\u00e3es e gatos a cada 15 dias no sistema \u201cCCZ Cidad\u00e3o\u201d, no endere\u00e7o eletr\u00f4nico&nbsp;<a href=\"http:\/\/ccz.manaus.am.gov.br\/\" target=\"_blank\" rel=\"noreferrer noopener\">http:\/\/ccz.manaus.am.gov.br<\/a>&nbsp;, com procedimento cir\u00fargico realizado na sede do CCZ, no bairro Compensa.<\/p>\n\n\n\n<p>\u201cNo caso dos c\u00e3es, o controle populacional por meio da castra\u00e7\u00e3o tamb\u00e9m vai reduzir o risco de ter animais na rua rasgando lixo, defecando e causando acidentes de tr\u00e2nsito. O CCZ faz esse trabalho procurando controlar todos esses problemas na cidade e no ano passado foram realizadas aproximadamente seis mil castra\u00e7\u00f5es pela Prefeitura de Manaus\u201d, informa Rodrigo.<\/p>\n\n\n\n<p>A dona de casa F\u00e1tima Paiva, moradora da comunidade Santa In\u00eas, fez o agendamento de castra\u00e7\u00e3o para a gata Princesa, de dois anos, na Unidade M\u00f3vel no bairro Jorge Teixeira, pensando no cuidado com a sa\u00fade do animal.<\/p>\n\n\n\n<p>\u201cEu j\u00e1 estava atr\u00e1s do servi\u00e7o para castrar a minha gata. Quando soube que estavam fazendo de gra\u00e7a aqui, fiz o agendamento. Ela tem o h\u00e1bito de sair de casa e voltar, e eu dava a inje\u00e7\u00e3o para n\u00e3o engravidar a cada tr\u00eas meses. Espero que ela fique mais mansa com a castra\u00e7\u00e3o e saia menos de casa, porque fico preocupada que seja atropelada, fique doente ou que sofra maus-tratos, j\u00e1 que nem todo mundo gosta de animal\u201d, afirmou F\u00e1tima.<\/p>\n\n\n\n<p>Para a castra\u00e7\u00e3o, o animal, c\u00e3o ou gato, deve estar saud\u00e1vel, sem pulgas ou carrapatos, e ter mais de seis meses de idade.<\/p>\n\n\n\n<p><strong>&#8212; &#8212; &#8212;<\/strong><\/p>\n\n\n\n<p><strong>Texto &#8211;&nbsp;<\/strong>Euriv\u00e2nia Gal\u00facio \/ Semsa<\/p>\n\n\n\n<p><strong>Fotos &#8211;&nbsp;<\/strong>Henrique Souza\/ Semsa<\/p>\n","protected":false},"excerpt":{"rendered":"","protected":false},"author":24,"featured_media":210944,"comment_status":"closed","ping_status":"closed","sticky":false,"template":"","format":"standard","meta":{"footnotes":""},"categories":[468],"tags":[469,406,470,378,471,472,473,474],"acf":[],"yoast_head":"<!-- This site is optimized with the Yoast SEO plugin v23.0 - https:\/\/yoast.com\/wordpress\/plugins\/seo\/ -->\n<title>Unidade M\u00f3vel do CCZ da Prefeitura de Manaus realiza castra\u00e7\u00e3o de gatos no bairro Jorge Teixeira<\/title>\n<meta name=\"description\" content=\"Como parte do trabalho de controle populacional de animais e preven\u00e7\u00e3o na dissemina\u00e7\u00e3o de doen\u00e7as, o Centro de Controle de Zoonoses (CCZ) Dr. Carlos Durand, da Prefeitura de Manaus, agendou a castra\u00e7\u00e3o de 250 gatos em a\u00e7\u00e3o realizada no bairro Jorge Teixeira, zona Leste.\" \/>\n<meta name=\"robots\" content=\"index, follow, max-snippet:-1, max-image-preview:large, max-video-preview:-1\" \/>\n<link rel=\"canonical\" href=\"https:\/\/www.manaus.am.gov.br\/semsa\/unidade-movel-do-ccz-da-prefeitura-de-manaus-realiza-castracao-de-gatos-no-bairro-jorge-teixeira\/\" \/>\n<meta property=\"og:locale\" content=\"pt_BR\" \/>\n<meta property=\"og:type\" content=\"article\" \/>\n<meta property=\"og:title\" content=\"Unidade M\u00f3vel do CCZ da Prefeitura de Manaus realiza castra\u00e7\u00e3o de gatos no bairro Jorge Teixeira\" \/>\n<meta property=\"og:description\" content=\"Como parte do trabalho de controle populacional de animais e preven\u00e7\u00e3o na dissemina\u00e7\u00e3o de doen\u00e7as, o Centro de Controle de Zoonoses (CCZ) Dr. Carlos Durand, da Prefeitura de Manaus, agendou a castra\u00e7\u00e3o de 250 gatos em a\u00e7\u00e3o realizada no bairro Jorge Teixeira, zona Leste.\" \/>\n<meta property=\"og:url\" content=\"https:\/\/www.manaus.am.gov.br\/semsa\/unidade-movel-do-ccz-da-prefeitura-de-manaus-realiza-castracao-de-gatos-no-bairro-jorge-teixeira\/\" \/>\n<meta property=\"og:site_name\" content=\"SEMSA\" \/>\n<meta property=\"article:published_time\" content=\"2023-03-22T20:27:57+00:00\" \/>\n<meta property=\"article:modified_time\" content=\"2023-03-23T21:51:18+00:00\" \/>\n<meta property=\"og:image\" content=\"https:\/\/www.manaus.am.gov.br\/semsa\/wp-content\/uploads\/sites\/8\/2023\/03\/Unidade-Movel-do-CCZ-da-Prefeitura-de-Manaus-realiza-castracao-de-gatos-no-bairro-Jorge-Teixeira-3.jpg\" \/>\n\t<meta property=\"og:image:width\" content=\"1200\" \/>\n\t<meta property=\"og:image:height\" content=\"800\" \/>\n\t<meta property=\"og:image:type\" content=\"image\/jpeg\" \/>\n<meta name=\"author\" content=\"Cl\u00e1udia Barbosa\" \/>\n<meta name=\"twitter:card\" content=\"summary_large_image\" \/>\n<meta name=\"twitter:label1\" content=\"Written by\" \/>\n\t<meta name=\"twitter:data1\" content=\"Cl\u00e1udia Barbosa\" \/>\n\t<meta name=\"twitter:label2\" content=\"Est. reading time\" \/>\n\t<meta name=\"twitter:data2\" content=\"3 minutos\" \/>\n<script type=\"application\/ld+json\" class=\"yoast-schema-graph\">{\"@context\":\"https:\/\/schema.org\",\"@graph\":[{\"@type\":\"WebPage\",\"@id\":\"https:\/\/www.manaus.am.gov.br\/semsa\/unidade-movel-do-ccz-da-prefeitura-de-manaus-realiza-castracao-de-gatos-no-bairro-jorge-teixeira\/\",\"url\":\"https:\/\/www.manaus.am.gov.br\/semsa\/unidade-movel-do-ccz-da-prefeitura-de-manaus-realiza-castracao-de-gatos-no-bairro-jorge-teixeira\/\",\"name\":\"Unidade M\u00f3vel do CCZ da Prefeitura de Manaus realiza castra\u00e7\u00e3o de gatos no bairro Jorge Teixeira\",\"isPartOf\":{\"@id\":\"https:\/\/www.manaus.am.gov.br\/semsa\/#website\"},\"primaryImageOfPage\":{\"@id\":\"https:\/\/www.manaus.am.gov.br\/semsa\/unidade-movel-do-ccz-da-prefeitura-de-manaus-realiza-castracao-de-gatos-no-bairro-jorge-teixeira\/#primaryimage\"},\"image\":{\"@id\":\"https:\/\/www.manaus.am.gov.br\/semsa\/unidade-movel-do-ccz-da-prefeitura-de-manaus-realiza-castracao-de-gatos-no-bairro-jorge-teixeira\/#primaryimage\"},\"thumbnailUrl\":\"https:\/\/www.manaus.am.gov.br\/semsa\/wp-content\/uploads\/sites\/8\/2023\/03\/Unidade-Movel-do-CCZ-da-Prefeitura-de-Manaus-realiza-castracao-de-gatos-no-bairro-Jorge-Teixeira-3.jpg\",\"datePublished\":\"2023-03-22T20:27:57+00:00\",\"dateModified\":\"2023-03-23T21:51:18+00:00\",\"author\":{\"@id\":\"https:\/\/www.manaus.am.gov.br\/semsa\/#\/schema\/person\/d0a166b5031154c33c77794ddc9a827e\"},\"description\":\"Como parte do trabalho de controle populacional de animais e preven\u00e7\u00e3o na dissemina\u00e7\u00e3o de doen\u00e7as, o Centro de Controle de Zoonoses (CCZ) Dr. Carlos Durand, da Prefeitura de Manaus, agendou a castra\u00e7\u00e3o de 250 gatos em a\u00e7\u00e3o realizada no bairro Jorge Teixeira, zona Leste.\",\"inLanguage\":\"pt-BR\",\"potentialAction\":[{\"@type\":\"ReadAction\",\"target\":[\"https:\/\/www.manaus.am.gov.br\/semsa\/unidade-movel-do-ccz-da-prefeitura-de-manaus-realiza-castracao-de-gatos-no-bairro-jorge-teixeira\/\"]}]},{\"@type\":\"ImageObject\",\"inLanguage\":\"pt-BR\",\"@id\":\"https:\/\/www.manaus.am.gov.br\/semsa\/unidade-movel-do-ccz-da-prefeitura-de-manaus-realiza-castracao-de-gatos-no-bairro-jorge-teixeira\/#primaryimage\",\"url\":\"https:\/\/www.manaus.am.gov.br\/semsa\/wp-content\/uploads\/sites\/8\/2023\/03\/Unidade-Movel-do-CCZ-da-Prefeitura-de-Manaus-realiza-castracao-de-gatos-no-bairro-Jorge-Teixeira-3.jpg\",\"contentUrl\":\"https:\/\/www.manaus.am.gov.br\/semsa\/wp-content\/uploads\/sites\/8\/2023\/03\/Unidade-Movel-do-CCZ-da-Prefeitura-de-Manaus-realiza-castracao-de-gatos-no-bairro-Jorge-Teixeira-3.jpg\",\"width\":1200,\"height\":800},{\"@type\":\"WebSite\",\"@id\":\"https:\/\/www.manaus.am.gov.br\/semsa\/#website\",\"url\":\"https:\/\/www.manaus.am.gov.br\/semsa\/\",\"name\":\"SEMSA\",\"description\":\"Secretaria Municipal de Sa\u00fade\",\"alternateName\":\"Secretaria Municipal de Sa\u00fade\",\"potentialAction\":[{\"@type\":\"SearchAction\",\"target\":{\"@type\":\"EntryPoint\",\"urlTemplate\":\"https:\/\/www.manaus.am.gov.br\/semsa\/?s={search_term_string}\"},\"query-input\":\"required name=search_term_string\"}],\"inLanguage\":\"pt-BR\"},{\"@type\":\"Person\",\"@id\":\"https:\/\/www.manaus.am.gov.br\/semsa\/#\/schema\/person\/d0a166b5031154c33c77794ddc9a827e\",\"name\":\"Cl\u00e1udia Barbosa\",\"image\":{\"@type\":\"ImageObject\",\"inLanguage\":\"pt-BR\",\"@id\":\"https:\/\/www.manaus.am.gov.br\/semsa\/#\/schema\/person\/image\/\",\"url\":\"https:\/\/secure.gravatar.com\/avatar\/42958a1cf007f1a00534009218c72590?s=96&d=mm&r=g\",\"contentUrl\":\"https:\/\/secure.gravatar.com\/avatar\/42958a1cf007f1a00534009218c72590?s=96&d=mm&r=g\",\"caption\":\"Cl\u00e1udia Barbosa\"}}]}<\/script>\n<!-- \/ Yoast SEO plugin. -->","yoast_head_json":{"title":"Unidade M\u00f3vel do CCZ da Prefeitura de Manaus realiza castra\u00e7\u00e3o de gatos no bairro Jorge Teixeira","description":"Como parte do trabalho de controle populacional de animais e preven\u00e7\u00e3o na dissemina\u00e7\u00e3o de doen\u00e7as, o Centro de Controle de Zoonoses (CCZ) Dr. Carlos Durand, da Prefeitura de Manaus, agendou a castra\u00e7\u00e3o de 250 gatos em a\u00e7\u00e3o realizada no bairro Jorge Teixeira, zona Leste.","robots":{"index":"index","follow":"follow","max-snippet":"max-snippet:-1","max-image-preview":"max-image-preview:large","max-video-preview":"max-video-preview:-1"},"canonical":"https:\/\/www.manaus.am.gov.br\/semsa\/unidade-movel-do-ccz-da-prefeitura-de-manaus-realiza-castracao-de-gatos-no-bairro-jorge-teixeira\/","og_locale":"pt_BR","og_type":"article","og_title":"Unidade M\u00f3vel do CCZ da Prefeitura de Manaus realiza castra\u00e7\u00e3o de gatos no bairro Jorge Teixeira","og_description":"Como parte do trabalho de controle populacional de animais e preven\u00e7\u00e3o na dissemina\u00e7\u00e3o de doen\u00e7as, o Centro de Controle de Zoonoses (CCZ) Dr. Carlos Durand, da Prefeitura de Manaus, agendou a castra\u00e7\u00e3o de 250 gatos em a\u00e7\u00e3o realizada no bairro Jorge Teixeira, zona Leste.","og_url":"https:\/\/www.manaus.am.gov.br\/semsa\/unidade-movel-do-ccz-da-prefeitura-de-manaus-realiza-castracao-de-gatos-no-bairro-jorge-teixeira\/","og_site_name":"SEMSA","article_published_time":"2023-03-22T20:27:57+00:00","article_modified_time":"2023-03-23T21:51:18+00:00","og_image":[{"width":1200,"height":800,"url":"https:\/\/www.manaus.am.gov.br\/semsa\/wp-content\/uploads\/sites\/8\/2023\/03\/Unidade-Movel-do-CCZ-da-Prefeitura-de-Manaus-realiza-castracao-de-gatos-no-bairro-Jorge-Teixeira-3.jpg","type":"image\/jpeg"}],"author":"Cl\u00e1udia Barbosa","twitter_card":"summary_large_image","twitter_misc":{"Written by":"Cl\u00e1udia Barbosa","Est. reading time":"3 minutos"},"schema":{"@context":"https:\/\/schema.org","@graph":[{"@type":"WebPage","@id":"https:\/\/www.manaus.am.gov.br\/semsa\/unidade-movel-do-ccz-da-prefeitura-de-manaus-realiza-castracao-de-gatos-no-bairro-jorge-teixeira\/","url":"https:\/\/www.manaus.am.gov.br\/semsa\/unidade-movel-do-ccz-da-prefeitura-de-manaus-realiza-castracao-de-gatos-no-bairro-jorge-teixeira\/","name":"Unidade M\u00f3vel do CCZ da Prefeitura de Manaus realiza castra\u00e7\u00e3o de gatos no bairro Jorge Teixeira","isPartOf":{"@id":"https:\/\/www.manaus.am.gov.br\/semsa\/#website"},"primaryImageOfPage":{"@id":"https:\/\/www.manaus.am.gov.br\/semsa\/unidade-movel-do-ccz-da-prefeitura-de-manaus-realiza-castracao-de-gatos-no-bairro-jorge-teixeira\/#primaryimage"},"image":{"@id":"https:\/\/www.manaus.am.gov.br\/semsa\/unidade-movel-do-ccz-da-prefeitura-de-manaus-realiza-castracao-de-gatos-no-bairro-jorge-teixeira\/#primaryimage"},"thumbnailUrl":"https:\/\/www.manaus.am.gov.br\/semsa\/wp-content\/uploads\/sites\/8\/2023\/03\/Unidade-Movel-do-CCZ-da-Prefeitura-de-Manaus-realiza-castracao-de-gatos-no-bairro-Jorge-Teixeira-3.jpg","datePublished":"2023-03-22T20:27:57+00:00","dateModified":"2023-03-23T21:51:18+00:00","author":{"@id":"https:\/\/www.manaus.am.gov.br\/semsa\/#\/schema\/person\/d0a166b5031154c33c77794ddc9a827e"},"description":"Como parte do trabalho de controle populacional de animais e preven\u00e7\u00e3o na dissemina\u00e7\u00e3o de doen\u00e7as, o Centro de Controle de Zoonoses (CCZ) Dr. Carlos Durand, da Prefeitura de Manaus, agendou a castra\u00e7\u00e3o de 250 gatos em a\u00e7\u00e3o realizada no bairro Jorge Teixeira, zona Leste.","inLanguage":"pt-BR","potentialAction":[{"@type":"ReadAction","target":["https:\/\/www.manaus.am.gov.br\/semsa\/unidade-movel-do-ccz-da-prefeitura-de-manaus-realiza-castracao-de-gatos-no-bairro-jorge-teixeira\/"]}]},{"@type":"ImageObject","inLanguage":"pt-BR","@id":"https:\/\/www.manaus.am.gov.br\/semsa\/unidade-movel-do-ccz-da-prefeitura-de-manaus-realiza-castracao-de-gatos-no-bairro-jorge-teixeira\/#primaryimage","url":"https:\/\/www.manaus.am.gov.br\/semsa\/wp-content\/uploads\/sites\/8\/2023\/03\/Unidade-Movel-do-CCZ-da-Prefeitura-de-Manaus-realiza-castracao-de-gatos-no-bairro-Jorge-Teixeira-3.jpg","contentUrl":"https:\/\/www.manaus.am.gov.br\/semsa\/wp-content\/uploads\/sites\/8\/2023\/03\/Unidade-Movel-do-CCZ-da-Prefeitura-de-Manaus-realiza-castracao-de-gatos-no-bairro-Jorge-Teixeira-3.jpg","width":1200,"height":800},{"@type":"WebSite","@id":"https:\/\/www.manaus.am.gov.br\/semsa\/#website","url":"https:\/\/www.manaus.am.gov.br\/semsa\/","name":"SEMSA","description":"Secretaria Municipal de Sa\u00fade","alternateName":"Secretaria Municipal de Sa\u00fade","potentialAction":[{"@type":"SearchAction","target":{"@type":"EntryPoint","urlTemplate":"https:\/\/www.manaus.am.gov.br\/semsa\/?s={search_term_string}"},"query-input":"required name=search_term_string"}],"inLanguage":"pt-BR"},{"@type":"Person","@id":"https:\/\/www.manaus.am.gov.br\/semsa\/#\/schema\/person\/d0a166b5031154c33c77794ddc9a827e","name":"Cl\u00e1udia Barbosa","image":{"@type":"ImageObject","inLanguage":"pt-BR","@id":"https:\/\/www.manaus.am.gov.br\/semsa\/#\/schema\/person\/image\/","url":"https:\/\/secure.gravatar.com\/avatar\/42958a1cf007f1a00534009218c72590?s=96&d=mm&r=g","contentUrl":"https:\/\/secure.gravatar.com\/avatar\/42958a1cf007f1a00534009218c72590?s=96&d=mm&r=g","caption":"Cl\u00e1udia Barbosa"}}]}},"_links":{"self":[{"href":"https:\/\/www.manaus.am.gov.br\/semsa\/wp-json\/wp\/v2\/posts\/210943"}],"collection":[{"href":"https:\/\/www.manaus.am.gov.br\/semsa\/wp-json\/wp\/v2\/posts"}],"about":[{"href":"https:\/\/www.manaus.am.gov.br\/semsa\/wp-json\/wp\/v2\/types\/post"}],"author":[{"embeddable":true,"href":"https:\/\/www.manaus.am.gov.br\/semsa\/wp-json\/wp\/v2\/users\/24"}],"replies":[{"embeddable":true,"href":"https:\/\/www.manaus.am.gov.br\/semsa\/wp-json\/wp\/v2\/comments?post=210943"}],"version-history":[{"count":1,"href":"https:\/\/www.manaus.am.gov.br\/semsa\/wp-json\/wp\/v2\/posts\/210943\/revisions"}],"predecessor-version":[{"id":210954,"href":"https:\/\/www.manaus.am.gov.br\/semsa\/wp-json\/wp\/v2\/posts\/210943\/revisions\/210954"}],"wp:featuredmedia":[{"embeddable":true,"href":"https:\/\/www.manaus.am.gov.br\/semsa\/wp-json\/wp\/v2\/media\/210944"}],"wp:attachment":[{"href":"https:\/\/www.manaus.am.gov.br\/semsa\/wp-json\/wp\/v2\/media?parent=210943"}],"wp:term":[{"taxonomy":"category","embeddable":true,"href":"https:\/\/www.manaus.am.gov.br\/semsa\/wp-json\/wp\/v2\/categories?post=210943"},{"taxonomy":"post_tag","embeddable":true,"href":"https:\/\/www.manaus.am.gov.br\/semsa\/wp-json\/wp\/v2\/tags?post=210943"}],"curies":[{"name":"wp","href":"https:\/\/api.w.org\/{rel}","templated":true}]}}