{"id":210908,"date":"2023-03-16T16:29:03","date_gmt":"2023-03-16T20:29:03","guid":{"rendered":"https:\/\/www.manaus.am.gov.br\/semsa\/representantes-da-zona-sul-participam-de-etapa-preparatoria-para-a-9a-conferencia-municipal-de-saude-de-manaus\/"},"modified":"2023-03-16T16:29:04","modified_gmt":"2023-03-16T20:29:04","slug":"representantes-da-zona-sul-participam-de-etapa-preparatoria-para-a-9a-conferencia-municipal-de-saude-de-manaus","status":"publish","type":"post","link":"https:\/\/www.manaus.am.gov.br\/semsa\/representantes-da-zona-sul-participam-de-etapa-preparatoria-para-a-9a-conferencia-municipal-de-saude-de-manaus\/","title":{"rendered":"<strong>Representantes da zona Sul participam de etapa preparat\u00f3ria para a 9\u00aa Confer\u00eancia Municipal de Sa\u00fade de Manaus<\/strong>"},"content":{"rendered":"\n<p>Representantes do controle social na zona Sul de Manaus participaram nesta quinta-feira, 16\/3, da pr\u00e9-confer\u00eancia distrital de sa\u00fade, realizada na Universidade Paulista (Unip), na avenida M\u00e1rio Ypiranga, Parque 10 de Novembro. O evento foi coordenado pelo Conselho Municipal de Sa\u00fade (CMS\/Manaus) e Secretaria Municipal de Sa\u00fade (Semsa), e contou com a presen\u00e7a de representantes dos segmentos de gestores, trabalhadores e usu\u00e1rios do Sistema \u00danico de Sa\u00fade (SUS).<\/p>\n\n\n\n<p>De acordo com a diretora em exerc\u00edcio do Distrito de Sa\u00fade (Disa) Sul, Gra\u00e7a Costa, a pr\u00e9-confer\u00eancia foi planejada como uma fase preparat\u00f3ria para a 9\u00aa Confer\u00eancia Municipal de Sa\u00fade (9\u00aa Comus), que ser\u00e1 realizada no per\u00edodo de 20 a 23 de mar\u00e7o.<\/p>\n\n\n\n<p>\u201cA pr\u00e9-confer\u00eancia \u00e9 um espa\u00e7o para discutir sobre a melhoria da qualidade da gest\u00e3o da sa\u00fade, elaborar propostas e eleger delegados para participa\u00e7\u00e3o na confer\u00eancia municipal. O Disa Sul conta com 16 Conselhos Locais de Sa\u00fade, vinculados a 16 unidades de sa\u00fade, compostos por gestores, trabalhadores e usu\u00e1rios dos servi\u00e7os de sa\u00fade. Ent\u00e3o, sabemos a import\u00e2ncia do controle social em benef\u00edcio da sa\u00fade da popula\u00e7\u00e3o e melhoria dos servi\u00e7os\u201d, afirmou Gra\u00e7a Costa.<\/p>\n\n\n\n<p>Participando da pr\u00e9-confer\u00eancia, a diretora de Aten\u00e7\u00e3o Prim\u00e1ria da Semsa, conselheira Sonja Farias, refor\u00e7ou a import\u00e2ncia das pr\u00e9-confer\u00eancias distritais, que foram iniciadas na segunda-feira, 13\/3, como parte do processo de realiza\u00e7\u00e3o da 9\u00aa Comus, evento promovido a cada quatro anos com o objetivo de avaliar a situa\u00e7\u00e3o de sa\u00fade, elaborar propostas que atendam as necessidades de sa\u00fade da popula\u00e7\u00e3o de Manaus e definir diretrizes para o planejamento das a\u00e7\u00f5es de sa\u00fade.<\/p>\n\n\n\n<p>\u201cPara realizar a confer\u00eancia municipal, \u00e9 importante ouvir representantes de cada Distrito de Sa\u00fade, das zonas Norte, Sul, Leste, Oeste e Rural, e entender a realidade de cada territ\u00f3rio. \u00c9 um movimento que enriquece a Comus e vai permitir a constru\u00e7\u00e3o de propostas que sejam um reflexo da real necessidade da popula\u00e7\u00e3o. E \u00e9 importante lembrar que a Semsa trabalha com a colabora\u00e7\u00e3o dos conselheiros locais de sa\u00fade, que representam usu\u00e1rios e t\u00eam uma vis\u00e3o diferenciada em rela\u00e7\u00e3o aos servi\u00e7os de sa\u00fade. A partir dessa vis\u00e3o, \u00e9 poss\u00edvel fazer ajustes nos servi\u00e7os que podem parecer pequenos, mas que s\u00e3o fundamentais para a qualidade de atendimento da popula\u00e7\u00e3o\u201d, relatou Sonja Farias.<\/p>\n\n\n\n<p><strong>Programa\u00e7\u00e3o<\/strong><\/p>\n\n\n\n<p>Seguindo a programa\u00e7\u00e3o das cinco pr\u00e9-confer\u00eancias, o evento do Disa Sul organizou um painel abordando o tema \u201cGarantir direitos e defender o SUS, a vida e a democracia \u2013 Amanh\u00e3 vai ser outro dia\u201d, que tamb\u00e9m \u00e9 o tema central da 9\u00aa Comus e da 17\u00aa Confer\u00eancia Nacional de Sa\u00fade, marcada para o per\u00edodo de 2 a 5 de julho.<\/p>\n\n\n\n<p>A partir do painel, tamb\u00e9m foi organizado um debate em quatro eixos tem\u00e1ticos: O Brasil que temos. O Brasil que queremos; O papel do controle social e dos movimentos sociais para salvar vidas; Garantir direitos e defender o SUS, a vida e a democracia; e Amanh\u00e3 ser\u00e1 outro dia para todos, todas e todes.<\/p>\n\n\n\n<p>A assistente social Joselene Gomes, doutora em Servi\u00e7o Social e conselheira estadual da sa\u00fade, foi uma das debatedoras e destacou o papel do controle social na constru\u00e7\u00e3o de pol\u00edticas p\u00fablicas de qualidade.<\/p>\n\n\n\n<p>\u201cConstitui\u00e7\u00e3o&nbsp;Federal e a constitui\u00e7\u00e3o de pol\u00edticas p\u00fablicas no Brasil v\u00eam a partir da participa\u00e7\u00e3o efetiva da sociedade. As nossas conquistas nascem das reivindica\u00e7\u00f5es, com a popula\u00e7\u00e3o chamando a aten\u00e7\u00e3o das autoridades e dizendo onde o&nbsp;calo&nbsp;aperta. Mas n\u00e3o vale s\u00f3 conquistar, precisamos manter e aprimorar. Os movimentos sociais, conselhos, representantes do controle social, todos precisam participar desse processo, ou a gente abre m\u00e3o das nossas conquistas\u201d, alertou Joselene Gomes.<\/p>\n\n\n\n<p>Representando o segmento de usu\u00e1rios, Mayra Farias, mestranda do Programa de P\u00f3s-Gradua\u00e7\u00e3o em Condi\u00e7\u00f5es de Vida e Situa\u00e7\u00e3o de Sa\u00fade na Amaz\u00f4nia (Fiocruz\/Amaz\u00f4nia), participou da pr\u00e9-confer\u00eancia distrital sul e refor\u00e7ou que usu\u00e1rios, gestores e trabalhadores s\u00e3o fundamentais no processo de constru\u00e7\u00e3o cont\u00ednua do SUS.<\/p>\n\n\n\n<p>\u201cEstou participando pela terceira vez de confer\u00eancias de sa\u00fade, j\u00e1 tendo participado de uma etapa estadual. Acredito que essa participa\u00e7\u00e3o tem um grande impacto, j\u00e1 que \u00e9 um espa\u00e7o para debater novas ideias, trazer nossos anseios e dificuldades que encontramos no SUS. A gente sabe que tem coisas para melhorar, ter um SUS mais acess\u00edvel, mas \u00e9 um processo em constru\u00e7\u00e3o, e usu\u00e1rios, trabalhadores e gestores t\u00eam o papel fundamental para alcan\u00e7ar um SUS melhor e mais forte. Mas as propostas come\u00e7am aqui no territ\u00f3rio, em cada zona da cidade, com o debate das situa\u00e7\u00f5es que realmente acontecem com as pessoas no territ\u00f3rio\u201d, ressaltou Mayra Farias.<\/p>\n\n\n\n<p>Al\u00e9m da etapa do Disa Sul, j\u00e1 foram realizadas as pr\u00e9-confer\u00eancias dos Disas Rural (13\/3), Leste (14\/3) e Oeste (15\/3). A programa\u00e7\u00e3o ser\u00e1 encerrada na sexta-feira, 17\/3, com a etapa do Disa Norte, que vai acontecer na igreja de Jesus Cristo dos Santos dos \u00daltimos Dias, na avenida S\u00e1lvio Belota, 333, bairro Novo Aleixo, das 7h \u00e0s 17h.<\/p>\n\n\n\n<p>&#8212; &#8212; &#8212;&nbsp;<\/p>\n\n\n\n<p><strong>Texto \u2013&nbsp;<\/strong>Euriv\u00e2nia Gal\u00facio \/ Semsa<\/p>\n\n\n\n<p><strong>Fotos<\/strong>&#8211; Henrique Souza \/ Semsa&nbsp;<\/p>\n","protected":false},"excerpt":{"rendered":"","protected":false},"author":31,"featured_media":210909,"comment_status":"closed","ping_status":"closed","sticky":false,"template":"","format":"standard","meta":{"footnotes":""},"categories":[293],"tags":[31,426,386,319],"acf":[],"yoast_head":"<!-- This site is optimized with the Yoast SEO plugin v23.0 - https:\/\/yoast.com\/wordpress\/plugins\/seo\/ -->\n<title>Representantes da zona Sul participam de etapa preparat\u00f3ria para a 9\u00aa Confer\u00eancia Municipal de Sa\u00fade de Manaus - SEMSA<\/title>\n<meta name=\"robots\" content=\"index, follow, max-snippet:-1, max-image-preview:large, max-video-preview:-1\" \/>\n<link rel=\"canonical\" href=\"https:\/\/www.manaus.am.gov.br\/semsa\/representantes-da-zona-sul-participam-de-etapa-preparatoria-para-a-9a-conferencia-municipal-de-saude-de-manaus\/\" \/>\n<meta property=\"og:locale\" content=\"pt_BR\" \/>\n<meta property=\"og:type\" content=\"article\" \/>\n<meta property=\"og:title\" content=\"Representantes da zona Sul participam de etapa preparat\u00f3ria para a 9\u00aa Confer\u00eancia Municipal de Sa\u00fade de Manaus - SEMSA\" \/>\n<meta property=\"og:url\" content=\"https:\/\/www.manaus.am.gov.br\/semsa\/representantes-da-zona-sul-participam-de-etapa-preparatoria-para-a-9a-conferencia-municipal-de-saude-de-manaus\/\" \/>\n<meta property=\"og:site_name\" content=\"SEMSA\" \/>\n<meta property=\"article:published_time\" content=\"2023-03-16T20:29:03+00:00\" \/>\n<meta property=\"article:modified_time\" content=\"2023-03-16T20:29:04+00:00\" \/>\n<meta property=\"og:image\" content=\"https:\/\/www.manaus.am.gov.br\/semsa\/wp-content\/uploads\/sites\/8\/2023\/03\/Marco-16_Pre-Conferencia-Sul2.jpg\" \/>\n\t<meta property=\"og:image:width\" content=\"1773\" \/>\n\t<meta property=\"og:image:height\" content=\"1182\" \/>\n\t<meta property=\"og:image:type\" content=\"image\/jpeg\" \/>\n<meta name=\"author\" content=\"Renata Felix\" \/>\n<meta name=\"twitter:card\" content=\"summary_large_image\" \/>\n<meta name=\"twitter:label1\" content=\"Written by\" \/>\n\t<meta name=\"twitter:data1\" content=\"Renata Felix\" \/>\n\t<meta name=\"twitter:label2\" content=\"Est. reading time\" \/>\n\t<meta name=\"twitter:data2\" content=\"5 minutos\" \/>\n<script type=\"application\/ld+json\" class=\"yoast-schema-graph\">{\"@context\":\"https:\/\/schema.org\",\"@graph\":[{\"@type\":\"WebPage\",\"@id\":\"https:\/\/www.manaus.am.gov.br\/semsa\/representantes-da-zona-sul-participam-de-etapa-preparatoria-para-a-9a-conferencia-municipal-de-saude-de-manaus\/\",\"url\":\"https:\/\/www.manaus.am.gov.br\/semsa\/representantes-da-zona-sul-participam-de-etapa-preparatoria-para-a-9a-conferencia-municipal-de-saude-de-manaus\/\",\"name\":\"Representantes da zona Sul participam de etapa preparat\u00f3ria para a 9\u00aa Confer\u00eancia Municipal de Sa\u00fade de Manaus - SEMSA\",\"isPartOf\":{\"@id\":\"https:\/\/www.manaus.am.gov.br\/semsa\/#website\"},\"primaryImageOfPage\":{\"@id\":\"https:\/\/www.manaus.am.gov.br\/semsa\/representantes-da-zona-sul-participam-de-etapa-preparatoria-para-a-9a-conferencia-municipal-de-saude-de-manaus\/#primaryimage\"},\"image\":{\"@id\":\"https:\/\/www.manaus.am.gov.br\/semsa\/representantes-da-zona-sul-participam-de-etapa-preparatoria-para-a-9a-conferencia-municipal-de-saude-de-manaus\/#primaryimage\"},\"thumbnailUrl\":\"https:\/\/www.manaus.am.gov.br\/semsa\/wp-content\/uploads\/sites\/8\/2023\/03\/Marco-16_Pre-Conferencia-Sul2.jpg\",\"datePublished\":\"2023-03-16T20:29:03+00:00\",\"dateModified\":\"2023-03-16T20:29:04+00:00\",\"author\":{\"@id\":\"https:\/\/www.manaus.am.gov.br\/semsa\/#\/schema\/person\/4eea2a8f78dc853097abb026f728aa06\"},\"inLanguage\":\"pt-BR\",\"potentialAction\":[{\"@type\":\"ReadAction\",\"target\":[\"https:\/\/www.manaus.am.gov.br\/semsa\/representantes-da-zona-sul-participam-de-etapa-preparatoria-para-a-9a-conferencia-municipal-de-saude-de-manaus\/\"]}]},{\"@type\":\"ImageObject\",\"inLanguage\":\"pt-BR\",\"@id\":\"https:\/\/www.manaus.am.gov.br\/semsa\/representantes-da-zona-sul-participam-de-etapa-preparatoria-para-a-9a-conferencia-municipal-de-saude-de-manaus\/#primaryimage\",\"url\":\"https:\/\/www.manaus.am.gov.br\/semsa\/wp-content\/uploads\/sites\/8\/2023\/03\/Marco-16_Pre-Conferencia-Sul2.jpg\",\"contentUrl\":\"https:\/\/www.manaus.am.gov.br\/semsa\/wp-content\/uploads\/sites\/8\/2023\/03\/Marco-16_Pre-Conferencia-Sul2.jpg\",\"width\":1773,\"height\":1182},{\"@type\":\"WebSite\",\"@id\":\"https:\/\/www.manaus.am.gov.br\/semsa\/#website\",\"url\":\"https:\/\/www.manaus.am.gov.br\/semsa\/\",\"name\":\"SEMSA\",\"description\":\"Secretaria Municipal de Sa\u00fade\",\"alternateName\":\"Secretaria Municipal de Sa\u00fade\",\"potentialAction\":[{\"@type\":\"SearchAction\",\"target\":{\"@type\":\"EntryPoint\",\"urlTemplate\":\"https:\/\/www.manaus.am.gov.br\/semsa\/?s={search_term_string}\"},\"query-input\":\"required name=search_term_string\"}],\"inLanguage\":\"pt-BR\"},{\"@type\":\"Person\",\"@id\":\"https:\/\/www.manaus.am.gov.br\/semsa\/#\/schema\/person\/4eea2a8f78dc853097abb026f728aa06\",\"name\":\"Renata Felix\",\"image\":{\"@type\":\"ImageObject\",\"inLanguage\":\"pt-BR\",\"@id\":\"https:\/\/www.manaus.am.gov.br\/semsa\/#\/schema\/person\/image\/\",\"url\":\"https:\/\/secure.gravatar.com\/avatar\/3c196cf9d3b837b24c8edb2c50fd8f29?s=96&d=mm&r=g\",\"contentUrl\":\"https:\/\/secure.gravatar.com\/avatar\/3c196cf9d3b837b24c8edb2c50fd8f29?s=96&d=mm&r=g\",\"caption\":\"Renata Felix\"}}]}<\/script>\n<!-- \/ Yoast SEO plugin. -->","yoast_head_json":{"title":"Representantes da zona Sul participam de etapa preparat\u00f3ria para a 9\u00aa Confer\u00eancia Municipal de Sa\u00fade de Manaus - SEMSA","robots":{"index":"index","follow":"follow","max-snippet":"max-snippet:-1","max-image-preview":"max-image-preview:large","max-video-preview":"max-video-preview:-1"},"canonical":"https:\/\/www.manaus.am.gov.br\/semsa\/representantes-da-zona-sul-participam-de-etapa-preparatoria-para-a-9a-conferencia-municipal-de-saude-de-manaus\/","og_locale":"pt_BR","og_type":"article","og_title":"Representantes da zona Sul participam de etapa preparat\u00f3ria para a 9\u00aa Confer\u00eancia Municipal de Sa\u00fade de Manaus - SEMSA","og_url":"https:\/\/www.manaus.am.gov.br\/semsa\/representantes-da-zona-sul-participam-de-etapa-preparatoria-para-a-9a-conferencia-municipal-de-saude-de-manaus\/","og_site_name":"SEMSA","article_published_time":"2023-03-16T20:29:03+00:00","article_modified_time":"2023-03-16T20:29:04+00:00","og_image":[{"width":1773,"height":1182,"url":"https:\/\/www.manaus.am.gov.br\/semsa\/wp-content\/uploads\/sites\/8\/2023\/03\/Marco-16_Pre-Conferencia-Sul2.jpg","type":"image\/jpeg"}],"author":"Renata Felix","twitter_card":"summary_large_image","twitter_misc":{"Written by":"Renata Felix","Est. reading time":"5 minutos"},"schema":{"@context":"https:\/\/schema.org","@graph":[{"@type":"WebPage","@id":"https:\/\/www.manaus.am.gov.br\/semsa\/representantes-da-zona-sul-participam-de-etapa-preparatoria-para-a-9a-conferencia-municipal-de-saude-de-manaus\/","url":"https:\/\/www.manaus.am.gov.br\/semsa\/representantes-da-zona-sul-participam-de-etapa-preparatoria-para-a-9a-conferencia-municipal-de-saude-de-manaus\/","name":"Representantes da zona Sul participam de etapa preparat\u00f3ria para a 9\u00aa Confer\u00eancia Municipal de Sa\u00fade de Manaus - SEMSA","isPartOf":{"@id":"https:\/\/www.manaus.am.gov.br\/semsa\/#website"},"primaryImageOfPage":{"@id":"https:\/\/www.manaus.am.gov.br\/semsa\/representantes-da-zona-sul-participam-de-etapa-preparatoria-para-a-9a-conferencia-municipal-de-saude-de-manaus\/#primaryimage"},"image":{"@id":"https:\/\/www.manaus.am.gov.br\/semsa\/representantes-da-zona-sul-participam-de-etapa-preparatoria-para-a-9a-conferencia-municipal-de-saude-de-manaus\/#primaryimage"},"thumbnailUrl":"https:\/\/www.manaus.am.gov.br\/semsa\/wp-content\/uploads\/sites\/8\/2023\/03\/Marco-16_Pre-Conferencia-Sul2.jpg","datePublished":"2023-03-16T20:29:03+00:00","dateModified":"2023-03-16T20:29:04+00:00","author":{"@id":"https:\/\/www.manaus.am.gov.br\/semsa\/#\/schema\/person\/4eea2a8f78dc853097abb026f728aa06"},"inLanguage":"pt-BR","potentialAction":[{"@type":"ReadAction","target":["https:\/\/www.manaus.am.gov.br\/semsa\/representantes-da-zona-sul-participam-de-etapa-preparatoria-para-a-9a-conferencia-municipal-de-saude-de-manaus\/"]}]},{"@type":"ImageObject","inLanguage":"pt-BR","@id":"https:\/\/www.manaus.am.gov.br\/semsa\/representantes-da-zona-sul-participam-de-etapa-preparatoria-para-a-9a-conferencia-municipal-de-saude-de-manaus\/#primaryimage","url":"https:\/\/www.manaus.am.gov.br\/semsa\/wp-content\/uploads\/sites\/8\/2023\/03\/Marco-16_Pre-Conferencia-Sul2.jpg","contentUrl":"https:\/\/www.manaus.am.gov.br\/semsa\/wp-content\/uploads\/sites\/8\/2023\/03\/Marco-16_Pre-Conferencia-Sul2.jpg","width":1773,"height":1182},{"@type":"WebSite","@id":"https:\/\/www.manaus.am.gov.br\/semsa\/#website","url":"https:\/\/www.manaus.am.gov.br\/semsa\/","name":"SEMSA","description":"Secretaria Municipal de Sa\u00fade","alternateName":"Secretaria Municipal de Sa\u00fade","potentialAction":[{"@type":"SearchAction","target":{"@type":"EntryPoint","urlTemplate":"https:\/\/www.manaus.am.gov.br\/semsa\/?s={search_term_string}"},"query-input":"required name=search_term_string"}],"inLanguage":"pt-BR"},{"@type":"Person","@id":"https:\/\/www.manaus.am.gov.br\/semsa\/#\/schema\/person\/4eea2a8f78dc853097abb026f728aa06","name":"Renata Felix","image":{"@type":"ImageObject","inLanguage":"pt-BR","@id":"https:\/\/www.manaus.am.gov.br\/semsa\/#\/schema\/person\/image\/","url":"https:\/\/secure.gravatar.com\/avatar\/3c196cf9d3b837b24c8edb2c50fd8f29?s=96&d=mm&r=g","contentUrl":"https:\/\/secure.gravatar.com\/avatar\/3c196cf9d3b837b24c8edb2c50fd8f29?s=96&d=mm&r=g","caption":"Renata Felix"}}]}},"_links":{"self":[{"href":"https:\/\/www.manaus.am.gov.br\/semsa\/wp-json\/wp\/v2\/posts\/210908"}],"collection":[{"href":"https:\/\/www.manaus.am.gov.br\/semsa\/wp-json\/wp\/v2\/posts"}],"about":[{"href":"https:\/\/www.manaus.am.gov.br\/semsa\/wp-json\/wp\/v2\/types\/post"}],"author":[{"embeddable":true,"href":"https:\/\/www.manaus.am.gov.br\/semsa\/wp-json\/wp\/v2\/users\/31"}],"replies":[{"embeddable":true,"href":"https:\/\/www.manaus.am.gov.br\/semsa\/wp-json\/wp\/v2\/comments?post=210908"}],"version-history":[{"count":0,"href":"https:\/\/www.manaus.am.gov.br\/semsa\/wp-json\/wp\/v2\/posts\/210908\/revisions"}],"wp:featuredmedia":[{"embeddable":true,"href":"https:\/\/www.manaus.am.gov.br\/semsa\/wp-json\/wp\/v2\/media\/210909"}],"wp:attachment":[{"href":"https:\/\/www.manaus.am.gov.br\/semsa\/wp-json\/wp\/v2\/media?parent=210908"}],"wp:term":[{"taxonomy":"category","embeddable":true,"href":"https:\/\/www.manaus.am.gov.br\/semsa\/wp-json\/wp\/v2\/categories?post=210908"},{"taxonomy":"post_tag","embeddable":true,"href":"https:\/\/www.manaus.am.gov.br\/semsa\/wp-json\/wp\/v2\/tags?post=210908"}],"curies":[{"name":"wp","href":"https:\/\/api.w.org\/{rel}","templated":true}]}}