{"id":210883,"date":"2023-03-13T19:38:03","date_gmt":"2023-03-13T23:38:03","guid":{"rendered":"https:\/\/www.manaus.am.gov.br\/semsa\/primeira-etapa-de-entrega-do-leite-do-meu-filho-para-criancas-de-1-e-2-anos-sera-concluida-nesta-terca-14-3\/"},"modified":"2023-03-13T19:38:05","modified_gmt":"2023-03-13T23:38:05","slug":"primeira-etapa-de-entrega-do-leite-do-meu-filho-para-criancas-de-1-e-2-anos-sera-concluida-nesta-terca-14-3","status":"publish","type":"post","link":"https:\/\/www.manaus.am.gov.br\/semsa\/primeira-etapa-de-entrega-do-leite-do-meu-filho-para-criancas-de-1-e-2-anos-sera-concluida-nesta-terca-14-3\/","title":{"rendered":"<strong>Primeira etapa de entrega do \u2018Leite do Meu Filho\u2019 para crian\u00e7as de 1 e 2 anos ser\u00e1 conclu\u00edda nesta ter\u00e7a, 14\/3<\/strong>"},"content":{"rendered":"\n<p>A Prefeitura de Manaus, por meio da Secretaria Municipal de Sa\u00fade (Semsa), informa que a primeira etapa de distribui\u00e7\u00e3o das f\u00f3rmulas infantis do programa \u201cLeite do Meu Filho\u201d, para crian\u00e7as de 1 e 2 anos de idade, ser\u00e1 conclu\u00edda nesta ter\u00e7a-feira, 14\/3. A entrega dos produtos foi retomada no \u00faltimo dia 6\/3, para um total de 6,5 mil benefici\u00e1rios dessa faixa et\u00e1ria com cadastro ativo.<\/p>\n\n\n\n<p>O atendimento aos usu\u00e1rios est\u00e1 sendo feito de acordo com um cronograma por ordem alfab\u00e9tica, que considera a letra inicial do nome do respons\u00e1vel pela crian\u00e7a. Nesta ter\u00e7a-feira, 14\/3, a entrega ser\u00e1 voltada para usu\u00e1rios com iniciais de T a Z, p\u00fablico estimado em 579 pessoas, e usu\u00e1rios das letras anteriores que perderam o prazo.<\/p>\n\n\n\n<p>\u201cOs usu\u00e1rios dessa faixa et\u00e1ria est\u00e3o recebendo os produtos retroativos de janeiro e fevereiro, e no m\u00eas que vem, ir\u00e3o receber os produtos referentes a mar\u00e7o e abril. A entrega est\u00e1 sendo feita para pessoas com cadastro ativo no programa, que devem apresentar RG e CPF no momento da retirada. Estamos somando todos os esfor\u00e7os para manter as centrais abastecidas e garantir que as crian\u00e7as continuem sendo beneficiadas com esse alimento\u201d, afirma a secret\u00e1ria municipal de Sa\u00fade, Sh\u00e1dia Fraxe.<\/p>\n\n\n\n<p>As centrais do \u201cLeite do Meu Filho\u201d funcionam de 8h \u00e0s 16h, no Shopping Phelippe Daou (avenida Camapu\u00e3, n\u00ba 2.939, bairro Cidade de Deus, zona Norte) e outra, no Complexo de Sa\u00fade Oeste (rua Comandante Paulo Lasmar, n\u00ba 10, bairro da Paz, zona Centro-Oeste).<\/p>\n\n\n\n<p>A partir de quarta-feira, 15\/3, o programa retomar\u00e1 a distribui\u00e7\u00e3o dos compostos l\u00e1cteos para crian\u00e7as de 3 e 4 anos de idade. O cronograma tamb\u00e9m seguir\u00e1 ordem alfab\u00e9tica, de acordo com a letra inicial do nome do respons\u00e1vel, e segue at\u00e9 o dia 27\/3.<\/p>\n\n\n\n<p><strong>Veja o cronograma de entrega do \u201cLeite do Meu Filho\u201d<\/strong><\/p>\n\n\n\n<p><strong>Crian\u00e7as de 1 e 2anos:<\/strong><\/p>\n\n\n\n<p>14\/3: respons\u00e1veis com as iniciais T, U, V, W, X, Y e Z<\/p>\n\n\n\n<p><strong>Crian\u00e7as de 3 e 4 anos:<\/strong><\/p>\n\n\n\n<p>15\/3: respons\u00e1veis com inicial A;<\/p>\n\n\n\n<p>16\/3: respons\u00e1veis com iniciais B, C e D;<\/p>\n\n\n\n<p>17\/3: respons\u00e1veis com iniciais E e F;<\/p>\n\n\n\n<p>20\/3: respons\u00e1veis com iniciais G, H e I;<\/p>\n\n\n\n<p>21\/3: respons\u00e1veis com iniciais J e K;<\/p>\n\n\n\n<p>22\/3: respons\u00e1veis com iniciais L, M e N;<\/p>\n\n\n\n<p>23\/3: respons\u00e1veis com iniciais L, M e N;<\/p>\n\n\n\n<p>24\/3: respons\u00e1veis com iniciais O, P, Q e R;<\/p>\n\n\n\n<p>27\/3: respons\u00e1veis com iniciais S, T, U, V, W, X, Y e Z;<\/p>\n\n\n\n<p>&#8212; &#8212; &#8212;<\/p>\n\n\n\n<p><strong>Texto<\/strong> &#8211; Victor Cruz \/ Semsa<\/p>\n\n\n\n<p><strong>Foto<\/strong> &#8211; Henrique Souza \/ Semsa<\/p>\n","protected":false},"excerpt":{"rendered":"","protected":false},"author":39,"featured_media":210884,"comment_status":"closed","ping_status":"closed","sticky":false,"template":"","format":"standard","meta":{"footnotes":""},"categories":[329],"tags":[401,234,402,28],"acf":[],"yoast_head":"<!-- This site is optimized with the Yoast SEO plugin v23.0 - https:\/\/yoast.com\/wordpress\/plugins\/seo\/ -->\n<title>Primeira etapa de entrega do \u2018Leite do Meu Filho\u2019 para crian\u00e7as de 1 e 2 anos ser\u00e1 conclu\u00edda nesta ter\u00e7a, 14\/3<\/title>\n<meta name=\"description\" content=\"Primeira etapa de entrega do \u2018Leite do Meu Filho\u2019 para crian\u00e7as de 1 e 2 anos ser\u00e1 conclu\u00edda nesta ter\u00e7a, 14\/3\" \/>\n<meta name=\"robots\" content=\"index, follow, max-snippet:-1, max-image-preview:large, max-video-preview:-1\" \/>\n<link rel=\"canonical\" href=\"https:\/\/www.manaus.am.gov.br\/semsa\/primeira-etapa-de-entrega-do-leite-do-meu-filho-para-criancas-de-1-e-2-anos-sera-concluida-nesta-terca-14-3\/\" \/>\n<meta property=\"og:locale\" content=\"pt_BR\" \/>\n<meta property=\"og:type\" content=\"article\" \/>\n<meta property=\"og:title\" content=\"Primeira etapa de entrega do \u2018Leite do Meu Filho\u2019 para crian\u00e7as de 1 e 2 anos ser\u00e1 conclu\u00edda nesta ter\u00e7a, 14\/3\" \/>\n<meta property=\"og:description\" content=\"Primeira etapa de entrega do \u2018Leite do Meu Filho\u2019 para crian\u00e7as de 1 e 2 anos ser\u00e1 conclu\u00edda nesta ter\u00e7a, 14\/3\" \/>\n<meta property=\"og:url\" content=\"https:\/\/www.manaus.am.gov.br\/semsa\/primeira-etapa-de-entrega-do-leite-do-meu-filho-para-criancas-de-1-e-2-anos-sera-concluida-nesta-terca-14-3\/\" \/>\n<meta property=\"og:site_name\" content=\"SEMSA\" \/>\n<meta property=\"article:published_time\" content=\"2023-03-13T23:38:03+00:00\" \/>\n<meta property=\"article:modified_time\" content=\"2023-03-13T23:38:05+00:00\" \/>\n<meta property=\"og:image\" content=\"https:\/\/www.manaus.am.gov.br\/semsa\/wp-content\/uploads\/sites\/8\/2023\/03\/LEITE-DO-MEU-FILHO-SEMSA-MANAUS-FOTOS-HENRIQUE-SOUZA-3.jpg\" \/>\n\t<meta property=\"og:image:width\" content=\"1280\" \/>\n\t<meta property=\"og:image:height\" content=\"853\" \/>\n\t<meta property=\"og:image:type\" content=\"image\/jpeg\" \/>\n<meta name=\"author\" content=\"Bruna Greco\" \/>\n<meta name=\"twitter:card\" content=\"summary_large_image\" \/>\n<meta name=\"twitter:label1\" content=\"Written by\" \/>\n\t<meta name=\"twitter:data1\" content=\"Bruna Greco\" \/>\n\t<meta name=\"twitter:label2\" content=\"Est. reading time\" \/>\n\t<meta name=\"twitter:data2\" content=\"3 minutos\" \/>\n<script type=\"application\/ld+json\" class=\"yoast-schema-graph\">{\"@context\":\"https:\/\/schema.org\",\"@graph\":[{\"@type\":\"WebPage\",\"@id\":\"https:\/\/www.manaus.am.gov.br\/semsa\/primeira-etapa-de-entrega-do-leite-do-meu-filho-para-criancas-de-1-e-2-anos-sera-concluida-nesta-terca-14-3\/\",\"url\":\"https:\/\/www.manaus.am.gov.br\/semsa\/primeira-etapa-de-entrega-do-leite-do-meu-filho-para-criancas-de-1-e-2-anos-sera-concluida-nesta-terca-14-3\/\",\"name\":\"Primeira etapa de entrega do \u2018Leite do Meu Filho\u2019 para crian\u00e7as de 1 e 2 anos ser\u00e1 conclu\u00edda nesta ter\u00e7a, 14\/3\",\"isPartOf\":{\"@id\":\"https:\/\/www.manaus.am.gov.br\/semsa\/#website\"},\"primaryImageOfPage\":{\"@id\":\"https:\/\/www.manaus.am.gov.br\/semsa\/primeira-etapa-de-entrega-do-leite-do-meu-filho-para-criancas-de-1-e-2-anos-sera-concluida-nesta-terca-14-3\/#primaryimage\"},\"image\":{\"@id\":\"https:\/\/www.manaus.am.gov.br\/semsa\/primeira-etapa-de-entrega-do-leite-do-meu-filho-para-criancas-de-1-e-2-anos-sera-concluida-nesta-terca-14-3\/#primaryimage\"},\"thumbnailUrl\":\"https:\/\/www.manaus.am.gov.br\/semsa\/wp-content\/uploads\/sites\/8\/2023\/03\/LEITE-DO-MEU-FILHO-SEMSA-MANAUS-FOTOS-HENRIQUE-SOUZA-3.jpg\",\"datePublished\":\"2023-03-13T23:38:03+00:00\",\"dateModified\":\"2023-03-13T23:38:05+00:00\",\"author\":{\"@id\":\"https:\/\/www.manaus.am.gov.br\/semsa\/#\/schema\/person\/05d223aea2bf115f9883a6ff3683d81b\"},\"description\":\"Primeira etapa de entrega do \u2018Leite do Meu Filho\u2019 para crian\u00e7as de 1 e 2 anos ser\u00e1 conclu\u00edda nesta ter\u00e7a, 14\/3\",\"inLanguage\":\"pt-BR\",\"potentialAction\":[{\"@type\":\"ReadAction\",\"target\":[\"https:\/\/www.manaus.am.gov.br\/semsa\/primeira-etapa-de-entrega-do-leite-do-meu-filho-para-criancas-de-1-e-2-anos-sera-concluida-nesta-terca-14-3\/\"]}]},{\"@type\":\"ImageObject\",\"inLanguage\":\"pt-BR\",\"@id\":\"https:\/\/www.manaus.am.gov.br\/semsa\/primeira-etapa-de-entrega-do-leite-do-meu-filho-para-criancas-de-1-e-2-anos-sera-concluida-nesta-terca-14-3\/#primaryimage\",\"url\":\"https:\/\/www.manaus.am.gov.br\/semsa\/wp-content\/uploads\/sites\/8\/2023\/03\/LEITE-DO-MEU-FILHO-SEMSA-MANAUS-FOTOS-HENRIQUE-SOUZA-3.jpg\",\"contentUrl\":\"https:\/\/www.manaus.am.gov.br\/semsa\/wp-content\/uploads\/sites\/8\/2023\/03\/LEITE-DO-MEU-FILHO-SEMSA-MANAUS-FOTOS-HENRIQUE-SOUZA-3.jpg\",\"width\":1280,\"height\":853},{\"@type\":\"WebSite\",\"@id\":\"https:\/\/www.manaus.am.gov.br\/semsa\/#website\",\"url\":\"https:\/\/www.manaus.am.gov.br\/semsa\/\",\"name\":\"SEMSA\",\"description\":\"Secretaria Municipal de Sa\u00fade\",\"alternateName\":\"Secretaria Municipal de Sa\u00fade\",\"potentialAction\":[{\"@type\":\"SearchAction\",\"target\":{\"@type\":\"EntryPoint\",\"urlTemplate\":\"https:\/\/www.manaus.am.gov.br\/semsa\/?s={search_term_string}\"},\"query-input\":\"required name=search_term_string\"}],\"inLanguage\":\"pt-BR\"},{\"@type\":\"Person\",\"@id\":\"https:\/\/www.manaus.am.gov.br\/semsa\/#\/schema\/person\/05d223aea2bf115f9883a6ff3683d81b\",\"name\":\"Bruna Greco\",\"image\":{\"@type\":\"ImageObject\",\"inLanguage\":\"pt-BR\",\"@id\":\"https:\/\/www.manaus.am.gov.br\/semsa\/#\/schema\/person\/image\/\",\"url\":\"https:\/\/secure.gravatar.com\/avatar\/9c877d1a6adc2a055330e5c09a8653ce?s=96&d=mm&r=g\",\"contentUrl\":\"https:\/\/secure.gravatar.com\/avatar\/9c877d1a6adc2a055330e5c09a8653ce?s=96&d=mm&r=g\",\"caption\":\"Bruna Greco\"}}]}<\/script>\n<!-- \/ Yoast SEO plugin. -->","yoast_head_json":{"title":"Primeira etapa de entrega do \u2018Leite do Meu Filho\u2019 para crian\u00e7as de 1 e 2 anos ser\u00e1 conclu\u00edda nesta ter\u00e7a, 14\/3","description":"Primeira etapa de entrega do \u2018Leite do Meu Filho\u2019 para crian\u00e7as de 1 e 2 anos ser\u00e1 conclu\u00edda nesta ter\u00e7a, 14\/3","robots":{"index":"index","follow":"follow","max-snippet":"max-snippet:-1","max-image-preview":"max-image-preview:large","max-video-preview":"max-video-preview:-1"},"canonical":"https:\/\/www.manaus.am.gov.br\/semsa\/primeira-etapa-de-entrega-do-leite-do-meu-filho-para-criancas-de-1-e-2-anos-sera-concluida-nesta-terca-14-3\/","og_locale":"pt_BR","og_type":"article","og_title":"Primeira etapa de entrega do \u2018Leite do Meu Filho\u2019 para crian\u00e7as de 1 e 2 anos ser\u00e1 conclu\u00edda nesta ter\u00e7a, 14\/3","og_description":"Primeira etapa de entrega do \u2018Leite do Meu Filho\u2019 para crian\u00e7as de 1 e 2 anos ser\u00e1 conclu\u00edda nesta ter\u00e7a, 14\/3","og_url":"https:\/\/www.manaus.am.gov.br\/semsa\/primeira-etapa-de-entrega-do-leite-do-meu-filho-para-criancas-de-1-e-2-anos-sera-concluida-nesta-terca-14-3\/","og_site_name":"SEMSA","article_published_time":"2023-03-13T23:38:03+00:00","article_modified_time":"2023-03-13T23:38:05+00:00","og_image":[{"width":1280,"height":853,"url":"https:\/\/www.manaus.am.gov.br\/semsa\/wp-content\/uploads\/sites\/8\/2023\/03\/LEITE-DO-MEU-FILHO-SEMSA-MANAUS-FOTOS-HENRIQUE-SOUZA-3.jpg","type":"image\/jpeg"}],"author":"Bruna Greco","twitter_card":"summary_large_image","twitter_misc":{"Written by":"Bruna Greco","Est. reading time":"3 minutos"},"schema":{"@context":"https:\/\/schema.org","@graph":[{"@type":"WebPage","@id":"https:\/\/www.manaus.am.gov.br\/semsa\/primeira-etapa-de-entrega-do-leite-do-meu-filho-para-criancas-de-1-e-2-anos-sera-concluida-nesta-terca-14-3\/","url":"https:\/\/www.manaus.am.gov.br\/semsa\/primeira-etapa-de-entrega-do-leite-do-meu-filho-para-criancas-de-1-e-2-anos-sera-concluida-nesta-terca-14-3\/","name":"Primeira etapa de entrega do \u2018Leite do Meu Filho\u2019 para crian\u00e7as de 1 e 2 anos ser\u00e1 conclu\u00edda nesta ter\u00e7a, 14\/3","isPartOf":{"@id":"https:\/\/www.manaus.am.gov.br\/semsa\/#website"},"primaryImageOfPage":{"@id":"https:\/\/www.manaus.am.gov.br\/semsa\/primeira-etapa-de-entrega-do-leite-do-meu-filho-para-criancas-de-1-e-2-anos-sera-concluida-nesta-terca-14-3\/#primaryimage"},"image":{"@id":"https:\/\/www.manaus.am.gov.br\/semsa\/primeira-etapa-de-entrega-do-leite-do-meu-filho-para-criancas-de-1-e-2-anos-sera-concluida-nesta-terca-14-3\/#primaryimage"},"thumbnailUrl":"https:\/\/www.manaus.am.gov.br\/semsa\/wp-content\/uploads\/sites\/8\/2023\/03\/LEITE-DO-MEU-FILHO-SEMSA-MANAUS-FOTOS-HENRIQUE-SOUZA-3.jpg","datePublished":"2023-03-13T23:38:03+00:00","dateModified":"2023-03-13T23:38:05+00:00","author":{"@id":"https:\/\/www.manaus.am.gov.br\/semsa\/#\/schema\/person\/05d223aea2bf115f9883a6ff3683d81b"},"description":"Primeira etapa de entrega do \u2018Leite do Meu Filho\u2019 para crian\u00e7as de 1 e 2 anos ser\u00e1 conclu\u00edda nesta ter\u00e7a, 14\/3","inLanguage":"pt-BR","potentialAction":[{"@type":"ReadAction","target":["https:\/\/www.manaus.am.gov.br\/semsa\/primeira-etapa-de-entrega-do-leite-do-meu-filho-para-criancas-de-1-e-2-anos-sera-concluida-nesta-terca-14-3\/"]}]},{"@type":"ImageObject","inLanguage":"pt-BR","@id":"https:\/\/www.manaus.am.gov.br\/semsa\/primeira-etapa-de-entrega-do-leite-do-meu-filho-para-criancas-de-1-e-2-anos-sera-concluida-nesta-terca-14-3\/#primaryimage","url":"https:\/\/www.manaus.am.gov.br\/semsa\/wp-content\/uploads\/sites\/8\/2023\/03\/LEITE-DO-MEU-FILHO-SEMSA-MANAUS-FOTOS-HENRIQUE-SOUZA-3.jpg","contentUrl":"https:\/\/www.manaus.am.gov.br\/semsa\/wp-content\/uploads\/sites\/8\/2023\/03\/LEITE-DO-MEU-FILHO-SEMSA-MANAUS-FOTOS-HENRIQUE-SOUZA-3.jpg","width":1280,"height":853},{"@type":"WebSite","@id":"https:\/\/www.manaus.am.gov.br\/semsa\/#website","url":"https:\/\/www.manaus.am.gov.br\/semsa\/","name":"SEMSA","description":"Secretaria Municipal de Sa\u00fade","alternateName":"Secretaria Municipal de Sa\u00fade","potentialAction":[{"@type":"SearchAction","target":{"@type":"EntryPoint","urlTemplate":"https:\/\/www.manaus.am.gov.br\/semsa\/?s={search_term_string}"},"query-input":"required name=search_term_string"}],"inLanguage":"pt-BR"},{"@type":"Person","@id":"https:\/\/www.manaus.am.gov.br\/semsa\/#\/schema\/person\/05d223aea2bf115f9883a6ff3683d81b","name":"Bruna Greco","image":{"@type":"ImageObject","inLanguage":"pt-BR","@id":"https:\/\/www.manaus.am.gov.br\/semsa\/#\/schema\/person\/image\/","url":"https:\/\/secure.gravatar.com\/avatar\/9c877d1a6adc2a055330e5c09a8653ce?s=96&d=mm&r=g","contentUrl":"https:\/\/secure.gravatar.com\/avatar\/9c877d1a6adc2a055330e5c09a8653ce?s=96&d=mm&r=g","caption":"Bruna Greco"}}]}},"_links":{"self":[{"href":"https:\/\/www.manaus.am.gov.br\/semsa\/wp-json\/wp\/v2\/posts\/210883"}],"collection":[{"href":"https:\/\/www.manaus.am.gov.br\/semsa\/wp-json\/wp\/v2\/posts"}],"about":[{"href":"https:\/\/www.manaus.am.gov.br\/semsa\/wp-json\/wp\/v2\/types\/post"}],"author":[{"embeddable":true,"href":"https:\/\/www.manaus.am.gov.br\/semsa\/wp-json\/wp\/v2\/users\/39"}],"replies":[{"embeddable":true,"href":"https:\/\/www.manaus.am.gov.br\/semsa\/wp-json\/wp\/v2\/comments?post=210883"}],"version-history":[{"count":0,"href":"https:\/\/www.manaus.am.gov.br\/semsa\/wp-json\/wp\/v2\/posts\/210883\/revisions"}],"wp:featuredmedia":[{"embeddable":true,"href":"https:\/\/www.manaus.am.gov.br\/semsa\/wp-json\/wp\/v2\/media\/210884"}],"wp:attachment":[{"href":"https:\/\/www.manaus.am.gov.br\/semsa\/wp-json\/wp\/v2\/media?parent=210883"}],"wp:term":[{"taxonomy":"category","embeddable":true,"href":"https:\/\/www.manaus.am.gov.br\/semsa\/wp-json\/wp\/v2\/categories?post=210883"},{"taxonomy":"post_tag","embeddable":true,"href":"https:\/\/www.manaus.am.gov.br\/semsa\/wp-json\/wp\/v2\/tags?post=210883"}],"curies":[{"name":"wp","href":"https:\/\/api.w.org\/{rel}","templated":true}]}}