{"id":210877,"date":"2023-03-13T16:21:14","date_gmt":"2023-03-13T20:21:14","guid":{"rendered":"https:\/\/www.manaus.am.gov.br\/semsa\/prefeitura-divulga-cronograma-de-entrega-do-leite-do-meu-filho-para-criancas-de-3-e-4-anos\/"},"modified":"2023-03-13T16:21:15","modified_gmt":"2023-03-13T20:21:15","slug":"prefeitura-divulga-cronograma-de-entrega-do-leite-do-meu-filho-para-criancas-de-3-e-4-anos","status":"publish","type":"post","link":"https:\/\/www.manaus.am.gov.br\/semsa\/prefeitura-divulga-cronograma-de-entrega-do-leite-do-meu-filho-para-criancas-de-3-e-4-anos\/","title":{"rendered":"<strong>Prefeitura divulga cronograma de entrega do \u2018Leite do Meu Filho\u2019 para crian\u00e7as de 3 e 4 anos<\/strong>"},"content":{"rendered":"\n<p>Em mais um avan\u00e7o na retomada da distribui\u00e7\u00e3o do Programa de Nutri\u00e7\u00e3o Infantil \u201cLeite do Meu Filho\u201d, a Prefeitura de Manaus informa que iniciar\u00e1, na pr\u00f3xima quarta-feira, 15\/3, a entrega dos compostos l\u00e1cteos para crian\u00e7as de 3 e 4 anos de idade. A Secretaria Municipal de Sa\u00fade (Semsa) estabeleceu um cronograma para esse p\u00fablico por ordem alfab\u00e9tica, considerando o nome do respons\u00e1vel pela crian\u00e7a cadastrada.<\/p>\n\n\n\n<p>Na quarta-feira, a entrega ser\u00e1 voltada para os respons\u00e1veis cujos nomes se iniciam com a letra A; na quinta-feira, 16\/3, ser\u00e1 a vez dos benefici\u00e1rios com iniciais B, C e D; e na sexta-feira, 17\/3, aqueles com nomes que se iniciam com as letras E e F. Na semana seguinte, o cronograma ir\u00e1 contemplar os demais benefici\u00e1rios.<\/p>\n\n\n\n<p>\u201cAtualmente, o programa possui mais de nove mil benefici\u00e1rios ativos na faixa et\u00e1ria de 3 e 4 anos, por isso optamos por manter a entrega de forma escalonada, para n\u00e3o sobrecarregar a capacidade di\u00e1ria de atendimentos nas centrais. Somente as pessoas cadastradas como respons\u00e1veis podem fazer a retirada dos produtos, portando RG e CPF\u201d, explica a chefe do N\u00facleo de Alimenta\u00e7\u00e3o e Nutri\u00e7\u00e3o da Semsa, Lia Ferreira.<\/p>\n\n\n\n<p>Na pr\u00f3xima segunda-feira, 20\/3, a distribui\u00e7\u00e3o ser\u00e1 voltada para respons\u00e1veis com as letras iniciais G, H e I; na ter\u00e7a-feira, 21\/3, pessoas com iniciais J e K; na quarta e quinta-feira, 22 e 23\/3, letras iniciais L, M e N; na sexta-feira, 24\/3, letras iniciais O, P, Q e R. Por fim, no dia 27\/3, ser\u00e1 feita a entrega para benefici\u00e1rios com iniciais de S a Z.<\/p>\n\n\n\n<p>\u201cRefor\u00e7amos que, nesse primeiro momento, a distribui\u00e7\u00e3o est\u00e1 voltada para os usu\u00e1rios com cadastro ativo no programa, ou seja, quem j\u00e1 fez a retirada do produto alguma vez. Temos pessoas com cadastro aprovado, mas essas devem aguardar a divulga\u00e7\u00e3o de um novo cronograma para iniciar o recebimento do leite\u201d, destaca Lia.<\/p>\n\n\n\n<p>A nutricionista pontua que para a faixa et\u00e1ria de 3 e 4 anos, ser\u00e1 feita a entrega de quatro latas do composto l\u00e1cteo de 400g, referente ao m\u00eas de mar\u00e7o. A secretaria aguarda a chegada de novas remessas do produto para, no pr\u00f3ximo m\u00eas, realizar a entrega retroativa de fevereiro e do m\u00eas atual (abril).<\/p>\n\n\n\n<p><strong>F\u00f3rmulas infantis<\/strong><\/p>\n\n\n\n<p>Desde o dia 6\/3, as centrais de distribui\u00e7\u00e3o do \u201cLeite do Meu Filho\u201d est\u00e3o realizando a entrega das f\u00f3rmulas infantis para crian\u00e7as de 1 e 2 anos de idade. O atendimento tamb\u00e9m est\u00e1 seguindo um cronograma por ordem alfab\u00e9tica, que deve ser encerrado nesta ter\u00e7a-feira, 14\/3. Depois dessa data, a distribui\u00e7\u00e3o ser\u00e1 concentrada na faixa et\u00e1ria de 3 e 4 anos.<\/p>\n\n\n\n<p>\u201cNesses pr\u00f3ximos dias, estaremos concluindo a entrega dos produtos para as fam\u00edlias com crian\u00e7as de 1 e 2 anos. Se por algum motivo, o respons\u00e1vel perdeu a data, deve se dirigir imediatamente a uma das centrais at\u00e9 esta ter\u00e7a-feira, 14\/3. A partir de quarta, 15, os estoques das centrais devem ser preenchidos apenas com os compostos l\u00e1cteos para essa nova etapa de distribui\u00e7\u00e3o\u201d, disse Lia.<\/p>\n\n\n\n<p>As centrais funcionam de segunda a sexta-feira, no per\u00edodo de 8h \u00e0s 16h30. Uma delas est\u00e1 localizada dentro do Shopping Phelippe Daou (avenida Camapu\u00e3, n\u00ba 2.939, bairro Cidade de Deus, zona Norte) e outra, no Complexo de Sa\u00fade Oeste (rua Comandante Paulo Lasmar, n\u00ba 10, bairro da Paz, zona Centro-Oeste).<\/p>\n\n\n\n<p><strong>Reabastecimento<\/strong><\/p>\n\n\n\n<p>Lia Ferreira lembra que o reabastecimento do programa \u201cLeite do Meu Filho\u201d foi poss\u00edvel gra\u00e7as a uma compra emergencial efetuada pela Prefeitura de Manaus, que deve suprir a demanda de quatro meses at\u00e9 que uma nova licita\u00e7\u00e3o seja conclu\u00edda. A medida foi implementada ap\u00f3s o fornecedor que venceu a \u00faltima licita\u00e7\u00e3o descumprir os prazos legais para entrega dos produtos.<\/p>\n\n\n\n<p>O \u201cLeite do Meu Filho\u201d \u00e9 uma pol\u00edtica social que contempla, atualmente, quase 17 mil usu\u00e1rios ativos, promovendo o direito humano \u00e0 alimenta\u00e7\u00e3o adequada, e integrando as a\u00e7\u00f5es de seguran\u00e7a alimentar e nutricional da Semsa. O programa \u00e9 financiado com recursos pr\u00f3prios do munic\u00edpio, e atende crian\u00e7as de 0 a 4 anos de idade, que se encaixam em crit\u00e9rios pr\u00e9-estabelecidos.<\/p>\n\n\n\n<p>&#8212; &#8212; &#8212;<\/p>\n\n\n\n<p><strong>Texto<\/strong> &#8211; Victor Cruz \/ Semsa<\/p>\n\n\n\n<p><strong>Foto<\/strong> &#8211; Henrique Souza \/ Semsa<\/p>\n","protected":false},"excerpt":{"rendered":"","protected":false},"author":39,"featured_media":210878,"comment_status":"closed","ping_status":"closed","sticky":false,"template":"","format":"standard","meta":{"footnotes":""},"categories":[329],"tags":[392,393,394,28],"acf":[],"yoast_head":"<!-- This site is optimized with the Yoast SEO plugin v23.0 - https:\/\/yoast.com\/wordpress\/plugins\/seo\/ -->\n<title>Prefeitura divulga cronograma de entrega do \u2018Leite do Meu Filho\u2019 para crian\u00e7as de 3 e 4 anos<\/title>\n<meta name=\"description\" content=\"Prefeitura divulga cronograma de entrega do \u2018Leite do Meu Filho\u2019 para crian\u00e7as de 3 e 4 anos\" \/>\n<meta name=\"robots\" content=\"index, follow, max-snippet:-1, max-image-preview:large, max-video-preview:-1\" \/>\n<link rel=\"canonical\" href=\"https:\/\/www.manaus.am.gov.br\/semsa\/prefeitura-divulga-cronograma-de-entrega-do-leite-do-meu-filho-para-criancas-de-3-e-4-anos\/\" \/>\n<meta property=\"og:locale\" content=\"pt_BR\" \/>\n<meta property=\"og:type\" content=\"article\" \/>\n<meta property=\"og:title\" content=\"Prefeitura divulga cronograma de entrega do \u2018Leite do Meu Filho\u2019 para crian\u00e7as de 3 e 4 anos\" \/>\n<meta property=\"og:description\" content=\"Prefeitura divulga cronograma de entrega do \u2018Leite do Meu Filho\u2019 para crian\u00e7as de 3 e 4 anos\" \/>\n<meta property=\"og:url\" content=\"https:\/\/www.manaus.am.gov.br\/semsa\/prefeitura-divulga-cronograma-de-entrega-do-leite-do-meu-filho-para-criancas-de-3-e-4-anos\/\" \/>\n<meta property=\"og:site_name\" content=\"SEMSA\" \/>\n<meta property=\"article:published_time\" content=\"2023-03-13T20:21:14+00:00\" \/>\n<meta property=\"article:modified_time\" content=\"2023-03-13T20:21:15+00:00\" \/>\n<meta property=\"og:image\" content=\"https:\/\/www.manaus.am.gov.br\/semsa\/wp-content\/uploads\/sites\/8\/2023\/03\/LEITE-DO-MEU-FILHO-SEMSA-MANAUS-FOTOS-HENRIQUE-SOUZA-4.jpg\" \/>\n\t<meta property=\"og:image:width\" content=\"1280\" \/>\n\t<meta property=\"og:image:height\" content=\"853\" \/>\n\t<meta property=\"og:image:type\" content=\"image\/jpeg\" \/>\n<meta name=\"author\" content=\"Bruna Greco\" \/>\n<meta name=\"twitter:card\" content=\"summary_large_image\" \/>\n<meta name=\"twitter:label1\" content=\"Written by\" \/>\n\t<meta name=\"twitter:data1\" content=\"Bruna Greco\" \/>\n\t<meta name=\"twitter:label2\" content=\"Est. reading time\" \/>\n\t<meta name=\"twitter:data2\" content=\"4 minutos\" \/>\n<script type=\"application\/ld+json\" class=\"yoast-schema-graph\">{\"@context\":\"https:\/\/schema.org\",\"@graph\":[{\"@type\":\"WebPage\",\"@id\":\"https:\/\/www.manaus.am.gov.br\/semsa\/prefeitura-divulga-cronograma-de-entrega-do-leite-do-meu-filho-para-criancas-de-3-e-4-anos\/\",\"url\":\"https:\/\/www.manaus.am.gov.br\/semsa\/prefeitura-divulga-cronograma-de-entrega-do-leite-do-meu-filho-para-criancas-de-3-e-4-anos\/\",\"name\":\"Prefeitura divulga cronograma de entrega do \u2018Leite do Meu Filho\u2019 para crian\u00e7as de 3 e 4 anos\",\"isPartOf\":{\"@id\":\"https:\/\/www.manaus.am.gov.br\/semsa\/#website\"},\"primaryImageOfPage\":{\"@id\":\"https:\/\/www.manaus.am.gov.br\/semsa\/prefeitura-divulga-cronograma-de-entrega-do-leite-do-meu-filho-para-criancas-de-3-e-4-anos\/#primaryimage\"},\"image\":{\"@id\":\"https:\/\/www.manaus.am.gov.br\/semsa\/prefeitura-divulga-cronograma-de-entrega-do-leite-do-meu-filho-para-criancas-de-3-e-4-anos\/#primaryimage\"},\"thumbnailUrl\":\"https:\/\/www.manaus.am.gov.br\/semsa\/wp-content\/uploads\/sites\/8\/2023\/03\/LEITE-DO-MEU-FILHO-SEMSA-MANAUS-FOTOS-HENRIQUE-SOUZA-4.jpg\",\"datePublished\":\"2023-03-13T20:21:14+00:00\",\"dateModified\":\"2023-03-13T20:21:15+00:00\",\"author\":{\"@id\":\"https:\/\/www.manaus.am.gov.br\/semsa\/#\/schema\/person\/05d223aea2bf115f9883a6ff3683d81b\"},\"description\":\"Prefeitura divulga cronograma de entrega do \u2018Leite do Meu Filho\u2019 para crian\u00e7as de 3 e 4 anos\",\"inLanguage\":\"pt-BR\",\"potentialAction\":[{\"@type\":\"ReadAction\",\"target\":[\"https:\/\/www.manaus.am.gov.br\/semsa\/prefeitura-divulga-cronograma-de-entrega-do-leite-do-meu-filho-para-criancas-de-3-e-4-anos\/\"]}]},{\"@type\":\"ImageObject\",\"inLanguage\":\"pt-BR\",\"@id\":\"https:\/\/www.manaus.am.gov.br\/semsa\/prefeitura-divulga-cronograma-de-entrega-do-leite-do-meu-filho-para-criancas-de-3-e-4-anos\/#primaryimage\",\"url\":\"https:\/\/www.manaus.am.gov.br\/semsa\/wp-content\/uploads\/sites\/8\/2023\/03\/LEITE-DO-MEU-FILHO-SEMSA-MANAUS-FOTOS-HENRIQUE-SOUZA-4.jpg\",\"contentUrl\":\"https:\/\/www.manaus.am.gov.br\/semsa\/wp-content\/uploads\/sites\/8\/2023\/03\/LEITE-DO-MEU-FILHO-SEMSA-MANAUS-FOTOS-HENRIQUE-SOUZA-4.jpg\",\"width\":1280,\"height\":853},{\"@type\":\"WebSite\",\"@id\":\"https:\/\/www.manaus.am.gov.br\/semsa\/#website\",\"url\":\"https:\/\/www.manaus.am.gov.br\/semsa\/\",\"name\":\"SEMSA\",\"description\":\"Secretaria Municipal de Sa\u00fade\",\"alternateName\":\"Secretaria Municipal de Sa\u00fade\",\"potentialAction\":[{\"@type\":\"SearchAction\",\"target\":{\"@type\":\"EntryPoint\",\"urlTemplate\":\"https:\/\/www.manaus.am.gov.br\/semsa\/?s={search_term_string}\"},\"query-input\":\"required name=search_term_string\"}],\"inLanguage\":\"pt-BR\"},{\"@type\":\"Person\",\"@id\":\"https:\/\/www.manaus.am.gov.br\/semsa\/#\/schema\/person\/05d223aea2bf115f9883a6ff3683d81b\",\"name\":\"Bruna Greco\",\"image\":{\"@type\":\"ImageObject\",\"inLanguage\":\"pt-BR\",\"@id\":\"https:\/\/www.manaus.am.gov.br\/semsa\/#\/schema\/person\/image\/\",\"url\":\"https:\/\/secure.gravatar.com\/avatar\/9c877d1a6adc2a055330e5c09a8653ce?s=96&d=mm&r=g\",\"contentUrl\":\"https:\/\/secure.gravatar.com\/avatar\/9c877d1a6adc2a055330e5c09a8653ce?s=96&d=mm&r=g\",\"caption\":\"Bruna Greco\"}}]}<\/script>\n<!-- \/ Yoast SEO plugin. -->","yoast_head_json":{"title":"Prefeitura divulga cronograma de entrega do \u2018Leite do Meu Filho\u2019 para crian\u00e7as de 3 e 4 anos","description":"Prefeitura divulga cronograma de entrega do \u2018Leite do Meu Filho\u2019 para crian\u00e7as de 3 e 4 anos","robots":{"index":"index","follow":"follow","max-snippet":"max-snippet:-1","max-image-preview":"max-image-preview:large","max-video-preview":"max-video-preview:-1"},"canonical":"https:\/\/www.manaus.am.gov.br\/semsa\/prefeitura-divulga-cronograma-de-entrega-do-leite-do-meu-filho-para-criancas-de-3-e-4-anos\/","og_locale":"pt_BR","og_type":"article","og_title":"Prefeitura divulga cronograma de entrega do \u2018Leite do Meu Filho\u2019 para crian\u00e7as de 3 e 4 anos","og_description":"Prefeitura divulga cronograma de entrega do \u2018Leite do Meu Filho\u2019 para crian\u00e7as de 3 e 4 anos","og_url":"https:\/\/www.manaus.am.gov.br\/semsa\/prefeitura-divulga-cronograma-de-entrega-do-leite-do-meu-filho-para-criancas-de-3-e-4-anos\/","og_site_name":"SEMSA","article_published_time":"2023-03-13T20:21:14+00:00","article_modified_time":"2023-03-13T20:21:15+00:00","og_image":[{"width":1280,"height":853,"url":"https:\/\/www.manaus.am.gov.br\/semsa\/wp-content\/uploads\/sites\/8\/2023\/03\/LEITE-DO-MEU-FILHO-SEMSA-MANAUS-FOTOS-HENRIQUE-SOUZA-4.jpg","type":"image\/jpeg"}],"author":"Bruna Greco","twitter_card":"summary_large_image","twitter_misc":{"Written by":"Bruna Greco","Est. reading time":"4 minutos"},"schema":{"@context":"https:\/\/schema.org","@graph":[{"@type":"WebPage","@id":"https:\/\/www.manaus.am.gov.br\/semsa\/prefeitura-divulga-cronograma-de-entrega-do-leite-do-meu-filho-para-criancas-de-3-e-4-anos\/","url":"https:\/\/www.manaus.am.gov.br\/semsa\/prefeitura-divulga-cronograma-de-entrega-do-leite-do-meu-filho-para-criancas-de-3-e-4-anos\/","name":"Prefeitura divulga cronograma de entrega do \u2018Leite do Meu Filho\u2019 para crian\u00e7as de 3 e 4 anos","isPartOf":{"@id":"https:\/\/www.manaus.am.gov.br\/semsa\/#website"},"primaryImageOfPage":{"@id":"https:\/\/www.manaus.am.gov.br\/semsa\/prefeitura-divulga-cronograma-de-entrega-do-leite-do-meu-filho-para-criancas-de-3-e-4-anos\/#primaryimage"},"image":{"@id":"https:\/\/www.manaus.am.gov.br\/semsa\/prefeitura-divulga-cronograma-de-entrega-do-leite-do-meu-filho-para-criancas-de-3-e-4-anos\/#primaryimage"},"thumbnailUrl":"https:\/\/www.manaus.am.gov.br\/semsa\/wp-content\/uploads\/sites\/8\/2023\/03\/LEITE-DO-MEU-FILHO-SEMSA-MANAUS-FOTOS-HENRIQUE-SOUZA-4.jpg","datePublished":"2023-03-13T20:21:14+00:00","dateModified":"2023-03-13T20:21:15+00:00","author":{"@id":"https:\/\/www.manaus.am.gov.br\/semsa\/#\/schema\/person\/05d223aea2bf115f9883a6ff3683d81b"},"description":"Prefeitura divulga cronograma de entrega do \u2018Leite do Meu Filho\u2019 para crian\u00e7as de 3 e 4 anos","inLanguage":"pt-BR","potentialAction":[{"@type":"ReadAction","target":["https:\/\/www.manaus.am.gov.br\/semsa\/prefeitura-divulga-cronograma-de-entrega-do-leite-do-meu-filho-para-criancas-de-3-e-4-anos\/"]}]},{"@type":"ImageObject","inLanguage":"pt-BR","@id":"https:\/\/www.manaus.am.gov.br\/semsa\/prefeitura-divulga-cronograma-de-entrega-do-leite-do-meu-filho-para-criancas-de-3-e-4-anos\/#primaryimage","url":"https:\/\/www.manaus.am.gov.br\/semsa\/wp-content\/uploads\/sites\/8\/2023\/03\/LEITE-DO-MEU-FILHO-SEMSA-MANAUS-FOTOS-HENRIQUE-SOUZA-4.jpg","contentUrl":"https:\/\/www.manaus.am.gov.br\/semsa\/wp-content\/uploads\/sites\/8\/2023\/03\/LEITE-DO-MEU-FILHO-SEMSA-MANAUS-FOTOS-HENRIQUE-SOUZA-4.jpg","width":1280,"height":853},{"@type":"WebSite","@id":"https:\/\/www.manaus.am.gov.br\/semsa\/#website","url":"https:\/\/www.manaus.am.gov.br\/semsa\/","name":"SEMSA","description":"Secretaria Municipal de Sa\u00fade","alternateName":"Secretaria Municipal de Sa\u00fade","potentialAction":[{"@type":"SearchAction","target":{"@type":"EntryPoint","urlTemplate":"https:\/\/www.manaus.am.gov.br\/semsa\/?s={search_term_string}"},"query-input":"required name=search_term_string"}],"inLanguage":"pt-BR"},{"@type":"Person","@id":"https:\/\/www.manaus.am.gov.br\/semsa\/#\/schema\/person\/05d223aea2bf115f9883a6ff3683d81b","name":"Bruna Greco","image":{"@type":"ImageObject","inLanguage":"pt-BR","@id":"https:\/\/www.manaus.am.gov.br\/semsa\/#\/schema\/person\/image\/","url":"https:\/\/secure.gravatar.com\/avatar\/9c877d1a6adc2a055330e5c09a8653ce?s=96&d=mm&r=g","contentUrl":"https:\/\/secure.gravatar.com\/avatar\/9c877d1a6adc2a055330e5c09a8653ce?s=96&d=mm&r=g","caption":"Bruna Greco"}}]}},"_links":{"self":[{"href":"https:\/\/www.manaus.am.gov.br\/semsa\/wp-json\/wp\/v2\/posts\/210877"}],"collection":[{"href":"https:\/\/www.manaus.am.gov.br\/semsa\/wp-json\/wp\/v2\/posts"}],"about":[{"href":"https:\/\/www.manaus.am.gov.br\/semsa\/wp-json\/wp\/v2\/types\/post"}],"author":[{"embeddable":true,"href":"https:\/\/www.manaus.am.gov.br\/semsa\/wp-json\/wp\/v2\/users\/39"}],"replies":[{"embeddable":true,"href":"https:\/\/www.manaus.am.gov.br\/semsa\/wp-json\/wp\/v2\/comments?post=210877"}],"version-history":[{"count":0,"href":"https:\/\/www.manaus.am.gov.br\/semsa\/wp-json\/wp\/v2\/posts\/210877\/revisions"}],"wp:featuredmedia":[{"embeddable":true,"href":"https:\/\/www.manaus.am.gov.br\/semsa\/wp-json\/wp\/v2\/media\/210878"}],"wp:attachment":[{"href":"https:\/\/www.manaus.am.gov.br\/semsa\/wp-json\/wp\/v2\/media?parent=210877"}],"wp:term":[{"taxonomy":"category","embeddable":true,"href":"https:\/\/www.manaus.am.gov.br\/semsa\/wp-json\/wp\/v2\/categories?post=210877"},{"taxonomy":"post_tag","embeddable":true,"href":"https:\/\/www.manaus.am.gov.br\/semsa\/wp-json\/wp\/v2\/tags?post=210877"}],"curies":[{"name":"wp","href":"https:\/\/api.w.org\/{rel}","templated":true}]}}