{"id":210863,"date":"2023-03-10T14:29:59","date_gmt":"2023-03-10T18:29:59","guid":{"rendered":"https:\/\/www.manaus.am.gov.br\/semsa\/prefeitura-de-manaus-realiza-vacinacao-antirrabica-todos-os-sabados-durante-o-mes-de-marco\/"},"modified":"2023-03-10T14:30:01","modified_gmt":"2023-03-10T18:30:01","slug":"prefeitura-de-manaus-realiza-vacinacao-antirrabica-todos-os-sabados-durante-o-mes-de-marco","status":"publish","type":"post","link":"https:\/\/www.manaus.am.gov.br\/semsa\/prefeitura-de-manaus-realiza-vacinacao-antirrabica-todos-os-sabados-durante-o-mes-de-marco\/","title":{"rendered":"<strong>Prefeitura de Manaus realiza vacina\u00e7\u00e3o antirr\u00e1bica todos os s\u00e1bados durante o m\u00eas de mar\u00e7o<\/strong>"},"content":{"rendered":"\n<p>A Prefeitura de Manaus, por meio do Centro de Controle de Zoonoses (CCZ), vinculado \u00e0 Secretaria Municipal de Sa\u00fade (Semsa), realiza, neste s\u00e1bado, 11\/3, das 8h \u00e0s 12h, o servi\u00e7o de vacina\u00e7\u00e3o antirr\u00e1bica em pontos fixos que estar\u00e3o funcionando nos bairros das zonas Sul e Leste da capital. A oferta do servi\u00e7o prossegue em outros pontos da capital at\u00e9 o \u00faltimo s\u00e1bado do m\u00eas de mar\u00e7o.<\/p>\n\n\n\n<p>A Semsa orienta os tutores de c\u00e3es e gatos que, para vacinar seus animais, \u00e9 recomendada a apresenta\u00e7\u00e3o de carteira de vacina\u00e7\u00e3o. &nbsp;<\/p>\n\n\n\n<p>A&nbsp;raiva \u00e9 uma zoonose e compromete a sa\u00fade do ser humano, da\u00ed a import\u00e2ncia de os tutores protegerem seus c\u00e3es e gatos da doen\u00e7a.<\/p>\n\n\n\n<p>O servi\u00e7o de vacina\u00e7\u00e3o antirr\u00e1bica tamb\u00e9m \u00e9 ofertado na&nbsp;sede do CCZ, no bairro Compensa, de segunda a sexta-feira, das 8h \u00e0s 16h<\/p>\n\n\n\n<p>Confira as datas e pontos fixos de vacina\u00e7\u00e3o antirr\u00e1bica aos s\u00e1bados do m\u00eas de mar\u00e7o, sempre das 8h \u00e0s 12h:<\/p>\n\n\n\n<p>11\/3 &#8211; Rua 4, n\u00ba 90, Mutir\u00e3o &#8211; Novo Aleixo<\/p>\n\n\n\n<p>11\/3 &#8211; Par\u00f3quia S\u00e3o L\u00e1zaro \u2013 Rua Maria Andrade, n\u00ba 601 &#8211; S\u00e3o L\u00e1zaro<\/p>\n\n\n\n<p>18\/3 &#8211; Espa\u00e7o Comunit\u00e1rio Rosa Maria, rua 50, n\u00ba 23, Mutir\u00e3o &#8211; Novo Aleixo<\/p>\n\n\n\n<p>18\/3 &#8211; Escola Renascer, rua Dr. Castro e Costa, n\u00ba 97 &#8211; Petr\u00f3polis pr\u00f3ximo ao restaurante Rei do Bai\u00e3o<\/p>\n\n\n\n<p>25\/3 &#8211; Rua do Campo do Roma, em frente ao Cmei Santina Castro &#8211; Novo Aleixo I.<\/p>\n\n\n\n<p>&#8212; &#8212; &#8212;&nbsp;<\/p>\n\n\n\n<p><strong>Texto &#8211;<\/strong>&nbsp;Divulga\u00e7\u00e3o \/ Semsa<\/p>\n\n\n\n<p><strong>Fotos \u2013<\/strong>&nbsp;Divulga\u00e7\u00e3o \/ Semsa<\/p>\n","protected":false},"excerpt":{"rendered":"","protected":false},"author":24,"featured_media":210864,"comment_status":"closed","ping_status":"closed","sticky":false,"template":"","format":"standard","meta":{"footnotes":""},"categories":[377],"tags":[378,379,54,380,55,28,381],"acf":[],"yoast_head":"<!-- This site is optimized with the Yoast SEO plugin v23.0 - https:\/\/yoast.com\/wordpress\/plugins\/seo\/ -->\n<title>Prefeitura de Manaus realiza vacina\u00e7\u00e3o antirr\u00e1bica todos os s\u00e1bados durante o m\u00eas de mar\u00e7o<\/title>\n<meta name=\"description\" content=\"A Prefeitura de Manaus, por meio do Centro de Controle de Zoonoses (CCZ), vinculado \u00e0 Secretaria Municipal de Sa\u00fade (Semsa), realiza, neste s\u00e1bado, 11\/3, das 8h \u00e0s 12h, o servi\u00e7o de vacina\u00e7\u00e3o antirr\u00e1bica em pontos fixos que estar\u00e3o funcionando nos bairros das zonas Sul e Leste da capital.\" \/>\n<meta name=\"robots\" content=\"index, follow, max-snippet:-1, max-image-preview:large, max-video-preview:-1\" \/>\n<link rel=\"canonical\" href=\"https:\/\/www.manaus.am.gov.br\/semsa\/prefeitura-de-manaus-realiza-vacinacao-antirrabica-todos-os-sabados-durante-o-mes-de-marco\/\" \/>\n<meta property=\"og:locale\" content=\"pt_BR\" \/>\n<meta property=\"og:type\" content=\"article\" \/>\n<meta property=\"og:title\" content=\"Prefeitura de Manaus realiza vacina\u00e7\u00e3o antirr\u00e1bica todos os s\u00e1bados durante o m\u00eas de mar\u00e7o\" \/>\n<meta property=\"og:description\" content=\"A Prefeitura de Manaus, por meio do Centro de Controle de Zoonoses (CCZ), vinculado \u00e0 Secretaria Municipal de Sa\u00fade (Semsa), realiza, neste s\u00e1bado, 11\/3, das 8h \u00e0s 12h, o servi\u00e7o de vacina\u00e7\u00e3o antirr\u00e1bica em pontos fixos que estar\u00e3o funcionando nos bairros das zonas Sul e Leste da capital.\" \/>\n<meta property=\"og:url\" content=\"https:\/\/www.manaus.am.gov.br\/semsa\/prefeitura-de-manaus-realiza-vacinacao-antirrabica-todos-os-sabados-durante-o-mes-de-marco\/\" \/>\n<meta property=\"og:site_name\" content=\"SEMSA\" \/>\n<meta property=\"article:published_time\" content=\"2023-03-10T18:29:59+00:00\" \/>\n<meta property=\"article:modified_time\" content=\"2023-03-10T18:30:01+00:00\" \/>\n<meta property=\"og:image\" content=\"https:\/\/www.manaus.am.gov.br\/semsa\/wp-content\/uploads\/sites\/8\/2023\/03\/Marco-10_nota-CCZ-Vacinacao-Antirrabica-2.jpg\" \/>\n\t<meta property=\"og:image:width\" content=\"1200\" \/>\n\t<meta property=\"og:image:height\" content=\"800\" \/>\n\t<meta property=\"og:image:type\" content=\"image\/jpeg\" \/>\n<meta name=\"author\" content=\"Cl\u00e1udia Barbosa\" \/>\n<meta name=\"twitter:card\" content=\"summary_large_image\" \/>\n<meta name=\"twitter:label1\" content=\"Written by\" \/>\n\t<meta name=\"twitter:data1\" content=\"Cl\u00e1udia Barbosa\" \/>\n\t<meta name=\"twitter:label2\" content=\"Est. reading time\" \/>\n\t<meta name=\"twitter:data2\" content=\"2 minutos\" \/>\n<script type=\"application\/ld+json\" class=\"yoast-schema-graph\">{\"@context\":\"https:\/\/schema.org\",\"@graph\":[{\"@type\":\"WebPage\",\"@id\":\"https:\/\/www.manaus.am.gov.br\/semsa\/prefeitura-de-manaus-realiza-vacinacao-antirrabica-todos-os-sabados-durante-o-mes-de-marco\/\",\"url\":\"https:\/\/www.manaus.am.gov.br\/semsa\/prefeitura-de-manaus-realiza-vacinacao-antirrabica-todos-os-sabados-durante-o-mes-de-marco\/\",\"name\":\"Prefeitura de Manaus realiza vacina\u00e7\u00e3o antirr\u00e1bica todos os s\u00e1bados durante o m\u00eas de mar\u00e7o\",\"isPartOf\":{\"@id\":\"https:\/\/www.manaus.am.gov.br\/semsa\/#website\"},\"primaryImageOfPage\":{\"@id\":\"https:\/\/www.manaus.am.gov.br\/semsa\/prefeitura-de-manaus-realiza-vacinacao-antirrabica-todos-os-sabados-durante-o-mes-de-marco\/#primaryimage\"},\"image\":{\"@id\":\"https:\/\/www.manaus.am.gov.br\/semsa\/prefeitura-de-manaus-realiza-vacinacao-antirrabica-todos-os-sabados-durante-o-mes-de-marco\/#primaryimage\"},\"thumbnailUrl\":\"https:\/\/www.manaus.am.gov.br\/semsa\/wp-content\/uploads\/sites\/8\/2023\/03\/Marco-10_nota-CCZ-Vacinacao-Antirrabica-2.jpg\",\"datePublished\":\"2023-03-10T18:29:59+00:00\",\"dateModified\":\"2023-03-10T18:30:01+00:00\",\"author\":{\"@id\":\"https:\/\/www.manaus.am.gov.br\/semsa\/#\/schema\/person\/d0a166b5031154c33c77794ddc9a827e\"},\"description\":\"A Prefeitura de Manaus, por meio do Centro de Controle de Zoonoses (CCZ), vinculado \u00e0 Secretaria Municipal de Sa\u00fade (Semsa), realiza, neste s\u00e1bado, 11\/3, das 8h \u00e0s 12h, o servi\u00e7o de vacina\u00e7\u00e3o antirr\u00e1bica em pontos fixos que estar\u00e3o funcionando nos bairros das zonas Sul e Leste da capital.\",\"inLanguage\":\"pt-BR\",\"potentialAction\":[{\"@type\":\"ReadAction\",\"target\":[\"https:\/\/www.manaus.am.gov.br\/semsa\/prefeitura-de-manaus-realiza-vacinacao-antirrabica-todos-os-sabados-durante-o-mes-de-marco\/\"]}]},{\"@type\":\"ImageObject\",\"inLanguage\":\"pt-BR\",\"@id\":\"https:\/\/www.manaus.am.gov.br\/semsa\/prefeitura-de-manaus-realiza-vacinacao-antirrabica-todos-os-sabados-durante-o-mes-de-marco\/#primaryimage\",\"url\":\"https:\/\/www.manaus.am.gov.br\/semsa\/wp-content\/uploads\/sites\/8\/2023\/03\/Marco-10_nota-CCZ-Vacinacao-Antirrabica-2.jpg\",\"contentUrl\":\"https:\/\/www.manaus.am.gov.br\/semsa\/wp-content\/uploads\/sites\/8\/2023\/03\/Marco-10_nota-CCZ-Vacinacao-Antirrabica-2.jpg\",\"width\":1200,\"height\":800},{\"@type\":\"WebSite\",\"@id\":\"https:\/\/www.manaus.am.gov.br\/semsa\/#website\",\"url\":\"https:\/\/www.manaus.am.gov.br\/semsa\/\",\"name\":\"SEMSA\",\"description\":\"Secretaria Municipal de Sa\u00fade\",\"alternateName\":\"Secretaria Municipal de Sa\u00fade\",\"potentialAction\":[{\"@type\":\"SearchAction\",\"target\":{\"@type\":\"EntryPoint\",\"urlTemplate\":\"https:\/\/www.manaus.am.gov.br\/semsa\/?s={search_term_string}\"},\"query-input\":\"required name=search_term_string\"}],\"inLanguage\":\"pt-BR\"},{\"@type\":\"Person\",\"@id\":\"https:\/\/www.manaus.am.gov.br\/semsa\/#\/schema\/person\/d0a166b5031154c33c77794ddc9a827e\",\"name\":\"Cl\u00e1udia Barbosa\",\"image\":{\"@type\":\"ImageObject\",\"inLanguage\":\"pt-BR\",\"@id\":\"https:\/\/www.manaus.am.gov.br\/semsa\/#\/schema\/person\/image\/\",\"url\":\"https:\/\/secure.gravatar.com\/avatar\/42958a1cf007f1a00534009218c72590?s=96&d=mm&r=g\",\"contentUrl\":\"https:\/\/secure.gravatar.com\/avatar\/42958a1cf007f1a00534009218c72590?s=96&d=mm&r=g\",\"caption\":\"Cl\u00e1udia Barbosa\"}}]}<\/script>\n<!-- \/ Yoast SEO plugin. -->","yoast_head_json":{"title":"Prefeitura de Manaus realiza vacina\u00e7\u00e3o antirr\u00e1bica todos os s\u00e1bados durante o m\u00eas de mar\u00e7o","description":"A Prefeitura de Manaus, por meio do Centro de Controle de Zoonoses (CCZ), vinculado \u00e0 Secretaria Municipal de Sa\u00fade (Semsa), realiza, neste s\u00e1bado, 11\/3, das 8h \u00e0s 12h, o servi\u00e7o de vacina\u00e7\u00e3o antirr\u00e1bica em pontos fixos que estar\u00e3o funcionando nos bairros das zonas Sul e Leste da capital.","robots":{"index":"index","follow":"follow","max-snippet":"max-snippet:-1","max-image-preview":"max-image-preview:large","max-video-preview":"max-video-preview:-1"},"canonical":"https:\/\/www.manaus.am.gov.br\/semsa\/prefeitura-de-manaus-realiza-vacinacao-antirrabica-todos-os-sabados-durante-o-mes-de-marco\/","og_locale":"pt_BR","og_type":"article","og_title":"Prefeitura de Manaus realiza vacina\u00e7\u00e3o antirr\u00e1bica todos os s\u00e1bados durante o m\u00eas de mar\u00e7o","og_description":"A Prefeitura de Manaus, por meio do Centro de Controle de Zoonoses (CCZ), vinculado \u00e0 Secretaria Municipal de Sa\u00fade (Semsa), realiza, neste s\u00e1bado, 11\/3, das 8h \u00e0s 12h, o servi\u00e7o de vacina\u00e7\u00e3o antirr\u00e1bica em pontos fixos que estar\u00e3o funcionando nos bairros das zonas Sul e Leste da capital.","og_url":"https:\/\/www.manaus.am.gov.br\/semsa\/prefeitura-de-manaus-realiza-vacinacao-antirrabica-todos-os-sabados-durante-o-mes-de-marco\/","og_site_name":"SEMSA","article_published_time":"2023-03-10T18:29:59+00:00","article_modified_time":"2023-03-10T18:30:01+00:00","og_image":[{"width":1200,"height":800,"url":"https:\/\/www.manaus.am.gov.br\/semsa\/wp-content\/uploads\/sites\/8\/2023\/03\/Marco-10_nota-CCZ-Vacinacao-Antirrabica-2.jpg","type":"image\/jpeg"}],"author":"Cl\u00e1udia Barbosa","twitter_card":"summary_large_image","twitter_misc":{"Written by":"Cl\u00e1udia Barbosa","Est. reading time":"2 minutos"},"schema":{"@context":"https:\/\/schema.org","@graph":[{"@type":"WebPage","@id":"https:\/\/www.manaus.am.gov.br\/semsa\/prefeitura-de-manaus-realiza-vacinacao-antirrabica-todos-os-sabados-durante-o-mes-de-marco\/","url":"https:\/\/www.manaus.am.gov.br\/semsa\/prefeitura-de-manaus-realiza-vacinacao-antirrabica-todos-os-sabados-durante-o-mes-de-marco\/","name":"Prefeitura de Manaus realiza vacina\u00e7\u00e3o antirr\u00e1bica todos os s\u00e1bados durante o m\u00eas de mar\u00e7o","isPartOf":{"@id":"https:\/\/www.manaus.am.gov.br\/semsa\/#website"},"primaryImageOfPage":{"@id":"https:\/\/www.manaus.am.gov.br\/semsa\/prefeitura-de-manaus-realiza-vacinacao-antirrabica-todos-os-sabados-durante-o-mes-de-marco\/#primaryimage"},"image":{"@id":"https:\/\/www.manaus.am.gov.br\/semsa\/prefeitura-de-manaus-realiza-vacinacao-antirrabica-todos-os-sabados-durante-o-mes-de-marco\/#primaryimage"},"thumbnailUrl":"https:\/\/www.manaus.am.gov.br\/semsa\/wp-content\/uploads\/sites\/8\/2023\/03\/Marco-10_nota-CCZ-Vacinacao-Antirrabica-2.jpg","datePublished":"2023-03-10T18:29:59+00:00","dateModified":"2023-03-10T18:30:01+00:00","author":{"@id":"https:\/\/www.manaus.am.gov.br\/semsa\/#\/schema\/person\/d0a166b5031154c33c77794ddc9a827e"},"description":"A Prefeitura de Manaus, por meio do Centro de Controle de Zoonoses (CCZ), vinculado \u00e0 Secretaria Municipal de Sa\u00fade (Semsa), realiza, neste s\u00e1bado, 11\/3, das 8h \u00e0s 12h, o servi\u00e7o de vacina\u00e7\u00e3o antirr\u00e1bica em pontos fixos que estar\u00e3o funcionando nos bairros das zonas Sul e Leste da capital.","inLanguage":"pt-BR","potentialAction":[{"@type":"ReadAction","target":["https:\/\/www.manaus.am.gov.br\/semsa\/prefeitura-de-manaus-realiza-vacinacao-antirrabica-todos-os-sabados-durante-o-mes-de-marco\/"]}]},{"@type":"ImageObject","inLanguage":"pt-BR","@id":"https:\/\/www.manaus.am.gov.br\/semsa\/prefeitura-de-manaus-realiza-vacinacao-antirrabica-todos-os-sabados-durante-o-mes-de-marco\/#primaryimage","url":"https:\/\/www.manaus.am.gov.br\/semsa\/wp-content\/uploads\/sites\/8\/2023\/03\/Marco-10_nota-CCZ-Vacinacao-Antirrabica-2.jpg","contentUrl":"https:\/\/www.manaus.am.gov.br\/semsa\/wp-content\/uploads\/sites\/8\/2023\/03\/Marco-10_nota-CCZ-Vacinacao-Antirrabica-2.jpg","width":1200,"height":800},{"@type":"WebSite","@id":"https:\/\/www.manaus.am.gov.br\/semsa\/#website","url":"https:\/\/www.manaus.am.gov.br\/semsa\/","name":"SEMSA","description":"Secretaria Municipal de Sa\u00fade","alternateName":"Secretaria Municipal de Sa\u00fade","potentialAction":[{"@type":"SearchAction","target":{"@type":"EntryPoint","urlTemplate":"https:\/\/www.manaus.am.gov.br\/semsa\/?s={search_term_string}"},"query-input":"required name=search_term_string"}],"inLanguage":"pt-BR"},{"@type":"Person","@id":"https:\/\/www.manaus.am.gov.br\/semsa\/#\/schema\/person\/d0a166b5031154c33c77794ddc9a827e","name":"Cl\u00e1udia Barbosa","image":{"@type":"ImageObject","inLanguage":"pt-BR","@id":"https:\/\/www.manaus.am.gov.br\/semsa\/#\/schema\/person\/image\/","url":"https:\/\/secure.gravatar.com\/avatar\/42958a1cf007f1a00534009218c72590?s=96&d=mm&r=g","contentUrl":"https:\/\/secure.gravatar.com\/avatar\/42958a1cf007f1a00534009218c72590?s=96&d=mm&r=g","caption":"Cl\u00e1udia Barbosa"}}]}},"_links":{"self":[{"href":"https:\/\/www.manaus.am.gov.br\/semsa\/wp-json\/wp\/v2\/posts\/210863"}],"collection":[{"href":"https:\/\/www.manaus.am.gov.br\/semsa\/wp-json\/wp\/v2\/posts"}],"about":[{"href":"https:\/\/www.manaus.am.gov.br\/semsa\/wp-json\/wp\/v2\/types\/post"}],"author":[{"embeddable":true,"href":"https:\/\/www.manaus.am.gov.br\/semsa\/wp-json\/wp\/v2\/users\/24"}],"replies":[{"embeddable":true,"href":"https:\/\/www.manaus.am.gov.br\/semsa\/wp-json\/wp\/v2\/comments?post=210863"}],"version-history":[{"count":0,"href":"https:\/\/www.manaus.am.gov.br\/semsa\/wp-json\/wp\/v2\/posts\/210863\/revisions"}],"wp:featuredmedia":[{"embeddable":true,"href":"https:\/\/www.manaus.am.gov.br\/semsa\/wp-json\/wp\/v2\/media\/210864"}],"wp:attachment":[{"href":"https:\/\/www.manaus.am.gov.br\/semsa\/wp-json\/wp\/v2\/media?parent=210863"}],"wp:term":[{"taxonomy":"category","embeddable":true,"href":"https:\/\/www.manaus.am.gov.br\/semsa\/wp-json\/wp\/v2\/categories?post=210863"},{"taxonomy":"post_tag","embeddable":true,"href":"https:\/\/www.manaus.am.gov.br\/semsa\/wp-json\/wp\/v2\/tags?post=210863"}],"curies":[{"name":"wp","href":"https:\/\/api.w.org\/{rel}","templated":true}]}}