{"id":210804,"date":"2023-03-02T17:25:07","date_gmt":"2023-03-02T21:25:07","guid":{"rendered":"https:\/\/www.manaus.am.gov.br\/semsa\/unidade-movel-do-ccz-na-cidade-nova-interrompe-servicos-temporariamente\/"},"modified":"2023-03-02T17:30:32","modified_gmt":"2023-03-02T21:30:32","slug":"unidade-movel-do-ccz-na-cidade-nova-interrompe-servicos-temporariamente","status":"publish","type":"post","link":"https:\/\/www.manaus.am.gov.br\/semsa\/unidade-movel-do-ccz-na-cidade-nova-interrompe-servicos-temporariamente\/","title":{"rendered":"<strong>Unidade m\u00f3vel do CCZ na Cidade Nova interrompe servi\u00e7os temporariamente<\/strong>"},"content":{"rendered":"\n<p>A Prefeitura de Manaus, por meio do Centro de Controle de Zoonoses (CCZ), vinculado \u00e0 Secretaria Municipal de Sa\u00fade (Semsa), informa que a partir da pr\u00f3xima segunda-feira, 6\/3, a Unidade de Vacina\u00e7\u00e3o Antirr\u00e1bica Animal, posicionada atualmente no Centro de Conviv\u00eancia Padre Pedro Vignola, no bairro Cidade Nova, zona Norte da capital, suspender\u00e1 suas atividades de forma tempor\u00e1ria, para transfer\u00eancia de local de atendimento.<\/p>\n\n\n\n<p>No per\u00edodo de remo\u00e7\u00e3o da unidade, os tutores de c\u00e3es e gatos podem realizar a vacina\u00e7\u00e3o antirr\u00e1bica na sede do CCZ, na avenida Brasil s\/n, no bairro Compensa, zona Oeste, e tamb\u00e9m nos demais pontos fixos, que funcionar\u00e3o em todos os s\u00e1bados do m\u00eas de mar\u00e7o, das 8h \u00e0s 12h, conforme cronograma a seguir:<\/p>\n\n\n\n<p><\/p>\n\n\n\n<p>4\/3 &#8211; Rua Ibicar\u00e9, conjunto Amazonino Mendes 2 &#8211; Novo Aleixo<\/p>\n\n\n\n<p>11\/3 &#8211; Rua 4, n\u00ba 90, Mutir\u00e3o &#8211; Novo Aleixo<\/p>\n\n\n\n<p>11\/3 &#8211; Par\u00f3quia S\u00e3o L\u00e1zaro \u2013 rua Maria Andrade, n\u00ba 601 &#8211; S\u00e3o L\u00e1zaro<\/p>\n\n\n\n<p>18\/3 &#8211; Espa\u00e7o Comunit\u00e1rio Rosa Maria, rua 50, n\u00ba 23, Mutir\u00e3o &#8211; Novo Aleixo<\/p>\n\n\n\n<p>18\/3 &#8211; Escola Renascer, rua Dr. Castro e Costa, n\u00ba 97 &#8211; Petr\u00f3polis pr\u00f3ximo ao restaurante Rei do Bai\u00e3o<\/p>\n\n\n\n<p>25\/3 &#8211; Rua do Campo do Roma, em frente ao CMEI Santina Castro &#8211; Novo Aleixo 1<\/p>\n\n\n\n<p>&#8212; &#8212; &#8212;&nbsp;<\/p>\n\n\n\n<p><strong>Texto \u2013<\/strong>&nbsp;Divulga\u00e7\u00e3o \/ Semsa<\/p>\n","protected":false},"excerpt":{"rendered":"","protected":false},"author":39,"featured_media":210308,"comment_status":"closed","ping_status":"closed","sticky":false,"template":"","format":"standard","meta":{"footnotes":""},"categories":[7],"tags":[59,91,28,301,302],"acf":[],"yoast_head":"<!-- This site is optimized with the Yoast SEO plugin v23.0 - https:\/\/yoast.com\/wordpress\/plugins\/seo\/ -->\n<title>Unidade m\u00f3vel do CCZ na Cidade Nova interrompe servi\u00e7os temporariamente<\/title>\n<meta name=\"description\" content=\"A Prefeitura informa que a partir da pr\u00f3xima segunda-feira, 6\/3, a Unidade de Vacina\u00e7\u00e3o Antirr\u00e1bica Animal, posicionada atualmente no Centro de Conviv\u00eancia Padre Pedro Vignola, suspender\u00e1 suas atividades de forma tempor\u00e1ria, para transfer\u00eancia de local de atendimento.\" \/>\n<meta name=\"robots\" content=\"index, follow, max-snippet:-1, max-image-preview:large, max-video-preview:-1\" \/>\n<link rel=\"canonical\" href=\"https:\/\/www.manaus.am.gov.br\/semsa\/unidade-movel-do-ccz-na-cidade-nova-interrompe-servicos-temporariamente\/\" \/>\n<meta property=\"og:locale\" content=\"pt_BR\" \/>\n<meta property=\"og:type\" content=\"article\" \/>\n<meta property=\"og:title\" content=\"Unidade m\u00f3vel do CCZ na Cidade Nova interrompe servi\u00e7os temporariamente\" \/>\n<meta property=\"og:description\" content=\"A Prefeitura informa que a partir da pr\u00f3xima segunda-feira, 6\/3, a Unidade de Vacina\u00e7\u00e3o Antirr\u00e1bica Animal, posicionada atualmente no Centro de Conviv\u00eancia Padre Pedro Vignola, suspender\u00e1 suas atividades de forma tempor\u00e1ria, para transfer\u00eancia de local de atendimento.\" \/>\n<meta property=\"og:url\" content=\"https:\/\/www.manaus.am.gov.br\/semsa\/unidade-movel-do-ccz-na-cidade-nova-interrompe-servicos-temporariamente\/\" \/>\n<meta property=\"og:site_name\" content=\"SEMSA\" \/>\n<meta property=\"article:published_time\" content=\"2023-03-02T21:25:07+00:00\" \/>\n<meta property=\"article:modified_time\" content=\"2023-03-02T21:30:32+00:00\" \/>\n<meta property=\"og:image\" content=\"https:\/\/www.manaus.am.gov.br\/semsa\/wp-content\/uploads\/sites\/8\/2023\/01\/Nota-1.png\" \/>\n\t<meta property=\"og:image:width\" content=\"900\" \/>\n\t<meta property=\"og:image:height\" content=\"509\" \/>\n\t<meta property=\"og:image:type\" content=\"image\/png\" \/>\n<meta name=\"author\" content=\"Bruna Greco\" \/>\n<meta name=\"twitter:card\" content=\"summary_large_image\" \/>\n<meta name=\"twitter:label1\" content=\"Written by\" \/>\n\t<meta name=\"twitter:data1\" content=\"Bruna Greco\" \/>\n\t<meta name=\"twitter:label2\" content=\"Est. reading time\" \/>\n\t<meta name=\"twitter:data2\" content=\"2 minutos\" \/>\n<script type=\"application\/ld+json\" class=\"yoast-schema-graph\">{\"@context\":\"https:\/\/schema.org\",\"@graph\":[{\"@type\":\"WebPage\",\"@id\":\"https:\/\/www.manaus.am.gov.br\/semsa\/unidade-movel-do-ccz-na-cidade-nova-interrompe-servicos-temporariamente\/\",\"url\":\"https:\/\/www.manaus.am.gov.br\/semsa\/unidade-movel-do-ccz-na-cidade-nova-interrompe-servicos-temporariamente\/\",\"name\":\"Unidade m\u00f3vel do CCZ na Cidade Nova interrompe servi\u00e7os temporariamente\",\"isPartOf\":{\"@id\":\"https:\/\/www.manaus.am.gov.br\/semsa\/#website\"},\"primaryImageOfPage\":{\"@id\":\"https:\/\/www.manaus.am.gov.br\/semsa\/unidade-movel-do-ccz-na-cidade-nova-interrompe-servicos-temporariamente\/#primaryimage\"},\"image\":{\"@id\":\"https:\/\/www.manaus.am.gov.br\/semsa\/unidade-movel-do-ccz-na-cidade-nova-interrompe-servicos-temporariamente\/#primaryimage\"},\"thumbnailUrl\":\"https:\/\/www.manaus.am.gov.br\/semsa\/wp-content\/uploads\/sites\/8\/2023\/01\/Nota-1.png\",\"datePublished\":\"2023-03-02T21:25:07+00:00\",\"dateModified\":\"2023-03-02T21:30:32+00:00\",\"author\":{\"@id\":\"https:\/\/www.manaus.am.gov.br\/semsa\/#\/schema\/person\/05d223aea2bf115f9883a6ff3683d81b\"},\"description\":\"A Prefeitura informa que a partir da pr\u00f3xima segunda-feira, 6\/3, a Unidade de Vacina\u00e7\u00e3o Antirr\u00e1bica Animal, posicionada atualmente no Centro de Conviv\u00eancia Padre Pedro Vignola, suspender\u00e1 suas atividades de forma tempor\u00e1ria, para transfer\u00eancia de local de atendimento.\",\"inLanguage\":\"pt-BR\",\"potentialAction\":[{\"@type\":\"ReadAction\",\"target\":[\"https:\/\/www.manaus.am.gov.br\/semsa\/unidade-movel-do-ccz-na-cidade-nova-interrompe-servicos-temporariamente\/\"]}]},{\"@type\":\"ImageObject\",\"inLanguage\":\"pt-BR\",\"@id\":\"https:\/\/www.manaus.am.gov.br\/semsa\/unidade-movel-do-ccz-na-cidade-nova-interrompe-servicos-temporariamente\/#primaryimage\",\"url\":\"https:\/\/www.manaus.am.gov.br\/semsa\/wp-content\/uploads\/sites\/8\/2023\/01\/Nota-1.png\",\"contentUrl\":\"https:\/\/www.manaus.am.gov.br\/semsa\/wp-content\/uploads\/sites\/8\/2023\/01\/Nota-1.png\",\"width\":900,\"height\":509},{\"@type\":\"WebSite\",\"@id\":\"https:\/\/www.manaus.am.gov.br\/semsa\/#website\",\"url\":\"https:\/\/www.manaus.am.gov.br\/semsa\/\",\"name\":\"SEMSA\",\"description\":\"Secretaria Municipal de Sa\u00fade\",\"alternateName\":\"Secretaria Municipal de Sa\u00fade\",\"potentialAction\":[{\"@type\":\"SearchAction\",\"target\":{\"@type\":\"EntryPoint\",\"urlTemplate\":\"https:\/\/www.manaus.am.gov.br\/semsa\/?s={search_term_string}\"},\"query-input\":\"required name=search_term_string\"}],\"inLanguage\":\"pt-BR\"},{\"@type\":\"Person\",\"@id\":\"https:\/\/www.manaus.am.gov.br\/semsa\/#\/schema\/person\/05d223aea2bf115f9883a6ff3683d81b\",\"name\":\"Bruna Greco\",\"image\":{\"@type\":\"ImageObject\",\"inLanguage\":\"pt-BR\",\"@id\":\"https:\/\/www.manaus.am.gov.br\/semsa\/#\/schema\/person\/image\/\",\"url\":\"https:\/\/secure.gravatar.com\/avatar\/9c877d1a6adc2a055330e5c09a8653ce?s=96&d=mm&r=g\",\"contentUrl\":\"https:\/\/secure.gravatar.com\/avatar\/9c877d1a6adc2a055330e5c09a8653ce?s=96&d=mm&r=g\",\"caption\":\"Bruna Greco\"}}]}<\/script>\n<!-- \/ Yoast SEO plugin. -->","yoast_head_json":{"title":"Unidade m\u00f3vel do CCZ na Cidade Nova interrompe servi\u00e7os temporariamente","description":"A Prefeitura informa que a partir da pr\u00f3xima segunda-feira, 6\/3, a Unidade de Vacina\u00e7\u00e3o Antirr\u00e1bica Animal, posicionada atualmente no Centro de Conviv\u00eancia Padre Pedro Vignola, suspender\u00e1 suas atividades de forma tempor\u00e1ria, para transfer\u00eancia de local de atendimento.","robots":{"index":"index","follow":"follow","max-snippet":"max-snippet:-1","max-image-preview":"max-image-preview:large","max-video-preview":"max-video-preview:-1"},"canonical":"https:\/\/www.manaus.am.gov.br\/semsa\/unidade-movel-do-ccz-na-cidade-nova-interrompe-servicos-temporariamente\/","og_locale":"pt_BR","og_type":"article","og_title":"Unidade m\u00f3vel do CCZ na Cidade Nova interrompe servi\u00e7os temporariamente","og_description":"A Prefeitura informa que a partir da pr\u00f3xima segunda-feira, 6\/3, a Unidade de Vacina\u00e7\u00e3o Antirr\u00e1bica Animal, posicionada atualmente no Centro de Conviv\u00eancia Padre Pedro Vignola, suspender\u00e1 suas atividades de forma tempor\u00e1ria, para transfer\u00eancia de local de atendimento.","og_url":"https:\/\/www.manaus.am.gov.br\/semsa\/unidade-movel-do-ccz-na-cidade-nova-interrompe-servicos-temporariamente\/","og_site_name":"SEMSA","article_published_time":"2023-03-02T21:25:07+00:00","article_modified_time":"2023-03-02T21:30:32+00:00","og_image":[{"width":900,"height":509,"url":"https:\/\/www.manaus.am.gov.br\/semsa\/wp-content\/uploads\/sites\/8\/2023\/01\/Nota-1.png","type":"image\/png"}],"author":"Bruna Greco","twitter_card":"summary_large_image","twitter_misc":{"Written by":"Bruna Greco","Est. reading time":"2 minutos"},"schema":{"@context":"https:\/\/schema.org","@graph":[{"@type":"WebPage","@id":"https:\/\/www.manaus.am.gov.br\/semsa\/unidade-movel-do-ccz-na-cidade-nova-interrompe-servicos-temporariamente\/","url":"https:\/\/www.manaus.am.gov.br\/semsa\/unidade-movel-do-ccz-na-cidade-nova-interrompe-servicos-temporariamente\/","name":"Unidade m\u00f3vel do CCZ na Cidade Nova interrompe servi\u00e7os temporariamente","isPartOf":{"@id":"https:\/\/www.manaus.am.gov.br\/semsa\/#website"},"primaryImageOfPage":{"@id":"https:\/\/www.manaus.am.gov.br\/semsa\/unidade-movel-do-ccz-na-cidade-nova-interrompe-servicos-temporariamente\/#primaryimage"},"image":{"@id":"https:\/\/www.manaus.am.gov.br\/semsa\/unidade-movel-do-ccz-na-cidade-nova-interrompe-servicos-temporariamente\/#primaryimage"},"thumbnailUrl":"https:\/\/www.manaus.am.gov.br\/semsa\/wp-content\/uploads\/sites\/8\/2023\/01\/Nota-1.png","datePublished":"2023-03-02T21:25:07+00:00","dateModified":"2023-03-02T21:30:32+00:00","author":{"@id":"https:\/\/www.manaus.am.gov.br\/semsa\/#\/schema\/person\/05d223aea2bf115f9883a6ff3683d81b"},"description":"A Prefeitura informa que a partir da pr\u00f3xima segunda-feira, 6\/3, a Unidade de Vacina\u00e7\u00e3o Antirr\u00e1bica Animal, posicionada atualmente no Centro de Conviv\u00eancia Padre Pedro Vignola, suspender\u00e1 suas atividades de forma tempor\u00e1ria, para transfer\u00eancia de local de atendimento.","inLanguage":"pt-BR","potentialAction":[{"@type":"ReadAction","target":["https:\/\/www.manaus.am.gov.br\/semsa\/unidade-movel-do-ccz-na-cidade-nova-interrompe-servicos-temporariamente\/"]}]},{"@type":"ImageObject","inLanguage":"pt-BR","@id":"https:\/\/www.manaus.am.gov.br\/semsa\/unidade-movel-do-ccz-na-cidade-nova-interrompe-servicos-temporariamente\/#primaryimage","url":"https:\/\/www.manaus.am.gov.br\/semsa\/wp-content\/uploads\/sites\/8\/2023\/01\/Nota-1.png","contentUrl":"https:\/\/www.manaus.am.gov.br\/semsa\/wp-content\/uploads\/sites\/8\/2023\/01\/Nota-1.png","width":900,"height":509},{"@type":"WebSite","@id":"https:\/\/www.manaus.am.gov.br\/semsa\/#website","url":"https:\/\/www.manaus.am.gov.br\/semsa\/","name":"SEMSA","description":"Secretaria Municipal de Sa\u00fade","alternateName":"Secretaria Municipal de Sa\u00fade","potentialAction":[{"@type":"SearchAction","target":{"@type":"EntryPoint","urlTemplate":"https:\/\/www.manaus.am.gov.br\/semsa\/?s={search_term_string}"},"query-input":"required name=search_term_string"}],"inLanguage":"pt-BR"},{"@type":"Person","@id":"https:\/\/www.manaus.am.gov.br\/semsa\/#\/schema\/person\/05d223aea2bf115f9883a6ff3683d81b","name":"Bruna Greco","image":{"@type":"ImageObject","inLanguage":"pt-BR","@id":"https:\/\/www.manaus.am.gov.br\/semsa\/#\/schema\/person\/image\/","url":"https:\/\/secure.gravatar.com\/avatar\/9c877d1a6adc2a055330e5c09a8653ce?s=96&d=mm&r=g","contentUrl":"https:\/\/secure.gravatar.com\/avatar\/9c877d1a6adc2a055330e5c09a8653ce?s=96&d=mm&r=g","caption":"Bruna Greco"}}]}},"_links":{"self":[{"href":"https:\/\/www.manaus.am.gov.br\/semsa\/wp-json\/wp\/v2\/posts\/210804"}],"collection":[{"href":"https:\/\/www.manaus.am.gov.br\/semsa\/wp-json\/wp\/v2\/posts"}],"about":[{"href":"https:\/\/www.manaus.am.gov.br\/semsa\/wp-json\/wp\/v2\/types\/post"}],"author":[{"embeddable":true,"href":"https:\/\/www.manaus.am.gov.br\/semsa\/wp-json\/wp\/v2\/users\/39"}],"replies":[{"embeddable":true,"href":"https:\/\/www.manaus.am.gov.br\/semsa\/wp-json\/wp\/v2\/comments?post=210804"}],"version-history":[{"count":1,"href":"https:\/\/www.manaus.am.gov.br\/semsa\/wp-json\/wp\/v2\/posts\/210804\/revisions"}],"predecessor-version":[{"id":210805,"href":"https:\/\/www.manaus.am.gov.br\/semsa\/wp-json\/wp\/v2\/posts\/210804\/revisions\/210805"}],"wp:featuredmedia":[{"embeddable":true,"href":"https:\/\/www.manaus.am.gov.br\/semsa\/wp-json\/wp\/v2\/media\/210308"}],"wp:attachment":[{"href":"https:\/\/www.manaus.am.gov.br\/semsa\/wp-json\/wp\/v2\/media?parent=210804"}],"wp:term":[{"taxonomy":"category","embeddable":true,"href":"https:\/\/www.manaus.am.gov.br\/semsa\/wp-json\/wp\/v2\/categories?post=210804"},{"taxonomy":"post_tag","embeddable":true,"href":"https:\/\/www.manaus.am.gov.br\/semsa\/wp-json\/wp\/v2\/tags?post=210804"}],"curies":[{"name":"wp","href":"https:\/\/api.w.org\/{rel}","templated":true}]}}