{"id":210771,"date":"2023-02-26T12:09:34","date_gmt":"2023-02-26T16:09:34","guid":{"rendered":"https:\/\/www.manaus.am.gov.br\/semsa\/vacinacao-covid-75-pontos\/"},"modified":"2023-02-26T12:09:46","modified_gmt":"2023-02-26T16:09:46","slug":"vacinacao-covid-75-pontos","status":"publish","type":"post","link":"https:\/\/www.manaus.am.gov.br\/semsa\/vacinacao-covid-75-pontos\/","title":{"rendered":"<strong>Vacina\u00e7\u00e3o contra a Covid-19 \u00e9 ofertada em 75 pontos de imuniza\u00e7\u00e3o da prefeitura<\/strong><strong><\/strong>"},"content":{"rendered":"\n<p>A Prefeitura de Manaus prossegue com o trabalho de proteger a popula\u00e7\u00e3o contra as formas graves da Covid-19, disponibilizando 75 pontos de vacina\u00e7\u00e3o ao longo desta semana (27\/2 a 3\/3), em todas as zonas geogr\u00e1ficas da capital. As unidades da Secretaria Municipal de Sa\u00fade (Semsa), al\u00e9m do hor\u00e1rio regular, das 8h \u00e0s 16h, tamb\u00e9m ofertam as vacinas no hor\u00e1rio ampliado, das 8h \u00e0s 20h. Para saber os locais de vacina\u00e7\u00e3o, a popula\u00e7\u00e3o pode consultar o link bit.ly\/ubscovidmanaus, as redes sociais e tamb\u00e9m o site da Semsa (semsa.manaus.am.gov.br).<\/p>\n\n\n\n<p>A popula\u00e7\u00e3o de crian\u00e7as, adolescentes, adultos e idosos pode tomar a primeira, segunda, terceira, quarta e quinta doses seguindo os grupos preconizados pelo Minist\u00e9rio da Sa\u00fade e o esquema vacinal individual. Se o usu\u00e1rio n\u00e3o lembrar qual a dose que deve receber, pode consultar a plataforma Imuniza Manaus (https:\/\/imuniza.manaus.am.gov.br\/) no quadro \u201cConsultar minhas doses\u201d para saber qual deve ser recebida.<\/p>\n\n\n\n<p>A secret\u00e1ria municipal de Sa\u00fade, Sh\u00e1dia Fraxe, destacou a import\u00e2ncia de manter o calend\u00e1rio vacinal atualizado, uma medida eficaz que garante imunidade contra as formas graves da doen\u00e7a. Segundo Sh\u00e1dia, as pessoas t\u00eam a tend\u00eancia de achar que ao tomar as vacinas n\u00e3o ir\u00e3o manifestar nenhum sintoma, quando o a fun\u00e7\u00e3o deste imunizante \u00e9 evitar as formas graves da Covid-19, que debilitam muito a sa\u00fade.<\/p>\n\n\n\n<p>\u201cNo caso da Covid, o objetivo da vacina \u00e9 fazer o organismo criar uma barreira contra a doen\u00e7a de modo que as hospitaliza\u00e7\u00f5es por falta de ar, satura\u00e7\u00e3o de oxig\u00eanio muito baixa e press\u00e3o intensa no peito, n\u00e3o debilitem ou coloquem em risco a vida das pessoas. Para evitar esse quadro, \u00e9 preciso cumprir o esquema vacinal inicial com as duas doses, e as doses de refor\u00e7o\u201d, enfatizou.<\/p>\n\n\n\n<p><strong>Crian\u00e7as<\/strong><\/p>\n\n\n\n<p>A crian\u00e7ada tamb\u00e9m tem vez na vacina\u00e7\u00e3o contra a Covid-19. O segmento de 5 a 11 anos tem 35 pontos ao longo da semana para se proteger do coronav\u00edrus. As crian\u00e7as com essas idades podem dar in\u00edcio ao esquema vacinal e tomar a dose de refor\u00e7o.<\/p>\n\n\n\n<p>J\u00e1 os pequenos de 6 meses a 4 anos de idade est\u00e3o sendo protegidos com a Pfizer Baby, que compreende o esquema vacinal inicial de tr\u00eas doses. A Semsa concentrou a oferta da vacina para este p\u00fablico em 14 unidades b\u00e1sicas de sa\u00fade para evitar o desperd\u00edcio de doses.<\/p>\n\n\n\n<p>Adolescentes<\/p>\n\n\n\n<p>A popula\u00e7\u00e3o de 12 a 17 anos, pode receber a primeira, segunda e terceira dose nas unidades que funcionam das 8h \u00e0s 17h e das 8h \u00e0s 20h. Os adolescentes com alto grau de imunossupress\u00e3o tamb\u00e9m podem receber a quarta dose.<\/p>\n\n\n\n<p><strong>Bivalente<\/strong><\/p>\n\n\n\n<p>Os grupos formados por idosos a partir dos 60 anos e pessoas acima de 12 anos pu\u00e9rperas, gestantes, imunossuprimidos, ind\u00edgenas, quilombolas, ribeirinhos, residentes e trabalhadores em institui\u00e7\u00f5es&nbsp; de longa perman\u00eancia, que tenham tomado a segunda dose das vacinas monovalentes ou qualquer dose refor\u00e7o h\u00e1, pelo menos, quatro meses, j\u00e1 podem receber a vacina bivalente.<\/p>\n\n\n\n<p>Esta vacina tem duas fun\u00e7\u00f5es: gera anticorpos para a cepa original do coronav\u00edrus e tamb\u00e9m combate as variantes da \u00f4micron. Por estar mais vulner\u00e1vel \u00e0s formas graves da Covid-19, esse grupo tem prioridade para receber o imunizante. \u201cMas a Semsa reafirma a import\u00e2ncia das vacinas monovalentes, que s\u00e3o essenciais para impedir as manifesta\u00e7\u00f5es graves da doen\u00e7a nas demais pessoas\u201d, pontuou a secret\u00e1ria Sh\u00e1dia.&nbsp;&nbsp;<\/p>\n\n\n\n<p>A bivalente est\u00e1 sendo ofertada em 25 Unidades B\u00e1sicas de Sa\u00fade localizadas em em todas as zonas geogr\u00e1ficas da capital. \u201cQuem integra este grupo deve se vacinar para fortalecer a imunidade e evitar os sintomas graves da Covid. A vacina \u00e9 gratuita e a Semsa est\u00e1 facilitando ao m\u00e1ximo o acesso a esses imunizantes\u201d, disse Sh\u00e1dia.<\/p>\n\n\n\n<p>Para ser vacinados, os usu\u00e1rios precisam apresentar documento de identidade ou certid\u00e3o de nascimento, se crian\u00e7a, CPF ou Cart\u00e3o Nacional de Sa\u00fade (CNS) e tamb\u00e9m o cart\u00e3o de vacina. No caso de crian\u00e7as e adolescentes \u00e9 necess\u00e1rio o acompanhamento de um adulto respons\u00e1vel.<\/p>\n\n\n\n<p>&#8212; &#8212; &#8212;&nbsp;<\/p>\n\n\n\n<p><strong>Texto<\/strong> &#8211; T\u00e2nia Brand\u00e3o \/ Semsa<\/p>\n\n\n\n<p><strong>Fotos<\/strong>&#8211; Divulga\u00e7\u00e3o\/Semsa<\/p>\n","protected":false},"excerpt":{"rendered":"","protected":false},"author":25,"featured_media":210772,"comment_status":"closed","ping_status":"closed","sticky":false,"template":"","format":"standard","meta":{"footnotes":""},"categories":[5],"tags":[24,28,135,29],"acf":[],"yoast_head":"<!-- This site is optimized with the Yoast SEO plugin v23.0 - https:\/\/yoast.com\/wordpress\/plugins\/seo\/ -->\n<title>Vacina\u00e7\u00e3o contra a Covid-19 \u00e9 ofertada em 75 pontos<\/title>\n<meta name=\"description\" content=\"A Prefeitura de Manaus prossegue com o trabalho de proteger a popula\u00e7\u00e3o contra as formas graves da Covid-19, disponibilizando 75 pontos\" \/>\n<meta name=\"robots\" content=\"index, follow, max-snippet:-1, max-image-preview:large, max-video-preview:-1\" \/>\n<link rel=\"canonical\" href=\"https:\/\/www.manaus.am.gov.br\/semsa\/vacinacao-covid-75-pontos\/\" \/>\n<meta property=\"og:locale\" content=\"pt_BR\" \/>\n<meta property=\"og:type\" content=\"article\" \/>\n<meta property=\"og:title\" content=\"Vacina\u00e7\u00e3o contra a Covid-19 \u00e9 ofertada em 75 pontos\" \/>\n<meta property=\"og:description\" content=\"A Prefeitura de Manaus prossegue com o trabalho de proteger a popula\u00e7\u00e3o contra as formas graves da Covid-19, disponibilizando 75 pontos\" \/>\n<meta property=\"og:url\" content=\"https:\/\/www.manaus.am.gov.br\/semsa\/vacinacao-covid-75-pontos\/\" \/>\n<meta property=\"og:site_name\" content=\"SEMSA\" \/>\n<meta property=\"article:published_time\" content=\"2023-02-26T16:09:34+00:00\" \/>\n<meta property=\"article:modified_time\" content=\"2023-02-26T16:09:46+00:00\" \/>\n<meta property=\"og:image\" content=\"https:\/\/www.manaus.am.gov.br\/semsa\/wp-content\/uploads\/sites\/8\/2023\/02\/image_6487327-2.jpg\" \/>\n\t<meta property=\"og:image:width\" content=\"1280\" \/>\n\t<meta property=\"og:image:height\" content=\"853\" \/>\n\t<meta property=\"og:image:type\" content=\"image\/jpeg\" \/>\n<meta name=\"author\" content=\"Maur\u00edcio Freire\" \/>\n<meta name=\"twitter:card\" content=\"summary_large_image\" \/>\n<meta name=\"twitter:label1\" content=\"Written by\" \/>\n\t<meta name=\"twitter:data1\" content=\"Maur\u00edcio Freire\" \/>\n\t<meta name=\"twitter:label2\" content=\"Est. reading time\" \/>\n\t<meta name=\"twitter:data2\" content=\"4 minutos\" \/>\n<script type=\"application\/ld+json\" class=\"yoast-schema-graph\">{\"@context\":\"https:\/\/schema.org\",\"@graph\":[{\"@type\":\"WebPage\",\"@id\":\"https:\/\/www.manaus.am.gov.br\/semsa\/vacinacao-covid-75-pontos\/\",\"url\":\"https:\/\/www.manaus.am.gov.br\/semsa\/vacinacao-covid-75-pontos\/\",\"name\":\"Vacina\u00e7\u00e3o contra a Covid-19 \u00e9 ofertada em 75 pontos\",\"isPartOf\":{\"@id\":\"https:\/\/www.manaus.am.gov.br\/semsa\/#website\"},\"primaryImageOfPage\":{\"@id\":\"https:\/\/www.manaus.am.gov.br\/semsa\/vacinacao-covid-75-pontos\/#primaryimage\"},\"image\":{\"@id\":\"https:\/\/www.manaus.am.gov.br\/semsa\/vacinacao-covid-75-pontos\/#primaryimage\"},\"thumbnailUrl\":\"https:\/\/www.manaus.am.gov.br\/semsa\/wp-content\/uploads\/sites\/8\/2023\/02\/image_6487327-2.jpg\",\"datePublished\":\"2023-02-26T16:09:34+00:00\",\"dateModified\":\"2023-02-26T16:09:46+00:00\",\"author\":{\"@id\":\"https:\/\/www.manaus.am.gov.br\/semsa\/#\/schema\/person\/587989a23a463cde5618e6a028977a9a\"},\"description\":\"A Prefeitura de Manaus prossegue com o trabalho de proteger a popula\u00e7\u00e3o contra as formas graves da Covid-19, disponibilizando 75 pontos\",\"inLanguage\":\"pt-BR\",\"potentialAction\":[{\"@type\":\"ReadAction\",\"target\":[\"https:\/\/www.manaus.am.gov.br\/semsa\/vacinacao-covid-75-pontos\/\"]}]},{\"@type\":\"ImageObject\",\"inLanguage\":\"pt-BR\",\"@id\":\"https:\/\/www.manaus.am.gov.br\/semsa\/vacinacao-covid-75-pontos\/#primaryimage\",\"url\":\"https:\/\/www.manaus.am.gov.br\/semsa\/wp-content\/uploads\/sites\/8\/2023\/02\/image_6487327-2.jpg\",\"contentUrl\":\"https:\/\/www.manaus.am.gov.br\/semsa\/wp-content\/uploads\/sites\/8\/2023\/02\/image_6487327-2.jpg\",\"width\":1280,\"height\":853},{\"@type\":\"WebSite\",\"@id\":\"https:\/\/www.manaus.am.gov.br\/semsa\/#website\",\"url\":\"https:\/\/www.manaus.am.gov.br\/semsa\/\",\"name\":\"SEMSA\",\"description\":\"Secretaria Municipal de Sa\u00fade\",\"alternateName\":\"Secretaria Municipal de Sa\u00fade\",\"potentialAction\":[{\"@type\":\"SearchAction\",\"target\":{\"@type\":\"EntryPoint\",\"urlTemplate\":\"https:\/\/www.manaus.am.gov.br\/semsa\/?s={search_term_string}\"},\"query-input\":\"required name=search_term_string\"}],\"inLanguage\":\"pt-BR\"},{\"@type\":\"Person\",\"@id\":\"https:\/\/www.manaus.am.gov.br\/semsa\/#\/schema\/person\/587989a23a463cde5618e6a028977a9a\",\"name\":\"Maur\u00edcio Freire\",\"image\":{\"@type\":\"ImageObject\",\"inLanguage\":\"pt-BR\",\"@id\":\"https:\/\/www.manaus.am.gov.br\/semsa\/#\/schema\/person\/image\/\",\"url\":\"https:\/\/secure.gravatar.com\/avatar\/dc1481799a1f75c733ac3b2634cd6749?s=96&d=mm&r=g\",\"contentUrl\":\"https:\/\/secure.gravatar.com\/avatar\/dc1481799a1f75c733ac3b2634cd6749?s=96&d=mm&r=g\",\"caption\":\"Maur\u00edcio Freire\"}}]}<\/script>\n<!-- \/ Yoast SEO plugin. -->","yoast_head_json":{"title":"Vacina\u00e7\u00e3o contra a Covid-19 \u00e9 ofertada em 75 pontos","description":"A Prefeitura de Manaus prossegue com o trabalho de proteger a popula\u00e7\u00e3o contra as formas graves da Covid-19, disponibilizando 75 pontos","robots":{"index":"index","follow":"follow","max-snippet":"max-snippet:-1","max-image-preview":"max-image-preview:large","max-video-preview":"max-video-preview:-1"},"canonical":"https:\/\/www.manaus.am.gov.br\/semsa\/vacinacao-covid-75-pontos\/","og_locale":"pt_BR","og_type":"article","og_title":"Vacina\u00e7\u00e3o contra a Covid-19 \u00e9 ofertada em 75 pontos","og_description":"A Prefeitura de Manaus prossegue com o trabalho de proteger a popula\u00e7\u00e3o contra as formas graves da Covid-19, disponibilizando 75 pontos","og_url":"https:\/\/www.manaus.am.gov.br\/semsa\/vacinacao-covid-75-pontos\/","og_site_name":"SEMSA","article_published_time":"2023-02-26T16:09:34+00:00","article_modified_time":"2023-02-26T16:09:46+00:00","og_image":[{"width":1280,"height":853,"url":"https:\/\/www.manaus.am.gov.br\/semsa\/wp-content\/uploads\/sites\/8\/2023\/02\/image_6487327-2.jpg","type":"image\/jpeg"}],"author":"Maur\u00edcio Freire","twitter_card":"summary_large_image","twitter_misc":{"Written by":"Maur\u00edcio Freire","Est. reading time":"4 minutos"},"schema":{"@context":"https:\/\/schema.org","@graph":[{"@type":"WebPage","@id":"https:\/\/www.manaus.am.gov.br\/semsa\/vacinacao-covid-75-pontos\/","url":"https:\/\/www.manaus.am.gov.br\/semsa\/vacinacao-covid-75-pontos\/","name":"Vacina\u00e7\u00e3o contra a Covid-19 \u00e9 ofertada em 75 pontos","isPartOf":{"@id":"https:\/\/www.manaus.am.gov.br\/semsa\/#website"},"primaryImageOfPage":{"@id":"https:\/\/www.manaus.am.gov.br\/semsa\/vacinacao-covid-75-pontos\/#primaryimage"},"image":{"@id":"https:\/\/www.manaus.am.gov.br\/semsa\/vacinacao-covid-75-pontos\/#primaryimage"},"thumbnailUrl":"https:\/\/www.manaus.am.gov.br\/semsa\/wp-content\/uploads\/sites\/8\/2023\/02\/image_6487327-2.jpg","datePublished":"2023-02-26T16:09:34+00:00","dateModified":"2023-02-26T16:09:46+00:00","author":{"@id":"https:\/\/www.manaus.am.gov.br\/semsa\/#\/schema\/person\/587989a23a463cde5618e6a028977a9a"},"description":"A Prefeitura de Manaus prossegue com o trabalho de proteger a popula\u00e7\u00e3o contra as formas graves da Covid-19, disponibilizando 75 pontos","inLanguage":"pt-BR","potentialAction":[{"@type":"ReadAction","target":["https:\/\/www.manaus.am.gov.br\/semsa\/vacinacao-covid-75-pontos\/"]}]},{"@type":"ImageObject","inLanguage":"pt-BR","@id":"https:\/\/www.manaus.am.gov.br\/semsa\/vacinacao-covid-75-pontos\/#primaryimage","url":"https:\/\/www.manaus.am.gov.br\/semsa\/wp-content\/uploads\/sites\/8\/2023\/02\/image_6487327-2.jpg","contentUrl":"https:\/\/www.manaus.am.gov.br\/semsa\/wp-content\/uploads\/sites\/8\/2023\/02\/image_6487327-2.jpg","width":1280,"height":853},{"@type":"WebSite","@id":"https:\/\/www.manaus.am.gov.br\/semsa\/#website","url":"https:\/\/www.manaus.am.gov.br\/semsa\/","name":"SEMSA","description":"Secretaria Municipal de Sa\u00fade","alternateName":"Secretaria Municipal de Sa\u00fade","potentialAction":[{"@type":"SearchAction","target":{"@type":"EntryPoint","urlTemplate":"https:\/\/www.manaus.am.gov.br\/semsa\/?s={search_term_string}"},"query-input":"required name=search_term_string"}],"inLanguage":"pt-BR"},{"@type":"Person","@id":"https:\/\/www.manaus.am.gov.br\/semsa\/#\/schema\/person\/587989a23a463cde5618e6a028977a9a","name":"Maur\u00edcio Freire","image":{"@type":"ImageObject","inLanguage":"pt-BR","@id":"https:\/\/www.manaus.am.gov.br\/semsa\/#\/schema\/person\/image\/","url":"https:\/\/secure.gravatar.com\/avatar\/dc1481799a1f75c733ac3b2634cd6749?s=96&d=mm&r=g","contentUrl":"https:\/\/secure.gravatar.com\/avatar\/dc1481799a1f75c733ac3b2634cd6749?s=96&d=mm&r=g","caption":"Maur\u00edcio Freire"}}]}},"_links":{"self":[{"href":"https:\/\/www.manaus.am.gov.br\/semsa\/wp-json\/wp\/v2\/posts\/210771"}],"collection":[{"href":"https:\/\/www.manaus.am.gov.br\/semsa\/wp-json\/wp\/v2\/posts"}],"about":[{"href":"https:\/\/www.manaus.am.gov.br\/semsa\/wp-json\/wp\/v2\/types\/post"}],"author":[{"embeddable":true,"href":"https:\/\/www.manaus.am.gov.br\/semsa\/wp-json\/wp\/v2\/users\/25"}],"replies":[{"embeddable":true,"href":"https:\/\/www.manaus.am.gov.br\/semsa\/wp-json\/wp\/v2\/comments?post=210771"}],"version-history":[{"count":0,"href":"https:\/\/www.manaus.am.gov.br\/semsa\/wp-json\/wp\/v2\/posts\/210771\/revisions"}],"wp:featuredmedia":[{"embeddable":true,"href":"https:\/\/www.manaus.am.gov.br\/semsa\/wp-json\/wp\/v2\/media\/210772"}],"wp:attachment":[{"href":"https:\/\/www.manaus.am.gov.br\/semsa\/wp-json\/wp\/v2\/media?parent=210771"}],"wp:term":[{"taxonomy":"category","embeddable":true,"href":"https:\/\/www.manaus.am.gov.br\/semsa\/wp-json\/wp\/v2\/categories?post=210771"},{"taxonomy":"post_tag","embeddable":true,"href":"https:\/\/www.manaus.am.gov.br\/semsa\/wp-json\/wp\/v2\/tags?post=210771"}],"curies":[{"name":"wp","href":"https:\/\/api.w.org\/{rel}","templated":true}]}}