{"id":210727,"date":"2023-02-16T18:56:31","date_gmt":"2023-02-16T22:56:31","guid":{"rendered":"https:\/\/www.manaus.am.gov.br\/semsa\/prefeitura-reforca-cuidados-preventivos-para-que-folioes-manauara-aproveitem-o-carnaval\/"},"modified":"2023-02-16T19:01:24","modified_gmt":"2023-02-16T23:01:24","slug":"prefeitura-reforca-cuidados-preventivos-para-que-folioes-manauara-aproveitem-o-carnaval","status":"publish","type":"post","link":"https:\/\/www.manaus.am.gov.br\/semsa\/prefeitura-reforca-cuidados-preventivos-para-que-folioes-manauara-aproveitem-o-carnaval\/","title":{"rendered":"<strong>Carnaval de Manaus 2023: Prefeitura refor\u00e7a cuidados preventivos para que foli\u00f5es manauara aproveitem o carnaval<\/strong>"},"content":{"rendered":"\n<p>Depois de dois anos de medidas restritivas, a popula\u00e7\u00e3o manauara est\u00e1 matando a saudade das folias carnavalescas. Mas, para que o encontro entre os foli\u00f5es e o carnaval seja s\u00f3 de alegria, a Prefeitura de Manaus refor\u00e7a a import\u00e2ncia dos cuidados preventivos. As equipes da Secretaria Municipal de Sa\u00fade (Semsa) v\u00eam realizando a\u00e7\u00f5es amplas que abrangem desde a preven\u00e7\u00e3o \u00e0s Infec\u00e7\u00f5es Sexualmente Transmiss\u00edveis (ISTs), at\u00e9 medidas mais simples que garantem o aproveitamento do per\u00edodo festivo de forma respons\u00e1vel.&nbsp;<\/p>\n\n\n\n<p>Dentre as atitudes de autorresponsabilidade que encabe\u00e7am a lista dos cuidados est\u00e1 o consumo moderado de bebidas alco\u00f3licas para evitar problemas como acidentes de tr\u00e2nsito e rela\u00e7\u00f5es sexuais com uso de preservativos internos e externos reduzindo a exposi\u00e7\u00e3o a ISTs\/HIV, como hepatites virais, s\u00edfilis, gonorreia e outras.<\/p>\n\n\n\n<p>O consumo de bebidas alco\u00f3licas representa tamb\u00e9m preju\u00edzos ao corpo que compreendem dor de cabe\u00e7a, n\u00e1useas, tontura e cansa\u00e7o geral: esse mal-estar geral \u00e9 conhecido como ressaca, a inimiga de qualquer folia, que costuma atormentar a vida dos festeiros. Para impedir ou minimizar seus efeitos, uma boa alimenta\u00e7\u00e3o, com ingest\u00e3o de carnes magras, frutas, legumes e verduras, sucos ou \u00e1gua, antes da folia, s\u00e3o a receita para o bom aproveitamento da maior festa popular do Brasil.<\/p>\n\n\n\n<p>\u201cMas \u00e9 importante frisar que o equil\u00edbrio \u00e9 fundamental para aproveitar bem o carnaval. Mesmo com uma boa alimenta\u00e7\u00e3o \u00e9 preciso ficar atento ao consumo das bebidas alco\u00f3licas. Embora os alimentos ajudem, ela n\u00e3o evita a ressaca quando o consumo \u00e9 exagerado. Por isso \u00e9 preciso ter consci\u00eancia dos pr\u00f3prios limites e saber a hora de parar\u201d, aconselha a subsecret\u00e1ria de Gest\u00e3o da Sa\u00fade, em exerc\u00edcio, Aldeniza Ara\u00fajo.<\/p>\n\n\n\n<p>A subsecret\u00e1ria ressalta tamb\u00e9m que o carnaval em Manaus acontece no per\u00edodo chuvoso, o que facilita a circula\u00e7\u00e3o de v\u00edrus que ocasionam as s\u00edndromes gripais e apela para quem est\u00e1 com sintomas, mesmo em fase inicial, que evite as festas e aglomera\u00e7\u00f5es.<\/p>\n\n\n\n<p>\u201cA pessoa pode estar com os sintomas iniciais de uma gripe, mas pode ser tamb\u00e9m Covid-19. Como os sinais s\u00e3o parecidos, o mais aconselh\u00e1vel \u00e9 que a pessoa doente fique em casa se recuperando, resguardando a si mesma e protegendo tamb\u00e9m as outras pessoas. Se sair for muito necess\u00e1rio, use m\u00e1scara\u201d, assinala Aldeniza.<\/p>\n\n\n\n<p>A subsecret\u00e1ria destaca, ainda, a import\u00e2ncia da vacina\u00e7\u00e3o contra a Covid-19, que deve estar atualizada, n\u00e3o apenas para os per\u00edodos festivos, mas para a prote\u00e7\u00e3o permanente da popula\u00e7\u00e3o. Ela acrescenta que \u00e9 importante tamb\u00e9m que as pessoas realizem periodicamente os testes r\u00e1pidos para HIV, s\u00edfilis e hepatites B e C, dispon\u00edveis gratuitamente nas unidades de sa\u00fade da prefeitura.<\/p>\n\n\n\n<p>&#8212; &#8212; &#8212;<\/p>\n\n\n\n<p><strong>Texto &#8211; <\/strong>T\u00e2nia Brand\u00e3o \/ Semsa<\/p>\n\n\n\n<p><strong>Foto &#8211; <\/strong>Divulga\u00e7\u00e3o \/ Semsa<\/p>\n","protected":false},"excerpt":{"rendered":"","protected":false},"author":39,"featured_media":210728,"comment_status":"closed","ping_status":"closed","sticky":false,"template":"","format":"standard","meta":{"footnotes":""},"categories":[205],"tags":[198,149,199,177,200,28],"acf":[],"yoast_head":"<!-- This site is optimized with the Yoast SEO plugin v23.0 - https:\/\/yoast.com\/wordpress\/plugins\/seo\/ -->\n<title>Prefeitura refor\u00e7a cuidados preventivos para foli\u00f5es manauara<\/title>\n<meta name=\"description\" content=\"As equipes da Semsa v\u00eam realizando a\u00e7\u00f5es amplas que abrangem desde a preven\u00e7\u00e3o \u00e0s ISTs, at\u00e9 medidas mais simples.\" \/>\n<meta name=\"robots\" content=\"index, follow, max-snippet:-1, max-image-preview:large, max-video-preview:-1\" \/>\n<link rel=\"canonical\" href=\"https:\/\/www.manaus.am.gov.br\/semsa\/prefeitura-reforca-cuidados-preventivos-para-que-folioes-manauara-aproveitem-o-carnaval\/\" \/>\n<meta property=\"og:locale\" content=\"pt_BR\" \/>\n<meta property=\"og:type\" content=\"article\" \/>\n<meta property=\"og:title\" content=\"Prefeitura refor\u00e7a cuidados preventivos para foli\u00f5es manauara\" \/>\n<meta property=\"og:description\" content=\"As equipes da Semsa v\u00eam realizando a\u00e7\u00f5es amplas que abrangem desde a preven\u00e7\u00e3o \u00e0s ISTs, at\u00e9 medidas mais simples.\" \/>\n<meta property=\"og:url\" content=\"https:\/\/www.manaus.am.gov.br\/semsa\/prefeitura-reforca-cuidados-preventivos-para-que-folioes-manauara-aproveitem-o-carnaval\/\" \/>\n<meta property=\"og:site_name\" content=\"SEMSA\" \/>\n<meta property=\"article:published_time\" content=\"2023-02-16T22:56:31+00:00\" \/>\n<meta property=\"article:modified_time\" content=\"2023-02-16T23:01:24+00:00\" \/>\n<meta property=\"og:image\" content=\"https:\/\/www.manaus.am.gov.br\/semsa\/wp-content\/uploads\/sites\/8\/2023\/02\/Prefeitura-reforca-cuidados-preventivos-para-que-folioes-manauara-aproveitem-o-carnaval.jpg\" \/>\n\t<meta property=\"og:image:width\" content=\"1200\" \/>\n\t<meta property=\"og:image:height\" content=\"800\" \/>\n\t<meta property=\"og:image:type\" content=\"image\/jpeg\" \/>\n<meta name=\"author\" content=\"Bruna Greco\" \/>\n<meta name=\"twitter:card\" content=\"summary_large_image\" \/>\n<meta name=\"twitter:label1\" content=\"Written by\" \/>\n\t<meta name=\"twitter:data1\" content=\"Bruna Greco\" \/>\n\t<meta name=\"twitter:label2\" content=\"Est. reading time\" \/>\n\t<meta name=\"twitter:data2\" content=\"3 minutos\" \/>\n<script type=\"application\/ld+json\" class=\"yoast-schema-graph\">{\"@context\":\"https:\/\/schema.org\",\"@graph\":[{\"@type\":\"WebPage\",\"@id\":\"https:\/\/www.manaus.am.gov.br\/semsa\/prefeitura-reforca-cuidados-preventivos-para-que-folioes-manauara-aproveitem-o-carnaval\/\",\"url\":\"https:\/\/www.manaus.am.gov.br\/semsa\/prefeitura-reforca-cuidados-preventivos-para-que-folioes-manauara-aproveitem-o-carnaval\/\",\"name\":\"Prefeitura refor\u00e7a cuidados preventivos para foli\u00f5es manauara\",\"isPartOf\":{\"@id\":\"https:\/\/www.manaus.am.gov.br\/semsa\/#website\"},\"primaryImageOfPage\":{\"@id\":\"https:\/\/www.manaus.am.gov.br\/semsa\/prefeitura-reforca-cuidados-preventivos-para-que-folioes-manauara-aproveitem-o-carnaval\/#primaryimage\"},\"image\":{\"@id\":\"https:\/\/www.manaus.am.gov.br\/semsa\/prefeitura-reforca-cuidados-preventivos-para-que-folioes-manauara-aproveitem-o-carnaval\/#primaryimage\"},\"thumbnailUrl\":\"https:\/\/www.manaus.am.gov.br\/semsa\/wp-content\/uploads\/sites\/8\/2023\/02\/Prefeitura-reforca-cuidados-preventivos-para-que-folioes-manauara-aproveitem-o-carnaval.jpg\",\"datePublished\":\"2023-02-16T22:56:31+00:00\",\"dateModified\":\"2023-02-16T23:01:24+00:00\",\"author\":{\"@id\":\"https:\/\/www.manaus.am.gov.br\/semsa\/#\/schema\/person\/05d223aea2bf115f9883a6ff3683d81b\"},\"description\":\"As equipes da Semsa v\u00eam realizando a\u00e7\u00f5es amplas que abrangem desde a preven\u00e7\u00e3o \u00e0s ISTs, at\u00e9 medidas mais simples.\",\"inLanguage\":\"pt-BR\",\"potentialAction\":[{\"@type\":\"ReadAction\",\"target\":[\"https:\/\/www.manaus.am.gov.br\/semsa\/prefeitura-reforca-cuidados-preventivos-para-que-folioes-manauara-aproveitem-o-carnaval\/\"]}]},{\"@type\":\"ImageObject\",\"inLanguage\":\"pt-BR\",\"@id\":\"https:\/\/www.manaus.am.gov.br\/semsa\/prefeitura-reforca-cuidados-preventivos-para-que-folioes-manauara-aproveitem-o-carnaval\/#primaryimage\",\"url\":\"https:\/\/www.manaus.am.gov.br\/semsa\/wp-content\/uploads\/sites\/8\/2023\/02\/Prefeitura-reforca-cuidados-preventivos-para-que-folioes-manauara-aproveitem-o-carnaval.jpg\",\"contentUrl\":\"https:\/\/www.manaus.am.gov.br\/semsa\/wp-content\/uploads\/sites\/8\/2023\/02\/Prefeitura-reforca-cuidados-preventivos-para-que-folioes-manauara-aproveitem-o-carnaval.jpg\",\"width\":1200,\"height\":800},{\"@type\":\"WebSite\",\"@id\":\"https:\/\/www.manaus.am.gov.br\/semsa\/#website\",\"url\":\"https:\/\/www.manaus.am.gov.br\/semsa\/\",\"name\":\"SEMSA\",\"description\":\"Secretaria Municipal de Sa\u00fade\",\"alternateName\":\"Secretaria Municipal de Sa\u00fade\",\"potentialAction\":[{\"@type\":\"SearchAction\",\"target\":{\"@type\":\"EntryPoint\",\"urlTemplate\":\"https:\/\/www.manaus.am.gov.br\/semsa\/?s={search_term_string}\"},\"query-input\":\"required name=search_term_string\"}],\"inLanguage\":\"pt-BR\"},{\"@type\":\"Person\",\"@id\":\"https:\/\/www.manaus.am.gov.br\/semsa\/#\/schema\/person\/05d223aea2bf115f9883a6ff3683d81b\",\"name\":\"Bruna Greco\",\"image\":{\"@type\":\"ImageObject\",\"inLanguage\":\"pt-BR\",\"@id\":\"https:\/\/www.manaus.am.gov.br\/semsa\/#\/schema\/person\/image\/\",\"url\":\"https:\/\/secure.gravatar.com\/avatar\/9c877d1a6adc2a055330e5c09a8653ce?s=96&d=mm&r=g\",\"contentUrl\":\"https:\/\/secure.gravatar.com\/avatar\/9c877d1a6adc2a055330e5c09a8653ce?s=96&d=mm&r=g\",\"caption\":\"Bruna Greco\"}}]}<\/script>\n<!-- \/ Yoast SEO plugin. -->","yoast_head_json":{"title":"Prefeitura refor\u00e7a cuidados preventivos para foli\u00f5es manauara","description":"As equipes da Semsa v\u00eam realizando a\u00e7\u00f5es amplas que abrangem desde a preven\u00e7\u00e3o \u00e0s ISTs, at\u00e9 medidas mais simples.","robots":{"index":"index","follow":"follow","max-snippet":"max-snippet:-1","max-image-preview":"max-image-preview:large","max-video-preview":"max-video-preview:-1"},"canonical":"https:\/\/www.manaus.am.gov.br\/semsa\/prefeitura-reforca-cuidados-preventivos-para-que-folioes-manauara-aproveitem-o-carnaval\/","og_locale":"pt_BR","og_type":"article","og_title":"Prefeitura refor\u00e7a cuidados preventivos para foli\u00f5es manauara","og_description":"As equipes da Semsa v\u00eam realizando a\u00e7\u00f5es amplas que abrangem desde a preven\u00e7\u00e3o \u00e0s ISTs, at\u00e9 medidas mais simples.","og_url":"https:\/\/www.manaus.am.gov.br\/semsa\/prefeitura-reforca-cuidados-preventivos-para-que-folioes-manauara-aproveitem-o-carnaval\/","og_site_name":"SEMSA","article_published_time":"2023-02-16T22:56:31+00:00","article_modified_time":"2023-02-16T23:01:24+00:00","og_image":[{"width":1200,"height":800,"url":"https:\/\/www.manaus.am.gov.br\/semsa\/wp-content\/uploads\/sites\/8\/2023\/02\/Prefeitura-reforca-cuidados-preventivos-para-que-folioes-manauara-aproveitem-o-carnaval.jpg","type":"image\/jpeg"}],"author":"Bruna Greco","twitter_card":"summary_large_image","twitter_misc":{"Written by":"Bruna Greco","Est. reading time":"3 minutos"},"schema":{"@context":"https:\/\/schema.org","@graph":[{"@type":"WebPage","@id":"https:\/\/www.manaus.am.gov.br\/semsa\/prefeitura-reforca-cuidados-preventivos-para-que-folioes-manauara-aproveitem-o-carnaval\/","url":"https:\/\/www.manaus.am.gov.br\/semsa\/prefeitura-reforca-cuidados-preventivos-para-que-folioes-manauara-aproveitem-o-carnaval\/","name":"Prefeitura refor\u00e7a cuidados preventivos para foli\u00f5es manauara","isPartOf":{"@id":"https:\/\/www.manaus.am.gov.br\/semsa\/#website"},"primaryImageOfPage":{"@id":"https:\/\/www.manaus.am.gov.br\/semsa\/prefeitura-reforca-cuidados-preventivos-para-que-folioes-manauara-aproveitem-o-carnaval\/#primaryimage"},"image":{"@id":"https:\/\/www.manaus.am.gov.br\/semsa\/prefeitura-reforca-cuidados-preventivos-para-que-folioes-manauara-aproveitem-o-carnaval\/#primaryimage"},"thumbnailUrl":"https:\/\/www.manaus.am.gov.br\/semsa\/wp-content\/uploads\/sites\/8\/2023\/02\/Prefeitura-reforca-cuidados-preventivos-para-que-folioes-manauara-aproveitem-o-carnaval.jpg","datePublished":"2023-02-16T22:56:31+00:00","dateModified":"2023-02-16T23:01:24+00:00","author":{"@id":"https:\/\/www.manaus.am.gov.br\/semsa\/#\/schema\/person\/05d223aea2bf115f9883a6ff3683d81b"},"description":"As equipes da Semsa v\u00eam realizando a\u00e7\u00f5es amplas que abrangem desde a preven\u00e7\u00e3o \u00e0s ISTs, at\u00e9 medidas mais simples.","inLanguage":"pt-BR","potentialAction":[{"@type":"ReadAction","target":["https:\/\/www.manaus.am.gov.br\/semsa\/prefeitura-reforca-cuidados-preventivos-para-que-folioes-manauara-aproveitem-o-carnaval\/"]}]},{"@type":"ImageObject","inLanguage":"pt-BR","@id":"https:\/\/www.manaus.am.gov.br\/semsa\/prefeitura-reforca-cuidados-preventivos-para-que-folioes-manauara-aproveitem-o-carnaval\/#primaryimage","url":"https:\/\/www.manaus.am.gov.br\/semsa\/wp-content\/uploads\/sites\/8\/2023\/02\/Prefeitura-reforca-cuidados-preventivos-para-que-folioes-manauara-aproveitem-o-carnaval.jpg","contentUrl":"https:\/\/www.manaus.am.gov.br\/semsa\/wp-content\/uploads\/sites\/8\/2023\/02\/Prefeitura-reforca-cuidados-preventivos-para-que-folioes-manauara-aproveitem-o-carnaval.jpg","width":1200,"height":800},{"@type":"WebSite","@id":"https:\/\/www.manaus.am.gov.br\/semsa\/#website","url":"https:\/\/www.manaus.am.gov.br\/semsa\/","name":"SEMSA","description":"Secretaria Municipal de Sa\u00fade","alternateName":"Secretaria Municipal de Sa\u00fade","potentialAction":[{"@type":"SearchAction","target":{"@type":"EntryPoint","urlTemplate":"https:\/\/www.manaus.am.gov.br\/semsa\/?s={search_term_string}"},"query-input":"required name=search_term_string"}],"inLanguage":"pt-BR"},{"@type":"Person","@id":"https:\/\/www.manaus.am.gov.br\/semsa\/#\/schema\/person\/05d223aea2bf115f9883a6ff3683d81b","name":"Bruna Greco","image":{"@type":"ImageObject","inLanguage":"pt-BR","@id":"https:\/\/www.manaus.am.gov.br\/semsa\/#\/schema\/person\/image\/","url":"https:\/\/secure.gravatar.com\/avatar\/9c877d1a6adc2a055330e5c09a8653ce?s=96&d=mm&r=g","contentUrl":"https:\/\/secure.gravatar.com\/avatar\/9c877d1a6adc2a055330e5c09a8653ce?s=96&d=mm&r=g","caption":"Bruna Greco"}}]}},"_links":{"self":[{"href":"https:\/\/www.manaus.am.gov.br\/semsa\/wp-json\/wp\/v2\/posts\/210727"}],"collection":[{"href":"https:\/\/www.manaus.am.gov.br\/semsa\/wp-json\/wp\/v2\/posts"}],"about":[{"href":"https:\/\/www.manaus.am.gov.br\/semsa\/wp-json\/wp\/v2\/types\/post"}],"author":[{"embeddable":true,"href":"https:\/\/www.manaus.am.gov.br\/semsa\/wp-json\/wp\/v2\/users\/39"}],"replies":[{"embeddable":true,"href":"https:\/\/www.manaus.am.gov.br\/semsa\/wp-json\/wp\/v2\/comments?post=210727"}],"version-history":[{"count":1,"href":"https:\/\/www.manaus.am.gov.br\/semsa\/wp-json\/wp\/v2\/posts\/210727\/revisions"}],"predecessor-version":[{"id":210731,"href":"https:\/\/www.manaus.am.gov.br\/semsa\/wp-json\/wp\/v2\/posts\/210727\/revisions\/210731"}],"wp:featuredmedia":[{"embeddable":true,"href":"https:\/\/www.manaus.am.gov.br\/semsa\/wp-json\/wp\/v2\/media\/210728"}],"wp:attachment":[{"href":"https:\/\/www.manaus.am.gov.br\/semsa\/wp-json\/wp\/v2\/media?parent=210727"}],"wp:term":[{"taxonomy":"category","embeddable":true,"href":"https:\/\/www.manaus.am.gov.br\/semsa\/wp-json\/wp\/v2\/categories?post=210727"},{"taxonomy":"post_tag","embeddable":true,"href":"https:\/\/www.manaus.am.gov.br\/semsa\/wp-json\/wp\/v2\/tags?post=210727"}],"curies":[{"name":"wp","href":"https:\/\/api.w.org\/{rel}","templated":true}]}}