{"id":210605,"date":"2023-02-09T18:25:43","date_gmt":"2023-02-09T22:25:43","guid":{"rendered":"https:\/\/www.manaus.am.gov.br\/semsa\/prefeitura-de-manaus-amplia-cobertura-da-atencao-primaria-em-saude-para-748\/"},"modified":"2023-02-09T18:25:44","modified_gmt":"2023-02-09T22:25:44","slug":"prefeitura-de-manaus-amplia-cobertura-da-atencao-primaria-em-saude-para-748","status":"publish","type":"post","link":"https:\/\/www.manaus.am.gov.br\/semsa\/prefeitura-de-manaus-amplia-cobertura-da-atencao-primaria-em-saude-para-748\/","title":{"rendered":"<strong>Prefeitura de Manaus amplia cobertura da Aten\u00e7\u00e3o Prim\u00e1ria em Sa\u00fade para 74,8%<\/strong>"},"content":{"rendered":"\n<p>A Prefeitura de Manaus aumentou a cobertura da Rede de Aten\u00e7\u00e3o Prim\u00e1ria em Sa\u00fade em 16% nos \u00faltimos 12 meses, chegando a 74,8%. O c\u00e1lculo foi feito pelo Minist\u00e9rio da Sa\u00fade e compreendeu os meses de janeiro a dezembro de 2022 e levou em considera\u00e7\u00e3o o n\u00famero Equipes de Aten\u00e7\u00e3o Prim\u00e1ria (EAPs) e da Estrat\u00e9gia Sa\u00fade da Fam\u00edlia (ESFs), o quantitativo da popula\u00e7\u00e3o e os cadastros individuais na rede municipal.<\/p>\n\n\n\n<p>Os dados s\u00e3o oriundos do sistema eGestor, plataforma que concentra as informa\u00e7\u00f5es oficiais de todo o pa\u00eds. A secret\u00e1ria municipal de Sa\u00fade, Sh\u00e1dia Fraxe, explica que em janeiro de 2021 a cobertura estava em 47,24%, subiu para 64,42% em dezembro do mesmo ano, e que chegar agora em 74,8% \u00e9 um resultado excelente, que representa um grande avan\u00e7o na oferta dos servi\u00e7os da aten\u00e7\u00e3o b\u00e1sica para os manauaras.<\/p>\n\n\n\n<p>\u201cEsse percentual \u00e9 uma demonstra\u00e7\u00e3o do fortalecimento da cobertura da aten\u00e7\u00e3o b\u00e1sica, uma das prioridades do prefeito David Almeida, que vem investindo na sa\u00fade desde os primeiros dias do seu mandato. Na pr\u00e1tica, esse percentual significa que estamos absorvendo as necessidades da popula\u00e7\u00e3o na promo\u00e7\u00e3o da sa\u00fade e na preven\u00e7\u00e3o dos agravos\u201d, destaca.<\/p>\n\n\n\n<p>A diretora do Departamento de Intelig\u00eancia de Dados (DID), Sanay Pedrosa, explica que o Minist\u00e9rio da Sa\u00fade, quando calcula a cobertura da aten\u00e7\u00e3o b\u00e1sica de um munic\u00edpio, considera a popula\u00e7\u00e3o deste territ\u00f3rio, que no caso de Manaus \u00e9 de 2,903 milh\u00f5es e tamb\u00e9m o n\u00famero de Equipes de Aten\u00e7\u00e3o Prim\u00e1ria, compostas por m\u00e9dicos e enfermeiros, e as de Estrat\u00e9gia Sa\u00fade da Fam\u00edlia, que re\u00fanem m\u00e9dicos, enfermeiros, agentes comunit\u00e1rios de sa\u00fade e t\u00e9cnicos de enfermagem. A quantidade de cadastros individuais vinculados a essas equipes tamb\u00e9m entra no c\u00e1lculo.<\/p>\n\n\n\n<p>\u201c\u00c9 um c\u00e1lculo simples que considera a execu\u00e7\u00e3o da aten\u00e7\u00e3o prim\u00e1ria e permite mostrar que as pessoas est\u00e3o sendo acompanhadas por uma equipe de sa\u00fade. O nosso resultado \u00e9 muito bom porque representa mais acesso, maior resolutividade e o fortalecimento de todos os atributos da aten\u00e7\u00e3o prim\u00e1ria. \u00c9 um avan\u00e7o e tanto. E ainda queremos chegar a 80% de cobertura at\u00e9 o ano de 2024\u201d, acrescenta.<\/p>\n\n\n\n<p>Sanay informa que a Semsa disp\u00f5e atualmente de 116 Equipes de Aten\u00e7\u00e3o Prim\u00e1ria (EAPS) e 329 Equipes de Sa\u00fade da Fam\u00edlia (ESFs) e mais de 1,7 milh\u00e3o de cadastros individuais vinculados a essas equipes. O cadastro individual de 2022, inclusive, representa um avan\u00e7o importante, que responde por uma eleva\u00e7\u00e3o de 17,1% quando comparado ao ano de 2021.<\/p>\n\n\n\n<p><strong>Cadastro individual<\/strong><\/p>\n\n\n\n<p>Toda pessoa que recorre \u00e0 aten\u00e7\u00e3o prim\u00e1ria, porta de entrada do SUS, precisa estar referenciada a uma equipe de sa\u00fade. Esta rela\u00e7\u00e3o \u00e9 denominada de v\u00ednculo.<\/p>\n\n\n\n<p>Os instrumentos que materializam e demonstram esta liga\u00e7\u00e3o entre a pessoa e a equipe de sa\u00fade acontece quando o usu\u00e1rio inicia o atendimento em uma Unidade de Sa\u00fade (UBS), por meio do prontu\u00e1rio eletr\u00f4nico ou quando um Agente Comunit\u00e1rio de Sa\u00fade (ACS) faz uma visita a um grupo familiar e os encaminha \u00e0 unidade mais pr\u00f3xima de sua casa, por exemplo.<\/p>\n\n\n\n<p>No caso de Manaus, a Semsa realizou no ano passado 1.733.581 cadastros individuais, enquanto em 2021 esse total foi de 1.480.997.<\/p>\n\n\n\n<p>\u201cO sucesso das a\u00e7\u00f5es de sa\u00fade que resultam na amplia\u00e7\u00e3o da cobertura da aten\u00e7\u00e3o b\u00e1sica, est\u00e1 diretamente ligado ao n\u00famero de pessoas cadastradas nos sistemas de sa\u00fade, uma vez que eles validam o servi\u00e7o de sa\u00fade prestado. O usu\u00e1rio n\u00e3o precisa, necessariamente, morar em Manaus para que este v\u00ednculo aconte\u00e7a. A pessoa pode ser de outro munic\u00edpio, mas buscar os servi\u00e7os de sa\u00fade da capital para fazer algum procedimento ou atendimento. O v\u00ednculo se d\u00e1 por meio da procura pelo servi\u00e7o, de acordo com princ\u00edpio da equidade, que rege o SUS\u201d, complementa Sanay.<\/p>\n\n\n\n<p>&#8212; &#8212; &#8212;&nbsp;<\/p>\n\n\n\n<p><strong>Texto &#8211;&nbsp;<\/strong>T\u00e2nia Brand\u00e3o \/ Semsa<\/p>\n\n\n\n<p><strong>Foto &#8211;\u00a0<\/strong>Divulga\u00e7\u00e3o \/ Semsa<\/p>\n","protected":false},"excerpt":{"rendered":"","protected":false},"author":31,"featured_media":210606,"comment_status":"closed","ping_status":"closed","sticky":false,"template":"","format":"standard","meta":{"footnotes":""},"categories":[144],"tags":[145,146,147,82],"acf":[],"yoast_head":"<!-- This site is optimized with the Yoast SEO plugin v23.0 - https:\/\/yoast.com\/wordpress\/plugins\/seo\/ -->\n<title>Prefeitura de Manaus amplia cobertura da Aten\u00e7\u00e3o Prim\u00e1ria em Sa\u00fade para 74,8% - SEMSA<\/title>\n<meta name=\"robots\" content=\"index, follow, max-snippet:-1, max-image-preview:large, max-video-preview:-1\" \/>\n<link rel=\"canonical\" href=\"https:\/\/www.manaus.am.gov.br\/semsa\/prefeitura-de-manaus-amplia-cobertura-da-atencao-primaria-em-saude-para-748\/\" \/>\n<meta property=\"og:locale\" content=\"pt_BR\" \/>\n<meta property=\"og:type\" content=\"article\" \/>\n<meta property=\"og:title\" content=\"Prefeitura de Manaus amplia cobertura da Aten\u00e7\u00e3o Prim\u00e1ria em Sa\u00fade para 74,8% - SEMSA\" \/>\n<meta property=\"og:url\" content=\"https:\/\/www.manaus.am.gov.br\/semsa\/prefeitura-de-manaus-amplia-cobertura-da-atencao-primaria-em-saude-para-748\/\" \/>\n<meta property=\"og:site_name\" content=\"SEMSA\" \/>\n<meta property=\"article:published_time\" content=\"2023-02-09T22:25:43+00:00\" \/>\n<meta property=\"article:modified_time\" content=\"2023-02-09T22:25:44+00:00\" \/>\n<meta property=\"og:image\" content=\"https:\/\/www.manaus.am.gov.br\/semsa\/wp-content\/uploads\/sites\/8\/2023\/02\/Fevereiro-09_Cobertura-APS2.jpeg\" \/>\n\t<meta property=\"og:image:width\" content=\"2508\" \/>\n\t<meta property=\"og:image:height\" content=\"1672\" \/>\n\t<meta property=\"og:image:type\" content=\"image\/jpeg\" \/>\n<meta name=\"author\" content=\"Renata Felix\" \/>\n<meta name=\"twitter:card\" content=\"summary_large_image\" \/>\n<meta name=\"twitter:label1\" content=\"Written by\" \/>\n\t<meta name=\"twitter:data1\" content=\"Renata Felix\" \/>\n\t<meta name=\"twitter:label2\" content=\"Est. reading time\" \/>\n\t<meta name=\"twitter:data2\" content=\"4 minutos\" \/>\n<script type=\"application\/ld+json\" class=\"yoast-schema-graph\">{\"@context\":\"https:\/\/schema.org\",\"@graph\":[{\"@type\":\"WebPage\",\"@id\":\"https:\/\/www.manaus.am.gov.br\/semsa\/prefeitura-de-manaus-amplia-cobertura-da-atencao-primaria-em-saude-para-748\/\",\"url\":\"https:\/\/www.manaus.am.gov.br\/semsa\/prefeitura-de-manaus-amplia-cobertura-da-atencao-primaria-em-saude-para-748\/\",\"name\":\"Prefeitura de Manaus amplia cobertura da Aten\u00e7\u00e3o Prim\u00e1ria em Sa\u00fade para 74,8% - SEMSA\",\"isPartOf\":{\"@id\":\"https:\/\/www.manaus.am.gov.br\/semsa\/#website\"},\"primaryImageOfPage\":{\"@id\":\"https:\/\/www.manaus.am.gov.br\/semsa\/prefeitura-de-manaus-amplia-cobertura-da-atencao-primaria-em-saude-para-748\/#primaryimage\"},\"image\":{\"@id\":\"https:\/\/www.manaus.am.gov.br\/semsa\/prefeitura-de-manaus-amplia-cobertura-da-atencao-primaria-em-saude-para-748\/#primaryimage\"},\"thumbnailUrl\":\"https:\/\/www.manaus.am.gov.br\/semsa\/wp-content\/uploads\/sites\/8\/2023\/02\/Fevereiro-09_Cobertura-APS2.jpeg\",\"datePublished\":\"2023-02-09T22:25:43+00:00\",\"dateModified\":\"2023-02-09T22:25:44+00:00\",\"author\":{\"@id\":\"https:\/\/www.manaus.am.gov.br\/semsa\/#\/schema\/person\/4eea2a8f78dc853097abb026f728aa06\"},\"inLanguage\":\"pt-BR\",\"potentialAction\":[{\"@type\":\"ReadAction\",\"target\":[\"https:\/\/www.manaus.am.gov.br\/semsa\/prefeitura-de-manaus-amplia-cobertura-da-atencao-primaria-em-saude-para-748\/\"]}]},{\"@type\":\"ImageObject\",\"inLanguage\":\"pt-BR\",\"@id\":\"https:\/\/www.manaus.am.gov.br\/semsa\/prefeitura-de-manaus-amplia-cobertura-da-atencao-primaria-em-saude-para-748\/#primaryimage\",\"url\":\"https:\/\/www.manaus.am.gov.br\/semsa\/wp-content\/uploads\/sites\/8\/2023\/02\/Fevereiro-09_Cobertura-APS2.jpeg\",\"contentUrl\":\"https:\/\/www.manaus.am.gov.br\/semsa\/wp-content\/uploads\/sites\/8\/2023\/02\/Fevereiro-09_Cobertura-APS2.jpeg\",\"width\":2508,\"height\":1672},{\"@type\":\"WebSite\",\"@id\":\"https:\/\/www.manaus.am.gov.br\/semsa\/#website\",\"url\":\"https:\/\/www.manaus.am.gov.br\/semsa\/\",\"name\":\"SEMSA\",\"description\":\"Secretaria Municipal de Sa\u00fade\",\"alternateName\":\"Secretaria Municipal de Sa\u00fade\",\"potentialAction\":[{\"@type\":\"SearchAction\",\"target\":{\"@type\":\"EntryPoint\",\"urlTemplate\":\"https:\/\/www.manaus.am.gov.br\/semsa\/?s={search_term_string}\"},\"query-input\":\"required name=search_term_string\"}],\"inLanguage\":\"pt-BR\"},{\"@type\":\"Person\",\"@id\":\"https:\/\/www.manaus.am.gov.br\/semsa\/#\/schema\/person\/4eea2a8f78dc853097abb026f728aa06\",\"name\":\"Renata Felix\",\"image\":{\"@type\":\"ImageObject\",\"inLanguage\":\"pt-BR\",\"@id\":\"https:\/\/www.manaus.am.gov.br\/semsa\/#\/schema\/person\/image\/\",\"url\":\"https:\/\/secure.gravatar.com\/avatar\/3c196cf9d3b837b24c8edb2c50fd8f29?s=96&d=mm&r=g\",\"contentUrl\":\"https:\/\/secure.gravatar.com\/avatar\/3c196cf9d3b837b24c8edb2c50fd8f29?s=96&d=mm&r=g\",\"caption\":\"Renata Felix\"}}]}<\/script>\n<!-- \/ Yoast SEO plugin. -->","yoast_head_json":{"title":"Prefeitura de Manaus amplia cobertura da Aten\u00e7\u00e3o Prim\u00e1ria em Sa\u00fade para 74,8% - SEMSA","robots":{"index":"index","follow":"follow","max-snippet":"max-snippet:-1","max-image-preview":"max-image-preview:large","max-video-preview":"max-video-preview:-1"},"canonical":"https:\/\/www.manaus.am.gov.br\/semsa\/prefeitura-de-manaus-amplia-cobertura-da-atencao-primaria-em-saude-para-748\/","og_locale":"pt_BR","og_type":"article","og_title":"Prefeitura de Manaus amplia cobertura da Aten\u00e7\u00e3o Prim\u00e1ria em Sa\u00fade para 74,8% - SEMSA","og_url":"https:\/\/www.manaus.am.gov.br\/semsa\/prefeitura-de-manaus-amplia-cobertura-da-atencao-primaria-em-saude-para-748\/","og_site_name":"SEMSA","article_published_time":"2023-02-09T22:25:43+00:00","article_modified_time":"2023-02-09T22:25:44+00:00","og_image":[{"width":2508,"height":1672,"url":"https:\/\/www.manaus.am.gov.br\/semsa\/wp-content\/uploads\/sites\/8\/2023\/02\/Fevereiro-09_Cobertura-APS2.jpeg","type":"image\/jpeg"}],"author":"Renata Felix","twitter_card":"summary_large_image","twitter_misc":{"Written by":"Renata Felix","Est. reading time":"4 minutos"},"schema":{"@context":"https:\/\/schema.org","@graph":[{"@type":"WebPage","@id":"https:\/\/www.manaus.am.gov.br\/semsa\/prefeitura-de-manaus-amplia-cobertura-da-atencao-primaria-em-saude-para-748\/","url":"https:\/\/www.manaus.am.gov.br\/semsa\/prefeitura-de-manaus-amplia-cobertura-da-atencao-primaria-em-saude-para-748\/","name":"Prefeitura de Manaus amplia cobertura da Aten\u00e7\u00e3o Prim\u00e1ria em Sa\u00fade para 74,8% - SEMSA","isPartOf":{"@id":"https:\/\/www.manaus.am.gov.br\/semsa\/#website"},"primaryImageOfPage":{"@id":"https:\/\/www.manaus.am.gov.br\/semsa\/prefeitura-de-manaus-amplia-cobertura-da-atencao-primaria-em-saude-para-748\/#primaryimage"},"image":{"@id":"https:\/\/www.manaus.am.gov.br\/semsa\/prefeitura-de-manaus-amplia-cobertura-da-atencao-primaria-em-saude-para-748\/#primaryimage"},"thumbnailUrl":"https:\/\/www.manaus.am.gov.br\/semsa\/wp-content\/uploads\/sites\/8\/2023\/02\/Fevereiro-09_Cobertura-APS2.jpeg","datePublished":"2023-02-09T22:25:43+00:00","dateModified":"2023-02-09T22:25:44+00:00","author":{"@id":"https:\/\/www.manaus.am.gov.br\/semsa\/#\/schema\/person\/4eea2a8f78dc853097abb026f728aa06"},"inLanguage":"pt-BR","potentialAction":[{"@type":"ReadAction","target":["https:\/\/www.manaus.am.gov.br\/semsa\/prefeitura-de-manaus-amplia-cobertura-da-atencao-primaria-em-saude-para-748\/"]}]},{"@type":"ImageObject","inLanguage":"pt-BR","@id":"https:\/\/www.manaus.am.gov.br\/semsa\/prefeitura-de-manaus-amplia-cobertura-da-atencao-primaria-em-saude-para-748\/#primaryimage","url":"https:\/\/www.manaus.am.gov.br\/semsa\/wp-content\/uploads\/sites\/8\/2023\/02\/Fevereiro-09_Cobertura-APS2.jpeg","contentUrl":"https:\/\/www.manaus.am.gov.br\/semsa\/wp-content\/uploads\/sites\/8\/2023\/02\/Fevereiro-09_Cobertura-APS2.jpeg","width":2508,"height":1672},{"@type":"WebSite","@id":"https:\/\/www.manaus.am.gov.br\/semsa\/#website","url":"https:\/\/www.manaus.am.gov.br\/semsa\/","name":"SEMSA","description":"Secretaria Municipal de Sa\u00fade","alternateName":"Secretaria Municipal de Sa\u00fade","potentialAction":[{"@type":"SearchAction","target":{"@type":"EntryPoint","urlTemplate":"https:\/\/www.manaus.am.gov.br\/semsa\/?s={search_term_string}"},"query-input":"required name=search_term_string"}],"inLanguage":"pt-BR"},{"@type":"Person","@id":"https:\/\/www.manaus.am.gov.br\/semsa\/#\/schema\/person\/4eea2a8f78dc853097abb026f728aa06","name":"Renata Felix","image":{"@type":"ImageObject","inLanguage":"pt-BR","@id":"https:\/\/www.manaus.am.gov.br\/semsa\/#\/schema\/person\/image\/","url":"https:\/\/secure.gravatar.com\/avatar\/3c196cf9d3b837b24c8edb2c50fd8f29?s=96&d=mm&r=g","contentUrl":"https:\/\/secure.gravatar.com\/avatar\/3c196cf9d3b837b24c8edb2c50fd8f29?s=96&d=mm&r=g","caption":"Renata Felix"}}]}},"_links":{"self":[{"href":"https:\/\/www.manaus.am.gov.br\/semsa\/wp-json\/wp\/v2\/posts\/210605"}],"collection":[{"href":"https:\/\/www.manaus.am.gov.br\/semsa\/wp-json\/wp\/v2\/posts"}],"about":[{"href":"https:\/\/www.manaus.am.gov.br\/semsa\/wp-json\/wp\/v2\/types\/post"}],"author":[{"embeddable":true,"href":"https:\/\/www.manaus.am.gov.br\/semsa\/wp-json\/wp\/v2\/users\/31"}],"replies":[{"embeddable":true,"href":"https:\/\/www.manaus.am.gov.br\/semsa\/wp-json\/wp\/v2\/comments?post=210605"}],"version-history":[{"count":0,"href":"https:\/\/www.manaus.am.gov.br\/semsa\/wp-json\/wp\/v2\/posts\/210605\/revisions"}],"wp:featuredmedia":[{"embeddable":true,"href":"https:\/\/www.manaus.am.gov.br\/semsa\/wp-json\/wp\/v2\/media\/210606"}],"wp:attachment":[{"href":"https:\/\/www.manaus.am.gov.br\/semsa\/wp-json\/wp\/v2\/media?parent=210605"}],"wp:term":[{"taxonomy":"category","embeddable":true,"href":"https:\/\/www.manaus.am.gov.br\/semsa\/wp-json\/wp\/v2\/categories?post=210605"},{"taxonomy":"post_tag","embeddable":true,"href":"https:\/\/www.manaus.am.gov.br\/semsa\/wp-json\/wp\/v2\/tags?post=210605"}],"curies":[{"name":"wp","href":"https:\/\/api.w.org\/{rel}","templated":true}]}}