{"id":210570,"date":"2023-02-05T10:24:46","date_gmt":"2023-02-05T14:24:46","guid":{"rendered":"https:\/\/www.manaus.am.gov.br\/semsa\/prefeitura-de-manaus-realizou-mais-de-2-5-milhoes-de-atendimentos-de-saude-em-2022\/"},"modified":"2023-02-05T10:24:46","modified_gmt":"2023-02-05T14:24:46","slug":"prefeitura-de-manaus-realizou-mais-de-2-5-milhoes-de-atendimentos-de-saude-em-2022","status":"publish","type":"post","link":"https:\/\/www.manaus.am.gov.br\/semsa\/prefeitura-de-manaus-realizou-mais-de-2-5-milhoes-de-atendimentos-de-saude-em-2022\/","title":{"rendered":"<strong>Prefeitura de Manaus realizou mais de 2,5 milh\u00f5es de atendimentos de sa\u00fade em 2022<\/strong>"},"content":{"rendered":"\n<p>A Rede de Aten\u00e7\u00e3o B\u00e1sica de Sa\u00fade, gerenciada pela Prefeitura de Manaus, realizou mais de 2,5 milh\u00f5es de atendimentos individuais em 2022, comprovando os avan\u00e7os na qualidade dos servi\u00e7os prestados \u00e0 popula\u00e7\u00e3o que ajudaram a manter a capital em primeiro lugar no ranking do Previne Brasil, programa que avalia a qualidade dos servi\u00e7os de sa\u00fade em todo o pa\u00eds.<\/p>\n\n\n\n<p>Essa modalidade de servi\u00e7os \u00e0 popula\u00e7\u00e3o feminina foi a que registrou o maior n\u00famero de atendimentos: foram 1,73 milh\u00e3o de servi\u00e7os de sa\u00fade prestados a esse segmento, com uma m\u00e9dia de 210 atendimentos por m\u00eas. Quando comparados com os registros de 2021, o aumento \u00e9 de 4,4%. No segmento masculino foram 789 mil atendimentos.<\/p>\n\n\n\n<p>Outra frente de trabalho da Secretaria Municipal de Sa\u00fade (Semsa) que ganhou visibilidade foi o cadastro individual, a\u00e7\u00e3o que permite a formula\u00e7\u00e3o de uma base de informa\u00e7\u00f5es para a identifica\u00e7\u00e3o das demandas da popula\u00e7\u00e3o residente nas proximidades das Unidades B\u00e1sicas de Sa\u00fade (UBSs). Esse instrumento \u00e9 fundamental para o planejamento dos servi\u00e7os de sa\u00fade e monitoramento dos usu\u00e1rios.<\/p>\n\n\n\n<p>A a\u00e7\u00e3o de cadastramento, que \u00e9 realizada pelas equipes da Estrat\u00e9gia Sa\u00fade da Fam\u00edlia, apresentou um aumento de 17,1% com 1,73 milh\u00e3o de registros. No ano de 2021, esse n\u00famero foi de 1,480 milh\u00e3o.<\/p>\n\n\n\n<p>\u201cCada cadastro realizado representa avan\u00e7o na cobertura da aten\u00e7\u00e3o b\u00e1sica, que em Manaus est\u00e1 em 73% conforme o Minist\u00e9rio da Sa\u00fade (MS), o que significa um cen\u00e1rio positivo. Para chegar a esse percentual, o MS leva em considera\u00e7\u00e3o o n\u00famero de equipes de sa\u00fade de um determinado territ\u00f3rio e o n\u00famero de cadastros vinculados a essas equipes. Quanto maior o n\u00famero, maior a cobertura\u201d, explica a secret\u00e1ria municipal de Sa\u00fade, Sh\u00e1dia Fraxe.<\/p>\n\n\n\n<p><strong>Consultas<\/strong><\/p>\n\n\n\n<p>Na categoria de consultas por profissionais de sa\u00fade (enfermeiros, m\u00e9dicos e cirurgi\u00f5es dentistas) a Semsa Manaus apresentou crescimento nas consultas realizadas com enfermeiros. Foram mais de 1 milh\u00e3o, a\u00e7\u00f5es que representam 13% a mais do que as realizadas no ano anterior, quando houve 932 mil consultas. &nbsp;<\/p>\n\n\n\n<p>Outro bom desempenho foi na \u00e1rea de sa\u00fade bucal, com uma eleva\u00e7\u00e3o de 55% no n\u00famero de consultas com cirurgi\u00f5es-dentistas em rela\u00e7\u00e3o ao ano anterior, perfazendo um total de mais de 180 mil consultas.<\/p>\n\n\n\n<p><strong>Grupos priorit\u00e1rios<\/strong><\/p>\n\n\n\n<p>As gestantes, crian\u00e7as de 0 a 5 anos, idosos de 60 anos ou mais e portadores de hipertens\u00e3o arterial e&nbsp;<em>diabetes mellitus<\/em>&nbsp;comp\u00f5em os grupos priorit\u00e1rios na aten\u00e7\u00e3o prim\u00e1ria. Nessa frente de trabalho, os servi\u00e7os de sa\u00fade direcionados aos hipertensos e diab\u00e9ticos revelaram um aumento de 33% e 37%, respectivamente, em 2022. Foram 367.225 a\u00e7\u00f5es voltadas \u00e0s pessoas com hipertens\u00e3o e mais 222 mil aos portadores de diabetes.<\/p>\n\n\n\n<p>Os dados relacionados \u00e0s crian\u00e7as de 0 a 5 anos e aos idosos, uma das prioridades da Prefeitura de Manaus, tamb\u00e9m s\u00e3o animadores com eleva\u00e7\u00e3o em 15% dos atendimentos nesses dois segmentos.<\/p>\n\n\n\n<p>Os cuidados relativos \u00e0s crian\u00e7as totalizaram 227.181 em 2022. O bom desempenho tamb\u00e9m se repete com rela\u00e7\u00e3o aos idosos:&nbsp; em um ano, a Semsa Manaus atingiu a marca de 429.595 atendimentos, quase 35.800 a\u00e7\u00f5es mensais beneficiando as pessoas idosas.&nbsp;<\/p>\n\n\n\n<p>Para a diretora do Departamento de Intelig\u00eancia de Dados da Semsa, Sanay Pedrosa, os n\u00fameros refletem o saldo positivo de todos os servi\u00e7os ofertados na Rede de Aten\u00e7\u00e3o Prim\u00e1ria e demonstram que a capacidade instalada, qualifica\u00e7\u00e3o dos servidores, inser\u00e7\u00e3o de novas ferramentas tecnol\u00f3gicas, entre outras a\u00e7\u00f5es, foram iniciativas bem aproveitadas, que propiciaram os avan\u00e7os.<\/p>\n\n\n\n<p>\u201cOs atendimentos \u00e0s pessoas hipertensas e diab\u00e9ticas e \u00e0s crian\u00e7as de 0 a 5 anos, que s\u00e3o grupos priorit\u00e1rios, s\u00e3o um exemplo de que estamos avan\u00e7ando na nossa cobertura de servi\u00e7os, ampliando o acesso. A popula\u00e7\u00e3o est\u00e1 sendo atendida. Os nossos n\u00fameros s\u00e3o muito positivos e mostram que a popula\u00e7\u00e3o est\u00e1 buscando os servi\u00e7os e est\u00e1 sendo atendida. Fechamos 2022 com saldo bastante positivo\u201d, ressalta Sanay.&nbsp;<\/p>\n\n\n\n<p><strong>Visita domiciliar<\/strong><\/p>\n\n\n\n<p>As visitas domiciliares, que s\u00e3o estrat\u00e9gias de promo\u00e7\u00e3o da equidade no acesso aos servi\u00e7os de sa\u00fade, tamb\u00e9m foram um ganho importante na gest\u00e3o da Semsa com 1,05 milh\u00e3o de a\u00e7\u00f5es, uma eleva\u00e7\u00e3o de 7%, com mais de 83 mil visitas por m\u00eas.<\/p>\n\n\n\n<p>A modalidade de atendimento domiciliar, direcionado a pessoas com&nbsp;dificuldade de locomo\u00e7\u00e3o e que necessitam de cuidados diferenciados, registrou aumento de 2% com 39.672 a\u00e7\u00f5es executadas.&nbsp;<\/p>\n\n\n\n<p>&#8212; &#8212; &#8212;&nbsp;<\/p>\n\n\n\n<p><strong>Texto &#8211;<\/strong>&nbsp;T\u00e2nia Brand\u00e3o \/ Semsa<\/p>\n\n\n\n<p><strong>Fotos &#8211;<\/strong>&nbsp;Divulga\u00e7\u00e3o \/ Semsa<\/p>\n","protected":false},"excerpt":{"rendered":"","protected":false},"author":39,"featured_media":210571,"comment_status":"closed","ping_status":"closed","sticky":false,"template":"","format":"standard","meta":{"footnotes":""},"categories":[107],"tags":[108,109,110,111,28],"acf":[],"yoast_head":"<!-- This site is optimized with the Yoast SEO plugin v23.0 - https:\/\/yoast.com\/wordpress\/plugins\/seo\/ -->\n<title>Prefeitura realizou mais de 2,5 milh\u00f5es de atendimentos de sa\u00fade<\/title>\n<meta name=\"description\" content=\"A Rede de Aten\u00e7\u00e3o B\u00e1sica de Sa\u00fade, gerenciada pela Prefeitura de Manaus, realizou mais de 2,5 milh\u00f5es de atendimentos individuais em 2022.\" \/>\n<meta name=\"robots\" content=\"index, follow, max-snippet:-1, max-image-preview:large, max-video-preview:-1\" \/>\n<link rel=\"canonical\" href=\"https:\/\/www.manaus.am.gov.br\/semsa\/prefeitura-de-manaus-realizou-mais-de-2-5-milhoes-de-atendimentos-de-saude-em-2022\/\" \/>\n<meta property=\"og:locale\" content=\"pt_BR\" \/>\n<meta property=\"og:type\" content=\"article\" \/>\n<meta property=\"og:title\" content=\"Prefeitura realizou mais de 2,5 milh\u00f5es de atendimentos de sa\u00fade\" \/>\n<meta property=\"og:description\" content=\"A Rede de Aten\u00e7\u00e3o B\u00e1sica de Sa\u00fade, gerenciada pela Prefeitura de Manaus, realizou mais de 2,5 milh\u00f5es de atendimentos individuais em 2022.\" \/>\n<meta property=\"og:url\" content=\"https:\/\/www.manaus.am.gov.br\/semsa\/prefeitura-de-manaus-realizou-mais-de-2-5-milhoes-de-atendimentos-de-saude-em-2022\/\" \/>\n<meta property=\"og:site_name\" content=\"SEMSA\" \/>\n<meta property=\"article:published_time\" content=\"2023-02-05T14:24:46+00:00\" \/>\n<meta property=\"og:image\" content=\"https:\/\/www.manaus.am.gov.br\/semsa\/wp-content\/uploads\/sites\/8\/2023\/02\/Prefeitura-de-Manaus-realizou-mais-de-25-milhoes-de-atendimentos-de-saude-em-2022.jpg\" \/>\n\t<meta property=\"og:image:width\" content=\"1773\" \/>\n\t<meta property=\"og:image:height\" content=\"1182\" \/>\n\t<meta property=\"og:image:type\" content=\"image\/jpeg\" \/>\n<meta name=\"author\" content=\"Bruna Greco\" \/>\n<meta name=\"twitter:card\" content=\"summary_large_image\" \/>\n<meta name=\"twitter:label1\" content=\"Written by\" \/>\n\t<meta name=\"twitter:data1\" content=\"Bruna Greco\" \/>\n\t<meta name=\"twitter:label2\" content=\"Est. reading time\" \/>\n\t<meta name=\"twitter:data2\" content=\"4 minutos\" \/>\n<script type=\"application\/ld+json\" class=\"yoast-schema-graph\">{\"@context\":\"https:\/\/schema.org\",\"@graph\":[{\"@type\":\"WebPage\",\"@id\":\"https:\/\/www.manaus.am.gov.br\/semsa\/prefeitura-de-manaus-realizou-mais-de-2-5-milhoes-de-atendimentos-de-saude-em-2022\/\",\"url\":\"https:\/\/www.manaus.am.gov.br\/semsa\/prefeitura-de-manaus-realizou-mais-de-2-5-milhoes-de-atendimentos-de-saude-em-2022\/\",\"name\":\"Prefeitura realizou mais de 2,5 milh\u00f5es de atendimentos de sa\u00fade\",\"isPartOf\":{\"@id\":\"https:\/\/www.manaus.am.gov.br\/semsa\/#website\"},\"primaryImageOfPage\":{\"@id\":\"https:\/\/www.manaus.am.gov.br\/semsa\/prefeitura-de-manaus-realizou-mais-de-2-5-milhoes-de-atendimentos-de-saude-em-2022\/#primaryimage\"},\"image\":{\"@id\":\"https:\/\/www.manaus.am.gov.br\/semsa\/prefeitura-de-manaus-realizou-mais-de-2-5-milhoes-de-atendimentos-de-saude-em-2022\/#primaryimage\"},\"thumbnailUrl\":\"https:\/\/www.manaus.am.gov.br\/semsa\/wp-content\/uploads\/sites\/8\/2023\/02\/Prefeitura-de-Manaus-realizou-mais-de-25-milhoes-de-atendimentos-de-saude-em-2022.jpg\",\"datePublished\":\"2023-02-05T14:24:46+00:00\",\"dateModified\":\"2023-02-05T14:24:46+00:00\",\"author\":{\"@id\":\"https:\/\/www.manaus.am.gov.br\/semsa\/#\/schema\/person\/05d223aea2bf115f9883a6ff3683d81b\"},\"description\":\"A Rede de Aten\u00e7\u00e3o B\u00e1sica de Sa\u00fade, gerenciada pela Prefeitura de Manaus, realizou mais de 2,5 milh\u00f5es de atendimentos individuais em 2022.\",\"inLanguage\":\"pt-BR\",\"potentialAction\":[{\"@type\":\"ReadAction\",\"target\":[\"https:\/\/www.manaus.am.gov.br\/semsa\/prefeitura-de-manaus-realizou-mais-de-2-5-milhoes-de-atendimentos-de-saude-em-2022\/\"]}]},{\"@type\":\"ImageObject\",\"inLanguage\":\"pt-BR\",\"@id\":\"https:\/\/www.manaus.am.gov.br\/semsa\/prefeitura-de-manaus-realizou-mais-de-2-5-milhoes-de-atendimentos-de-saude-em-2022\/#primaryimage\",\"url\":\"https:\/\/www.manaus.am.gov.br\/semsa\/wp-content\/uploads\/sites\/8\/2023\/02\/Prefeitura-de-Manaus-realizou-mais-de-25-milhoes-de-atendimentos-de-saude-em-2022.jpg\",\"contentUrl\":\"https:\/\/www.manaus.am.gov.br\/semsa\/wp-content\/uploads\/sites\/8\/2023\/02\/Prefeitura-de-Manaus-realizou-mais-de-25-milhoes-de-atendimentos-de-saude-em-2022.jpg\",\"width\":1773,\"height\":1182},{\"@type\":\"WebSite\",\"@id\":\"https:\/\/www.manaus.am.gov.br\/semsa\/#website\",\"url\":\"https:\/\/www.manaus.am.gov.br\/semsa\/\",\"name\":\"SEMSA\",\"description\":\"Secretaria Municipal de Sa\u00fade\",\"alternateName\":\"Secretaria Municipal de Sa\u00fade\",\"potentialAction\":[{\"@type\":\"SearchAction\",\"target\":{\"@type\":\"EntryPoint\",\"urlTemplate\":\"https:\/\/www.manaus.am.gov.br\/semsa\/?s={search_term_string}\"},\"query-input\":\"required name=search_term_string\"}],\"inLanguage\":\"pt-BR\"},{\"@type\":\"Person\",\"@id\":\"https:\/\/www.manaus.am.gov.br\/semsa\/#\/schema\/person\/05d223aea2bf115f9883a6ff3683d81b\",\"name\":\"Bruna Greco\",\"image\":{\"@type\":\"ImageObject\",\"inLanguage\":\"pt-BR\",\"@id\":\"https:\/\/www.manaus.am.gov.br\/semsa\/#\/schema\/person\/image\/\",\"url\":\"https:\/\/secure.gravatar.com\/avatar\/9c877d1a6adc2a055330e5c09a8653ce?s=96&d=mm&r=g\",\"contentUrl\":\"https:\/\/secure.gravatar.com\/avatar\/9c877d1a6adc2a055330e5c09a8653ce?s=96&d=mm&r=g\",\"caption\":\"Bruna Greco\"}}]}<\/script>\n<!-- \/ Yoast SEO plugin. -->","yoast_head_json":{"title":"Prefeitura realizou mais de 2,5 milh\u00f5es de atendimentos de sa\u00fade","description":"A Rede de Aten\u00e7\u00e3o B\u00e1sica de Sa\u00fade, gerenciada pela Prefeitura de Manaus, realizou mais de 2,5 milh\u00f5es de atendimentos individuais em 2022.","robots":{"index":"index","follow":"follow","max-snippet":"max-snippet:-1","max-image-preview":"max-image-preview:large","max-video-preview":"max-video-preview:-1"},"canonical":"https:\/\/www.manaus.am.gov.br\/semsa\/prefeitura-de-manaus-realizou-mais-de-2-5-milhoes-de-atendimentos-de-saude-em-2022\/","og_locale":"pt_BR","og_type":"article","og_title":"Prefeitura realizou mais de 2,5 milh\u00f5es de atendimentos de sa\u00fade","og_description":"A Rede de Aten\u00e7\u00e3o B\u00e1sica de Sa\u00fade, gerenciada pela Prefeitura de Manaus, realizou mais de 2,5 milh\u00f5es de atendimentos individuais em 2022.","og_url":"https:\/\/www.manaus.am.gov.br\/semsa\/prefeitura-de-manaus-realizou-mais-de-2-5-milhoes-de-atendimentos-de-saude-em-2022\/","og_site_name":"SEMSA","article_published_time":"2023-02-05T14:24:46+00:00","og_image":[{"width":1773,"height":1182,"url":"https:\/\/www.manaus.am.gov.br\/semsa\/wp-content\/uploads\/sites\/8\/2023\/02\/Prefeitura-de-Manaus-realizou-mais-de-25-milhoes-de-atendimentos-de-saude-em-2022.jpg","type":"image\/jpeg"}],"author":"Bruna Greco","twitter_card":"summary_large_image","twitter_misc":{"Written by":"Bruna Greco","Est. reading time":"4 minutos"},"schema":{"@context":"https:\/\/schema.org","@graph":[{"@type":"WebPage","@id":"https:\/\/www.manaus.am.gov.br\/semsa\/prefeitura-de-manaus-realizou-mais-de-2-5-milhoes-de-atendimentos-de-saude-em-2022\/","url":"https:\/\/www.manaus.am.gov.br\/semsa\/prefeitura-de-manaus-realizou-mais-de-2-5-milhoes-de-atendimentos-de-saude-em-2022\/","name":"Prefeitura realizou mais de 2,5 milh\u00f5es de atendimentos de sa\u00fade","isPartOf":{"@id":"https:\/\/www.manaus.am.gov.br\/semsa\/#website"},"primaryImageOfPage":{"@id":"https:\/\/www.manaus.am.gov.br\/semsa\/prefeitura-de-manaus-realizou-mais-de-2-5-milhoes-de-atendimentos-de-saude-em-2022\/#primaryimage"},"image":{"@id":"https:\/\/www.manaus.am.gov.br\/semsa\/prefeitura-de-manaus-realizou-mais-de-2-5-milhoes-de-atendimentos-de-saude-em-2022\/#primaryimage"},"thumbnailUrl":"https:\/\/www.manaus.am.gov.br\/semsa\/wp-content\/uploads\/sites\/8\/2023\/02\/Prefeitura-de-Manaus-realizou-mais-de-25-milhoes-de-atendimentos-de-saude-em-2022.jpg","datePublished":"2023-02-05T14:24:46+00:00","dateModified":"2023-02-05T14:24:46+00:00","author":{"@id":"https:\/\/www.manaus.am.gov.br\/semsa\/#\/schema\/person\/05d223aea2bf115f9883a6ff3683d81b"},"description":"A Rede de Aten\u00e7\u00e3o B\u00e1sica de Sa\u00fade, gerenciada pela Prefeitura de Manaus, realizou mais de 2,5 milh\u00f5es de atendimentos individuais em 2022.","inLanguage":"pt-BR","potentialAction":[{"@type":"ReadAction","target":["https:\/\/www.manaus.am.gov.br\/semsa\/prefeitura-de-manaus-realizou-mais-de-2-5-milhoes-de-atendimentos-de-saude-em-2022\/"]}]},{"@type":"ImageObject","inLanguage":"pt-BR","@id":"https:\/\/www.manaus.am.gov.br\/semsa\/prefeitura-de-manaus-realizou-mais-de-2-5-milhoes-de-atendimentos-de-saude-em-2022\/#primaryimage","url":"https:\/\/www.manaus.am.gov.br\/semsa\/wp-content\/uploads\/sites\/8\/2023\/02\/Prefeitura-de-Manaus-realizou-mais-de-25-milhoes-de-atendimentos-de-saude-em-2022.jpg","contentUrl":"https:\/\/www.manaus.am.gov.br\/semsa\/wp-content\/uploads\/sites\/8\/2023\/02\/Prefeitura-de-Manaus-realizou-mais-de-25-milhoes-de-atendimentos-de-saude-em-2022.jpg","width":1773,"height":1182},{"@type":"WebSite","@id":"https:\/\/www.manaus.am.gov.br\/semsa\/#website","url":"https:\/\/www.manaus.am.gov.br\/semsa\/","name":"SEMSA","description":"Secretaria Municipal de Sa\u00fade","alternateName":"Secretaria Municipal de Sa\u00fade","potentialAction":[{"@type":"SearchAction","target":{"@type":"EntryPoint","urlTemplate":"https:\/\/www.manaus.am.gov.br\/semsa\/?s={search_term_string}"},"query-input":"required name=search_term_string"}],"inLanguage":"pt-BR"},{"@type":"Person","@id":"https:\/\/www.manaus.am.gov.br\/semsa\/#\/schema\/person\/05d223aea2bf115f9883a6ff3683d81b","name":"Bruna Greco","image":{"@type":"ImageObject","inLanguage":"pt-BR","@id":"https:\/\/www.manaus.am.gov.br\/semsa\/#\/schema\/person\/image\/","url":"https:\/\/secure.gravatar.com\/avatar\/9c877d1a6adc2a055330e5c09a8653ce?s=96&d=mm&r=g","contentUrl":"https:\/\/secure.gravatar.com\/avatar\/9c877d1a6adc2a055330e5c09a8653ce?s=96&d=mm&r=g","caption":"Bruna Greco"}}]}},"_links":{"self":[{"href":"https:\/\/www.manaus.am.gov.br\/semsa\/wp-json\/wp\/v2\/posts\/210570"}],"collection":[{"href":"https:\/\/www.manaus.am.gov.br\/semsa\/wp-json\/wp\/v2\/posts"}],"about":[{"href":"https:\/\/www.manaus.am.gov.br\/semsa\/wp-json\/wp\/v2\/types\/post"}],"author":[{"embeddable":true,"href":"https:\/\/www.manaus.am.gov.br\/semsa\/wp-json\/wp\/v2\/users\/39"}],"replies":[{"embeddable":true,"href":"https:\/\/www.manaus.am.gov.br\/semsa\/wp-json\/wp\/v2\/comments?post=210570"}],"version-history":[{"count":0,"href":"https:\/\/www.manaus.am.gov.br\/semsa\/wp-json\/wp\/v2\/posts\/210570\/revisions"}],"wp:featuredmedia":[{"embeddable":true,"href":"https:\/\/www.manaus.am.gov.br\/semsa\/wp-json\/wp\/v2\/media\/210571"}],"wp:attachment":[{"href":"https:\/\/www.manaus.am.gov.br\/semsa\/wp-json\/wp\/v2\/media?parent=210570"}],"wp:term":[{"taxonomy":"category","embeddable":true,"href":"https:\/\/www.manaus.am.gov.br\/semsa\/wp-json\/wp\/v2\/categories?post=210570"},{"taxonomy":"post_tag","embeddable":true,"href":"https:\/\/www.manaus.am.gov.br\/semsa\/wp-json\/wp\/v2\/tags?post=210570"}],"curies":[{"name":"wp","href":"https:\/\/api.w.org\/{rel}","templated":true}]}}