{"id":210052,"date":"2021-03-14T11:18:06","date_gmt":"2021-03-14T15:18:06","guid":{"rendered":"https:\/\/www.manaus.am.gov.br\/semsa\/distritos-de-saude-cadastram-no-imuniza-manaus-idosos-sem-acesso-a-internet\/"},"modified":"2023-01-23T23:19:27","modified_gmt":"2023-01-24T03:19:27","slug":"distritos-de-saude-cadastram-no-imuniza-manaus-idosos-sem-acesso-a-internet","status":"publish","type":"post","link":"https:\/\/www.manaus.am.gov.br\/semsa\/distritos-de-saude-cadastram-no-imuniza-manaus-idosos-sem-acesso-a-internet\/","title":{"rendered":"Unidades de Sa\u00fade cadastram no Imuniza Manaus idosos sem acesso \u00e0 internet"},"content":{"rendered":"\n<p>As Unidades B\u00e1sicas de Sa\u00fade (UBSs), da Prefeitura de Manaus, dos Distritos de Sa\u00fade (Disas) Norte, Sul, Leste e Oeste, que n\u00e3o est\u00e3o fazendo atendimento preferencial de casos suspeitos de Covid-19, est\u00e3o recebendo pessoas de 60 anos e mais, que n\u00e3o tenham acesso \u00e0 internet, para que fa\u00e7am o cadastro no \u201cImuniza Manaus\u201d (https:\/\/imuniza.manaus.am.gov.br\/), plataforma criada pela Secretaria Municipal de Sa\u00fade (Semsa) para registro de informa\u00e7\u00f5es relativas \u00e0 de vacina\u00e7\u00e3o.<\/p>\n\n\n\n<p>O atendimento acontece no hor\u00e1rio de funcionamento das UBSs, de segunda a sexta-feira, das 8h \u00e0s 17h. O cadastramento tamb\u00e9m pode ser feito por acompanhantes de idosos ou familiares. Para realizar o cadastro \u00e9 necess\u00e1rio informar nome, n\u00famero do CPF, endere\u00e7o, contato telef\u00f4nico e se tem alguma comorbidade.<\/p>\n\n\n\n<p>\u201cEstamos buscando alternativas para facilitar ainda mais o acesso das pessoas acima de 60 anos a esse cadastramento, que embora n\u00e3o seja obrigat\u00f3rio, possibilita o agendamento, tornando o atendimento nos locais de vacina\u00e7\u00e3o mais r\u00e1pido. No \u00faltimo dia 6, o prefeito David Almeida determinou a abertura de escolas da rede municipal para esse cadastro. Agora, nossas UBSs estar\u00e3o de portas abertas para receber esses idosos\u201d, informa a secret\u00e1ria interina da Semsa, Aline Rosa Martins.<\/p>\n\n\n\n<p>O cadastramento dos idosos para a vacina\u00e7\u00e3o contra a Covid-19 come\u00e7ou a ser feito na primeira quinzena de fevereiro, com o objetivo de organizar o fluxo de atendimento e assegurar a vacina\u00e7\u00e3o dentro dos prazos estabelecidos pelo fabricante das duas vacinas que est\u00e3o sendo utilizadas, a CoronaVac\/Butantan e a AstraZeneca\/Oxford. At\u00e9 a \u00faltima sexta-feira, 12, o sistema j\u00e1 computava 147.893 pessoas de 60 anos e mais cadastradas, sendo 55.602 da faixa et\u00e1ria de 60 a 64 anos; 43.726 de 65 a 69 anos; 20.829 de 70 a 74 anos; 12.778 pessoas de 75 a 79 anos; e 14.958 acima de 80 anos de idade.<\/p>\n\n\n\n<p>De acordo com o Plano Nacional de Operacionaliza\u00e7\u00e3o da Vacina\u00e7\u00e3o contra a Covid-19, a meta \u00e9 vacinar, em Manaus, 166.717 pessoas de 60 anos e mais. Com base nesse total, ainda faltam se cadastrar no \u201cImuniza Manaus\u201d 18.824 pessoas, o equivalente a pouco mais de 11%. O \u00fanico grupo que ultrapassou o esperado foi o de 65 a 69 anos, cuja meta \u00e9 vacinar 42.808 pessoas e j\u00e1 foram cadastradas mais de 43 mil. Os outros grupos ainda n\u00e3o alcan\u00e7aram os n\u00fameros das metas.<\/p>\n\n\n\n<p>\u201c\u00c9 em busca dessas pessoas que estamos, para ajud\u00e1-las, facilitando para que fa\u00e7am o cadastro e avancemos ainda mais na vacina\u00e7\u00e3o. Nosso desempenho nesta campanha est\u00e1 superando todas as expectativas, desde o planejamento at\u00e9 a execu\u00e7\u00e3o. O Amazonas est\u00e1 no topo no ranking nacional e Manaus tem um peso consider\u00e1vel nesse resultado\u201d, conclui a secret\u00e1ria Aline.<\/p>\n\n\n\n<p>&#8212; &#8212; &#8212;<\/p>\n\n\n\n<p><strong>Texto<\/strong> &#8211; Sandra Monteiro \/ Semsa<\/p>\n\n\n\n<p><strong>Foto<\/strong> &#8211; Jo\u00e3o Viana \/ Semcom<\/p>\n","protected":false},"excerpt":{"rendered":"","protected":false},"author":13,"featured_media":210053,"comment_status":"closed","ping_status":"closed","sticky":false,"template":"","format":"standard","meta":{"footnotes":""},"categories":[2],"tags":[24,25,26,27,28,29],"acf":[],"yoast_head":"<!-- This site is optimized with the Yoast SEO plugin v23.0 - https:\/\/yoast.com\/wordpress\/plugins\/seo\/ -->\n<title>UBSs cadastram no Imuniza Manaus idosos sem acesso \u00e0 internet<\/title>\n<meta name=\"description\" content=\"Unidades de Sa\u00fade cadastram no Imuniza Manaus idosos sem acesso \u00e0 internet, a partir dos 60 anos de idade, agilizando o processo de...\" \/>\n<meta name=\"robots\" content=\"index, follow, max-snippet:-1, max-image-preview:large, max-video-preview:-1\" \/>\n<link rel=\"canonical\" href=\"https:\/\/www.manaus.am.gov.br\/semsa\/distritos-de-saude-cadastram-no-imuniza-manaus-idosos-sem-acesso-a-internet\/\" \/>\n<meta property=\"og:locale\" content=\"pt_BR\" \/>\n<meta property=\"og:type\" content=\"article\" \/>\n<meta property=\"og:title\" content=\"UBSs cadastram no Imuniza Manaus idosos sem acesso \u00e0 internet\" \/>\n<meta property=\"og:description\" content=\"Unidades de Sa\u00fade cadastram no Imuniza Manaus idosos sem acesso \u00e0 internet, a partir dos 60 anos de idade, agilizando o processo de...\" \/>\n<meta property=\"og:url\" content=\"https:\/\/www.manaus.am.gov.br\/semsa\/distritos-de-saude-cadastram-no-imuniza-manaus-idosos-sem-acesso-a-internet\/\" \/>\n<meta property=\"og:site_name\" content=\"SEMSA\" \/>\n<meta property=\"article:published_time\" content=\"2021-03-14T15:18:06+00:00\" \/>\n<meta property=\"article:modified_time\" content=\"2023-01-24T03:19:27+00:00\" \/>\n<meta property=\"og:image\" content=\"https:\/\/www.manaus.am.gov.br\/semsa\/wp-content\/uploads\/sites\/8\/2023\/01\/23.2-Vacina-1.jpg\" \/>\n\t<meta property=\"og:image:width\" content=\"2187\" \/>\n\t<meta property=\"og:image:height\" content=\"1458\" \/>\n\t<meta property=\"og:image:type\" content=\"image\/jpeg\" \/>\n<meta name=\"twitter:card\" content=\"summary_large_image\" \/>\n<meta name=\"twitter:label1\" content=\"Written by\" \/>\n\t<meta name=\"twitter:data1\" content=\"\" \/>\n\t<meta name=\"twitter:label2\" content=\"Est. reading time\" \/>\n\t<meta name=\"twitter:data2\" content=\"3 minutos\" \/>\n<script type=\"application\/ld+json\" class=\"yoast-schema-graph\">{\"@context\":\"https:\/\/schema.org\",\"@graph\":[{\"@type\":\"WebPage\",\"@id\":\"https:\/\/www.manaus.am.gov.br\/semsa\/distritos-de-saude-cadastram-no-imuniza-manaus-idosos-sem-acesso-a-internet\/\",\"url\":\"https:\/\/www.manaus.am.gov.br\/semsa\/distritos-de-saude-cadastram-no-imuniza-manaus-idosos-sem-acesso-a-internet\/\",\"name\":\"UBSs cadastram no Imuniza Manaus idosos sem acesso \u00e0 internet\",\"isPartOf\":{\"@id\":\"https:\/\/www.manaus.am.gov.br\/semsa\/#website\"},\"primaryImageOfPage\":{\"@id\":\"https:\/\/www.manaus.am.gov.br\/semsa\/distritos-de-saude-cadastram-no-imuniza-manaus-idosos-sem-acesso-a-internet\/#primaryimage\"},\"image\":{\"@id\":\"https:\/\/www.manaus.am.gov.br\/semsa\/distritos-de-saude-cadastram-no-imuniza-manaus-idosos-sem-acesso-a-internet\/#primaryimage\"},\"thumbnailUrl\":\"https:\/\/www.manaus.am.gov.br\/semsa\/wp-content\/uploads\/sites\/8\/2023\/01\/23.2-Vacina-1.jpg\",\"datePublished\":\"2021-03-14T15:18:06+00:00\",\"dateModified\":\"2023-01-24T03:19:27+00:00\",\"author\":{\"@id\":\"\"},\"description\":\"Unidades de Sa\u00fade cadastram no Imuniza Manaus idosos sem acesso \u00e0 internet, a partir dos 60 anos de idade, agilizando o processo de...\",\"inLanguage\":\"pt-BR\",\"potentialAction\":[{\"@type\":\"ReadAction\",\"target\":[\"https:\/\/www.manaus.am.gov.br\/semsa\/distritos-de-saude-cadastram-no-imuniza-manaus-idosos-sem-acesso-a-internet\/\"]}]},{\"@type\":\"ImageObject\",\"inLanguage\":\"pt-BR\",\"@id\":\"https:\/\/www.manaus.am.gov.br\/semsa\/distritos-de-saude-cadastram-no-imuniza-manaus-idosos-sem-acesso-a-internet\/#primaryimage\",\"url\":\"https:\/\/www.manaus.am.gov.br\/semsa\/wp-content\/uploads\/sites\/8\/2023\/01\/23.2-Vacina-1.jpg\",\"contentUrl\":\"https:\/\/www.manaus.am.gov.br\/semsa\/wp-content\/uploads\/sites\/8\/2023\/01\/23.2-Vacina-1.jpg\",\"width\":2187,\"height\":1458},{\"@type\":\"WebSite\",\"@id\":\"https:\/\/www.manaus.am.gov.br\/semsa\/#website\",\"url\":\"https:\/\/www.manaus.am.gov.br\/semsa\/\",\"name\":\"SEMSA\",\"description\":\"Secretaria Municipal de Sa\u00fade\",\"alternateName\":\"Secretaria Municipal de Sa\u00fade\",\"potentialAction\":[{\"@type\":\"SearchAction\",\"target\":{\"@type\":\"EntryPoint\",\"urlTemplate\":\"https:\/\/www.manaus.am.gov.br\/semsa\/?s={search_term_string}\"},\"query-input\":\"required name=search_term_string\"}],\"inLanguage\":\"pt-BR\"},{\"@type\":\"Person\",\"@id\":\"\"}]}<\/script>\n<!-- \/ Yoast SEO plugin. -->","yoast_head_json":{"title":"UBSs cadastram no Imuniza Manaus idosos sem acesso \u00e0 internet","description":"Unidades de Sa\u00fade cadastram no Imuniza Manaus idosos sem acesso \u00e0 internet, a partir dos 60 anos de idade, agilizando o processo de...","robots":{"index":"index","follow":"follow","max-snippet":"max-snippet:-1","max-image-preview":"max-image-preview:large","max-video-preview":"max-video-preview:-1"},"canonical":"https:\/\/www.manaus.am.gov.br\/semsa\/distritos-de-saude-cadastram-no-imuniza-manaus-idosos-sem-acesso-a-internet\/","og_locale":"pt_BR","og_type":"article","og_title":"UBSs cadastram no Imuniza Manaus idosos sem acesso \u00e0 internet","og_description":"Unidades de Sa\u00fade cadastram no Imuniza Manaus idosos sem acesso \u00e0 internet, a partir dos 60 anos de idade, agilizando o processo de...","og_url":"https:\/\/www.manaus.am.gov.br\/semsa\/distritos-de-saude-cadastram-no-imuniza-manaus-idosos-sem-acesso-a-internet\/","og_site_name":"SEMSA","article_published_time":"2021-03-14T15:18:06+00:00","article_modified_time":"2023-01-24T03:19:27+00:00","og_image":[{"width":2187,"height":1458,"url":"https:\/\/www.manaus.am.gov.br\/semsa\/wp-content\/uploads\/sites\/8\/2023\/01\/23.2-Vacina-1.jpg","type":"image\/jpeg"}],"twitter_card":"summary_large_image","twitter_misc":{"Written by":"","Est. reading time":"3 minutos"},"schema":{"@context":"https:\/\/schema.org","@graph":[{"@type":"WebPage","@id":"https:\/\/www.manaus.am.gov.br\/semsa\/distritos-de-saude-cadastram-no-imuniza-manaus-idosos-sem-acesso-a-internet\/","url":"https:\/\/www.manaus.am.gov.br\/semsa\/distritos-de-saude-cadastram-no-imuniza-manaus-idosos-sem-acesso-a-internet\/","name":"UBSs cadastram no Imuniza Manaus idosos sem acesso \u00e0 internet","isPartOf":{"@id":"https:\/\/www.manaus.am.gov.br\/semsa\/#website"},"primaryImageOfPage":{"@id":"https:\/\/www.manaus.am.gov.br\/semsa\/distritos-de-saude-cadastram-no-imuniza-manaus-idosos-sem-acesso-a-internet\/#primaryimage"},"image":{"@id":"https:\/\/www.manaus.am.gov.br\/semsa\/distritos-de-saude-cadastram-no-imuniza-manaus-idosos-sem-acesso-a-internet\/#primaryimage"},"thumbnailUrl":"https:\/\/www.manaus.am.gov.br\/semsa\/wp-content\/uploads\/sites\/8\/2023\/01\/23.2-Vacina-1.jpg","datePublished":"2021-03-14T15:18:06+00:00","dateModified":"2023-01-24T03:19:27+00:00","author":{"@id":""},"description":"Unidades de Sa\u00fade cadastram no Imuniza Manaus idosos sem acesso \u00e0 internet, a partir dos 60 anos de idade, agilizando o processo de...","inLanguage":"pt-BR","potentialAction":[{"@type":"ReadAction","target":["https:\/\/www.manaus.am.gov.br\/semsa\/distritos-de-saude-cadastram-no-imuniza-manaus-idosos-sem-acesso-a-internet\/"]}]},{"@type":"ImageObject","inLanguage":"pt-BR","@id":"https:\/\/www.manaus.am.gov.br\/semsa\/distritos-de-saude-cadastram-no-imuniza-manaus-idosos-sem-acesso-a-internet\/#primaryimage","url":"https:\/\/www.manaus.am.gov.br\/semsa\/wp-content\/uploads\/sites\/8\/2023\/01\/23.2-Vacina-1.jpg","contentUrl":"https:\/\/www.manaus.am.gov.br\/semsa\/wp-content\/uploads\/sites\/8\/2023\/01\/23.2-Vacina-1.jpg","width":2187,"height":1458},{"@type":"WebSite","@id":"https:\/\/www.manaus.am.gov.br\/semsa\/#website","url":"https:\/\/www.manaus.am.gov.br\/semsa\/","name":"SEMSA","description":"Secretaria Municipal de Sa\u00fade","alternateName":"Secretaria Municipal de Sa\u00fade","potentialAction":[{"@type":"SearchAction","target":{"@type":"EntryPoint","urlTemplate":"https:\/\/www.manaus.am.gov.br\/semsa\/?s={search_term_string}"},"query-input":"required name=search_term_string"}],"inLanguage":"pt-BR"},{"@type":"Person","@id":""}]}},"_links":{"self":[{"href":"https:\/\/www.manaus.am.gov.br\/semsa\/wp-json\/wp\/v2\/posts\/210052"}],"collection":[{"href":"https:\/\/www.manaus.am.gov.br\/semsa\/wp-json\/wp\/v2\/posts"}],"about":[{"href":"https:\/\/www.manaus.am.gov.br\/semsa\/wp-json\/wp\/v2\/types\/post"}],"author":[{"embeddable":true,"href":"https:\/\/www.manaus.am.gov.br\/semsa\/wp-json\/wp\/v2\/users\/13"}],"replies":[{"embeddable":true,"href":"https:\/\/www.manaus.am.gov.br\/semsa\/wp-json\/wp\/v2\/comments?post=210052"}],"version-history":[{"count":0,"href":"https:\/\/www.manaus.am.gov.br\/semsa\/wp-json\/wp\/v2\/posts\/210052\/revisions"}],"wp:featuredmedia":[{"embeddable":true,"href":"https:\/\/www.manaus.am.gov.br\/semsa\/wp-json\/wp\/v2\/media\/210053"}],"wp:attachment":[{"href":"https:\/\/www.manaus.am.gov.br\/semsa\/wp-json\/wp\/v2\/media?parent=210052"}],"wp:term":[{"taxonomy":"category","embeddable":true,"href":"https:\/\/www.manaus.am.gov.br\/semsa\/wp-json\/wp\/v2\/categories?post=210052"},{"taxonomy":"post_tag","embeddable":true,"href":"https:\/\/www.manaus.am.gov.br\/semsa\/wp-json\/wp\/v2\/tags?post=210052"}],"curies":[{"name":"wp","href":"https:\/\/api.w.org\/{rel}","templated":true}]}}