{"id":209969,"date":"2023-01-19T20:19:00","date_gmt":"2023-01-20T00:19:00","guid":{"rendered":"https:\/\/www.manaus.am.gov.br\/semsa\/prefeitura-leva-servicos-de-saude-basica-a-moradores-de-comunidade-indigena-da-zona-norte-de-manaus\/"},"modified":"2023-01-23T21:02:03","modified_gmt":"2023-01-24T01:02:03","slug":"prefeitura-leva-servicos-de-saude-basica-a-moradores-de-comunidade-indigena-da-zona-norte-de-manaus","status":"publish","type":"post","link":"https:\/\/www.manaus.am.gov.br\/semsa\/prefeitura-leva-servicos-de-saude-basica-a-moradores-de-comunidade-indigena-da-zona-norte-de-manaus\/","title":{"rendered":"Prefeitura leva servi\u00e7os de sa\u00fade b\u00e1sica a moradores de comunidade ind\u00edgena da zona Norte de Manaus"},"content":{"rendered":"\n<p>A Prefeitura de Manaus promoveu na manh\u00e3 desta quinta-feira, 19\/1, uma a\u00e7\u00e3o na comunidade ind\u00edgena Raimundo Mura, localizada no conjunto Cidad\u00e3o XII, bairro Monte das Oliveiras, zona Norte, com a oferta de diversos servi\u00e7os de sa\u00fade b\u00e1sica.<\/p>\n\n\n\n<p>A atividade integra as estrat\u00e9gias da Secretaria Municipal de Sa\u00fade (Semsa) para ampliar e facilitar o acesso da popula\u00e7\u00e3o ind\u00edgena \u00e0 promo\u00e7\u00e3o da sa\u00fade no n\u00edvel de Aten\u00e7\u00e3o Prim\u00e1ria. Equipes do Distrito de Sa\u00fade (Disa) Norte e da Divis\u00e3o de Promo\u00e7\u00e3o de Equidade \u00e0s Popula\u00e7\u00f5es Vulner\u00e1veis da Semsa executaram a a\u00e7\u00e3o das 8h \u00e0s 12h.<\/p>\n\n\n\n<p>De acordo com a chefe da divis\u00e3o, Ana M\u00e1dria Fonseca, foram disponibilizadas consultas m\u00e9dicas e de enfermagem, aferi\u00e7\u00e3o de press\u00e3o arterial, exame de glicemia, testagem para Infec\u00e7\u00f5es Sexualmente Transmiss\u00edveis (ISTs), atualiza\u00e7\u00e3o do cart\u00e3o vacinal de crian\u00e7as, adolescentes e adultos, al\u00e9m de emiss\u00e3o do Cart\u00e3o Nacional de Sa\u00fade (CNS) e atualiza\u00e7\u00e3o do cadastro ind\u00edgena no e-SUS.<\/p>\n\n\n\n<p>\u201cAs equipes da Semsa tamb\u00e9m levaram a\u00e7\u00f5es de educa\u00e7\u00e3o em sa\u00fade para os moradores da comunidade, com orienta\u00e7\u00f5es sobre a sa\u00fade bucal, nutri\u00e7\u00e3o, combate ao tabagismo e o direito que esse p\u00fablico tem \u00e0 autodeclara\u00e7\u00e3o ind\u00edgena no e-SUS\u201d, contou.<\/p>\n\n\n\n<p>\u2014 \u2014 \u2014<\/p>\n\n\n\n<p><strong>Texto e foto \u2013&nbsp;<\/strong>Divulga\u00e7\u00e3o \/ Semsa<\/p>\n","protected":false},"excerpt":{"rendered":"","protected":false},"author":27,"featured_media":209970,"comment_status":"closed","ping_status":"closed","sticky":false,"template":"","format":"standard","meta":{"footnotes":""},"categories":[23],"tags":[],"acf":[],"yoast_head":"<!-- This site is optimized with the Yoast SEO plugin v23.0 - https:\/\/yoast.com\/wordpress\/plugins\/seo\/ -->\n<title>Prefeitura leva servi\u00e7os de sa\u00fade b\u00e1sica a moradores de comunidade ind\u00edgena da zona Norte de Manaus - SEMSA<\/title>\n<meta name=\"robots\" content=\"index, follow, max-snippet:-1, max-image-preview:large, max-video-preview:-1\" \/>\n<link rel=\"canonical\" href=\"https:\/\/www.manaus.am.gov.br\/semsa\/prefeitura-leva-servicos-de-saude-basica-a-moradores-de-comunidade-indigena-da-zona-norte-de-manaus\/\" \/>\n<meta property=\"og:locale\" content=\"pt_BR\" \/>\n<meta property=\"og:type\" content=\"article\" \/>\n<meta property=\"og:title\" content=\"Prefeitura leva servi\u00e7os de sa\u00fade b\u00e1sica a moradores de comunidade ind\u00edgena da zona Norte de Manaus - SEMSA\" \/>\n<meta property=\"og:url\" content=\"https:\/\/www.manaus.am.gov.br\/semsa\/prefeitura-leva-servicos-de-saude-basica-a-moradores-de-comunidade-indigena-da-zona-norte-de-manaus\/\" \/>\n<meta property=\"og:site_name\" content=\"SEMSA\" \/>\n<meta property=\"article:published_time\" content=\"2023-01-20T00:19:00+00:00\" \/>\n<meta property=\"article:modified_time\" content=\"2023-01-24T01:02:03+00:00\" \/>\n<meta property=\"og:image\" content=\"https:\/\/www.manaus.am.gov.br\/semsa\/wp-content\/uploads\/sites\/8\/2023\/01\/COMUNIDADE-RAIMUNDO-MURA-SEMSA-MANAUS-1.jpg\" \/>\n\t<meta property=\"og:image:width\" content=\"1283\" \/>\n\t<meta property=\"og:image:height\" content=\"720\" \/>\n\t<meta property=\"og:image:type\" content=\"image\/jpeg\" \/>\n<meta name=\"author\" content=\"Imarketing Digital\" \/>\n<meta name=\"twitter:card\" content=\"summary_large_image\" \/>\n<meta name=\"twitter:label1\" content=\"Written by\" \/>\n\t<meta name=\"twitter:data1\" content=\"Imarketing Digital\" \/>\n\t<meta name=\"twitter:label2\" content=\"Est. reading time\" \/>\n\t<meta name=\"twitter:data2\" content=\"2 minutos\" \/>\n<script type=\"application\/ld+json\" class=\"yoast-schema-graph\">{\"@context\":\"https:\/\/schema.org\",\"@graph\":[{\"@type\":\"WebPage\",\"@id\":\"https:\/\/www.manaus.am.gov.br\/semsa\/prefeitura-leva-servicos-de-saude-basica-a-moradores-de-comunidade-indigena-da-zona-norte-de-manaus\/\",\"url\":\"https:\/\/www.manaus.am.gov.br\/semsa\/prefeitura-leva-servicos-de-saude-basica-a-moradores-de-comunidade-indigena-da-zona-norte-de-manaus\/\",\"name\":\"Prefeitura leva servi\u00e7os de sa\u00fade b\u00e1sica a moradores de comunidade ind\u00edgena da zona Norte de Manaus - SEMSA\",\"isPartOf\":{\"@id\":\"https:\/\/www.manaus.am.gov.br\/semsa\/#website\"},\"primaryImageOfPage\":{\"@id\":\"https:\/\/www.manaus.am.gov.br\/semsa\/prefeitura-leva-servicos-de-saude-basica-a-moradores-de-comunidade-indigena-da-zona-norte-de-manaus\/#primaryimage\"},\"image\":{\"@id\":\"https:\/\/www.manaus.am.gov.br\/semsa\/prefeitura-leva-servicos-de-saude-basica-a-moradores-de-comunidade-indigena-da-zona-norte-de-manaus\/#primaryimage\"},\"thumbnailUrl\":\"https:\/\/www.manaus.am.gov.br\/semsa\/wp-content\/uploads\/sites\/8\/2023\/01\/COMUNIDADE-RAIMUNDO-MURA-SEMSA-MANAUS-1.jpg\",\"datePublished\":\"2023-01-20T00:19:00+00:00\",\"dateModified\":\"2023-01-24T01:02:03+00:00\",\"author\":{\"@id\":\"https:\/\/www.manaus.am.gov.br\/semsa\/#\/schema\/person\/79525a47ac5902f50493820d995728ee\"},\"inLanguage\":\"pt-BR\",\"potentialAction\":[{\"@type\":\"ReadAction\",\"target\":[\"https:\/\/www.manaus.am.gov.br\/semsa\/prefeitura-leva-servicos-de-saude-basica-a-moradores-de-comunidade-indigena-da-zona-norte-de-manaus\/\"]}]},{\"@type\":\"ImageObject\",\"inLanguage\":\"pt-BR\",\"@id\":\"https:\/\/www.manaus.am.gov.br\/semsa\/prefeitura-leva-servicos-de-saude-basica-a-moradores-de-comunidade-indigena-da-zona-norte-de-manaus\/#primaryimage\",\"url\":\"https:\/\/www.manaus.am.gov.br\/semsa\/wp-content\/uploads\/sites\/8\/2023\/01\/COMUNIDADE-RAIMUNDO-MURA-SEMSA-MANAUS-1.jpg\",\"contentUrl\":\"https:\/\/www.manaus.am.gov.br\/semsa\/wp-content\/uploads\/sites\/8\/2023\/01\/COMUNIDADE-RAIMUNDO-MURA-SEMSA-MANAUS-1.jpg\",\"width\":1283,\"height\":720},{\"@type\":\"WebSite\",\"@id\":\"https:\/\/www.manaus.am.gov.br\/semsa\/#website\",\"url\":\"https:\/\/www.manaus.am.gov.br\/semsa\/\",\"name\":\"SEMSA\",\"description\":\"Secretaria Municipal de Sa\u00fade\",\"alternateName\":\"Secretaria Municipal de Sa\u00fade\",\"potentialAction\":[{\"@type\":\"SearchAction\",\"target\":{\"@type\":\"EntryPoint\",\"urlTemplate\":\"https:\/\/www.manaus.am.gov.br\/semsa\/?s={search_term_string}\"},\"query-input\":\"required name=search_term_string\"}],\"inLanguage\":\"pt-BR\"},{\"@type\":\"Person\",\"@id\":\"https:\/\/www.manaus.am.gov.br\/semsa\/#\/schema\/person\/79525a47ac5902f50493820d995728ee\",\"name\":\"Imarketing Digital\",\"image\":{\"@type\":\"ImageObject\",\"inLanguage\":\"pt-BR\",\"@id\":\"https:\/\/www.manaus.am.gov.br\/semsa\/#\/schema\/person\/image\/\",\"url\":\"https:\/\/secure.gravatar.com\/avatar\/03432d3c57b756ed9760f7019c815a3a?s=96&d=mm&r=g\",\"contentUrl\":\"https:\/\/secure.gravatar.com\/avatar\/03432d3c57b756ed9760f7019c815a3a?s=96&d=mm&r=g\",\"caption\":\"Imarketing Digital\"}}]}<\/script>\n<!-- \/ Yoast SEO plugin. -->","yoast_head_json":{"title":"Prefeitura leva servi\u00e7os de sa\u00fade b\u00e1sica a moradores de comunidade ind\u00edgena da zona Norte de Manaus - SEMSA","robots":{"index":"index","follow":"follow","max-snippet":"max-snippet:-1","max-image-preview":"max-image-preview:large","max-video-preview":"max-video-preview:-1"},"canonical":"https:\/\/www.manaus.am.gov.br\/semsa\/prefeitura-leva-servicos-de-saude-basica-a-moradores-de-comunidade-indigena-da-zona-norte-de-manaus\/","og_locale":"pt_BR","og_type":"article","og_title":"Prefeitura leva servi\u00e7os de sa\u00fade b\u00e1sica a moradores de comunidade ind\u00edgena da zona Norte de Manaus - SEMSA","og_url":"https:\/\/www.manaus.am.gov.br\/semsa\/prefeitura-leva-servicos-de-saude-basica-a-moradores-de-comunidade-indigena-da-zona-norte-de-manaus\/","og_site_name":"SEMSA","article_published_time":"2023-01-20T00:19:00+00:00","article_modified_time":"2023-01-24T01:02:03+00:00","og_image":[{"width":1283,"height":720,"url":"https:\/\/www.manaus.am.gov.br\/semsa\/wp-content\/uploads\/sites\/8\/2023\/01\/COMUNIDADE-RAIMUNDO-MURA-SEMSA-MANAUS-1.jpg","type":"image\/jpeg"}],"author":"Imarketing Digital","twitter_card":"summary_large_image","twitter_misc":{"Written by":"Imarketing Digital","Est. reading time":"2 minutos"},"schema":{"@context":"https:\/\/schema.org","@graph":[{"@type":"WebPage","@id":"https:\/\/www.manaus.am.gov.br\/semsa\/prefeitura-leva-servicos-de-saude-basica-a-moradores-de-comunidade-indigena-da-zona-norte-de-manaus\/","url":"https:\/\/www.manaus.am.gov.br\/semsa\/prefeitura-leva-servicos-de-saude-basica-a-moradores-de-comunidade-indigena-da-zona-norte-de-manaus\/","name":"Prefeitura leva servi\u00e7os de sa\u00fade b\u00e1sica a moradores de comunidade ind\u00edgena da zona Norte de Manaus - SEMSA","isPartOf":{"@id":"https:\/\/www.manaus.am.gov.br\/semsa\/#website"},"primaryImageOfPage":{"@id":"https:\/\/www.manaus.am.gov.br\/semsa\/prefeitura-leva-servicos-de-saude-basica-a-moradores-de-comunidade-indigena-da-zona-norte-de-manaus\/#primaryimage"},"image":{"@id":"https:\/\/www.manaus.am.gov.br\/semsa\/prefeitura-leva-servicos-de-saude-basica-a-moradores-de-comunidade-indigena-da-zona-norte-de-manaus\/#primaryimage"},"thumbnailUrl":"https:\/\/www.manaus.am.gov.br\/semsa\/wp-content\/uploads\/sites\/8\/2023\/01\/COMUNIDADE-RAIMUNDO-MURA-SEMSA-MANAUS-1.jpg","datePublished":"2023-01-20T00:19:00+00:00","dateModified":"2023-01-24T01:02:03+00:00","author":{"@id":"https:\/\/www.manaus.am.gov.br\/semsa\/#\/schema\/person\/79525a47ac5902f50493820d995728ee"},"inLanguage":"pt-BR","potentialAction":[{"@type":"ReadAction","target":["https:\/\/www.manaus.am.gov.br\/semsa\/prefeitura-leva-servicos-de-saude-basica-a-moradores-de-comunidade-indigena-da-zona-norte-de-manaus\/"]}]},{"@type":"ImageObject","inLanguage":"pt-BR","@id":"https:\/\/www.manaus.am.gov.br\/semsa\/prefeitura-leva-servicos-de-saude-basica-a-moradores-de-comunidade-indigena-da-zona-norte-de-manaus\/#primaryimage","url":"https:\/\/www.manaus.am.gov.br\/semsa\/wp-content\/uploads\/sites\/8\/2023\/01\/COMUNIDADE-RAIMUNDO-MURA-SEMSA-MANAUS-1.jpg","contentUrl":"https:\/\/www.manaus.am.gov.br\/semsa\/wp-content\/uploads\/sites\/8\/2023\/01\/COMUNIDADE-RAIMUNDO-MURA-SEMSA-MANAUS-1.jpg","width":1283,"height":720},{"@type":"WebSite","@id":"https:\/\/www.manaus.am.gov.br\/semsa\/#website","url":"https:\/\/www.manaus.am.gov.br\/semsa\/","name":"SEMSA","description":"Secretaria Municipal de Sa\u00fade","alternateName":"Secretaria Municipal de Sa\u00fade","potentialAction":[{"@type":"SearchAction","target":{"@type":"EntryPoint","urlTemplate":"https:\/\/www.manaus.am.gov.br\/semsa\/?s={search_term_string}"},"query-input":"required name=search_term_string"}],"inLanguage":"pt-BR"},{"@type":"Person","@id":"https:\/\/www.manaus.am.gov.br\/semsa\/#\/schema\/person\/79525a47ac5902f50493820d995728ee","name":"Imarketing Digital","image":{"@type":"ImageObject","inLanguage":"pt-BR","@id":"https:\/\/www.manaus.am.gov.br\/semsa\/#\/schema\/person\/image\/","url":"https:\/\/secure.gravatar.com\/avatar\/03432d3c57b756ed9760f7019c815a3a?s=96&d=mm&r=g","contentUrl":"https:\/\/secure.gravatar.com\/avatar\/03432d3c57b756ed9760f7019c815a3a?s=96&d=mm&r=g","caption":"Imarketing Digital"}}]}},"_links":{"self":[{"href":"https:\/\/www.manaus.am.gov.br\/semsa\/wp-json\/wp\/v2\/posts\/209969"}],"collection":[{"href":"https:\/\/www.manaus.am.gov.br\/semsa\/wp-json\/wp\/v2\/posts"}],"about":[{"href":"https:\/\/www.manaus.am.gov.br\/semsa\/wp-json\/wp\/v2\/types\/post"}],"author":[{"embeddable":true,"href":"https:\/\/www.manaus.am.gov.br\/semsa\/wp-json\/wp\/v2\/users\/27"}],"replies":[{"embeddable":true,"href":"https:\/\/www.manaus.am.gov.br\/semsa\/wp-json\/wp\/v2\/comments?post=209969"}],"version-history":[{"count":0,"href":"https:\/\/www.manaus.am.gov.br\/semsa\/wp-json\/wp\/v2\/posts\/209969\/revisions"}],"wp:featuredmedia":[{"embeddable":true,"href":"https:\/\/www.manaus.am.gov.br\/semsa\/wp-json\/wp\/v2\/media\/209970"}],"wp:attachment":[{"href":"https:\/\/www.manaus.am.gov.br\/semsa\/wp-json\/wp\/v2\/media?parent=209969"}],"wp:term":[{"taxonomy":"category","embeddable":true,"href":"https:\/\/www.manaus.am.gov.br\/semsa\/wp-json\/wp\/v2\/categories?post=209969"},{"taxonomy":"post_tag","embeddable":true,"href":"https:\/\/www.manaus.am.gov.br\/semsa\/wp-json\/wp\/v2\/tags?post=209969"}],"curies":[{"name":"wp","href":"https:\/\/api.w.org\/{rel}","templated":true}]}}