{"id":208249,"date":"2023-01-13T07:31:00","date_gmt":"2023-01-13T11:31:00","guid":{"rendered":"https:\/\/www.manaus.am.gov.br\/semsa\/prefeitura-de-manaus-e-governo-do-amazonas-levam-vacinacao-contra-a-covid-19-a-supermercados\/"},"modified":"2023-01-20T15:30:57","modified_gmt":"2023-01-20T19:30:57","slug":"prefeitura-de-manaus-e-governo-do-amazonas-levam-vacinacao-contra-a-covid-19-a-supermercados","status":"publish","type":"post","link":"https:\/\/www.manaus.am.gov.br\/semsa\/prefeitura-de-manaus-e-governo-do-amazonas-levam-vacinacao-contra-a-covid-19-a-supermercados\/","title":{"rendered":"Prefeitura de Manaus e governo do Amazonas levam vacina\u00e7\u00e3o contra a Covid-19 a supermercados"},"content":{"rendered":"\n<p>A Prefeitura de Manaus, em parceria com o governo do Amazonas e o Grupo DB, realiza uma intensifica\u00e7\u00e3o da vacina\u00e7\u00e3o contra a Covid-19 na capital, sexta-feira e s\u00e1bado, 13 e 14\/1. A a\u00e7\u00e3o ser\u00e1 realizada em seis supermercados, das 9h \u00e0s 16h e ser\u00e1 voltada exclusivamente para o p\u00fablico de 18 anos ou mais.<\/p>\n\n\n\n<p>De acordo com a secret\u00e1ria municipal de Sa\u00fade, Sh\u00e1dia Fraxe, a medida visa mobilizar a popula\u00e7\u00e3o e facilitar o acesso \u00e0s vacinas. \u201cA vacina\u00e7\u00e3o descentralizada tem sido uma estrat\u00e9gia de sucesso utilizada na campanha de vacina\u00e7\u00e3o contra a Covid-19, estimulando a ades\u00e3o dos usu\u00e1rios, com a instala\u00e7\u00e3o de pontos de atendimento em locais e hor\u00e1rios alternativos\u201d.<\/p>\n\n\n\n<p>Nas seis unidades que funcionar\u00e3o como pontos de atendimento estar\u00e3o dispon\u00edveis a primeira e a segunda doses, para os que ainda n\u00e3o iniciaram ou precisam completar o esquema vacinal inicial, assim como todas as doses de refor\u00e7o autorizadas pelo Minist\u00e9rio da Sa\u00fade.<\/p>\n\n\n\n<p>O p\u00fablico geral pode receber duas doses de refor\u00e7o (3\u00aa e 4\u00aa dose) com intervalos de quatro meses e as pessoas com alto grau de imunossupress\u00e3o podem receber at\u00e9 a terceira dose de refor\u00e7o (5\u00aa dose).<\/p>\n\n\n\n<p>Para se vacinar, o usu\u00e1rio deve observar se j\u00e1 completou o intervalo recomendado e ir ao posto de vacina\u00e7\u00e3o com documento de identifica\u00e7\u00e3o com foto, CPF ou Cart\u00e3o nacional de Sa\u00fade (CNS) e a carteira de vacina\u00e7\u00e3o.<\/p>\n\n\n\n<p>A campanha ser\u00e1 operacionalizada por registradores e vacinadores da Semsa e da Secretaria de Estado da Sa\u00fade, vinculados \u00e0 Funda\u00e7\u00e3o de Vigil\u00e2ncia em Sa\u00fade Doutora Rosemary Costa Pinto (FVS-RCP).<\/p>\n\n\n\n<p>A diretora da FVS, Tatyana Amorim, ressalta que a parceria entre os \u00f3rg\u00e3os de sa\u00fade e o com\u00e9rcio facilita ainda mais o acesso \u00e0 vacina, que segue como a principal aliada para evitar casos graves da Covid-19.<\/p>\n\n\n\n<h2 class=\"wp-block-heading\">Unidades<\/h2>\n\n\n\n<p>Os supermercados onde a vacina estar\u00e1 dispon\u00edvel nesta sexta e s\u00e1bado, s\u00e3o o Hiper DB Para\u00edba, na zona Sul; Ponta Negra, na zona Oeste; Cidade Nova e Nova Cidade, na zona Norte; o Super DB da Eduardo Ribeiro, no Centro; e do Mutir\u00e3o, na zona Leste.<\/p>\n\n\n\n<p>Al\u00e9m dos supermercados, a Semsa mant\u00e9m a vacina\u00e7\u00e3o, nesses dois dias, nas mais de 70 unidades b\u00e1sicas de sa\u00fade da rede municipal, 32 dos quais com atendimento a crian\u00e7as a partir de 5 anos, e quatro voltadas para a vacina\u00e7\u00e3o de beb\u00eas de 6 meses a menores de 3 anos.<\/p>\n\n\n\n<h2 class=\"wp-block-heading\">Atrasos<\/h2>\n\n\n\n<p>Dados do vacin\u00f4metro municipal (<a href=\"https:\/\/vacinometro.manaus.am.gov.br\/\">https:\/\/vacinometro.manaus.am.gov.br<\/a>) mostram que que mais de 5 milh\u00f5es de doses de vacina contra a Covid- 19 j\u00e1 foram aplicadas em Manaus, no entanto, mais de 600 mil pessoas ainda n\u00e3o receberam nenhuma dose de refor\u00e7o.<\/p>\n\n\n\n<p>\u201cO v\u00edrus continua a circular e produzir suas subvariantes e por isso e n\u00e3o podemos descansar quanto \u00e0s medidas de prote\u00e7\u00e3o\u201d, insiste a secret\u00e1ria municipal de Sa\u00fade, Sh\u00e1dia Fraxe, informando que periodicamente a prefeitura vai continuar a promover a\u00e7\u00f5es de intensifica\u00e7\u00e3o da vacina\u00e7\u00e3o na capital.<\/p>\n\n\n\n<p>Todos os locais com vacina\u00e7\u00e3o contra a Covid, assim como as informa\u00e7\u00f5es relativas \u00e0 intervalos entre doses e p\u00fablicos contemplado podem ser verificados no site da Semsa (<a href=\"http:\/\/semsa.manaus.am.gov.br\/\">semsa.manaus.am.gov.br<\/a>) e nas redes sociais oficiais (@semamanaus, no Instagram, e Semsa Manaus, no Facebook).<\/p>\n\n\n\n<p><strong>Texto \u2013&nbsp;<\/strong>Andr\u00e9a Arruda \/ Semsa<\/p>\n\n\n\n<p><strong>Foto \u2013&nbsp;<\/strong>Divulga\u00e7\u00e3o \/ Semsa<\/p>\n","protected":false},"excerpt":{"rendered":"","protected":false},"author":27,"featured_media":208250,"comment_status":"closed","ping_status":"closed","sticky":false,"template":"","format":"standard","meta":{"footnotes":""},"categories":[15],"tags":[],"acf":[],"yoast_head":"<!-- This site is optimized with the Yoast SEO plugin v23.0 - https:\/\/yoast.com\/wordpress\/plugins\/seo\/ -->\n<title>Prefeitura de Manaus e governo do Amazonas levam vacina\u00e7\u00e3o contra a Covid-19 a supermercados - SEMSA<\/title>\n<meta name=\"robots\" content=\"index, follow, max-snippet:-1, max-image-preview:large, max-video-preview:-1\" \/>\n<link rel=\"canonical\" href=\"https:\/\/www.manaus.am.gov.br\/semsa\/prefeitura-de-manaus-e-governo-do-amazonas-levam-vacinacao-contra-a-covid-19-a-supermercados\/\" \/>\n<meta property=\"og:locale\" content=\"pt_BR\" \/>\n<meta property=\"og:type\" content=\"article\" \/>\n<meta property=\"og:title\" content=\"Prefeitura de Manaus e governo do Amazonas levam vacina\u00e7\u00e3o contra a Covid-19 a supermercados - SEMSA\" \/>\n<meta property=\"og:url\" content=\"https:\/\/www.manaus.am.gov.br\/semsa\/prefeitura-de-manaus-e-governo-do-amazonas-levam-vacinacao-contra-a-covid-19-a-supermercados\/\" \/>\n<meta property=\"og:site_name\" content=\"SEMSA\" \/>\n<meta property=\"article:published_time\" content=\"2023-01-13T11:31:00+00:00\" \/>\n<meta property=\"article:modified_time\" content=\"2023-01-20T19:30:57+00:00\" \/>\n<meta property=\"og:image\" content=\"https:\/\/www.manaus.am.gov.br\/semsa\/wp-content\/uploads\/sites\/8\/2023\/01\/Prefeitura-de-Manaus-e-governo-do-Amazonas-levam-vacinacao-contra-a-Covid-19-a-supermercados.jpg\" \/>\n\t<meta property=\"og:image:width\" content=\"2048\" \/>\n\t<meta property=\"og:image:height\" content=\"1365\" \/>\n\t<meta property=\"og:image:type\" content=\"image\/jpeg\" \/>\n<meta name=\"author\" content=\"Imarketing Digital\" \/>\n<meta name=\"twitter:card\" content=\"summary_large_image\" \/>\n<meta name=\"twitter:label1\" content=\"Written by\" \/>\n\t<meta name=\"twitter:data1\" content=\"Imarketing Digital\" \/>\n\t<meta name=\"twitter:label2\" content=\"Est. reading time\" \/>\n\t<meta name=\"twitter:data2\" content=\"3 minutos\" \/>\n<script type=\"application\/ld+json\" class=\"yoast-schema-graph\">{\"@context\":\"https:\/\/schema.org\",\"@graph\":[{\"@type\":\"WebPage\",\"@id\":\"https:\/\/www.manaus.am.gov.br\/semsa\/prefeitura-de-manaus-e-governo-do-amazonas-levam-vacinacao-contra-a-covid-19-a-supermercados\/\",\"url\":\"https:\/\/www.manaus.am.gov.br\/semsa\/prefeitura-de-manaus-e-governo-do-amazonas-levam-vacinacao-contra-a-covid-19-a-supermercados\/\",\"name\":\"Prefeitura de Manaus e governo do Amazonas levam vacina\u00e7\u00e3o contra a Covid-19 a supermercados - SEMSA\",\"isPartOf\":{\"@id\":\"https:\/\/www.manaus.am.gov.br\/semsa\/#website\"},\"primaryImageOfPage\":{\"@id\":\"https:\/\/www.manaus.am.gov.br\/semsa\/prefeitura-de-manaus-e-governo-do-amazonas-levam-vacinacao-contra-a-covid-19-a-supermercados\/#primaryimage\"},\"image\":{\"@id\":\"https:\/\/www.manaus.am.gov.br\/semsa\/prefeitura-de-manaus-e-governo-do-amazonas-levam-vacinacao-contra-a-covid-19-a-supermercados\/#primaryimage\"},\"thumbnailUrl\":\"https:\/\/www.manaus.am.gov.br\/semsa\/wp-content\/uploads\/sites\/8\/2023\/01\/Prefeitura-de-Manaus-e-governo-do-Amazonas-levam-vacinacao-contra-a-Covid-19-a-supermercados.jpg\",\"datePublished\":\"2023-01-13T11:31:00+00:00\",\"dateModified\":\"2023-01-20T19:30:57+00:00\",\"author\":{\"@id\":\"https:\/\/www.manaus.am.gov.br\/semsa\/#\/schema\/person\/79525a47ac5902f50493820d995728ee\"},\"inLanguage\":\"pt-BR\",\"potentialAction\":[{\"@type\":\"ReadAction\",\"target\":[\"https:\/\/www.manaus.am.gov.br\/semsa\/prefeitura-de-manaus-e-governo-do-amazonas-levam-vacinacao-contra-a-covid-19-a-supermercados\/\"]}]},{\"@type\":\"ImageObject\",\"inLanguage\":\"pt-BR\",\"@id\":\"https:\/\/www.manaus.am.gov.br\/semsa\/prefeitura-de-manaus-e-governo-do-amazonas-levam-vacinacao-contra-a-covid-19-a-supermercados\/#primaryimage\",\"url\":\"https:\/\/www.manaus.am.gov.br\/semsa\/wp-content\/uploads\/sites\/8\/2023\/01\/Prefeitura-de-Manaus-e-governo-do-Amazonas-levam-vacinacao-contra-a-Covid-19-a-supermercados.jpg\",\"contentUrl\":\"https:\/\/www.manaus.am.gov.br\/semsa\/wp-content\/uploads\/sites\/8\/2023\/01\/Prefeitura-de-Manaus-e-governo-do-Amazonas-levam-vacinacao-contra-a-Covid-19-a-supermercados.jpg\",\"width\":2048,\"height\":1365,\"caption\":\"Prefeitura de Manaus e governo do Amazonas levam vacina\u00e7\u00e3o contra a Covid-19 a supermercados\"},{\"@type\":\"WebSite\",\"@id\":\"https:\/\/www.manaus.am.gov.br\/semsa\/#website\",\"url\":\"https:\/\/www.manaus.am.gov.br\/semsa\/\",\"name\":\"SEMSA\",\"description\":\"Secretaria Municipal de Sa\u00fade\",\"alternateName\":\"Secretaria Municipal de Sa\u00fade\",\"potentialAction\":[{\"@type\":\"SearchAction\",\"target\":{\"@type\":\"EntryPoint\",\"urlTemplate\":\"https:\/\/www.manaus.am.gov.br\/semsa\/?s={search_term_string}\"},\"query-input\":\"required name=search_term_string\"}],\"inLanguage\":\"pt-BR\"},{\"@type\":\"Person\",\"@id\":\"https:\/\/www.manaus.am.gov.br\/semsa\/#\/schema\/person\/79525a47ac5902f50493820d995728ee\",\"name\":\"Imarketing Digital\",\"image\":{\"@type\":\"ImageObject\",\"inLanguage\":\"pt-BR\",\"@id\":\"https:\/\/www.manaus.am.gov.br\/semsa\/#\/schema\/person\/image\/\",\"url\":\"https:\/\/secure.gravatar.com\/avatar\/03432d3c57b756ed9760f7019c815a3a?s=96&d=mm&r=g\",\"contentUrl\":\"https:\/\/secure.gravatar.com\/avatar\/03432d3c57b756ed9760f7019c815a3a?s=96&d=mm&r=g\",\"caption\":\"Imarketing Digital\"}}]}<\/script>\n<!-- \/ Yoast SEO plugin. -->","yoast_head_json":{"title":"Prefeitura de Manaus e governo do Amazonas levam vacina\u00e7\u00e3o contra a Covid-19 a supermercados - SEMSA","robots":{"index":"index","follow":"follow","max-snippet":"max-snippet:-1","max-image-preview":"max-image-preview:large","max-video-preview":"max-video-preview:-1"},"canonical":"https:\/\/www.manaus.am.gov.br\/semsa\/prefeitura-de-manaus-e-governo-do-amazonas-levam-vacinacao-contra-a-covid-19-a-supermercados\/","og_locale":"pt_BR","og_type":"article","og_title":"Prefeitura de Manaus e governo do Amazonas levam vacina\u00e7\u00e3o contra a Covid-19 a supermercados - SEMSA","og_url":"https:\/\/www.manaus.am.gov.br\/semsa\/prefeitura-de-manaus-e-governo-do-amazonas-levam-vacinacao-contra-a-covid-19-a-supermercados\/","og_site_name":"SEMSA","article_published_time":"2023-01-13T11:31:00+00:00","article_modified_time":"2023-01-20T19:30:57+00:00","og_image":[{"width":2048,"height":1365,"url":"https:\/\/www.manaus.am.gov.br\/semsa\/wp-content\/uploads\/sites\/8\/2023\/01\/Prefeitura-de-Manaus-e-governo-do-Amazonas-levam-vacinacao-contra-a-Covid-19-a-supermercados.jpg","type":"image\/jpeg"}],"author":"Imarketing Digital","twitter_card":"summary_large_image","twitter_misc":{"Written by":"Imarketing Digital","Est. reading time":"3 minutos"},"schema":{"@context":"https:\/\/schema.org","@graph":[{"@type":"WebPage","@id":"https:\/\/www.manaus.am.gov.br\/semsa\/prefeitura-de-manaus-e-governo-do-amazonas-levam-vacinacao-contra-a-covid-19-a-supermercados\/","url":"https:\/\/www.manaus.am.gov.br\/semsa\/prefeitura-de-manaus-e-governo-do-amazonas-levam-vacinacao-contra-a-covid-19-a-supermercados\/","name":"Prefeitura de Manaus e governo do Amazonas levam vacina\u00e7\u00e3o contra a Covid-19 a supermercados - SEMSA","isPartOf":{"@id":"https:\/\/www.manaus.am.gov.br\/semsa\/#website"},"primaryImageOfPage":{"@id":"https:\/\/www.manaus.am.gov.br\/semsa\/prefeitura-de-manaus-e-governo-do-amazonas-levam-vacinacao-contra-a-covid-19-a-supermercados\/#primaryimage"},"image":{"@id":"https:\/\/www.manaus.am.gov.br\/semsa\/prefeitura-de-manaus-e-governo-do-amazonas-levam-vacinacao-contra-a-covid-19-a-supermercados\/#primaryimage"},"thumbnailUrl":"https:\/\/www.manaus.am.gov.br\/semsa\/wp-content\/uploads\/sites\/8\/2023\/01\/Prefeitura-de-Manaus-e-governo-do-Amazonas-levam-vacinacao-contra-a-Covid-19-a-supermercados.jpg","datePublished":"2023-01-13T11:31:00+00:00","dateModified":"2023-01-20T19:30:57+00:00","author":{"@id":"https:\/\/www.manaus.am.gov.br\/semsa\/#\/schema\/person\/79525a47ac5902f50493820d995728ee"},"inLanguage":"pt-BR","potentialAction":[{"@type":"ReadAction","target":["https:\/\/www.manaus.am.gov.br\/semsa\/prefeitura-de-manaus-e-governo-do-amazonas-levam-vacinacao-contra-a-covid-19-a-supermercados\/"]}]},{"@type":"ImageObject","inLanguage":"pt-BR","@id":"https:\/\/www.manaus.am.gov.br\/semsa\/prefeitura-de-manaus-e-governo-do-amazonas-levam-vacinacao-contra-a-covid-19-a-supermercados\/#primaryimage","url":"https:\/\/www.manaus.am.gov.br\/semsa\/wp-content\/uploads\/sites\/8\/2023\/01\/Prefeitura-de-Manaus-e-governo-do-Amazonas-levam-vacinacao-contra-a-Covid-19-a-supermercados.jpg","contentUrl":"https:\/\/www.manaus.am.gov.br\/semsa\/wp-content\/uploads\/sites\/8\/2023\/01\/Prefeitura-de-Manaus-e-governo-do-Amazonas-levam-vacinacao-contra-a-Covid-19-a-supermercados.jpg","width":2048,"height":1365,"caption":"Prefeitura de Manaus e governo do Amazonas levam vacina\u00e7\u00e3o contra a Covid-19 a supermercados"},{"@type":"WebSite","@id":"https:\/\/www.manaus.am.gov.br\/semsa\/#website","url":"https:\/\/www.manaus.am.gov.br\/semsa\/","name":"SEMSA","description":"Secretaria Municipal de Sa\u00fade","alternateName":"Secretaria Municipal de Sa\u00fade","potentialAction":[{"@type":"SearchAction","target":{"@type":"EntryPoint","urlTemplate":"https:\/\/www.manaus.am.gov.br\/semsa\/?s={search_term_string}"},"query-input":"required name=search_term_string"}],"inLanguage":"pt-BR"},{"@type":"Person","@id":"https:\/\/www.manaus.am.gov.br\/semsa\/#\/schema\/person\/79525a47ac5902f50493820d995728ee","name":"Imarketing Digital","image":{"@type":"ImageObject","inLanguage":"pt-BR","@id":"https:\/\/www.manaus.am.gov.br\/semsa\/#\/schema\/person\/image\/","url":"https:\/\/secure.gravatar.com\/avatar\/03432d3c57b756ed9760f7019c815a3a?s=96&d=mm&r=g","contentUrl":"https:\/\/secure.gravatar.com\/avatar\/03432d3c57b756ed9760f7019c815a3a?s=96&d=mm&r=g","caption":"Imarketing Digital"}}]}},"_links":{"self":[{"href":"https:\/\/www.manaus.am.gov.br\/semsa\/wp-json\/wp\/v2\/posts\/208249"}],"collection":[{"href":"https:\/\/www.manaus.am.gov.br\/semsa\/wp-json\/wp\/v2\/posts"}],"about":[{"href":"https:\/\/www.manaus.am.gov.br\/semsa\/wp-json\/wp\/v2\/types\/post"}],"author":[{"embeddable":true,"href":"https:\/\/www.manaus.am.gov.br\/semsa\/wp-json\/wp\/v2\/users\/27"}],"replies":[{"embeddable":true,"href":"https:\/\/www.manaus.am.gov.br\/semsa\/wp-json\/wp\/v2\/comments?post=208249"}],"version-history":[{"count":1,"href":"https:\/\/www.manaus.am.gov.br\/semsa\/wp-json\/wp\/v2\/posts\/208249\/revisions"}],"predecessor-version":[{"id":209536,"href":"https:\/\/www.manaus.am.gov.br\/semsa\/wp-json\/wp\/v2\/posts\/208249\/revisions\/209536"}],"wp:featuredmedia":[{"embeddable":true,"href":"https:\/\/www.manaus.am.gov.br\/semsa\/wp-json\/wp\/v2\/media\/208250"}],"wp:attachment":[{"href":"https:\/\/www.manaus.am.gov.br\/semsa\/wp-json\/wp\/v2\/media?parent=208249"}],"wp:term":[{"taxonomy":"category","embeddable":true,"href":"https:\/\/www.manaus.am.gov.br\/semsa\/wp-json\/wp\/v2\/categories?post=208249"},{"taxonomy":"post_tag","embeddable":true,"href":"https:\/\/www.manaus.am.gov.br\/semsa\/wp-json\/wp\/v2\/tags?post=208249"}],"curies":[{"name":"wp","href":"https:\/\/api.w.org\/{rel}","templated":true}]}}