{"id":207609,"date":"2023-01-09T16:36:00","date_gmt":"2023-01-09T20:36:00","guid":{"rendered":"https:\/\/www.manaus.am.gov.br\/semsa\/criancas-de-5-a-11-anos-comecam-a-receber-reforco-da-vacina-contra-a-covid-19-em-manaus\/"},"modified":"2023-01-10T07:58:30","modified_gmt":"2023-01-10T11:58:30","slug":"criancas-de-5-a-11-anos-comecam-a-receber-reforco-da-vacina-contra-a-covid-19-em-manaus","status":"publish","type":"post","link":"https:\/\/www.manaus.am.gov.br\/semsa\/criancas-de-5-a-11-anos-comecam-a-receber-reforco-da-vacina-contra-a-covid-19-em-manaus\/","title":{"rendered":"Crian\u00e7as de 5 a 11 anos come\u00e7am a receber refor\u00e7o da vacina contra a Covid-19 em Manaus"},"content":{"rendered":"\n<p>A Prefeitura de Manaus come\u00e7ou a aplicar em crian\u00e7as de 5 a 11 anos de idade, nesta segunda-feira, 9\/1, a dose de refor\u00e7o contra a Covid-19, conforme recomenda\u00e7\u00e3o do Minist\u00e9rio da Sa\u00fade. A Secretaria Municipal de Sa\u00fade (Semsa) informou que esse p\u00fablico deve receber o refor\u00e7o, tamb\u00e9m conhecido como 3\u00aa dose, ap\u00f3s o intervalo de quatro meses a partir da aplica\u00e7\u00e3o da 2\u00aa dose.<\/p>\n\n\n\n<p>A gerente de Imuniza\u00e7\u00e3o da Semsa, Isabel Hernandes, acompanhou a abertura da nova fase da Campanha Municipal de Vacina\u00e7\u00e3o contra a Covid-19 na Unidade de Sa\u00fade da Fam\u00edlia (USF) Jos\u00e9 Rayol dos Santos, na zona Centro-Sul. A enfermeira chamou aten\u00e7\u00e3o dos pais ou respons\u00e1veis para que levem as crian\u00e7as aos pontos de vacina\u00e7\u00e3o.<\/p>\n\n\n\n<p>\u201cA gente orienta os pais a procurarem nossos vacinadores para fortalecer a prote\u00e7\u00e3o de sua crian\u00e7a, principalmente nesse momento de volta \u00e0s aulas, quando as escolas exigem a declara\u00e7\u00e3o de vacina\u00e7\u00e3o. \u00c9 um momento em que as equipes de sa\u00fade analisam o cart\u00e3o, tanto para vacinas de rotina quanto contra a Covid, atualizam as doses que est\u00e3o pendentes e emitem a declara\u00e7\u00e3o nesse mesmo momento\u201d, disse.<\/p>\n\n\n\n<p>Isabel refor\u00e7ou que, na semana passada, todos os servidores da Sa\u00fade envolvidos na imuniza\u00e7\u00e3o, assim como diretores das unidades, receberam treinamento sobre as novas orienta\u00e7\u00f5es para vacina\u00e7\u00e3o do p\u00fablico infantil, que constam em Nota T\u00e9cnica emitida pelo Minist\u00e9rio da Sa\u00fade. O documento disp\u00f5e, dentre outros pontos, sobre o uso da vacina Pfizer Pedi\u00e1trica na dose de refor\u00e7o nesse p\u00fablico, mesmo para quem recebeu CoronaVac nas duas doses iniciais.<\/p>\n\n\n\n<p>\u201cHoje, nesse primeiro dia, a procura est\u00e1 muito boa, tem muita gente trazendo suas crian\u00e7as para a vacina\u00e7\u00e3o contra a Covid-19, e n\u00f3s esperamos que seja assim todos os dias, em todas as unidades\u201d, acrescentou Isabel. At\u00e9 as 14h, a secretaria registrou a aplica\u00e7\u00e3o de 446 doses de refor\u00e7o no p\u00fablico de 5 a 11 anos em toda a capital.<\/p>\n\n\n\n<h2 class=\"wp-block-heading\">Prote\u00e7\u00e3o<\/h2>\n\n\n\n<p>A atendente Patr\u00edcia Soares Gama levou a filha at\u00e9 a UBS Jos\u00e9 Rayol para receber a terceira dose, e destacou a import\u00e2ncia de manter o esquema vacinal da filha atualizado. \u201c\u00c9 importante para a seguran\u00e7a dela e da nossa fam\u00edlia, e ela sabe disso pois sempre \u00e9 falado na nossa fam\u00edlia e na comunidade. Ent\u00e3o ela v\u00ea a import\u00e2ncia de se vacinar e estar bem prevenida, tanto que tomou a terceira dose e n\u00e3o chorou, j\u00e1 veio consciente\u201d, relatou.<\/p>\n\n\n\n<p>A dom\u00e9stica Dorca da Silva Ara\u00fajo tamb\u00e9m levou o filho para a vacina\u00e7\u00e3o, e fez o convite aos demais pais. \u201cAs m\u00e3es t\u00eam que trazer seus filhos enquanto \u00e9 tempo porque muitos n\u00e3o tiveram essa oportunidade que n\u00f3s estamos tendo. Ent\u00e3o a gente tem que aproveitar, \u00e9 muito importante\u201d, contou.<\/p>\n\n\n\n<p>A estudante Alice Fernanda Dias, de 10 anos, j\u00e1 garantiu sua terceira dose e tamb\u00e9m incentivou o engajamento dos coleguinhas na imuniza\u00e7\u00e3o. \u201cOlha, gente, n\u00e3o tenham medo da vacina, \u00e9 para proteger voc\u00ea e quem est\u00e1 do seu lado. Isso \u00e9 o mais importante\u201d, disse.<\/p>\n\n\n\n<h2 class=\"wp-block-heading\">Servi\u00e7o<\/h2>\n\n\n\n<p>Nesta semana, o p\u00fablico de 5 a 11 anos de idade pode ser levado a 32 pontos de imuniza\u00e7\u00e3o, distribu\u00eddos em todas as zonas geogr\u00e1ficas da cidade. As crian\u00e7as devem ser levadas pelos pais ou respons\u00e1veis maiores de 18 anos de idade, com documento de identidade com foto ou certid\u00e3o de nascimento, CPF ou Cart\u00e3o Nacional de Sa\u00fade (CNS) e carteira de vacina\u00e7\u00e3o.<\/p>\n\n\n\n<p>A lista com todos os endere\u00e7os e hor\u00e1rios de funcionamento, sendo que alguns v\u00e3o at\u00e9 as 20h, pode ser conferida no site da Semsa (semsa.manaus.am.gov.br) ou diretamente no link bit.ly\/localvacinacovid19. O p\u00fablico tamb\u00e9m pode ter acesso \u00e0s informa\u00e7\u00f5es nas redes sociais da secretaria (@semsamanaus no Instagram e Semsa Manaus no Facebook).<\/p>\n\n\n\n<hr class=\"wp-block-separator has-alpha-channel-opacity\"\/>\n\n\n\n<p><strong>Texto<\/strong>\u00a0\u2013 Victor Cruz \/ Semsa<br><strong>Fotos<\/strong>\u00a0\u2013 Antonio Pereira \/ Semsa<br><strong>Dispon\u00edveis em<\/strong>\u00a0\u2013 https:\/\/flic.kr\/s\/aHBqjAntTg<\/p>\n","protected":false},"excerpt":{"rendered":"","protected":false},"author":27,"featured_media":207610,"comment_status":"closed","ping_status":"closed","sticky":false,"template":"","format":"standard","meta":{"footnotes":""},"categories":[5],"tags":[],"acf":[],"yoast_head":"<!-- This site is optimized with the Yoast SEO plugin v23.0 - https:\/\/yoast.com\/wordpress\/plugins\/seo\/ -->\n<title>Crian\u00e7as de 5 a 11 anos come\u00e7am a receber refor\u00e7o da vacina contra a Covid-19 em Manaus - SEMSA<\/title>\n<meta name=\"robots\" content=\"index, follow, max-snippet:-1, max-image-preview:large, max-video-preview:-1\" \/>\n<link rel=\"canonical\" href=\"https:\/\/www.manaus.am.gov.br\/semsa\/criancas-de-5-a-11-anos-comecam-a-receber-reforco-da-vacina-contra-a-covid-19-em-manaus\/\" \/>\n<meta property=\"og:locale\" content=\"pt_BR\" \/>\n<meta property=\"og:type\" content=\"article\" \/>\n<meta property=\"og:title\" content=\"Crian\u00e7as de 5 a 11 anos come\u00e7am a receber refor\u00e7o da vacina contra a Covid-19 em Manaus - SEMSA\" \/>\n<meta property=\"og:url\" content=\"https:\/\/www.manaus.am.gov.br\/semsa\/criancas-de-5-a-11-anos-comecam-a-receber-reforco-da-vacina-contra-a-covid-19-em-manaus\/\" \/>\n<meta property=\"og:site_name\" content=\"SEMSA\" \/>\n<meta property=\"article:published_time\" content=\"2023-01-09T20:36:00+00:00\" \/>\n<meta property=\"article:modified_time\" content=\"2023-01-10T11:58:30+00:00\" \/>\n<meta property=\"og:image\" content=\"https:\/\/www.manaus.am.gov.br\/semsa\/wp-content\/uploads\/sites\/8\/2023\/01\/Criancas-de-5-a-11-anos-comecam-a-receber-reforco-da-vacina-contra-a-Covid-19-em-Manaus.jpg\" \/>\n\t<meta property=\"og:image:width\" content=\"800\" \/>\n\t<meta property=\"og:image:height\" content=\"554\" \/>\n\t<meta property=\"og:image:type\" content=\"image\/jpeg\" \/>\n<meta name=\"author\" content=\"Imarketing Digital\" \/>\n<meta name=\"twitter:card\" content=\"summary_large_image\" \/>\n<meta name=\"twitter:label1\" content=\"Written by\" \/>\n\t<meta name=\"twitter:data1\" content=\"Imarketing Digital\" \/>\n\t<meta name=\"twitter:label2\" content=\"Est. reading time\" \/>\n\t<meta name=\"twitter:data2\" content=\"4 minutos\" \/>\n<script type=\"application\/ld+json\" class=\"yoast-schema-graph\">{\"@context\":\"https:\/\/schema.org\",\"@graph\":[{\"@type\":\"WebPage\",\"@id\":\"https:\/\/www.manaus.am.gov.br\/semsa\/criancas-de-5-a-11-anos-comecam-a-receber-reforco-da-vacina-contra-a-covid-19-em-manaus\/\",\"url\":\"https:\/\/www.manaus.am.gov.br\/semsa\/criancas-de-5-a-11-anos-comecam-a-receber-reforco-da-vacina-contra-a-covid-19-em-manaus\/\",\"name\":\"Crian\u00e7as de 5 a 11 anos come\u00e7am a receber refor\u00e7o da vacina contra a Covid-19 em Manaus - SEMSA\",\"isPartOf\":{\"@id\":\"https:\/\/www.manaus.am.gov.br\/semsa\/#website\"},\"primaryImageOfPage\":{\"@id\":\"https:\/\/www.manaus.am.gov.br\/semsa\/criancas-de-5-a-11-anos-comecam-a-receber-reforco-da-vacina-contra-a-covid-19-em-manaus\/#primaryimage\"},\"image\":{\"@id\":\"https:\/\/www.manaus.am.gov.br\/semsa\/criancas-de-5-a-11-anos-comecam-a-receber-reforco-da-vacina-contra-a-covid-19-em-manaus\/#primaryimage\"},\"thumbnailUrl\":\"https:\/\/www.manaus.am.gov.br\/semsa\/wp-content\/uploads\/sites\/8\/2023\/01\/Criancas-de-5-a-11-anos-comecam-a-receber-reforco-da-vacina-contra-a-Covid-19-em-Manaus.jpg\",\"datePublished\":\"2023-01-09T20:36:00+00:00\",\"dateModified\":\"2023-01-10T11:58:30+00:00\",\"author\":{\"@id\":\"https:\/\/www.manaus.am.gov.br\/semsa\/#\/schema\/person\/79525a47ac5902f50493820d995728ee\"},\"inLanguage\":\"pt-BR\",\"potentialAction\":[{\"@type\":\"ReadAction\",\"target\":[\"https:\/\/www.manaus.am.gov.br\/semsa\/criancas-de-5-a-11-anos-comecam-a-receber-reforco-da-vacina-contra-a-covid-19-em-manaus\/\"]}]},{\"@type\":\"ImageObject\",\"inLanguage\":\"pt-BR\",\"@id\":\"https:\/\/www.manaus.am.gov.br\/semsa\/criancas-de-5-a-11-anos-comecam-a-receber-reforco-da-vacina-contra-a-covid-19-em-manaus\/#primaryimage\",\"url\":\"https:\/\/www.manaus.am.gov.br\/semsa\/wp-content\/uploads\/sites\/8\/2023\/01\/Criancas-de-5-a-11-anos-comecam-a-receber-reforco-da-vacina-contra-a-Covid-19-em-Manaus.jpg\",\"contentUrl\":\"https:\/\/www.manaus.am.gov.br\/semsa\/wp-content\/uploads\/sites\/8\/2023\/01\/Criancas-de-5-a-11-anos-comecam-a-receber-reforco-da-vacina-contra-a-Covid-19-em-Manaus.jpg\",\"width\":800,\"height\":554,\"caption\":\"Crian\u00e7as de 5 a 11 anos come\u00e7am a receber refor\u00e7o da vacina contra a Covid-19 em Manaus\"},{\"@type\":\"WebSite\",\"@id\":\"https:\/\/www.manaus.am.gov.br\/semsa\/#website\",\"url\":\"https:\/\/www.manaus.am.gov.br\/semsa\/\",\"name\":\"SEMSA\",\"description\":\"Secretaria Municipal de Sa\u00fade\",\"alternateName\":\"Secretaria Municipal de Sa\u00fade\",\"potentialAction\":[{\"@type\":\"SearchAction\",\"target\":{\"@type\":\"EntryPoint\",\"urlTemplate\":\"https:\/\/www.manaus.am.gov.br\/semsa\/?s={search_term_string}\"},\"query-input\":\"required name=search_term_string\"}],\"inLanguage\":\"pt-BR\"},{\"@type\":\"Person\",\"@id\":\"https:\/\/www.manaus.am.gov.br\/semsa\/#\/schema\/person\/79525a47ac5902f50493820d995728ee\",\"name\":\"Imarketing Digital\",\"image\":{\"@type\":\"ImageObject\",\"inLanguage\":\"pt-BR\",\"@id\":\"https:\/\/www.manaus.am.gov.br\/semsa\/#\/schema\/person\/image\/\",\"url\":\"https:\/\/secure.gravatar.com\/avatar\/03432d3c57b756ed9760f7019c815a3a?s=96&d=mm&r=g\",\"contentUrl\":\"https:\/\/secure.gravatar.com\/avatar\/03432d3c57b756ed9760f7019c815a3a?s=96&d=mm&r=g\",\"caption\":\"Imarketing Digital\"}}]}<\/script>\n<!-- \/ Yoast SEO plugin. -->","yoast_head_json":{"title":"Crian\u00e7as de 5 a 11 anos come\u00e7am a receber refor\u00e7o da vacina contra a Covid-19 em Manaus - SEMSA","robots":{"index":"index","follow":"follow","max-snippet":"max-snippet:-1","max-image-preview":"max-image-preview:large","max-video-preview":"max-video-preview:-1"},"canonical":"https:\/\/www.manaus.am.gov.br\/semsa\/criancas-de-5-a-11-anos-comecam-a-receber-reforco-da-vacina-contra-a-covid-19-em-manaus\/","og_locale":"pt_BR","og_type":"article","og_title":"Crian\u00e7as de 5 a 11 anos come\u00e7am a receber refor\u00e7o da vacina contra a Covid-19 em Manaus - SEMSA","og_url":"https:\/\/www.manaus.am.gov.br\/semsa\/criancas-de-5-a-11-anos-comecam-a-receber-reforco-da-vacina-contra-a-covid-19-em-manaus\/","og_site_name":"SEMSA","article_published_time":"2023-01-09T20:36:00+00:00","article_modified_time":"2023-01-10T11:58:30+00:00","og_image":[{"width":800,"height":554,"url":"https:\/\/www.manaus.am.gov.br\/semsa\/wp-content\/uploads\/sites\/8\/2023\/01\/Criancas-de-5-a-11-anos-comecam-a-receber-reforco-da-vacina-contra-a-Covid-19-em-Manaus.jpg","type":"image\/jpeg"}],"author":"Imarketing Digital","twitter_card":"summary_large_image","twitter_misc":{"Written by":"Imarketing Digital","Est. reading time":"4 minutos"},"schema":{"@context":"https:\/\/schema.org","@graph":[{"@type":"WebPage","@id":"https:\/\/www.manaus.am.gov.br\/semsa\/criancas-de-5-a-11-anos-comecam-a-receber-reforco-da-vacina-contra-a-covid-19-em-manaus\/","url":"https:\/\/www.manaus.am.gov.br\/semsa\/criancas-de-5-a-11-anos-comecam-a-receber-reforco-da-vacina-contra-a-covid-19-em-manaus\/","name":"Crian\u00e7as de 5 a 11 anos come\u00e7am a receber refor\u00e7o da vacina contra a Covid-19 em Manaus - SEMSA","isPartOf":{"@id":"https:\/\/www.manaus.am.gov.br\/semsa\/#website"},"primaryImageOfPage":{"@id":"https:\/\/www.manaus.am.gov.br\/semsa\/criancas-de-5-a-11-anos-comecam-a-receber-reforco-da-vacina-contra-a-covid-19-em-manaus\/#primaryimage"},"image":{"@id":"https:\/\/www.manaus.am.gov.br\/semsa\/criancas-de-5-a-11-anos-comecam-a-receber-reforco-da-vacina-contra-a-covid-19-em-manaus\/#primaryimage"},"thumbnailUrl":"https:\/\/www.manaus.am.gov.br\/semsa\/wp-content\/uploads\/sites\/8\/2023\/01\/Criancas-de-5-a-11-anos-comecam-a-receber-reforco-da-vacina-contra-a-Covid-19-em-Manaus.jpg","datePublished":"2023-01-09T20:36:00+00:00","dateModified":"2023-01-10T11:58:30+00:00","author":{"@id":"https:\/\/www.manaus.am.gov.br\/semsa\/#\/schema\/person\/79525a47ac5902f50493820d995728ee"},"inLanguage":"pt-BR","potentialAction":[{"@type":"ReadAction","target":["https:\/\/www.manaus.am.gov.br\/semsa\/criancas-de-5-a-11-anos-comecam-a-receber-reforco-da-vacina-contra-a-covid-19-em-manaus\/"]}]},{"@type":"ImageObject","inLanguage":"pt-BR","@id":"https:\/\/www.manaus.am.gov.br\/semsa\/criancas-de-5-a-11-anos-comecam-a-receber-reforco-da-vacina-contra-a-covid-19-em-manaus\/#primaryimage","url":"https:\/\/www.manaus.am.gov.br\/semsa\/wp-content\/uploads\/sites\/8\/2023\/01\/Criancas-de-5-a-11-anos-comecam-a-receber-reforco-da-vacina-contra-a-Covid-19-em-Manaus.jpg","contentUrl":"https:\/\/www.manaus.am.gov.br\/semsa\/wp-content\/uploads\/sites\/8\/2023\/01\/Criancas-de-5-a-11-anos-comecam-a-receber-reforco-da-vacina-contra-a-Covid-19-em-Manaus.jpg","width":800,"height":554,"caption":"Crian\u00e7as de 5 a 11 anos come\u00e7am a receber refor\u00e7o da vacina contra a Covid-19 em Manaus"},{"@type":"WebSite","@id":"https:\/\/www.manaus.am.gov.br\/semsa\/#website","url":"https:\/\/www.manaus.am.gov.br\/semsa\/","name":"SEMSA","description":"Secretaria Municipal de Sa\u00fade","alternateName":"Secretaria Municipal de Sa\u00fade","potentialAction":[{"@type":"SearchAction","target":{"@type":"EntryPoint","urlTemplate":"https:\/\/www.manaus.am.gov.br\/semsa\/?s={search_term_string}"},"query-input":"required name=search_term_string"}],"inLanguage":"pt-BR"},{"@type":"Person","@id":"https:\/\/www.manaus.am.gov.br\/semsa\/#\/schema\/person\/79525a47ac5902f50493820d995728ee","name":"Imarketing Digital","image":{"@type":"ImageObject","inLanguage":"pt-BR","@id":"https:\/\/www.manaus.am.gov.br\/semsa\/#\/schema\/person\/image\/","url":"https:\/\/secure.gravatar.com\/avatar\/03432d3c57b756ed9760f7019c815a3a?s=96&d=mm&r=g","contentUrl":"https:\/\/secure.gravatar.com\/avatar\/03432d3c57b756ed9760f7019c815a3a?s=96&d=mm&r=g","caption":"Imarketing Digital"}}]}},"_links":{"self":[{"href":"https:\/\/www.manaus.am.gov.br\/semsa\/wp-json\/wp\/v2\/posts\/207609"}],"collection":[{"href":"https:\/\/www.manaus.am.gov.br\/semsa\/wp-json\/wp\/v2\/posts"}],"about":[{"href":"https:\/\/www.manaus.am.gov.br\/semsa\/wp-json\/wp\/v2\/types\/post"}],"author":[{"embeddable":true,"href":"https:\/\/www.manaus.am.gov.br\/semsa\/wp-json\/wp\/v2\/users\/27"}],"replies":[{"embeddable":true,"href":"https:\/\/www.manaus.am.gov.br\/semsa\/wp-json\/wp\/v2\/comments?post=207609"}],"version-history":[{"count":1,"href":"https:\/\/www.manaus.am.gov.br\/semsa\/wp-json\/wp\/v2\/posts\/207609\/revisions"}],"predecessor-version":[{"id":207611,"href":"https:\/\/www.manaus.am.gov.br\/semsa\/wp-json\/wp\/v2\/posts\/207609\/revisions\/207611"}],"wp:featuredmedia":[{"embeddable":true,"href":"https:\/\/www.manaus.am.gov.br\/semsa\/wp-json\/wp\/v2\/media\/207610"}],"wp:attachment":[{"href":"https:\/\/www.manaus.am.gov.br\/semsa\/wp-json\/wp\/v2\/media?parent=207609"}],"wp:term":[{"taxonomy":"category","embeddable":true,"href":"https:\/\/www.manaus.am.gov.br\/semsa\/wp-json\/wp\/v2\/categories?post=207609"},{"taxonomy":"post_tag","embeddable":true,"href":"https:\/\/www.manaus.am.gov.br\/semsa\/wp-json\/wp\/v2\/tags?post=207609"}],"curies":[{"name":"wp","href":"https:\/\/api.w.org\/{rel}","templated":true}]}}