{"id":207565,"date":"2023-01-04T15:25:00","date_gmt":"2023-01-04T19:25:00","guid":{"rendered":"https:\/\/www.manaus.am.gov.br\/semsa\/mais-de-400-bebes-ja-foram-levados-para-iniciar-o-esquema-vacinal-contra-a-covid-19-em-manaus\/"},"modified":"2023-01-05T09:47:09","modified_gmt":"2023-01-05T13:47:09","slug":"mais-de-400-bebes-ja-foram-levados-para-iniciar-o-esquema-vacinal-contra-a-covid-19-em-manaus","status":"publish","type":"post","link":"https:\/\/www.manaus.am.gov.br\/semsa\/mais-de-400-bebes-ja-foram-levados-para-iniciar-o-esquema-vacinal-contra-a-covid-19-em-manaus\/","title":{"rendered":"Mais de 400 beb\u00eas j\u00e1 foram levados para iniciar o esquema vacinal contra a Covid-19 em Manaus"},"content":{"rendered":"\n<p>A vacina\u00e7\u00e3o contra a Covid-19, que garante prote\u00e7\u00e3o contra as formas graves da doen\u00e7a, j\u00e1 beneficiou mais de 400 beb\u00eas, de seis meses a menores de 3 anos (2 anos, 11 meses e 29 dias), na capital amazonense. A Prefeitura de Manaus, por meio da Secretaria Municipal de Sa\u00fade (Semsa), liberou a vacina para essa faixa et\u00e1ria em novembro, inicialmente ao p\u00fablico com comorbidades, e ampliou ao p\u00fablico em geral na \u00faltima segunda-feira, 2\/1.<\/p>\n\n\n\n<p>De acordo com o Vacin\u00f4metro municipal (<a href=\"http:\/\/vacinometro.manaus.am.gov.br\/\">vacinometro.manaus.am.gov.br<\/a>), 433 crian\u00e7as nessa faixa et\u00e1ria j\u00e1 haviam recebido a primeira dose do imunizante, at\u00e9 esta quarta-feira, 4\/1. Aproximadamente 220 beb\u00eas foram levados aos postos de vacina da Semsa nos meses de novembro e dezembro, e outras 200 crian\u00e7as receberam a vacina nos \u00faltimos dois dias, quando a campanha foi aberta ao p\u00fablico sem comorbidades.<\/p>\n\n\n\n<p>\u201cFelizmente n\u00f3s conseguimos come\u00e7ar o ano de 2023 com mais essa novidade na campanha, e observamos que muitos pais tiveram a responsabilidade de vacinar seus filhos logo nessa primeira semana do ano, quando houve a libera\u00e7\u00e3o. Por\u00e9m, temos um desafio enorme para ampliar a cobertura vacinal para essa faixa et\u00e1ria, pois muitas pessoas ainda t\u00eam medo ou resist\u00eancia para acreditar na vacina, apesar de todas as comprova\u00e7\u00f5es cient\u00edficas\u201d, conta a secret\u00e1ria municipal de Sa\u00fade, Sh\u00e1dia Fraxe.<\/p>\n\n\n\n<h2 class=\"wp-block-heading\">Baixa procura<\/h2>\n\n\n\n<p>De acordo com a secret\u00e1ria, em Manaus, a meta \u00e9 vacinar 2.088 crian\u00e7as de 6 meses a menores de 3 anos com comorbidades, n\u00famero que representa 90% do p\u00fablico estimado. At\u00e9 a \u00faltima segunda-feira, apenas 220 beb\u00eas desse grupo haviam sido levados para receber a primeira dose.<\/p>\n\n\n\n<p>Em rela\u00e7\u00e3o ao p\u00fablico sem comorbidades, nessa mesma faixa et\u00e1ria, a meta da Semsa \u00e9 vacinar 70,1 mil crian\u00e7as, ou seja, 90% do p\u00fablico estimado. \u201cPrecisamos que os pais, av\u00f3s, tios e respons\u00e1veis por crian\u00e7as entendam que todas as vacinas s\u00e3o importantes, inclusive essa, contra a Covid-19, que tem contribu\u00eddo com a redu\u00e7\u00e3o de mortes e interna\u00e7\u00f5es. Estudos do Minist\u00e9rio da Sa\u00fade apontam que crian\u00e7as menores t\u00eam mais chances de desenvolver formas graves do que os adolescentes, por exemplo, ent\u00e3o precisamos proteger nossas crian\u00e7as\u201d, afirma Sh\u00e1dia.<\/p>\n\n\n\n<p>A secret\u00e1ria explica, ainda, que a vacina aplicada nesse p\u00fablico \u00e9 da fabricante Pfizer Biontech, chamada de Pfizer Baby, com concentra\u00e7\u00e3o diferente daquela ofertada aos demais grupos. O esquema vacinal inicial \u00e9 de tr\u00eas doses, com intervalo de quatro semanas entre a 1\u00aa e a 2\u00aa dose, e de oito semanas entre a 2\u00aa e a 3\u00aa dose.<\/p>\n\n\n\n<h2 class=\"wp-block-heading\">Endere\u00e7os<\/h2>\n\n\n\n<p>Para evitar o desperd\u00edcio de doses, considerando que o frasco com dez doses tem validade de apenas 12 horas ap\u00f3s aberto, a Semsa centralizou a vacina\u00e7\u00e3o contra a Covid para o p\u00fablico de 6 meses a menores de 3 anos em quatro unidades de sa\u00fade. O atendimento \u00e9 feito das &nbsp;8h \u00e0s 17h em dias \u00fateis, e de 8h \u00e0s 12h aos s\u00e1bados.<\/p>\n\n\n\n<p>As unidades de refer\u00eancia s\u00e3o as seguintes: UBS \u00c1ugias Gadelha, na Rua 15, s\/n\u00ba, conjunto Ribeiro J\u00fanior, Cidade Nova I, zona Norte; UBS Jos\u00e9 Rayol dos Santos, na avenida Constantino Nery, s\/n\u00ba, bairro Chapada, zona Centro-Sul; UBS Deodato de Miranda Le\u00e3o, na avenida Presidente Dutra, s\/n\u00ba, Gl\u00f3ria, zona Oeste; e UBS Alfredo Campos, na alameda Cosme Ferreira, s\/n\u00ba, Zumbi, zona Leste.<\/p>\n\n\n\n<p>\u201cA recomenda\u00e7\u00e3o \u00e9 que os beb\u00eas estejam saud\u00e1veis no momento da vacina\u00e7\u00e3o, sem febre ou sintomas gripais, e caso eles estejam com o calend\u00e1rio b\u00e1sico desatualizado, podem tomar outras vacinas no mesmo dia. Os respons\u00e1veis precisam apresentar certid\u00e3o de nascimento ou documento de identidade com foto da crian\u00e7a, caderneta de vacina\u00e7\u00e3o e CPF ou Cart\u00e3o Nacional de Sa\u00fade\u201d, orienta Sh\u00e1dia.<\/p>\n\n\n\n<p>A lista completa de pontos de vacina\u00e7\u00e3o contra a Covid-19, incluindo os grupos das demais faixas et\u00e1rias, pode ser acessada no link&nbsp;<a href=\"http:\/\/bit.ly\/localvacinacovid19\">bit.ly\/localvacinacovid19<\/a>. A popula\u00e7\u00e3o pode obter todas as informa\u00e7\u00f5es sobre a campanha de vacina\u00e7\u00e3o contra a doen\u00e7a no site da Semsa (<a href=\"http:\/\/semsa.manaus.am.gov.br\/\">semsa.manaus.am.gov.br<\/a>) e tamb\u00e9m nas redes sociais oficiais da secretaria (@semsamanaus no Instagram e Semsa Manaus no Facebook).<\/p>\n\n\n\n<hr class=\"wp-block-separator has-alpha-channel-opacity\"\/>\n\n\n\n<p><strong>Texto<\/strong>\u00a0\u2013 Victor Cruz \/ Semsa<br><strong>Fotos<\/strong>\u00a0\u2013 Elienai Emanuel \/ Semsa<\/p>\n","protected":false},"excerpt":{"rendered":"","protected":false},"author":27,"featured_media":207566,"comment_status":"closed","ping_status":"closed","sticky":false,"template":"","format":"standard","meta":{"footnotes":""},"categories":[5],"tags":[],"acf":[],"yoast_head":"<!-- This site is optimized with the Yoast SEO plugin v23.0 - https:\/\/yoast.com\/wordpress\/plugins\/seo\/ -->\n<title>Mais de 400 beb\u00eas j\u00e1 foram levados para iniciar o esquema vacinal contra a Covid-19 em Manaus - SEMSA<\/title>\n<meta name=\"robots\" content=\"index, follow, max-snippet:-1, max-image-preview:large, max-video-preview:-1\" \/>\n<link rel=\"canonical\" href=\"https:\/\/www.manaus.am.gov.br\/semsa\/mais-de-400-bebes-ja-foram-levados-para-iniciar-o-esquema-vacinal-contra-a-covid-19-em-manaus\/\" \/>\n<meta property=\"og:locale\" content=\"pt_BR\" \/>\n<meta property=\"og:type\" content=\"article\" \/>\n<meta property=\"og:title\" content=\"Mais de 400 beb\u00eas j\u00e1 foram levados para iniciar o esquema vacinal contra a Covid-19 em Manaus - SEMSA\" \/>\n<meta property=\"og:url\" content=\"https:\/\/www.manaus.am.gov.br\/semsa\/mais-de-400-bebes-ja-foram-levados-para-iniciar-o-esquema-vacinal-contra-a-covid-19-em-manaus\/\" \/>\n<meta property=\"og:site_name\" content=\"SEMSA\" \/>\n<meta property=\"article:published_time\" content=\"2023-01-04T19:25:00+00:00\" \/>\n<meta property=\"article:modified_time\" content=\"2023-01-05T13:47:09+00:00\" \/>\n<meta property=\"og:image\" content=\"https:\/\/www.manaus.am.gov.br\/semsa\/wp-content\/uploads\/sites\/8\/2023\/01\/Mais-de-400-bebes-ja-foram-levados-para-iniciar-o-esquema-vacinal-contra-a-Covid-19-em-Manaus.jpg\" \/>\n\t<meta property=\"og:image:width\" content=\"720\" \/>\n\t<meta property=\"og:image:height\" content=\"407\" \/>\n\t<meta property=\"og:image:type\" content=\"image\/jpeg\" \/>\n<meta name=\"author\" content=\"Imarketing Digital\" \/>\n<meta name=\"twitter:card\" content=\"summary_large_image\" \/>\n<meta name=\"twitter:label1\" content=\"Written by\" \/>\n\t<meta name=\"twitter:data1\" content=\"Imarketing Digital\" \/>\n\t<meta name=\"twitter:label2\" content=\"Est. reading time\" \/>\n\t<meta name=\"twitter:data2\" content=\"4 minutos\" \/>\n<script type=\"application\/ld+json\" class=\"yoast-schema-graph\">{\"@context\":\"https:\/\/schema.org\",\"@graph\":[{\"@type\":\"WebPage\",\"@id\":\"https:\/\/www.manaus.am.gov.br\/semsa\/mais-de-400-bebes-ja-foram-levados-para-iniciar-o-esquema-vacinal-contra-a-covid-19-em-manaus\/\",\"url\":\"https:\/\/www.manaus.am.gov.br\/semsa\/mais-de-400-bebes-ja-foram-levados-para-iniciar-o-esquema-vacinal-contra-a-covid-19-em-manaus\/\",\"name\":\"Mais de 400 beb\u00eas j\u00e1 foram levados para iniciar o esquema vacinal contra a Covid-19 em Manaus - SEMSA\",\"isPartOf\":{\"@id\":\"https:\/\/www.manaus.am.gov.br\/semsa\/#website\"},\"primaryImageOfPage\":{\"@id\":\"https:\/\/www.manaus.am.gov.br\/semsa\/mais-de-400-bebes-ja-foram-levados-para-iniciar-o-esquema-vacinal-contra-a-covid-19-em-manaus\/#primaryimage\"},\"image\":{\"@id\":\"https:\/\/www.manaus.am.gov.br\/semsa\/mais-de-400-bebes-ja-foram-levados-para-iniciar-o-esquema-vacinal-contra-a-covid-19-em-manaus\/#primaryimage\"},\"thumbnailUrl\":\"https:\/\/www.manaus.am.gov.br\/semsa\/wp-content\/uploads\/sites\/8\/2023\/01\/Mais-de-400-bebes-ja-foram-levados-para-iniciar-o-esquema-vacinal-contra-a-Covid-19-em-Manaus.jpg\",\"datePublished\":\"2023-01-04T19:25:00+00:00\",\"dateModified\":\"2023-01-05T13:47:09+00:00\",\"author\":{\"@id\":\"https:\/\/www.manaus.am.gov.br\/semsa\/#\/schema\/person\/79525a47ac5902f50493820d995728ee\"},\"inLanguage\":\"pt-BR\",\"potentialAction\":[{\"@type\":\"ReadAction\",\"target\":[\"https:\/\/www.manaus.am.gov.br\/semsa\/mais-de-400-bebes-ja-foram-levados-para-iniciar-o-esquema-vacinal-contra-a-covid-19-em-manaus\/\"]}]},{\"@type\":\"ImageObject\",\"inLanguage\":\"pt-BR\",\"@id\":\"https:\/\/www.manaus.am.gov.br\/semsa\/mais-de-400-bebes-ja-foram-levados-para-iniciar-o-esquema-vacinal-contra-a-covid-19-em-manaus\/#primaryimage\",\"url\":\"https:\/\/www.manaus.am.gov.br\/semsa\/wp-content\/uploads\/sites\/8\/2023\/01\/Mais-de-400-bebes-ja-foram-levados-para-iniciar-o-esquema-vacinal-contra-a-Covid-19-em-Manaus.jpg\",\"contentUrl\":\"https:\/\/www.manaus.am.gov.br\/semsa\/wp-content\/uploads\/sites\/8\/2023\/01\/Mais-de-400-bebes-ja-foram-levados-para-iniciar-o-esquema-vacinal-contra-a-Covid-19-em-Manaus.jpg\",\"width\":720,\"height\":407,\"caption\":\"Mais de 400 beb\u00eas j\u00e1 foram levados para iniciar o esquema vacinal contra a Covid-19 em Manaus\"},{\"@type\":\"WebSite\",\"@id\":\"https:\/\/www.manaus.am.gov.br\/semsa\/#website\",\"url\":\"https:\/\/www.manaus.am.gov.br\/semsa\/\",\"name\":\"SEMSA\",\"description\":\"Secretaria Municipal de Sa\u00fade\",\"alternateName\":\"Secretaria Municipal de Sa\u00fade\",\"potentialAction\":[{\"@type\":\"SearchAction\",\"target\":{\"@type\":\"EntryPoint\",\"urlTemplate\":\"https:\/\/www.manaus.am.gov.br\/semsa\/?s={search_term_string}\"},\"query-input\":\"required name=search_term_string\"}],\"inLanguage\":\"pt-BR\"},{\"@type\":\"Person\",\"@id\":\"https:\/\/www.manaus.am.gov.br\/semsa\/#\/schema\/person\/79525a47ac5902f50493820d995728ee\",\"name\":\"Imarketing Digital\",\"image\":{\"@type\":\"ImageObject\",\"inLanguage\":\"pt-BR\",\"@id\":\"https:\/\/www.manaus.am.gov.br\/semsa\/#\/schema\/person\/image\/\",\"url\":\"https:\/\/secure.gravatar.com\/avatar\/03432d3c57b756ed9760f7019c815a3a?s=96&d=mm&r=g\",\"contentUrl\":\"https:\/\/secure.gravatar.com\/avatar\/03432d3c57b756ed9760f7019c815a3a?s=96&d=mm&r=g\",\"caption\":\"Imarketing Digital\"}}]}<\/script>\n<!-- \/ Yoast SEO plugin. -->","yoast_head_json":{"title":"Mais de 400 beb\u00eas j\u00e1 foram levados para iniciar o esquema vacinal contra a Covid-19 em Manaus - SEMSA","robots":{"index":"index","follow":"follow","max-snippet":"max-snippet:-1","max-image-preview":"max-image-preview:large","max-video-preview":"max-video-preview:-1"},"canonical":"https:\/\/www.manaus.am.gov.br\/semsa\/mais-de-400-bebes-ja-foram-levados-para-iniciar-o-esquema-vacinal-contra-a-covid-19-em-manaus\/","og_locale":"pt_BR","og_type":"article","og_title":"Mais de 400 beb\u00eas j\u00e1 foram levados para iniciar o esquema vacinal contra a Covid-19 em Manaus - SEMSA","og_url":"https:\/\/www.manaus.am.gov.br\/semsa\/mais-de-400-bebes-ja-foram-levados-para-iniciar-o-esquema-vacinal-contra-a-covid-19-em-manaus\/","og_site_name":"SEMSA","article_published_time":"2023-01-04T19:25:00+00:00","article_modified_time":"2023-01-05T13:47:09+00:00","og_image":[{"width":720,"height":407,"url":"https:\/\/www.manaus.am.gov.br\/semsa\/wp-content\/uploads\/sites\/8\/2023\/01\/Mais-de-400-bebes-ja-foram-levados-para-iniciar-o-esquema-vacinal-contra-a-Covid-19-em-Manaus.jpg","type":"image\/jpeg"}],"author":"Imarketing Digital","twitter_card":"summary_large_image","twitter_misc":{"Written by":"Imarketing Digital","Est. reading time":"4 minutos"},"schema":{"@context":"https:\/\/schema.org","@graph":[{"@type":"WebPage","@id":"https:\/\/www.manaus.am.gov.br\/semsa\/mais-de-400-bebes-ja-foram-levados-para-iniciar-o-esquema-vacinal-contra-a-covid-19-em-manaus\/","url":"https:\/\/www.manaus.am.gov.br\/semsa\/mais-de-400-bebes-ja-foram-levados-para-iniciar-o-esquema-vacinal-contra-a-covid-19-em-manaus\/","name":"Mais de 400 beb\u00eas j\u00e1 foram levados para iniciar o esquema vacinal contra a Covid-19 em Manaus - SEMSA","isPartOf":{"@id":"https:\/\/www.manaus.am.gov.br\/semsa\/#website"},"primaryImageOfPage":{"@id":"https:\/\/www.manaus.am.gov.br\/semsa\/mais-de-400-bebes-ja-foram-levados-para-iniciar-o-esquema-vacinal-contra-a-covid-19-em-manaus\/#primaryimage"},"image":{"@id":"https:\/\/www.manaus.am.gov.br\/semsa\/mais-de-400-bebes-ja-foram-levados-para-iniciar-o-esquema-vacinal-contra-a-covid-19-em-manaus\/#primaryimage"},"thumbnailUrl":"https:\/\/www.manaus.am.gov.br\/semsa\/wp-content\/uploads\/sites\/8\/2023\/01\/Mais-de-400-bebes-ja-foram-levados-para-iniciar-o-esquema-vacinal-contra-a-Covid-19-em-Manaus.jpg","datePublished":"2023-01-04T19:25:00+00:00","dateModified":"2023-01-05T13:47:09+00:00","author":{"@id":"https:\/\/www.manaus.am.gov.br\/semsa\/#\/schema\/person\/79525a47ac5902f50493820d995728ee"},"inLanguage":"pt-BR","potentialAction":[{"@type":"ReadAction","target":["https:\/\/www.manaus.am.gov.br\/semsa\/mais-de-400-bebes-ja-foram-levados-para-iniciar-o-esquema-vacinal-contra-a-covid-19-em-manaus\/"]}]},{"@type":"ImageObject","inLanguage":"pt-BR","@id":"https:\/\/www.manaus.am.gov.br\/semsa\/mais-de-400-bebes-ja-foram-levados-para-iniciar-o-esquema-vacinal-contra-a-covid-19-em-manaus\/#primaryimage","url":"https:\/\/www.manaus.am.gov.br\/semsa\/wp-content\/uploads\/sites\/8\/2023\/01\/Mais-de-400-bebes-ja-foram-levados-para-iniciar-o-esquema-vacinal-contra-a-Covid-19-em-Manaus.jpg","contentUrl":"https:\/\/www.manaus.am.gov.br\/semsa\/wp-content\/uploads\/sites\/8\/2023\/01\/Mais-de-400-bebes-ja-foram-levados-para-iniciar-o-esquema-vacinal-contra-a-Covid-19-em-Manaus.jpg","width":720,"height":407,"caption":"Mais de 400 beb\u00eas j\u00e1 foram levados para iniciar o esquema vacinal contra a Covid-19 em Manaus"},{"@type":"WebSite","@id":"https:\/\/www.manaus.am.gov.br\/semsa\/#website","url":"https:\/\/www.manaus.am.gov.br\/semsa\/","name":"SEMSA","description":"Secretaria Municipal de Sa\u00fade","alternateName":"Secretaria Municipal de Sa\u00fade","potentialAction":[{"@type":"SearchAction","target":{"@type":"EntryPoint","urlTemplate":"https:\/\/www.manaus.am.gov.br\/semsa\/?s={search_term_string}"},"query-input":"required name=search_term_string"}],"inLanguage":"pt-BR"},{"@type":"Person","@id":"https:\/\/www.manaus.am.gov.br\/semsa\/#\/schema\/person\/79525a47ac5902f50493820d995728ee","name":"Imarketing Digital","image":{"@type":"ImageObject","inLanguage":"pt-BR","@id":"https:\/\/www.manaus.am.gov.br\/semsa\/#\/schema\/person\/image\/","url":"https:\/\/secure.gravatar.com\/avatar\/03432d3c57b756ed9760f7019c815a3a?s=96&d=mm&r=g","contentUrl":"https:\/\/secure.gravatar.com\/avatar\/03432d3c57b756ed9760f7019c815a3a?s=96&d=mm&r=g","caption":"Imarketing Digital"}}]}},"_links":{"self":[{"href":"https:\/\/www.manaus.am.gov.br\/semsa\/wp-json\/wp\/v2\/posts\/207565"}],"collection":[{"href":"https:\/\/www.manaus.am.gov.br\/semsa\/wp-json\/wp\/v2\/posts"}],"about":[{"href":"https:\/\/www.manaus.am.gov.br\/semsa\/wp-json\/wp\/v2\/types\/post"}],"author":[{"embeddable":true,"href":"https:\/\/www.manaus.am.gov.br\/semsa\/wp-json\/wp\/v2\/users\/27"}],"replies":[{"embeddable":true,"href":"https:\/\/www.manaus.am.gov.br\/semsa\/wp-json\/wp\/v2\/comments?post=207565"}],"version-history":[{"count":0,"href":"https:\/\/www.manaus.am.gov.br\/semsa\/wp-json\/wp\/v2\/posts\/207565\/revisions"}],"wp:featuredmedia":[{"embeddable":true,"href":"https:\/\/www.manaus.am.gov.br\/semsa\/wp-json\/wp\/v2\/media\/207566"}],"wp:attachment":[{"href":"https:\/\/www.manaus.am.gov.br\/semsa\/wp-json\/wp\/v2\/media?parent=207565"}],"wp:term":[{"taxonomy":"category","embeddable":true,"href":"https:\/\/www.manaus.am.gov.br\/semsa\/wp-json\/wp\/v2\/categories?post=207565"},{"taxonomy":"post_tag","embeddable":true,"href":"https:\/\/www.manaus.am.gov.br\/semsa\/wp-json\/wp\/v2\/tags?post=207565"}],"curies":[{"name":"wp","href":"https:\/\/api.w.org\/{rel}","templated":true}]}}