{"id":207547,"date":"2022-11-18T15:23:00","date_gmt":"2022-11-18T19:23:00","guid":{"rendered":"https:\/\/www.manaus.am.gov.br\/semsa\/gestores-trabalhadores-e-usuarios-do-sus-participam-da-16a-semana-do-controle-social\/"},"modified":"2023-01-03T11:58:31","modified_gmt":"2023-01-03T15:58:31","slug":"gestores-trabalhadores-e-usuarios-do-sus-participam-da-16a-semana-do-controle-social","status":"publish","type":"post","link":"https:\/\/www.manaus.am.gov.br\/semsa\/gestores-trabalhadores-e-usuarios-do-sus-participam-da-16a-semana-do-controle-social\/","title":{"rendered":"Gestores, trabalhadores e usu\u00e1rios do SUS participam da 16\u00aa Semana do Controle Social"},"content":{"rendered":"\n<p>Gestores, trabalhadores e usu\u00e1rios do Sistema \u00danico de Sa\u00fade (SUS)&nbsp;da zona Oeste da capital participaram, nesta sexta-feira, 18\/11, no audit\u00f3rio Isabel do Carmo Ribeiro, na sede da Prefeitura de Manaus, no bairro Compensa, do segundo dia de programa\u00e7\u00e3o da 16\u00aa Semana do Controle Social.<\/p>\n\n\n\n<p>O evento, promovido pelo Conselho Municipal de Sa\u00fade (CMS\/Manaus) e a Secretaria Municipal de Sa\u00fade (Semsa), iniciou nesta quinta-feira, dia 17, reunindo no primeiro dia representantes do controle social da zona Sul de Manaus.<\/p>\n\n\n\n<p>Segundo o presidente do CMS\/Manaus, conselheiro Lindomar Souza, a Semana do Controle Social \u00e9 realizada anualmente como forma de fortalecer o trabalho dos conselheiros municipais e locais de sa\u00fade e tamb\u00e9m para comemorar o anivers\u00e1rio do CMS\/Manaus, criado no dia 11 de junho de 1991.<\/p>\n\n\n\n<p>\u201cCada dia de programa\u00e7\u00e3o re\u00fane conselheiros que atuam nos Distritos de Sa\u00fade Norte, Sul, Leste, Oeste e Rural. Contamos com a presen\u00e7a dos gestores, trabalhadores e, principalmente, usu\u00e1rios do SUS que est\u00e3o participando de uma s\u00e9rie de palestras. Esperamos que todos possam assimilar os temas abordados e multiplicar as informa\u00e7\u00f5es nas comunidades\u201d, afirmou Lindomar.<\/p>\n\n\n\n<h2 class=\"wp-block-heading\">Zona Oeste<\/h2>\n\n\n\n<p>A zona Oeste de Manaus conta com 16 Conselhos Locais de Sa\u00fade (CLSs), vinculados a 16 Unidades B\u00e1sicas de Sa\u00fade (UBSs), compostos por representantes de gestores, de trabalhadores e de usu\u00e1rios.<\/p>\n\n\n\n<p>\u201cA realiza\u00e7\u00e3o da Semana do Controle Social representa um espa\u00e7o de encontro dos conselheiros, quando podem debater quest\u00f5es importantes que s\u00e3o vivenciadas pela popula\u00e7\u00e3o de Manaus. E todos, gestores, trabalhadores e usu\u00e1rios, podem contribuir de forma integrada com a comunidade\u201d, destacou a diretora do Distrito de Sa\u00fade (Disa) Oeste, Maria do Socorro Furtado Soares.<\/p>\n\n\n\n<p>Para Maria Francisca Couto de Freitas, que atua de forma volunt\u00e1ria como conselheira local na UBS Luiz Montenegro, no bairro L\u00edrio do Vale, a programa\u00e7\u00e3o anual \u00e9 mais uma oportunidade para a integra\u00e7\u00e3o dos conselheiros de sa\u00fade.<\/p>\n\n\n\n<p>\u201cAtuo como conselheira de sa\u00fade desde 2020 e \u00e9 a segunda vez que participo da Semana do Controle Social. A programa\u00e7\u00e3o \u00e9 muito importante, porque podemos esclarecer d\u00favidas e obter mais informa\u00e7\u00f5es para repassar na comunidade, al\u00e9m de ser um momento de troca de experi\u00eancias\u201d, afirmou Maria Francisca.<\/p>\n\n\n\n<h2 class=\"wp-block-heading\">Temas<\/h2>\n\n\n\n<p>Durante a programa\u00e7\u00e3o da 16\u00aa Semana do Controle Social, est\u00e3o sendo abordados temas como \u201cDoen\u00e7as reemergentes: poliomielite e sarampo\u201d, \u201cDoen\u00e7as emergentes: MonkeyPox\u201d, \u201cImport\u00e2ncia do controle social na melhoria do SUS\u201d, \u201cSistema DigiSUS \u2013 Gestor M\u00f3dulo Planejamento\u201d, \u201cViol\u00eancia Obst\u00e9trica na Regi\u00e3o Norte\u201d e \u201cMal\u00e1ria\u201d.<\/p>\n\n\n\n<p>O subsecret\u00e1rio de Gest\u00e3o da Sa\u00fade da Semsa e conselheiro representando o segmento da gest\u00e3o, m\u00e9dico Djalma Coelho, destacou que a programa\u00e7\u00e3o \u00e9 tamb\u00e9m uma forma de promover o engajamento dos conselheiros para que possam orientar a popula\u00e7\u00e3o sobre a import\u00e2ncia da preven\u00e7\u00e3o de doen\u00e7as e da promo\u00e7\u00e3o da sa\u00fade.<\/p>\n\n\n\n<p>\u201cA Semana do Controle Social \u00e9 um espa\u00e7o que gestores, trabalhadores e usu\u00e1rios do SUS t\u00eam para discutir os problemas existentes no munic\u00edpio de Manaus e em n\u00edvel local nas UBSs. Todos os conselheiros t\u00eam papel fundamental em fazer com que a popula\u00e7\u00e3o tenha maior engajamento nas a\u00e7\u00f5es de controle de doen\u00e7as como poliomielite e sarampo, que podem ser prevenidas com a vacina\u00e7\u00e3o, e, por exemplo, na preven\u00e7\u00e3o ou detec\u00e7\u00e3o precoce de novos casos de c\u00e2ncer de colo de \u00fatero. A gest\u00e3o da Semsa valoriza muito o envolvimento dos conselheiros na discuss\u00e3o de pol\u00edticas p\u00fablicas e na busca de solu\u00e7\u00f5es para os problemas existentes\u201d, afirmou Djalma Coelho.<\/p>\n\n\n\n<p>A programa\u00e7\u00e3o segue at\u00e9 dia 23\/11 com o envolvimento de gestores, trabalhadores e usu\u00e1rios do SUS da zona Norte (7h30 \u00e0s 11h30) e da zona Leste (13h30 \u00e0s 17h30). O encerramento ser\u00e1 no dia 25\/11 e ter\u00e1 como p\u00fablico-alvo os representantes do controle social do Disa Rural.<\/p>\n\n\n\n<hr class=\"wp-block-separator has-alpha-channel-opacity\"\/>\n\n\n\n<p><strong>Texto \u2013<\/strong>&nbsp;Euriv\u00e2nia Gal\u00facio \/ Semsa<br><strong>Fotos \u2013<\/strong>&nbsp;Divulga\u00e7\u00e3o \/ Semsa<\/p>\n","protected":false},"excerpt":{"rendered":"","protected":false},"author":27,"featured_media":207548,"comment_status":"closed","ping_status":"closed","sticky":false,"template":"","format":"standard","meta":{"footnotes":""},"categories":[3],"tags":[],"acf":[],"yoast_head":"<!-- This site is optimized with the Yoast SEO plugin v23.0 - https:\/\/yoast.com\/wordpress\/plugins\/seo\/ -->\n<title>Gestores, trabalhadores e usu\u00e1rios do SUS participam da 16\u00aa Semana do Controle Social - SEMSA<\/title>\n<meta name=\"robots\" content=\"index, follow, max-snippet:-1, max-image-preview:large, max-video-preview:-1\" \/>\n<link rel=\"canonical\" href=\"https:\/\/www.manaus.am.gov.br\/semsa\/gestores-trabalhadores-e-usuarios-do-sus-participam-da-16a-semana-do-controle-social\/\" \/>\n<meta property=\"og:locale\" content=\"pt_BR\" \/>\n<meta property=\"og:type\" content=\"article\" \/>\n<meta property=\"og:title\" content=\"Gestores, trabalhadores e usu\u00e1rios do SUS participam da 16\u00aa Semana do Controle Social - SEMSA\" \/>\n<meta property=\"og:url\" content=\"https:\/\/www.manaus.am.gov.br\/semsa\/gestores-trabalhadores-e-usuarios-do-sus-participam-da-16a-semana-do-controle-social\/\" \/>\n<meta property=\"og:site_name\" content=\"SEMSA\" \/>\n<meta property=\"article:published_time\" content=\"2022-11-18T19:23:00+00:00\" \/>\n<meta property=\"article:modified_time\" content=\"2023-01-03T15:58:31+00:00\" \/>\n<meta property=\"og:image\" content=\"https:\/\/www.manaus.am.gov.br\/semsa\/wp-content\/uploads\/sites\/8\/2023\/01\/Gestores-trabalhadores-e-usuarios-do-SUS-participam-da-16a-Semana-do-Controle-Social.jpg\" \/>\n\t<meta property=\"og:image:width\" content=\"1024\" \/>\n\t<meta property=\"og:image:height\" content=\"848\" \/>\n\t<meta property=\"og:image:type\" content=\"image\/jpeg\" \/>\n<meta name=\"author\" content=\"Imarketing Digital\" \/>\n<meta name=\"twitter:card\" content=\"summary_large_image\" \/>\n<meta name=\"twitter:label1\" content=\"Written by\" \/>\n\t<meta name=\"twitter:data1\" content=\"Imarketing Digital\" \/>\n\t<meta name=\"twitter:label2\" content=\"Est. reading time\" \/>\n\t<meta name=\"twitter:data2\" content=\"4 minutos\" \/>\n<script type=\"application\/ld+json\" class=\"yoast-schema-graph\">{\"@context\":\"https:\/\/schema.org\",\"@graph\":[{\"@type\":\"WebPage\",\"@id\":\"https:\/\/www.manaus.am.gov.br\/semsa\/gestores-trabalhadores-e-usuarios-do-sus-participam-da-16a-semana-do-controle-social\/\",\"url\":\"https:\/\/www.manaus.am.gov.br\/semsa\/gestores-trabalhadores-e-usuarios-do-sus-participam-da-16a-semana-do-controle-social\/\",\"name\":\"Gestores, trabalhadores e usu\u00e1rios do SUS participam da 16\u00aa Semana do Controle Social - SEMSA\",\"isPartOf\":{\"@id\":\"https:\/\/www.manaus.am.gov.br\/semsa\/#website\"},\"primaryImageOfPage\":{\"@id\":\"https:\/\/www.manaus.am.gov.br\/semsa\/gestores-trabalhadores-e-usuarios-do-sus-participam-da-16a-semana-do-controle-social\/#primaryimage\"},\"image\":{\"@id\":\"https:\/\/www.manaus.am.gov.br\/semsa\/gestores-trabalhadores-e-usuarios-do-sus-participam-da-16a-semana-do-controle-social\/#primaryimage\"},\"thumbnailUrl\":\"https:\/\/www.manaus.am.gov.br\/semsa\/wp-content\/uploads\/sites\/8\/2023\/01\/Gestores-trabalhadores-e-usuarios-do-SUS-participam-da-16a-Semana-do-Controle-Social.jpg\",\"datePublished\":\"2022-11-18T19:23:00+00:00\",\"dateModified\":\"2023-01-03T15:58:31+00:00\",\"author\":{\"@id\":\"https:\/\/www.manaus.am.gov.br\/semsa\/#\/schema\/person\/79525a47ac5902f50493820d995728ee\"},\"inLanguage\":\"pt-BR\",\"potentialAction\":[{\"@type\":\"ReadAction\",\"target\":[\"https:\/\/www.manaus.am.gov.br\/semsa\/gestores-trabalhadores-e-usuarios-do-sus-participam-da-16a-semana-do-controle-social\/\"]}]},{\"@type\":\"ImageObject\",\"inLanguage\":\"pt-BR\",\"@id\":\"https:\/\/www.manaus.am.gov.br\/semsa\/gestores-trabalhadores-e-usuarios-do-sus-participam-da-16a-semana-do-controle-social\/#primaryimage\",\"url\":\"https:\/\/www.manaus.am.gov.br\/semsa\/wp-content\/uploads\/sites\/8\/2023\/01\/Gestores-trabalhadores-e-usuarios-do-SUS-participam-da-16a-Semana-do-Controle-Social.jpg\",\"contentUrl\":\"https:\/\/www.manaus.am.gov.br\/semsa\/wp-content\/uploads\/sites\/8\/2023\/01\/Gestores-trabalhadores-e-usuarios-do-SUS-participam-da-16a-Semana-do-Controle-Social.jpg\",\"width\":1024,\"height\":848,\"caption\":\"Gestores, trabalhadores e usu\u00e1rios do SUS participam da 16\u00aa Semana do Controle Social\"},{\"@type\":\"WebSite\",\"@id\":\"https:\/\/www.manaus.am.gov.br\/semsa\/#website\",\"url\":\"https:\/\/www.manaus.am.gov.br\/semsa\/\",\"name\":\"SEMSA\",\"description\":\"Secretaria Municipal de Sa\u00fade\",\"alternateName\":\"Secretaria Municipal de Sa\u00fade\",\"potentialAction\":[{\"@type\":\"SearchAction\",\"target\":{\"@type\":\"EntryPoint\",\"urlTemplate\":\"https:\/\/www.manaus.am.gov.br\/semsa\/?s={search_term_string}\"},\"query-input\":\"required name=search_term_string\"}],\"inLanguage\":\"pt-BR\"},{\"@type\":\"Person\",\"@id\":\"https:\/\/www.manaus.am.gov.br\/semsa\/#\/schema\/person\/79525a47ac5902f50493820d995728ee\",\"name\":\"Imarketing Digital\",\"image\":{\"@type\":\"ImageObject\",\"inLanguage\":\"pt-BR\",\"@id\":\"https:\/\/www.manaus.am.gov.br\/semsa\/#\/schema\/person\/image\/\",\"url\":\"https:\/\/secure.gravatar.com\/avatar\/03432d3c57b756ed9760f7019c815a3a?s=96&d=mm&r=g\",\"contentUrl\":\"https:\/\/secure.gravatar.com\/avatar\/03432d3c57b756ed9760f7019c815a3a?s=96&d=mm&r=g\",\"caption\":\"Imarketing Digital\"}}]}<\/script>\n<!-- \/ Yoast SEO plugin. -->","yoast_head_json":{"title":"Gestores, trabalhadores e usu\u00e1rios do SUS participam da 16\u00aa Semana do Controle Social - SEMSA","robots":{"index":"index","follow":"follow","max-snippet":"max-snippet:-1","max-image-preview":"max-image-preview:large","max-video-preview":"max-video-preview:-1"},"canonical":"https:\/\/www.manaus.am.gov.br\/semsa\/gestores-trabalhadores-e-usuarios-do-sus-participam-da-16a-semana-do-controle-social\/","og_locale":"pt_BR","og_type":"article","og_title":"Gestores, trabalhadores e usu\u00e1rios do SUS participam da 16\u00aa Semana do Controle Social - SEMSA","og_url":"https:\/\/www.manaus.am.gov.br\/semsa\/gestores-trabalhadores-e-usuarios-do-sus-participam-da-16a-semana-do-controle-social\/","og_site_name":"SEMSA","article_published_time":"2022-11-18T19:23:00+00:00","article_modified_time":"2023-01-03T15:58:31+00:00","og_image":[{"width":1024,"height":848,"url":"https:\/\/www.manaus.am.gov.br\/semsa\/wp-content\/uploads\/sites\/8\/2023\/01\/Gestores-trabalhadores-e-usuarios-do-SUS-participam-da-16a-Semana-do-Controle-Social.jpg","type":"image\/jpeg"}],"author":"Imarketing Digital","twitter_card":"summary_large_image","twitter_misc":{"Written by":"Imarketing Digital","Est. reading time":"4 minutos"},"schema":{"@context":"https:\/\/schema.org","@graph":[{"@type":"WebPage","@id":"https:\/\/www.manaus.am.gov.br\/semsa\/gestores-trabalhadores-e-usuarios-do-sus-participam-da-16a-semana-do-controle-social\/","url":"https:\/\/www.manaus.am.gov.br\/semsa\/gestores-trabalhadores-e-usuarios-do-sus-participam-da-16a-semana-do-controle-social\/","name":"Gestores, trabalhadores e usu\u00e1rios do SUS participam da 16\u00aa Semana do Controle Social - SEMSA","isPartOf":{"@id":"https:\/\/www.manaus.am.gov.br\/semsa\/#website"},"primaryImageOfPage":{"@id":"https:\/\/www.manaus.am.gov.br\/semsa\/gestores-trabalhadores-e-usuarios-do-sus-participam-da-16a-semana-do-controle-social\/#primaryimage"},"image":{"@id":"https:\/\/www.manaus.am.gov.br\/semsa\/gestores-trabalhadores-e-usuarios-do-sus-participam-da-16a-semana-do-controle-social\/#primaryimage"},"thumbnailUrl":"https:\/\/www.manaus.am.gov.br\/semsa\/wp-content\/uploads\/sites\/8\/2023\/01\/Gestores-trabalhadores-e-usuarios-do-SUS-participam-da-16a-Semana-do-Controle-Social.jpg","datePublished":"2022-11-18T19:23:00+00:00","dateModified":"2023-01-03T15:58:31+00:00","author":{"@id":"https:\/\/www.manaus.am.gov.br\/semsa\/#\/schema\/person\/79525a47ac5902f50493820d995728ee"},"inLanguage":"pt-BR","potentialAction":[{"@type":"ReadAction","target":["https:\/\/www.manaus.am.gov.br\/semsa\/gestores-trabalhadores-e-usuarios-do-sus-participam-da-16a-semana-do-controle-social\/"]}]},{"@type":"ImageObject","inLanguage":"pt-BR","@id":"https:\/\/www.manaus.am.gov.br\/semsa\/gestores-trabalhadores-e-usuarios-do-sus-participam-da-16a-semana-do-controle-social\/#primaryimage","url":"https:\/\/www.manaus.am.gov.br\/semsa\/wp-content\/uploads\/sites\/8\/2023\/01\/Gestores-trabalhadores-e-usuarios-do-SUS-participam-da-16a-Semana-do-Controle-Social.jpg","contentUrl":"https:\/\/www.manaus.am.gov.br\/semsa\/wp-content\/uploads\/sites\/8\/2023\/01\/Gestores-trabalhadores-e-usuarios-do-SUS-participam-da-16a-Semana-do-Controle-Social.jpg","width":1024,"height":848,"caption":"Gestores, trabalhadores e usu\u00e1rios do SUS participam da 16\u00aa Semana do Controle Social"},{"@type":"WebSite","@id":"https:\/\/www.manaus.am.gov.br\/semsa\/#website","url":"https:\/\/www.manaus.am.gov.br\/semsa\/","name":"SEMSA","description":"Secretaria Municipal de Sa\u00fade","alternateName":"Secretaria Municipal de Sa\u00fade","potentialAction":[{"@type":"SearchAction","target":{"@type":"EntryPoint","urlTemplate":"https:\/\/www.manaus.am.gov.br\/semsa\/?s={search_term_string}"},"query-input":"required name=search_term_string"}],"inLanguage":"pt-BR"},{"@type":"Person","@id":"https:\/\/www.manaus.am.gov.br\/semsa\/#\/schema\/person\/79525a47ac5902f50493820d995728ee","name":"Imarketing Digital","image":{"@type":"ImageObject","inLanguage":"pt-BR","@id":"https:\/\/www.manaus.am.gov.br\/semsa\/#\/schema\/person\/image\/","url":"https:\/\/secure.gravatar.com\/avatar\/03432d3c57b756ed9760f7019c815a3a?s=96&d=mm&r=g","contentUrl":"https:\/\/secure.gravatar.com\/avatar\/03432d3c57b756ed9760f7019c815a3a?s=96&d=mm&r=g","caption":"Imarketing Digital"}}]}},"_links":{"self":[{"href":"https:\/\/www.manaus.am.gov.br\/semsa\/wp-json\/wp\/v2\/posts\/207547"}],"collection":[{"href":"https:\/\/www.manaus.am.gov.br\/semsa\/wp-json\/wp\/v2\/posts"}],"about":[{"href":"https:\/\/www.manaus.am.gov.br\/semsa\/wp-json\/wp\/v2\/types\/post"}],"author":[{"embeddable":true,"href":"https:\/\/www.manaus.am.gov.br\/semsa\/wp-json\/wp\/v2\/users\/27"}],"replies":[{"embeddable":true,"href":"https:\/\/www.manaus.am.gov.br\/semsa\/wp-json\/wp\/v2\/comments?post=207547"}],"version-history":[{"count":0,"href":"https:\/\/www.manaus.am.gov.br\/semsa\/wp-json\/wp\/v2\/posts\/207547\/revisions"}],"wp:featuredmedia":[{"embeddable":true,"href":"https:\/\/www.manaus.am.gov.br\/semsa\/wp-json\/wp\/v2\/media\/207548"}],"wp:attachment":[{"href":"https:\/\/www.manaus.am.gov.br\/semsa\/wp-json\/wp\/v2\/media?parent=207547"}],"wp:term":[{"taxonomy":"category","embeddable":true,"href":"https:\/\/www.manaus.am.gov.br\/semsa\/wp-json\/wp\/v2\/categories?post=207547"},{"taxonomy":"post_tag","embeddable":true,"href":"https:\/\/www.manaus.am.gov.br\/semsa\/wp-json\/wp\/v2\/tags?post=207547"}],"curies":[{"name":"wp","href":"https:\/\/api.w.org\/{rel}","templated":true}]}}