{"id":207543,"date":"2022-11-21T12:21:00","date_gmt":"2022-11-21T16:21:00","guid":{"rendered":"https:\/\/www.manaus.am.gov.br\/semsa\/ubss-moveis-da-prefeitura-mantem-atendimentos-em-diferentes-pontos-de-manaus-nesta-semana\/"},"modified":"2023-01-03T11:57:42","modified_gmt":"2023-01-03T15:57:42","slug":"ubss-moveis-da-prefeitura-mantem-atendimentos-em-diferentes-pontos-de-manaus-nesta-semana","status":"publish","type":"post","link":"https:\/\/www.manaus.am.gov.br\/semsa\/ubss-moveis-da-prefeitura-mantem-atendimentos-em-diferentes-pontos-de-manaus-nesta-semana\/","title":{"rendered":"UBSs m\u00f3veis da prefeitura mant\u00eam atendimentos em diferentes pontos de Manaus nesta semana"},"content":{"rendered":"\n<p>A Prefeitura de Manaus informa que as Unidades B\u00e1sicas de Sa\u00fade (UBSs) m\u00f3veis seguem ofertando diversos servi\u00e7os, de segunda a sexta-feira, 21\/11 a 25\/11, nos mesmos endere\u00e7os onde estavam posicionadas na semana passada. A popula\u00e7\u00e3o pode buscar o atendimento no hor\u00e1rio de 8h \u00e0s 16h, portando RG, CPF e Cart\u00e3o Nacional de Sa\u00fade (CNS).<\/p>\n\n\n\n<p>O subsecret\u00e1rio municipal de Gest\u00e3o da Sa\u00fade, Djalma Coelho, informa que as UBSs m\u00f3veis est\u00e3o posicionadas nos mesmos locais h\u00e1 cerca de um m\u00eas por conta da alta demanda. Al\u00e9m disso, elas est\u00e3o dando suporte \u00e0s unidades fixas que est\u00e3o sendo revitalizadas pela Prefeitura de Manaus.<\/p>\n\n\n\n<p>\u201cNormalmente, essas unidades atendem por 15 dias em uma localidade, at\u00e9 serem mobilizadas para outro local, mas esse prazo pode ser prorrogado at\u00e9 quando houver necessidade. Elas s\u00e3o posicionadas em locais estrat\u00e9gicos para que a popula\u00e7\u00e3o seja beneficiada com diversos servi\u00e7os de preven\u00e7\u00e3o \u00e0 sa\u00fade\u201d, afirma.<\/p>\n\n\n\n<h2 class=\"wp-block-heading\">Endere\u00e7os<\/h2>\n\n\n\n<p>A UBS m\u00f3vel 01 est\u00e1 na rua&nbsp;Araraboia, s\/n\u00ba,&nbsp;conjunto Viver Melhor I \u2013 2\u00aa Etapa, bairro Lago Azul, zona Norte. Neste local, foi inclu\u00edda a oferta de consultas e procedimentos odontol\u00f3gicos.<\/p>\n\n\n\n<p>A UBS m\u00f3vel 02 est\u00e1 na rua 04, s\/n\u00ba, conjunto Jardim Mau\u00e1, bairro Mauazinho, zona Leste. A estrutura est\u00e1 nas proximidades da UBS L-44, que est\u00e1 passando por obras de revitaliza\u00e7\u00e3o. A UBS m\u00f3vel 03 segue atendendo nas depend\u00eancias da UBS Lindalva Damasceno, na rua 7, bairro Tarum\u00e3, zona Oeste.<\/p>\n\n\n\n<p>A UBS m\u00f3vel 04 mant\u00e9m os atendimentos na rua Canad\u00e1, n\u00ba 276, comunidade Nova Vit\u00f3ria, bairro S\u00e3o Jos\u00e9 Oper\u00e1rio, zona Leste. A popula\u00e7\u00e3o pode acompanhar os endere\u00e7os nas unidades m\u00f3veis no site da Semsa (<a href=\"http:\/\/semsa.manaus.am.gov.br\/\">semsa.manaus.am.gov.br<\/a>) ou diretamente no link&nbsp;<a href=\"http:\/\/bit.ly\/localubsmovel\">bit.ly\/localubsmovel<\/a>.<\/p>\n\n\n\n<p>Com sistema de livre demanda, obedecendo a capacidade instalada, as UBSs m\u00f3veis ofertam os seguintes servi\u00e7os:&nbsp;consulta m\u00e9dica e&nbsp;de&nbsp;enfermagem, coleta&nbsp;de&nbsp;exame preventivo, dispensa\u00e7\u00e3o&nbsp;de&nbsp;medicamentos, testes r\u00e1pidos&nbsp;de&nbsp;Infec\u00e7\u00f5es Sexualmente Transmiss\u00edveis (ISTs), al\u00e9m&nbsp;de&nbsp;inser\u00e7\u00e3o e consulta&nbsp;de&nbsp;procedimentos no Sistema&nbsp;de&nbsp;Regula\u00e7\u00e3o (Sisreg).<\/p>\n\n\n\n<hr class=\"wp-block-separator has-alpha-channel-opacity\"\/>\n\n\n\n<p><strong>Texto<\/strong>&nbsp;\u2013 Victor Cruz \/ Semsa<br><strong>Fotos<\/strong>&nbsp;\u2013 Divulga\u00e7\u00e3o \/ Semsa<\/p>\n","protected":false},"excerpt":{"rendered":"","protected":false},"author":27,"featured_media":207544,"comment_status":"closed","ping_status":"closed","sticky":false,"template":"","format":"standard","meta":{"footnotes":""},"categories":[3],"tags":[],"acf":[],"yoast_head":"<!-- This site is optimized with the Yoast SEO plugin v23.0 - https:\/\/yoast.com\/wordpress\/plugins\/seo\/ -->\n<title>UBSs m\u00f3veis da prefeitura mant\u00eam atendimentos em diferentes pontos de Manaus nesta semana - SEMSA<\/title>\n<meta name=\"robots\" content=\"index, follow, max-snippet:-1, max-image-preview:large, max-video-preview:-1\" \/>\n<link rel=\"canonical\" href=\"https:\/\/www.manaus.am.gov.br\/semsa\/ubss-moveis-da-prefeitura-mantem-atendimentos-em-diferentes-pontos-de-manaus-nesta-semana\/\" \/>\n<meta property=\"og:locale\" content=\"pt_BR\" \/>\n<meta property=\"og:type\" content=\"article\" \/>\n<meta property=\"og:title\" content=\"UBSs m\u00f3veis da prefeitura mant\u00eam atendimentos em diferentes pontos de Manaus nesta semana - SEMSA\" \/>\n<meta property=\"og:url\" content=\"https:\/\/www.manaus.am.gov.br\/semsa\/ubss-moveis-da-prefeitura-mantem-atendimentos-em-diferentes-pontos-de-manaus-nesta-semana\/\" \/>\n<meta property=\"og:site_name\" content=\"SEMSA\" \/>\n<meta property=\"article:published_time\" content=\"2022-11-21T16:21:00+00:00\" \/>\n<meta property=\"article:modified_time\" content=\"2023-01-03T15:57:42+00:00\" \/>\n<meta property=\"og:image\" content=\"https:\/\/www.manaus.am.gov.br\/semsa\/wp-content\/uploads\/sites\/8\/2023\/01\/UBSs-moveis-da-prefeitura-mantem-atendimentos-em-diferentes-pontos-de-Manaus-nesta-semana.jpg\" \/>\n\t<meta property=\"og:image:width\" content=\"720\" \/>\n\t<meta property=\"og:image:height\" content=\"407\" \/>\n\t<meta property=\"og:image:type\" content=\"image\/jpeg\" \/>\n<meta name=\"author\" content=\"Imarketing Digital\" \/>\n<meta name=\"twitter:card\" content=\"summary_large_image\" \/>\n<meta name=\"twitter:label1\" content=\"Written by\" \/>\n\t<meta name=\"twitter:data1\" content=\"Imarketing Digital\" \/>\n\t<meta name=\"twitter:label2\" content=\"Est. reading time\" \/>\n\t<meta name=\"twitter:data2\" content=\"2 minutos\" \/>\n<script type=\"application\/ld+json\" class=\"yoast-schema-graph\">{\"@context\":\"https:\/\/schema.org\",\"@graph\":[{\"@type\":\"WebPage\",\"@id\":\"https:\/\/www.manaus.am.gov.br\/semsa\/ubss-moveis-da-prefeitura-mantem-atendimentos-em-diferentes-pontos-de-manaus-nesta-semana\/\",\"url\":\"https:\/\/www.manaus.am.gov.br\/semsa\/ubss-moveis-da-prefeitura-mantem-atendimentos-em-diferentes-pontos-de-manaus-nesta-semana\/\",\"name\":\"UBSs m\u00f3veis da prefeitura mant\u00eam atendimentos em diferentes pontos de Manaus nesta semana - SEMSA\",\"isPartOf\":{\"@id\":\"https:\/\/www.manaus.am.gov.br\/semsa\/#website\"},\"primaryImageOfPage\":{\"@id\":\"https:\/\/www.manaus.am.gov.br\/semsa\/ubss-moveis-da-prefeitura-mantem-atendimentos-em-diferentes-pontos-de-manaus-nesta-semana\/#primaryimage\"},\"image\":{\"@id\":\"https:\/\/www.manaus.am.gov.br\/semsa\/ubss-moveis-da-prefeitura-mantem-atendimentos-em-diferentes-pontos-de-manaus-nesta-semana\/#primaryimage\"},\"thumbnailUrl\":\"https:\/\/www.manaus.am.gov.br\/semsa\/wp-content\/uploads\/sites\/8\/2023\/01\/UBSs-moveis-da-prefeitura-mantem-atendimentos-em-diferentes-pontos-de-Manaus-nesta-semana.jpg\",\"datePublished\":\"2022-11-21T16:21:00+00:00\",\"dateModified\":\"2023-01-03T15:57:42+00:00\",\"author\":{\"@id\":\"https:\/\/www.manaus.am.gov.br\/semsa\/#\/schema\/person\/79525a47ac5902f50493820d995728ee\"},\"inLanguage\":\"pt-BR\",\"potentialAction\":[{\"@type\":\"ReadAction\",\"target\":[\"https:\/\/www.manaus.am.gov.br\/semsa\/ubss-moveis-da-prefeitura-mantem-atendimentos-em-diferentes-pontos-de-manaus-nesta-semana\/\"]}]},{\"@type\":\"ImageObject\",\"inLanguage\":\"pt-BR\",\"@id\":\"https:\/\/www.manaus.am.gov.br\/semsa\/ubss-moveis-da-prefeitura-mantem-atendimentos-em-diferentes-pontos-de-manaus-nesta-semana\/#primaryimage\",\"url\":\"https:\/\/www.manaus.am.gov.br\/semsa\/wp-content\/uploads\/sites\/8\/2023\/01\/UBSs-moveis-da-prefeitura-mantem-atendimentos-em-diferentes-pontos-de-Manaus-nesta-semana.jpg\",\"contentUrl\":\"https:\/\/www.manaus.am.gov.br\/semsa\/wp-content\/uploads\/sites\/8\/2023\/01\/UBSs-moveis-da-prefeitura-mantem-atendimentos-em-diferentes-pontos-de-Manaus-nesta-semana.jpg\",\"width\":720,\"height\":407,\"caption\":\"UBSs m\u00f3veis da prefeitura mant\u00eam atendimentos em diferentes pontos de Manaus nesta semana\"},{\"@type\":\"WebSite\",\"@id\":\"https:\/\/www.manaus.am.gov.br\/semsa\/#website\",\"url\":\"https:\/\/www.manaus.am.gov.br\/semsa\/\",\"name\":\"SEMSA\",\"description\":\"Secretaria Municipal de Sa\u00fade\",\"alternateName\":\"Secretaria Municipal de Sa\u00fade\",\"potentialAction\":[{\"@type\":\"SearchAction\",\"target\":{\"@type\":\"EntryPoint\",\"urlTemplate\":\"https:\/\/www.manaus.am.gov.br\/semsa\/?s={search_term_string}\"},\"query-input\":\"required name=search_term_string\"}],\"inLanguage\":\"pt-BR\"},{\"@type\":\"Person\",\"@id\":\"https:\/\/www.manaus.am.gov.br\/semsa\/#\/schema\/person\/79525a47ac5902f50493820d995728ee\",\"name\":\"Imarketing Digital\",\"image\":{\"@type\":\"ImageObject\",\"inLanguage\":\"pt-BR\",\"@id\":\"https:\/\/www.manaus.am.gov.br\/semsa\/#\/schema\/person\/image\/\",\"url\":\"https:\/\/secure.gravatar.com\/avatar\/03432d3c57b756ed9760f7019c815a3a?s=96&d=mm&r=g\",\"contentUrl\":\"https:\/\/secure.gravatar.com\/avatar\/03432d3c57b756ed9760f7019c815a3a?s=96&d=mm&r=g\",\"caption\":\"Imarketing Digital\"}}]}<\/script>\n<!-- \/ Yoast SEO plugin. -->","yoast_head_json":{"title":"UBSs m\u00f3veis da prefeitura mant\u00eam atendimentos em diferentes pontos de Manaus nesta semana - SEMSA","robots":{"index":"index","follow":"follow","max-snippet":"max-snippet:-1","max-image-preview":"max-image-preview:large","max-video-preview":"max-video-preview:-1"},"canonical":"https:\/\/www.manaus.am.gov.br\/semsa\/ubss-moveis-da-prefeitura-mantem-atendimentos-em-diferentes-pontos-de-manaus-nesta-semana\/","og_locale":"pt_BR","og_type":"article","og_title":"UBSs m\u00f3veis da prefeitura mant\u00eam atendimentos em diferentes pontos de Manaus nesta semana - SEMSA","og_url":"https:\/\/www.manaus.am.gov.br\/semsa\/ubss-moveis-da-prefeitura-mantem-atendimentos-em-diferentes-pontos-de-manaus-nesta-semana\/","og_site_name":"SEMSA","article_published_time":"2022-11-21T16:21:00+00:00","article_modified_time":"2023-01-03T15:57:42+00:00","og_image":[{"width":720,"height":407,"url":"https:\/\/www.manaus.am.gov.br\/semsa\/wp-content\/uploads\/sites\/8\/2023\/01\/UBSs-moveis-da-prefeitura-mantem-atendimentos-em-diferentes-pontos-de-Manaus-nesta-semana.jpg","type":"image\/jpeg"}],"author":"Imarketing Digital","twitter_card":"summary_large_image","twitter_misc":{"Written by":"Imarketing Digital","Est. reading time":"2 minutos"},"schema":{"@context":"https:\/\/schema.org","@graph":[{"@type":"WebPage","@id":"https:\/\/www.manaus.am.gov.br\/semsa\/ubss-moveis-da-prefeitura-mantem-atendimentos-em-diferentes-pontos-de-manaus-nesta-semana\/","url":"https:\/\/www.manaus.am.gov.br\/semsa\/ubss-moveis-da-prefeitura-mantem-atendimentos-em-diferentes-pontos-de-manaus-nesta-semana\/","name":"UBSs m\u00f3veis da prefeitura mant\u00eam atendimentos em diferentes pontos de Manaus nesta semana - SEMSA","isPartOf":{"@id":"https:\/\/www.manaus.am.gov.br\/semsa\/#website"},"primaryImageOfPage":{"@id":"https:\/\/www.manaus.am.gov.br\/semsa\/ubss-moveis-da-prefeitura-mantem-atendimentos-em-diferentes-pontos-de-manaus-nesta-semana\/#primaryimage"},"image":{"@id":"https:\/\/www.manaus.am.gov.br\/semsa\/ubss-moveis-da-prefeitura-mantem-atendimentos-em-diferentes-pontos-de-manaus-nesta-semana\/#primaryimage"},"thumbnailUrl":"https:\/\/www.manaus.am.gov.br\/semsa\/wp-content\/uploads\/sites\/8\/2023\/01\/UBSs-moveis-da-prefeitura-mantem-atendimentos-em-diferentes-pontos-de-Manaus-nesta-semana.jpg","datePublished":"2022-11-21T16:21:00+00:00","dateModified":"2023-01-03T15:57:42+00:00","author":{"@id":"https:\/\/www.manaus.am.gov.br\/semsa\/#\/schema\/person\/79525a47ac5902f50493820d995728ee"},"inLanguage":"pt-BR","potentialAction":[{"@type":"ReadAction","target":["https:\/\/www.manaus.am.gov.br\/semsa\/ubss-moveis-da-prefeitura-mantem-atendimentos-em-diferentes-pontos-de-manaus-nesta-semana\/"]}]},{"@type":"ImageObject","inLanguage":"pt-BR","@id":"https:\/\/www.manaus.am.gov.br\/semsa\/ubss-moveis-da-prefeitura-mantem-atendimentos-em-diferentes-pontos-de-manaus-nesta-semana\/#primaryimage","url":"https:\/\/www.manaus.am.gov.br\/semsa\/wp-content\/uploads\/sites\/8\/2023\/01\/UBSs-moveis-da-prefeitura-mantem-atendimentos-em-diferentes-pontos-de-Manaus-nesta-semana.jpg","contentUrl":"https:\/\/www.manaus.am.gov.br\/semsa\/wp-content\/uploads\/sites\/8\/2023\/01\/UBSs-moveis-da-prefeitura-mantem-atendimentos-em-diferentes-pontos-de-Manaus-nesta-semana.jpg","width":720,"height":407,"caption":"UBSs m\u00f3veis da prefeitura mant\u00eam atendimentos em diferentes pontos de Manaus nesta semana"},{"@type":"WebSite","@id":"https:\/\/www.manaus.am.gov.br\/semsa\/#website","url":"https:\/\/www.manaus.am.gov.br\/semsa\/","name":"SEMSA","description":"Secretaria Municipal de Sa\u00fade","alternateName":"Secretaria Municipal de Sa\u00fade","potentialAction":[{"@type":"SearchAction","target":{"@type":"EntryPoint","urlTemplate":"https:\/\/www.manaus.am.gov.br\/semsa\/?s={search_term_string}"},"query-input":"required name=search_term_string"}],"inLanguage":"pt-BR"},{"@type":"Person","@id":"https:\/\/www.manaus.am.gov.br\/semsa\/#\/schema\/person\/79525a47ac5902f50493820d995728ee","name":"Imarketing Digital","image":{"@type":"ImageObject","inLanguage":"pt-BR","@id":"https:\/\/www.manaus.am.gov.br\/semsa\/#\/schema\/person\/image\/","url":"https:\/\/secure.gravatar.com\/avatar\/03432d3c57b756ed9760f7019c815a3a?s=96&d=mm&r=g","contentUrl":"https:\/\/secure.gravatar.com\/avatar\/03432d3c57b756ed9760f7019c815a3a?s=96&d=mm&r=g","caption":"Imarketing Digital"}}]}},"_links":{"self":[{"href":"https:\/\/www.manaus.am.gov.br\/semsa\/wp-json\/wp\/v2\/posts\/207543"}],"collection":[{"href":"https:\/\/www.manaus.am.gov.br\/semsa\/wp-json\/wp\/v2\/posts"}],"about":[{"href":"https:\/\/www.manaus.am.gov.br\/semsa\/wp-json\/wp\/v2\/types\/post"}],"author":[{"embeddable":true,"href":"https:\/\/www.manaus.am.gov.br\/semsa\/wp-json\/wp\/v2\/users\/27"}],"replies":[{"embeddable":true,"href":"https:\/\/www.manaus.am.gov.br\/semsa\/wp-json\/wp\/v2\/comments?post=207543"}],"version-history":[{"count":0,"href":"https:\/\/www.manaus.am.gov.br\/semsa\/wp-json\/wp\/v2\/posts\/207543\/revisions"}],"wp:featuredmedia":[{"embeddable":true,"href":"https:\/\/www.manaus.am.gov.br\/semsa\/wp-json\/wp\/v2\/media\/207544"}],"wp:attachment":[{"href":"https:\/\/www.manaus.am.gov.br\/semsa\/wp-json\/wp\/v2\/media?parent=207543"}],"wp:term":[{"taxonomy":"category","embeddable":true,"href":"https:\/\/www.manaus.am.gov.br\/semsa\/wp-json\/wp\/v2\/categories?post=207543"},{"taxonomy":"post_tag","embeddable":true,"href":"https:\/\/www.manaus.am.gov.br\/semsa\/wp-json\/wp\/v2\/tags?post=207543"}],"curies":[{"name":"wp","href":"https:\/\/api.w.org\/{rel}","templated":true}]}}