{"id":207525,"date":"2022-12-12T17:37:00","date_gmt":"2022-12-12T21:37:00","guid":{"rendered":"https:\/\/www.manaus.am.gov.br\/semsa\/ubss-moveis-da-prefeitura-mantem-atendimentos-nas-zonas-norte-leste-e-oeste-de-manaus\/"},"modified":"2023-01-03T11:56:00","modified_gmt":"2023-01-03T15:56:00","slug":"ubss-moveis-da-prefeitura-mantem-atendimentos-nas-zonas-norte-leste-e-oeste-de-manaus","status":"publish","type":"post","link":"https:\/\/www.manaus.am.gov.br\/semsa\/ubss-moveis-da-prefeitura-mantem-atendimentos-nas-zonas-norte-leste-e-oeste-de-manaus\/","title":{"rendered":"UBSs M\u00f3veis da prefeitura mant\u00eam atendimentos nas zonas Norte, Leste e Oeste de Manaus"},"content":{"rendered":"\n<p>Unidades B\u00e1sicas de Sa\u00fade (UBSs) M\u00f3veis, gerenciadas pela Prefeitura de Manaus, seguem ofertando diversos servi\u00e7os nesta semana, de segunda a sexta-feira, 12 a 16\/12, nos mesmos endere\u00e7os da semana passada. A Secretaria Municipal de Sa\u00fade (Semsa) est\u00e1 beneficiando moradores dos bairros Lago Azul, zona Norte; Mauazinho, zona Leste; e Tarum\u00e3 e Santo Ant\u00f4nio, ambos na zona Oeste.<\/p>\n\n\n\n<p>O gerente de Promo\u00e7\u00e3o \u00e0 Sa\u00fade da Diretoria de Aten\u00e7\u00e3o Prim\u00e1ria da Semsa, Tayanan Medeiros, explica os usu\u00e1rios podem buscar os atendimentos no hor\u00e1rio das 8h \u00e0s 16h, sem necessidade de agendamento, conforme a capacidade di\u00e1ria da unidade, portando RG, CPF e Cart\u00e3o Nacional de Sa\u00fade (CNS).<\/p>\n\n\n\n<p>\u201cSe houver uma UBS M\u00f3vel perto da sua casa, aproveite para acessar uma carteira de servi\u00e7os variada, que busca promover a sa\u00fade da nossa popula\u00e7\u00e3o. O p\u00fablico pode realizar testes r\u00e1pidos de Infec\u00e7\u00f5es Sexualmente Transmiss\u00edveis, consultas m\u00e9dicas e de enfermagem, coleta de exame preventivo, retirada de medica\u00e7\u00e3o, al\u00e9m de consultar ou inserir procedimentos no Sisreg (Sistema de Regula\u00e7\u00e3o)\u201d, conta.<\/p>\n\n\n\n<p>Na zona Norte, a UBS M\u00f3vel 1 est\u00e1&nbsp;rua Araraboia, s\/n\u00ba, conjunto Viver Melhor I \u2013 2\u00aa Etapa, bairro Lago Azul, onde tamb\u00e9m \u00e9 ofertada consulta e procedimentos odontol\u00f3gicos. Na zona Leste, a UBS M\u00f3vel 02 est\u00e1 na rua 4, s\/n\u00ba, conjunto Jardim Mau\u00e1, bairro Mauazinho.<\/p>\n\n\n\n<p>J\u00e1 na zona Oeste, a UBS M\u00f3vel 04 est\u00e1 realizando atendimentos na feira do Santo Ant\u00f4nio, na&nbsp;<a href=\"https:\/\/www.google.com\/maps\/search\/rua+Comendador+Vicente+Cruz,+n%C2%B0+439?entry=gmail&amp;source=g\">rua Comendador Vicente Cruz, n\u00b0 439<\/a>, bairro Santo Ant\u00f4nio; e a UBS M\u00f3vel 3 segue nas depend\u00eancias da&nbsp;UBS&nbsp;Lindalva Damasceno, na rua 7, bairro Tarum\u00e3.<\/p>\n\n\n\n<p>Os endere\u00e7os das unidades&nbsp;m\u00f3veis, assim como servi\u00e7os e documentos necess\u00e1rios, podem ser conferidos no site da Semsa&nbsp;(<a href=\"http:\/\/semsa.manaus.am.gov.br\/\">semsa.manaus.am.gov.br<\/a>)&nbsp;ou diretamente no link&nbsp;<a href=\"http:\/\/bit.ly\/localubsmovel\">bit.ly\/localubsmovel<\/a>.<\/p>\n\n\n\n<p>\u201cA proposta das UBSs M\u00f3veis da Semsa \u00e9 justamente levar servi\u00e7os e atendimentos em sa\u00fade para a popula\u00e7\u00e3o que vive em \u2018vazios assistenciais\u2019, ou seja, \u00e1reas territoriais que possuem dificuldades de acesso \u00e0s unidades fixas da Aten\u00e7\u00e3o Prim\u00e1ria. O objetivo \u00e9 garantir que todos os moradores da nossa cidade tenham garantidos os servi\u00e7os do SUS (Sistema \u00danico de Sa\u00fade)\u201d, explica Tayanan.<\/p>\n\n\n\n<hr class=\"wp-block-separator has-alpha-channel-opacity\"\/>\n\n\n\n<p><strong>Texto \u2013&nbsp;<\/strong>Victor Cruz \/ Semsa<br><strong>Fotos \u2013&nbsp;<\/strong>Divulga\u00e7\u00e3o \/ Semsa<\/p>\n","protected":false},"excerpt":{"rendered":"","protected":false},"author":27,"featured_media":207526,"comment_status":"closed","ping_status":"closed","sticky":false,"template":"","format":"standard","meta":{"footnotes":""},"categories":[3],"tags":[],"acf":[],"yoast_head":"<!-- This site is optimized with the Yoast SEO plugin v23.0 - https:\/\/yoast.com\/wordpress\/plugins\/seo\/ -->\n<title>UBSs M\u00f3veis da prefeitura mant\u00eam atendimentos nas zonas Norte, Leste e Oeste de Manaus - SEMSA<\/title>\n<meta name=\"robots\" content=\"index, follow, max-snippet:-1, max-image-preview:large, max-video-preview:-1\" \/>\n<link rel=\"canonical\" href=\"https:\/\/www.manaus.am.gov.br\/semsa\/ubss-moveis-da-prefeitura-mantem-atendimentos-nas-zonas-norte-leste-e-oeste-de-manaus\/\" \/>\n<meta property=\"og:locale\" content=\"pt_BR\" \/>\n<meta property=\"og:type\" content=\"article\" \/>\n<meta property=\"og:title\" content=\"UBSs M\u00f3veis da prefeitura mant\u00eam atendimentos nas zonas Norte, Leste e Oeste de Manaus - SEMSA\" \/>\n<meta property=\"og:url\" content=\"https:\/\/www.manaus.am.gov.br\/semsa\/ubss-moveis-da-prefeitura-mantem-atendimentos-nas-zonas-norte-leste-e-oeste-de-manaus\/\" \/>\n<meta property=\"og:site_name\" content=\"SEMSA\" \/>\n<meta property=\"article:published_time\" content=\"2022-12-12T21:37:00+00:00\" \/>\n<meta property=\"article:modified_time\" content=\"2023-01-03T15:56:00+00:00\" \/>\n<meta property=\"og:image\" content=\"https:\/\/www.manaus.am.gov.br\/semsa\/wp-content\/uploads\/sites\/8\/2023\/01\/UBSs-Moveis-da-prefeitura-mantem-atendimentos-nas-zonas-Norte-Leste-e-Oeste-de-Manaus.jpg\" \/>\n\t<meta property=\"og:image:width\" content=\"1200\" \/>\n\t<meta property=\"og:image:height\" content=\"800\" \/>\n\t<meta property=\"og:image:type\" content=\"image\/jpeg\" \/>\n<meta name=\"author\" content=\"Imarketing Digital\" \/>\n<meta name=\"twitter:card\" content=\"summary_large_image\" \/>\n<meta name=\"twitter:label1\" content=\"Written by\" \/>\n\t<meta name=\"twitter:data1\" content=\"Imarketing Digital\" \/>\n\t<meta name=\"twitter:label2\" content=\"Est. reading time\" \/>\n\t<meta name=\"twitter:data2\" content=\"2 minutos\" \/>\n<script type=\"application\/ld+json\" class=\"yoast-schema-graph\">{\"@context\":\"https:\/\/schema.org\",\"@graph\":[{\"@type\":\"WebPage\",\"@id\":\"https:\/\/www.manaus.am.gov.br\/semsa\/ubss-moveis-da-prefeitura-mantem-atendimentos-nas-zonas-norte-leste-e-oeste-de-manaus\/\",\"url\":\"https:\/\/www.manaus.am.gov.br\/semsa\/ubss-moveis-da-prefeitura-mantem-atendimentos-nas-zonas-norte-leste-e-oeste-de-manaus\/\",\"name\":\"UBSs M\u00f3veis da prefeitura mant\u00eam atendimentos nas zonas Norte, Leste e Oeste de Manaus - SEMSA\",\"isPartOf\":{\"@id\":\"https:\/\/www.manaus.am.gov.br\/semsa\/#website\"},\"primaryImageOfPage\":{\"@id\":\"https:\/\/www.manaus.am.gov.br\/semsa\/ubss-moveis-da-prefeitura-mantem-atendimentos-nas-zonas-norte-leste-e-oeste-de-manaus\/#primaryimage\"},\"image\":{\"@id\":\"https:\/\/www.manaus.am.gov.br\/semsa\/ubss-moveis-da-prefeitura-mantem-atendimentos-nas-zonas-norte-leste-e-oeste-de-manaus\/#primaryimage\"},\"thumbnailUrl\":\"https:\/\/www.manaus.am.gov.br\/semsa\/wp-content\/uploads\/sites\/8\/2023\/01\/UBSs-Moveis-da-prefeitura-mantem-atendimentos-nas-zonas-Norte-Leste-e-Oeste-de-Manaus.jpg\",\"datePublished\":\"2022-12-12T21:37:00+00:00\",\"dateModified\":\"2023-01-03T15:56:00+00:00\",\"author\":{\"@id\":\"https:\/\/www.manaus.am.gov.br\/semsa\/#\/schema\/person\/79525a47ac5902f50493820d995728ee\"},\"inLanguage\":\"pt-BR\",\"potentialAction\":[{\"@type\":\"ReadAction\",\"target\":[\"https:\/\/www.manaus.am.gov.br\/semsa\/ubss-moveis-da-prefeitura-mantem-atendimentos-nas-zonas-norte-leste-e-oeste-de-manaus\/\"]}]},{\"@type\":\"ImageObject\",\"inLanguage\":\"pt-BR\",\"@id\":\"https:\/\/www.manaus.am.gov.br\/semsa\/ubss-moveis-da-prefeitura-mantem-atendimentos-nas-zonas-norte-leste-e-oeste-de-manaus\/#primaryimage\",\"url\":\"https:\/\/www.manaus.am.gov.br\/semsa\/wp-content\/uploads\/sites\/8\/2023\/01\/UBSs-Moveis-da-prefeitura-mantem-atendimentos-nas-zonas-Norte-Leste-e-Oeste-de-Manaus.jpg\",\"contentUrl\":\"https:\/\/www.manaus.am.gov.br\/semsa\/wp-content\/uploads\/sites\/8\/2023\/01\/UBSs-Moveis-da-prefeitura-mantem-atendimentos-nas-zonas-Norte-Leste-e-Oeste-de-Manaus.jpg\",\"width\":1200,\"height\":800,\"caption\":\"UBSs M\u00f3veis da prefeitura mant\u00eam atendimentos nas zonas Norte, Leste e Oeste de Manaus\"},{\"@type\":\"WebSite\",\"@id\":\"https:\/\/www.manaus.am.gov.br\/semsa\/#website\",\"url\":\"https:\/\/www.manaus.am.gov.br\/semsa\/\",\"name\":\"SEMSA\",\"description\":\"Secretaria Municipal de Sa\u00fade\",\"alternateName\":\"Secretaria Municipal de Sa\u00fade\",\"potentialAction\":[{\"@type\":\"SearchAction\",\"target\":{\"@type\":\"EntryPoint\",\"urlTemplate\":\"https:\/\/www.manaus.am.gov.br\/semsa\/?s={search_term_string}\"},\"query-input\":\"required name=search_term_string\"}],\"inLanguage\":\"pt-BR\"},{\"@type\":\"Person\",\"@id\":\"https:\/\/www.manaus.am.gov.br\/semsa\/#\/schema\/person\/79525a47ac5902f50493820d995728ee\",\"name\":\"Imarketing Digital\",\"image\":{\"@type\":\"ImageObject\",\"inLanguage\":\"pt-BR\",\"@id\":\"https:\/\/www.manaus.am.gov.br\/semsa\/#\/schema\/person\/image\/\",\"url\":\"https:\/\/secure.gravatar.com\/avatar\/03432d3c57b756ed9760f7019c815a3a?s=96&d=mm&r=g\",\"contentUrl\":\"https:\/\/secure.gravatar.com\/avatar\/03432d3c57b756ed9760f7019c815a3a?s=96&d=mm&r=g\",\"caption\":\"Imarketing Digital\"}}]}<\/script>\n<!-- \/ Yoast SEO plugin. -->","yoast_head_json":{"title":"UBSs M\u00f3veis da prefeitura mant\u00eam atendimentos nas zonas Norte, Leste e Oeste de Manaus - SEMSA","robots":{"index":"index","follow":"follow","max-snippet":"max-snippet:-1","max-image-preview":"max-image-preview:large","max-video-preview":"max-video-preview:-1"},"canonical":"https:\/\/www.manaus.am.gov.br\/semsa\/ubss-moveis-da-prefeitura-mantem-atendimentos-nas-zonas-norte-leste-e-oeste-de-manaus\/","og_locale":"pt_BR","og_type":"article","og_title":"UBSs M\u00f3veis da prefeitura mant\u00eam atendimentos nas zonas Norte, Leste e Oeste de Manaus - SEMSA","og_url":"https:\/\/www.manaus.am.gov.br\/semsa\/ubss-moveis-da-prefeitura-mantem-atendimentos-nas-zonas-norte-leste-e-oeste-de-manaus\/","og_site_name":"SEMSA","article_published_time":"2022-12-12T21:37:00+00:00","article_modified_time":"2023-01-03T15:56:00+00:00","og_image":[{"width":1200,"height":800,"url":"https:\/\/www.manaus.am.gov.br\/semsa\/wp-content\/uploads\/sites\/8\/2023\/01\/UBSs-Moveis-da-prefeitura-mantem-atendimentos-nas-zonas-Norte-Leste-e-Oeste-de-Manaus.jpg","type":"image\/jpeg"}],"author":"Imarketing Digital","twitter_card":"summary_large_image","twitter_misc":{"Written by":"Imarketing Digital","Est. reading time":"2 minutos"},"schema":{"@context":"https:\/\/schema.org","@graph":[{"@type":"WebPage","@id":"https:\/\/www.manaus.am.gov.br\/semsa\/ubss-moveis-da-prefeitura-mantem-atendimentos-nas-zonas-norte-leste-e-oeste-de-manaus\/","url":"https:\/\/www.manaus.am.gov.br\/semsa\/ubss-moveis-da-prefeitura-mantem-atendimentos-nas-zonas-norte-leste-e-oeste-de-manaus\/","name":"UBSs M\u00f3veis da prefeitura mant\u00eam atendimentos nas zonas Norte, Leste e Oeste de Manaus - SEMSA","isPartOf":{"@id":"https:\/\/www.manaus.am.gov.br\/semsa\/#website"},"primaryImageOfPage":{"@id":"https:\/\/www.manaus.am.gov.br\/semsa\/ubss-moveis-da-prefeitura-mantem-atendimentos-nas-zonas-norte-leste-e-oeste-de-manaus\/#primaryimage"},"image":{"@id":"https:\/\/www.manaus.am.gov.br\/semsa\/ubss-moveis-da-prefeitura-mantem-atendimentos-nas-zonas-norte-leste-e-oeste-de-manaus\/#primaryimage"},"thumbnailUrl":"https:\/\/www.manaus.am.gov.br\/semsa\/wp-content\/uploads\/sites\/8\/2023\/01\/UBSs-Moveis-da-prefeitura-mantem-atendimentos-nas-zonas-Norte-Leste-e-Oeste-de-Manaus.jpg","datePublished":"2022-12-12T21:37:00+00:00","dateModified":"2023-01-03T15:56:00+00:00","author":{"@id":"https:\/\/www.manaus.am.gov.br\/semsa\/#\/schema\/person\/79525a47ac5902f50493820d995728ee"},"inLanguage":"pt-BR","potentialAction":[{"@type":"ReadAction","target":["https:\/\/www.manaus.am.gov.br\/semsa\/ubss-moveis-da-prefeitura-mantem-atendimentos-nas-zonas-norte-leste-e-oeste-de-manaus\/"]}]},{"@type":"ImageObject","inLanguage":"pt-BR","@id":"https:\/\/www.manaus.am.gov.br\/semsa\/ubss-moveis-da-prefeitura-mantem-atendimentos-nas-zonas-norte-leste-e-oeste-de-manaus\/#primaryimage","url":"https:\/\/www.manaus.am.gov.br\/semsa\/wp-content\/uploads\/sites\/8\/2023\/01\/UBSs-Moveis-da-prefeitura-mantem-atendimentos-nas-zonas-Norte-Leste-e-Oeste-de-Manaus.jpg","contentUrl":"https:\/\/www.manaus.am.gov.br\/semsa\/wp-content\/uploads\/sites\/8\/2023\/01\/UBSs-Moveis-da-prefeitura-mantem-atendimentos-nas-zonas-Norte-Leste-e-Oeste-de-Manaus.jpg","width":1200,"height":800,"caption":"UBSs M\u00f3veis da prefeitura mant\u00eam atendimentos nas zonas Norte, Leste e Oeste de Manaus"},{"@type":"WebSite","@id":"https:\/\/www.manaus.am.gov.br\/semsa\/#website","url":"https:\/\/www.manaus.am.gov.br\/semsa\/","name":"SEMSA","description":"Secretaria Municipal de Sa\u00fade","alternateName":"Secretaria Municipal de Sa\u00fade","potentialAction":[{"@type":"SearchAction","target":{"@type":"EntryPoint","urlTemplate":"https:\/\/www.manaus.am.gov.br\/semsa\/?s={search_term_string}"},"query-input":"required name=search_term_string"}],"inLanguage":"pt-BR"},{"@type":"Person","@id":"https:\/\/www.manaus.am.gov.br\/semsa\/#\/schema\/person\/79525a47ac5902f50493820d995728ee","name":"Imarketing Digital","image":{"@type":"ImageObject","inLanguage":"pt-BR","@id":"https:\/\/www.manaus.am.gov.br\/semsa\/#\/schema\/person\/image\/","url":"https:\/\/secure.gravatar.com\/avatar\/03432d3c57b756ed9760f7019c815a3a?s=96&d=mm&r=g","contentUrl":"https:\/\/secure.gravatar.com\/avatar\/03432d3c57b756ed9760f7019c815a3a?s=96&d=mm&r=g","caption":"Imarketing Digital"}}]}},"_links":{"self":[{"href":"https:\/\/www.manaus.am.gov.br\/semsa\/wp-json\/wp\/v2\/posts\/207525"}],"collection":[{"href":"https:\/\/www.manaus.am.gov.br\/semsa\/wp-json\/wp\/v2\/posts"}],"about":[{"href":"https:\/\/www.manaus.am.gov.br\/semsa\/wp-json\/wp\/v2\/types\/post"}],"author":[{"embeddable":true,"href":"https:\/\/www.manaus.am.gov.br\/semsa\/wp-json\/wp\/v2\/users\/27"}],"replies":[{"embeddable":true,"href":"https:\/\/www.manaus.am.gov.br\/semsa\/wp-json\/wp\/v2\/comments?post=207525"}],"version-history":[{"count":0,"href":"https:\/\/www.manaus.am.gov.br\/semsa\/wp-json\/wp\/v2\/posts\/207525\/revisions"}],"wp:featuredmedia":[{"embeddable":true,"href":"https:\/\/www.manaus.am.gov.br\/semsa\/wp-json\/wp\/v2\/media\/207526"}],"wp:attachment":[{"href":"https:\/\/www.manaus.am.gov.br\/semsa\/wp-json\/wp\/v2\/media?parent=207525"}],"wp:term":[{"taxonomy":"category","embeddable":true,"href":"https:\/\/www.manaus.am.gov.br\/semsa\/wp-json\/wp\/v2\/categories?post=207525"},{"taxonomy":"post_tag","embeddable":true,"href":"https:\/\/www.manaus.am.gov.br\/semsa\/wp-json\/wp\/v2\/tags?post=207525"}],"curies":[{"name":"wp","href":"https:\/\/api.w.org\/{rel}","templated":true}]}}