{"id":15376,"date":"2026-08-18T09:40:42","date_gmt":"2026-08-18T13:40:42","guid":{"rendered":"https:\/\/www.manaus.am.gov.br\/semmas\/prefeitura-semmas-prevencaoqueimadas\/"},"modified":"2026-08-18T13:10:55","modified_gmt":"2026-08-18T17:10:55","slug":"prefeitura-semmas-prevencao-queimadas","status":"publish","type":"post","link":"https:\/\/www.manaus.am.gov.br\/semmas\/prefeitura-semmas-prevencao-queimadas\/","title":{"rendered":"Prefeitura de Manaus intensifica a\u00e7\u00f5es integradas e uso de tecnologia na preven\u00e7\u00e3o contra queimadas urbanas"},"content":{"rendered":"\n<p>Com a chegada do per\u00edodo de estiagem, a <a href=\"https:\/\/www.manaus.am.gov.br\/\">Prefeitura de Manaus<\/a>, por meio da <a href=\"https:\/\/www.instagram.com\/semmas.manaus\/\">Secretaria Municipal de Meio Ambiente e Sustentabilidade<\/a> (Semmas), refor\u00e7ou o plano operacional e as campanhas educativas voltadas \u00e0 preven\u00e7\u00e3o, de queimadas irregulares de res\u00edduos e de vegeta\u00e7\u00e3o na cidade. A estrat\u00e9gia municipal concentra esfor\u00e7os na preserva\u00e7\u00e3o da qualidade do ar e na conten\u00e7\u00e3o de danos \u00e0 sa\u00fade p\u00fablica causados pela fuma\u00e7a.<\/p>\n\n\n\n<p>Entre as principais frentes de trabalho adotadas pelo Comit\u00ea Municipal de Combate \u00e0s Queimadas est\u00e3o o monitoramento tecnol\u00f3gico, realizado por meio da utiliza\u00e7\u00e3o de drones de alta precis\u00e3o equipados com sensores t\u00e9rmicos para mapear e localizar precocemente os focos de calor; a fiscaliza\u00e7\u00e3o em campo, com rondas conjuntas da Guarda Ambiental Municipal em \u00e1reas cr\u00edticas e nas faixas de transi\u00e7\u00e3o entre as zonas urbana e rural; e a educa\u00e7\u00e3o e conscientiza\u00e7\u00e3o, por meio de blitze educativas em vias arteriais, al\u00e9m da realiza\u00e7\u00e3o de palestras e oficinas em escolas municipais e bairros com hist\u00f3rico de incid\u00eancia.<\/p>\n\n\n\n<p>O titular da Semmas, Fransu\u00e1 Matos, destacou o alinhamento intersetorial da administra\u00e7\u00e3o municipal para mitigar ocorr\u00eancias na capital. \u201c\u00c9 uma determina\u00e7\u00e3o do prefeito Renato Junior que as secretarias estejam unidas em a\u00e7\u00f5es para a preven\u00e7\u00e3o das queimadas. J\u00e1 temos registradas cinco ocorr\u00eancias em 2026 em Manaus.&nbsp; No ano passado, a cidade foi uma das \u00faltimas colocadas do Estado nos indicadores de focos de inc\u00eandio, monitorados pelo Inpe (Instituto Nacional de Pesquisas Espaciais)\u201d, enfatizou o secret\u00e1rio.<\/p>\n\n\n\n<p><strong>Como denunciar<\/strong><\/p>\n\n\n\n<p>A colabora\u00e7\u00e3o da popula\u00e7\u00e3o \u00e9 indispens\u00e1vel para combater a pr\u00e1tica ilegal de queimar lixo, folhas secas ou terrenos baldios. Para denunciar ou solicitar a atua\u00e7\u00e3o dos \u00f3rg\u00e3os de fiscaliza\u00e7\u00e3o, os cidad\u00e3os disp\u00f5em de diferentes canais. Pelo Disque 153, \u00e9 poss\u00edvel acionar a Guarda Municipal de Manaus. J\u00e1 o&nbsp;registro on-line formal com envio de endere\u00e7o e evid\u00eancias (fotos ou v\u00eddeos) pelo portal&nbsp;<a href=\"http:\/\/slim.manaus.am.gov.br\/\" target=\"_blank\" rel=\"noreferrer noopener\">slim.manaus.am.gov.br<\/a>.<\/p>\n","protected":false},"excerpt":{"rendered":"","protected":false},"author":23,"featured_media":15377,"comment_status":"closed","ping_status":"closed","sticky":false,"template":"","format":"standard","meta":{"footnotes":""},"categories":[1432],"tags":[1417,11,1433,450,15,1434],"acf":[],"yoast_head":"<!-- This site is optimized with the Yoast SEO plugin v23.0 - https:\/\/yoast.com\/wordpress\/plugins\/seo\/ -->\n<title>Prefeitura de Manaus intensifica a\u00e7\u00f5es integradas e uso de tecnologia na preven\u00e7\u00e3o contra queimadas urbanas<\/title>\n<meta name=\"description\" content=\"Com a chegada do per\u00edodo de estiagem, a Prefeitura de Manaus, por meio da Secretaria Municipal de Meio Ambiente e Sustentabilidade (Semmas), refor\u00e7ou o plano operacional e as campanhas educativas voltadas \u00e0 preven\u00e7\u00e3o, \u00e0 queimada irregular de res\u00edduos e de vegeta\u00e7\u00e3o na cidade. A estrat\u00e9gia municipal concentra esfor\u00e7os na preserva\u00e7\u00e3o da qualidade do ar e na conten\u00e7\u00e3o de danos \u00e0 sa\u00fade p\u00fablica causados pela fuma\u00e7a.\" \/>\n<meta name=\"robots\" content=\"noindex, follow\" \/>\n<meta property=\"og:locale\" content=\"pt_BR\" \/>\n<meta property=\"og:type\" content=\"article\" \/>\n<meta property=\"og:title\" content=\"Prefeitura de Manaus intensifica a\u00e7\u00f5es integradas e uso de tecnologia na preven\u00e7\u00e3o contra queimadas urbanas\" \/>\n<meta property=\"og:description\" content=\"Com a chegada do per\u00edodo de estiagem, a Prefeitura de Manaus, por meio da Secretaria Municipal de Meio Ambiente e Sustentabilidade (Semmas), refor\u00e7ou o plano operacional e as campanhas educativas voltadas \u00e0 preven\u00e7\u00e3o, \u00e0 queimada irregular de res\u00edduos e de vegeta\u00e7\u00e3o na cidade. A estrat\u00e9gia municipal concentra esfor\u00e7os na preserva\u00e7\u00e3o da qualidade do ar e na conten\u00e7\u00e3o de danos \u00e0 sa\u00fade p\u00fablica causados pela fuma\u00e7a.\" \/>\n<meta property=\"og:url\" content=\"https:\/\/www.manaus.am.gov.br\/semmas\/prefeitura-semmas-prevencaoqueimadas\/\" \/>\n<meta property=\"og:site_name\" content=\"SEMMAS\" \/>\n<meta property=\"article:publisher\" content=\"https:\/\/www.facebook.com\/SemmasManaus\" \/>\n<meta property=\"article:published_time\" content=\"2026-08-18T13:40:42+00:00\" \/>\n<meta property=\"article:modified_time\" content=\"2026-08-18T17:10:55+00:00\" \/>\n<meta property=\"og:image\" content=\"https:\/\/www.manaus.am.gov.br\/semmas\/wp-content\/uploads\/sites\/26\/2026\/08\/55446800179_ae614584d5_c.jpg\" \/>\n\t<meta property=\"og:image:width\" content=\"799\" \/>\n\t<meta property=\"og:image:height\" content=\"533\" \/>\n\t<meta property=\"og:image:type\" content=\"image\/jpeg\" \/>\n<meta name=\"author\" content=\"Adriana Costa\" \/>\n<meta name=\"twitter:card\" content=\"summary_large_image\" \/>\n<meta name=\"twitter:label1\" content=\"Written by\" \/>\n\t<meta name=\"twitter:data1\" content=\"Adriana Costa\" \/>\n\t<meta name=\"twitter:label2\" content=\"Est. reading time\" \/>\n\t<meta name=\"twitter:data2\" content=\"2 minutos\" \/>\n<script type=\"application\/ld+json\" class=\"yoast-schema-graph\">{\"@context\":\"https:\/\/schema.org\",\"@graph\":[{\"@type\":\"Article\",\"@id\":\"https:\/\/www.manaus.am.gov.br\/semmas\/prefeitura-semmas-prevencaoqueimadas\/#article\",\"isPartOf\":{\"@id\":\"https:\/\/www.manaus.am.gov.br\/semmas\/prefeitura-semmas-prevencaoqueimadas\/\"},\"author\":{\"name\":\"Adriana Costa\",\"@id\":\"https:\/\/www.manaus.am.gov.br\/semmas\/#\/schema\/person\/4e49f4e267757a06ca072ec61b2b9968\"},\"headline\":\"Prefeitura de Manaus intensifica a\u00e7\u00f5es integradas e uso de tecnologia na preven\u00e7\u00e3o contra queimadas urbanas\",\"datePublished\":\"2026-08-18T13:40:42+00:00\",\"dateModified\":\"2026-08-18T17:10:55+00:00\",\"mainEntityOfPage\":{\"@id\":\"https:\/\/www.manaus.am.gov.br\/semmas\/prefeitura-semmas-prevencaoqueimadas\/\"},\"wordCount\":364,\"publisher\":{\"@id\":\"https:\/\/www.manaus.am.gov.br\/semmas\/#organization\"},\"image\":{\"@id\":\"https:\/\/www.manaus.am.gov.br\/semmas\/prefeitura-semmas-prevencaoqueimadas\/#primaryimage\"},\"thumbnailUrl\":\"https:\/\/www.manaus.am.gov.br\/semmas\/wp-content\/uploads\/sites\/26\/2026\/08\/55446800179_ae614584d5_c.jpg\",\"keywords\":[\"a\u00e7\u00f5es integradas\",\"prefeitura de manaus\",\"preven\u00e7\u00e3o\",\"queimadas\",\"semmas\",\"uso de tecnologia\"],\"articleSection\":[\"Preven\u00e7\u00e3o\"],\"inLanguage\":\"pt-BR\"},{\"@type\":\"WebPage\",\"@id\":\"https:\/\/www.manaus.am.gov.br\/semmas\/prefeitura-semmas-prevencaoqueimadas\/\",\"url\":\"https:\/\/www.manaus.am.gov.br\/semmas\/prefeitura-semmas-prevencaoqueimadas\/\",\"name\":\"Prefeitura de Manaus intensifica a\u00e7\u00f5es integradas e uso de tecnologia na preven\u00e7\u00e3o contra queimadas urbanas\",\"isPartOf\":{\"@id\":\"https:\/\/www.manaus.am.gov.br\/semmas\/#website\"},\"primaryImageOfPage\":{\"@id\":\"https:\/\/www.manaus.am.gov.br\/semmas\/prefeitura-semmas-prevencaoqueimadas\/#primaryimage\"},\"image\":{\"@id\":\"https:\/\/www.manaus.am.gov.br\/semmas\/prefeitura-semmas-prevencaoqueimadas\/#primaryimage\"},\"thumbnailUrl\":\"https:\/\/www.manaus.am.gov.br\/semmas\/wp-content\/uploads\/sites\/26\/2026\/08\/55446800179_ae614584d5_c.jpg\",\"datePublished\":\"2026-08-18T13:40:42+00:00\",\"dateModified\":\"2026-08-18T17:10:55+00:00\",\"description\":\"Com a chegada do per\u00edodo de estiagem, a Prefeitura de Manaus, por meio da Secretaria Municipal de Meio Ambiente e Sustentabilidade (Semmas), refor\u00e7ou o plano operacional e as campanhas educativas voltadas \u00e0 preven\u00e7\u00e3o, \u00e0 queimada irregular de res\u00edduos e de vegeta\u00e7\u00e3o na cidade. A estrat\u00e9gia municipal concentra esfor\u00e7os na preserva\u00e7\u00e3o da qualidade do ar e na conten\u00e7\u00e3o de danos \u00e0 sa\u00fade p\u00fablica causados pela fuma\u00e7a.\",\"breadcrumb\":{\"@id\":\"https:\/\/www.manaus.am.gov.br\/semmas\/prefeitura-semmas-prevencaoqueimadas\/#breadcrumb\"},\"inLanguage\":\"pt-BR\",\"potentialAction\":[{\"@type\":\"ReadAction\",\"target\":[\"https:\/\/www.manaus.am.gov.br\/semmas\/prefeitura-semmas-prevencaoqueimadas\/\"]}]},{\"@type\":\"ImageObject\",\"inLanguage\":\"pt-BR\",\"@id\":\"https:\/\/www.manaus.am.gov.br\/semmas\/prefeitura-semmas-prevencaoqueimadas\/#primaryimage\",\"url\":\"https:\/\/www.manaus.am.gov.br\/semmas\/wp-content\/uploads\/sites\/26\/2026\/08\/55446800179_ae614584d5_c.jpg\",\"contentUrl\":\"https:\/\/www.manaus.am.gov.br\/semmas\/wp-content\/uploads\/sites\/26\/2026\/08\/55446800179_ae614584d5_c.jpg\",\"width\":799,\"height\":533,\"caption\":\"#paratodosverem - Placa da campanha de combate \u00e0 queimada urbana e drone utilizado para mapear focos de calor\"},{\"@type\":\"BreadcrumbList\",\"@id\":\"https:\/\/www.manaus.am.gov.br\/semmas\/prefeitura-semmas-prevencaoqueimadas\/#breadcrumb\",\"itemListElement\":[{\"@type\":\"ListItem\",\"position\":1,\"name\":\"Home\",\"item\":\"https:\/\/www.manaus.am.gov.br\/semmas\/\"},{\"@type\":\"ListItem\",\"position\":2,\"name\":\"Prefeitura de Manaus intensifica a\u00e7\u00f5es integradas e uso de tecnologia na preven\u00e7\u00e3o contra queimadas urbanas\"}]},{\"@type\":\"WebSite\",\"@id\":\"https:\/\/www.manaus.am.gov.br\/semmas\/#website\",\"url\":\"https:\/\/www.manaus.am.gov.br\/semmas\/\",\"name\":\"SEMMAS CLIMA\",\"description\":\"Secretaria Municipal de Meio Ambiente e Sustentabilidade\",\"publisher\":{\"@id\":\"https:\/\/www.manaus.am.gov.br\/semmas\/#organization\"},\"alternateName\":\"Secretaria Municipal de Meio Ambiente e Sustentabilidade\",\"potentialAction\":[{\"@type\":\"SearchAction\",\"target\":{\"@type\":\"EntryPoint\",\"urlTemplate\":\"https:\/\/www.manaus.am.gov.br\/semmas\/?s={search_term_string}\"},\"query-input\":\"required name=search_term_string\"}],\"inLanguage\":\"pt-BR\"},{\"@type\":\"Organization\",\"@id\":\"https:\/\/www.manaus.am.gov.br\/semmas\/#organization\",\"name\":\"Prefeitura de Manaus\",\"alternateName\":\"Prefeitura Municipal de Manaus\",\"url\":\"https:\/\/www.manaus.am.gov.br\/semmas\/\",\"logo\":{\"@type\":\"ImageObject\",\"inLanguage\":\"pt-BR\",\"@id\":\"https:\/\/www.manaus.am.gov.br\/semmas\/#\/schema\/logo\/image\/\",\"url\":\"https:\/\/www.manaus.am.gov.br\/semmas\/wp-content\/uploads\/sites\/26\/2024\/06\/brasao.png\",\"contentUrl\":\"https:\/\/www.manaus.am.gov.br\/semmas\/wp-content\/uploads\/sites\/26\/2024\/06\/brasao.png\",\"width\":286,\"height\":408,\"caption\":\"Prefeitura de Manaus\"},\"image\":{\"@id\":\"https:\/\/www.manaus.am.gov.br\/semmas\/#\/schema\/logo\/image\/\"},\"sameAs\":[\"https:\/\/www.facebook.com\/SemmasManaus\",\"https:\/\/www.instagram.com\/semmasmanaus\/\",\"https:\/\/www.youtube.com\/@semmasmanaus2835\"]},{\"@type\":\"Person\",\"@id\":\"https:\/\/www.manaus.am.gov.br\/semmas\/#\/schema\/person\/4e49f4e267757a06ca072ec61b2b9968\",\"name\":\"Adriana Costa\",\"image\":{\"@type\":\"ImageObject\",\"inLanguage\":\"pt-BR\",\"@id\":\"https:\/\/www.manaus.am.gov.br\/semmas\/#\/schema\/person\/image\/\",\"url\":\"https:\/\/secure.gravatar.com\/avatar\/576258617ef7194f718179e766d57bd4?s=96&d=mm&r=g\",\"contentUrl\":\"https:\/\/secure.gravatar.com\/avatar\/576258617ef7194f718179e766d57bd4?s=96&d=mm&r=g\",\"caption\":\"Adriana Costa\"}}]}<\/script>\n<!-- \/ Yoast SEO plugin. -->","yoast_head_json":{"title":"Prefeitura de Manaus intensifica a\u00e7\u00f5es integradas e uso de tecnologia na preven\u00e7\u00e3o contra queimadas urbanas","description":"Com a chegada do per\u00edodo de estiagem, a Prefeitura de Manaus, por meio da Secretaria Municipal de Meio Ambiente e Sustentabilidade (Semmas), refor\u00e7ou o plano operacional e as campanhas educativas voltadas \u00e0 preven\u00e7\u00e3o, \u00e0 queimada irregular de res\u00edduos e de vegeta\u00e7\u00e3o na cidade. A estrat\u00e9gia municipal concentra esfor\u00e7os na preserva\u00e7\u00e3o da qualidade do ar e na conten\u00e7\u00e3o de danos \u00e0 sa\u00fade p\u00fablica causados pela fuma\u00e7a.","robots":{"index":"noindex","follow":"follow"},"og_locale":"pt_BR","og_type":"article","og_title":"Prefeitura de Manaus intensifica a\u00e7\u00f5es integradas e uso de tecnologia na preven\u00e7\u00e3o contra queimadas urbanas","og_description":"Com a chegada do per\u00edodo de estiagem, a Prefeitura de Manaus, por meio da Secretaria Municipal de Meio Ambiente e Sustentabilidade (Semmas), refor\u00e7ou o plano operacional e as campanhas educativas voltadas \u00e0 preven\u00e7\u00e3o, \u00e0 queimada irregular de res\u00edduos e de vegeta\u00e7\u00e3o na cidade. A estrat\u00e9gia municipal concentra esfor\u00e7os na preserva\u00e7\u00e3o da qualidade do ar e na conten\u00e7\u00e3o de danos \u00e0 sa\u00fade p\u00fablica causados pela fuma\u00e7a.","og_url":"https:\/\/www.manaus.am.gov.br\/semmas\/prefeitura-semmas-prevencaoqueimadas\/","og_site_name":"SEMMAS","article_publisher":"https:\/\/www.facebook.com\/SemmasManaus","article_published_time":"2026-08-18T13:40:42+00:00","article_modified_time":"2026-08-18T17:10:55+00:00","og_image":[{"width":799,"height":533,"url":"https:\/\/www.manaus.am.gov.br\/semmas\/wp-content\/uploads\/sites\/26\/2026\/08\/55446800179_ae614584d5_c.jpg","type":"image\/jpeg"}],"author":"Adriana Costa","twitter_card":"summary_large_image","twitter_misc":{"Written by":"Adriana Costa","Est. reading time":"2 minutos"},"schema":{"@context":"https:\/\/schema.org","@graph":[{"@type":"Article","@id":"https:\/\/www.manaus.am.gov.br\/semmas\/prefeitura-semmas-prevencaoqueimadas\/#article","isPartOf":{"@id":"https:\/\/www.manaus.am.gov.br\/semmas\/prefeitura-semmas-prevencaoqueimadas\/"},"author":{"name":"Adriana Costa","@id":"https:\/\/www.manaus.am.gov.br\/semmas\/#\/schema\/person\/4e49f4e267757a06ca072ec61b2b9968"},"headline":"Prefeitura de Manaus intensifica a\u00e7\u00f5es integradas e uso de tecnologia na preven\u00e7\u00e3o contra queimadas urbanas","datePublished":"2026-08-18T13:40:42+00:00","dateModified":"2026-08-18T17:10:55+00:00","mainEntityOfPage":{"@id":"https:\/\/www.manaus.am.gov.br\/semmas\/prefeitura-semmas-prevencaoqueimadas\/"},"wordCount":364,"publisher":{"@id":"https:\/\/www.manaus.am.gov.br\/semmas\/#organization"},"image":{"@id":"https:\/\/www.manaus.am.gov.br\/semmas\/prefeitura-semmas-prevencaoqueimadas\/#primaryimage"},"thumbnailUrl":"https:\/\/www.manaus.am.gov.br\/semmas\/wp-content\/uploads\/sites\/26\/2026\/08\/55446800179_ae614584d5_c.jpg","keywords":["a\u00e7\u00f5es integradas","prefeitura de manaus","preven\u00e7\u00e3o","queimadas","semmas","uso de tecnologia"],"articleSection":["Preven\u00e7\u00e3o"],"inLanguage":"pt-BR"},{"@type":"WebPage","@id":"https:\/\/www.manaus.am.gov.br\/semmas\/prefeitura-semmas-prevencaoqueimadas\/","url":"https:\/\/www.manaus.am.gov.br\/semmas\/prefeitura-semmas-prevencaoqueimadas\/","name":"Prefeitura de Manaus intensifica a\u00e7\u00f5es integradas e uso de tecnologia na preven\u00e7\u00e3o contra queimadas urbanas","isPartOf":{"@id":"https:\/\/www.manaus.am.gov.br\/semmas\/#website"},"primaryImageOfPage":{"@id":"https:\/\/www.manaus.am.gov.br\/semmas\/prefeitura-semmas-prevencaoqueimadas\/#primaryimage"},"image":{"@id":"https:\/\/www.manaus.am.gov.br\/semmas\/prefeitura-semmas-prevencaoqueimadas\/#primaryimage"},"thumbnailUrl":"https:\/\/www.manaus.am.gov.br\/semmas\/wp-content\/uploads\/sites\/26\/2026\/08\/55446800179_ae614584d5_c.jpg","datePublished":"2026-08-18T13:40:42+00:00","dateModified":"2026-08-18T17:10:55+00:00","description":"Com a chegada do per\u00edodo de estiagem, a Prefeitura de Manaus, por meio da Secretaria Municipal de Meio Ambiente e Sustentabilidade (Semmas), refor\u00e7ou o plano operacional e as campanhas educativas voltadas \u00e0 preven\u00e7\u00e3o, \u00e0 queimada irregular de res\u00edduos e de vegeta\u00e7\u00e3o na cidade. A estrat\u00e9gia municipal concentra esfor\u00e7os na preserva\u00e7\u00e3o da qualidade do ar e na conten\u00e7\u00e3o de danos \u00e0 sa\u00fade p\u00fablica causados pela fuma\u00e7a.","breadcrumb":{"@id":"https:\/\/www.manaus.am.gov.br\/semmas\/prefeitura-semmas-prevencaoqueimadas\/#breadcrumb"},"inLanguage":"pt-BR","potentialAction":[{"@type":"ReadAction","target":["https:\/\/www.manaus.am.gov.br\/semmas\/prefeitura-semmas-prevencaoqueimadas\/"]}]},{"@type":"ImageObject","inLanguage":"pt-BR","@id":"https:\/\/www.manaus.am.gov.br\/semmas\/prefeitura-semmas-prevencaoqueimadas\/#primaryimage","url":"https:\/\/www.manaus.am.gov.br\/semmas\/wp-content\/uploads\/sites\/26\/2026\/08\/55446800179_ae614584d5_c.jpg","contentUrl":"https:\/\/www.manaus.am.gov.br\/semmas\/wp-content\/uploads\/sites\/26\/2026\/08\/55446800179_ae614584d5_c.jpg","width":799,"height":533,"caption":"#paratodosverem - Placa da campanha de combate \u00e0 queimada urbana e drone utilizado para mapear focos de calor"},{"@type":"BreadcrumbList","@id":"https:\/\/www.manaus.am.gov.br\/semmas\/prefeitura-semmas-prevencaoqueimadas\/#breadcrumb","itemListElement":[{"@type":"ListItem","position":1,"name":"Home","item":"https:\/\/www.manaus.am.gov.br\/semmas\/"},{"@type":"ListItem","position":2,"name":"Prefeitura de Manaus intensifica a\u00e7\u00f5es integradas e uso de tecnologia na preven\u00e7\u00e3o contra queimadas urbanas"}]},{"@type":"WebSite","@id":"https:\/\/www.manaus.am.gov.br\/semmas\/#website","url":"https:\/\/www.manaus.am.gov.br\/semmas\/","name":"SEMMAS CLIMA","description":"Secretaria Municipal de Meio Ambiente e Sustentabilidade","publisher":{"@id":"https:\/\/www.manaus.am.gov.br\/semmas\/#organization"},"alternateName":"Secretaria Municipal de Meio Ambiente e Sustentabilidade","potentialAction":[{"@type":"SearchAction","target":{"@type":"EntryPoint","urlTemplate":"https:\/\/www.manaus.am.gov.br\/semmas\/?s={search_term_string}"},"query-input":"required name=search_term_string"}],"inLanguage":"pt-BR"},{"@type":"Organization","@id":"https:\/\/www.manaus.am.gov.br\/semmas\/#organization","name":"Prefeitura de Manaus","alternateName":"Prefeitura Municipal de Manaus","url":"https:\/\/www.manaus.am.gov.br\/semmas\/","logo":{"@type":"ImageObject","inLanguage":"pt-BR","@id":"https:\/\/www.manaus.am.gov.br\/semmas\/#\/schema\/logo\/image\/","url":"https:\/\/www.manaus.am.gov.br\/semmas\/wp-content\/uploads\/sites\/26\/2024\/06\/brasao.png","contentUrl":"https:\/\/www.manaus.am.gov.br\/semmas\/wp-content\/uploads\/sites\/26\/2024\/06\/brasao.png","width":286,"height":408,"caption":"Prefeitura de Manaus"},"image":{"@id":"https:\/\/www.manaus.am.gov.br\/semmas\/#\/schema\/logo\/image\/"},"sameAs":["https:\/\/www.facebook.com\/SemmasManaus","https:\/\/www.instagram.com\/semmasmanaus\/","https:\/\/www.youtube.com\/@semmasmanaus2835"]},{"@type":"Person","@id":"https:\/\/www.manaus.am.gov.br\/semmas\/#\/schema\/person\/4e49f4e267757a06ca072ec61b2b9968","name":"Adriana Costa","image":{"@type":"ImageObject","inLanguage":"pt-BR","@id":"https:\/\/www.manaus.am.gov.br\/semmas\/#\/schema\/person\/image\/","url":"https:\/\/secure.gravatar.com\/avatar\/576258617ef7194f718179e766d57bd4?s=96&d=mm&r=g","contentUrl":"https:\/\/secure.gravatar.com\/avatar\/576258617ef7194f718179e766d57bd4?s=96&d=mm&r=g","caption":"Adriana Costa"}}]}},"_links":{"self":[{"href":"https:\/\/www.manaus.am.gov.br\/semmas\/wp-json\/wp\/v2\/posts\/15376"}],"collection":[{"href":"https:\/\/www.manaus.am.gov.br\/semmas\/wp-json\/wp\/v2\/posts"}],"about":[{"href":"https:\/\/www.manaus.am.gov.br\/semmas\/wp-json\/wp\/v2\/types\/post"}],"author":[{"embeddable":true,"href":"https:\/\/www.manaus.am.gov.br\/semmas\/wp-json\/wp\/v2\/users\/23"}],"replies":[{"embeddable":true,"href":"https:\/\/www.manaus.am.gov.br\/semmas\/wp-json\/wp\/v2\/comments?post=15376"}],"version-history":[{"count":1,"href":"https:\/\/www.manaus.am.gov.br\/semmas\/wp-json\/wp\/v2\/posts\/15376\/revisions"}],"predecessor-version":[{"id":15378,"href":"https:\/\/www.manaus.am.gov.br\/semmas\/wp-json\/wp\/v2\/posts\/15376\/revisions\/15378"}],"wp:featuredmedia":[{"embeddable":true,"href":"https:\/\/www.manaus.am.gov.br\/semmas\/wp-json\/wp\/v2\/media\/15377"}],"wp:attachment":[{"href":"https:\/\/www.manaus.am.gov.br\/semmas\/wp-json\/wp\/v2\/media?parent=15376"}],"wp:term":[{"taxonomy":"category","embeddable":true,"href":"https:\/\/www.manaus.am.gov.br\/semmas\/wp-json\/wp\/v2\/categories?post=15376"},{"taxonomy":"post_tag","embeddable":true,"href":"https:\/\/www.manaus.am.gov.br\/semmas\/wp-json\/wp\/v2\/tags?post=15376"}],"curies":[{"name":"wp","href":"https:\/\/api.w.org\/{rel}","templated":true}]}}