{"id":14361,"date":"2026-03-26T21:13:54","date_gmt":"2026-03-27T01:13:54","guid":{"rendered":"https:\/\/www.manaus.am.gov.br\/semmas\/prefeitura-reune-especialistas-em-ciclo-de-palestras-sobre-regularizacao-de-produtores-e-qualidade-de-mudas\/"},"modified":"2026-03-27T13:16:38","modified_gmt":"2026-03-27T17:16:38","slug":"prefeitura-1o-encontro-para-viveiristas","status":"publish","type":"post","link":"https:\/\/www.manaus.am.gov.br\/semmas\/prefeitura-1o-encontro-para-viveiristas\/","title":{"rendered":"Prefeitura re\u00fane especialistas em ciclo de palestras sobre regulariza\u00e7\u00e3o de produtores e qualidade de mudas"},"content":{"rendered":"\n<p>A <a href=\"https:\/\/www.manaus.am.gov.br\/\">Prefeitura de Manaus<\/a>, por meio da <a href=\"https:\/\/www.instagram.com\/semmas.manaus\/\">Secretaria Municipal de Meio Ambiente e Sustentabilidade<\/a> (Semmas), realizou, nesta quinta-feira, 26\/3, o 1\u00ba Encontro para Viveiristas. O evento reuniu produtores e empresas que comercializam mudas, produtores de sementes, respons\u00e1veis t\u00e9cnicos por viveiros e seis especialistas que esclareceram quanto aos aspectos legais, t\u00e9cnicos e operacionais relacionados \u00e0 regulariza\u00e7\u00e3o de viveiros e a produ\u00e7\u00e3o, qualidade, sanidade e uso de mudas, conforme preconiza o Registro Nacional de Sementes e Mudas (Renasem).<\/p>\n\n\n\n<p>\u201cN\u00f3s reunimos professores doutores especialistas em produ\u00e7\u00e3o e qualidade de mudas e sementes para orientar os produtores e estudantes da \u00e1rea ambiental, para que tenhamos ainda mais qualidade no fornecimento de mudas que ser\u00e3o utilizadas na arboriza\u00e7\u00e3o de Manaus\u201d, explicou a diretora de Arboriza\u00e7\u00e3o e Sustentabilidade da Semmas, Er\u00edany Souza, que tamb\u00e9m \u00e9 engenheira florestal e mestre em Ci\u00eancias Florestais e Ambientais. Ela foi uma das palestrantes, com o tema: Diretrizes do Planejamento e Execu\u00e7\u00e3o da Arboriza\u00e7\u00e3o Urbana em Manaus.<\/p>\n\n\n\n<p>O auditor fiscal federal Agropecu\u00e1rio, M\u00e1rcio Martins, destaca os procedimentos para a regulariza\u00e7\u00e3o de produtores de mudas. \u201cEles t\u00eam que ter um respons\u00e1vel t\u00e9cnico, que \u00e9 o profissional habilitado, engenheiro agr\u00f4nomo, engenheiro florestal, bi\u00f3logo ou outro profissional, que tenha no seu curso superior carga hor\u00e1ria relacionada \u00e0 quest\u00e3o da produ\u00e7\u00e3o de mudas. Outro ponto \u00e9 a inscri\u00e7\u00e3o anual da Safra, seja ela esp\u00e9cie florestal, frut\u00edfera, seja ornamental, medicinal, seja de interesse ambiental. Ent\u00e3o, existe um regramento que fala em cada categoria dessas, qual o dispositivo legal que voc\u00ea vai atribuir\u201d, explicou o auditor, que \u00e9 engenheiro agr\u00f4nomo e palestrou sobre os procedimentos para inscri\u00e7\u00e3o no Renasem aplicados \u00e0 produ\u00e7\u00e3o e comercializa\u00e7\u00e3o de mudas.<\/p>\n\n\n\n<p>A programa\u00e7\u00e3o contou com mais quatro palestras: \u201cCompensa\u00e7\u00e3o Ambiental: Procedimentos para Cumprimento de Condicionantes Ambientais\u201d, com o professor e mestre Jurimar Collares Ipiranga, diretor de Licenciamento da Semmas; \u201cBoas pr\u00e1ticas na gest\u00e3o de viveiros e produ\u00e7\u00e3o de mudas\u201d, com a professora e doutora Narr\u00fabia Oliveira de Almeida Martins; \u201cSele\u00e7\u00e3o de Matrizes, coleta e beneficiamento de sementes, com a doutora e pesquisadora Lidyane L\u00facia de Sousa Bastos, do Instituto Nacional de Pesquisas da Amaz\u00f4nia, Inpa, e \u201cPor uma identidade amaz\u00f4nica da arboriza\u00e7\u00e3o: potencial de esp\u00e9cies nativas da Amaz\u00f4nia para a arboriza\u00e7\u00e3o urbana\u201d, da professora e doutora Yeda Maria Boaventura Correa Arruda, da Universidade Federal do Amazonas (Ufam), que tamb\u00e9m \u00e9 membro do grupo de pesquisa \u00c1rvores do Asfalto.<\/p>\n\n\n\n<figure class=\"wp-block-image size-large\"><img loading=\"lazy\" decoding=\"async\" width=\"1024\" height=\"617\" src=\"https:\/\/www.manaus.am.gov.br\/semmas\/wp-content\/uploads\/sites\/26\/2026\/03\/Prefeitura-reune-especialistas-em-ciclo-de-palestras-sobre-regularizacao-de-produtores-e-qualidade-de-mudas-2-1024x617.jpeg\" alt=\"\" class=\"wp-image-14362\" srcset=\"https:\/\/www.manaus.am.gov.br\/semmas\/wp-content\/uploads\/sites\/26\/2026\/03\/Prefeitura-reune-especialistas-em-ciclo-de-palestras-sobre-regularizacao-de-produtores-e-qualidade-de-mudas-2-1024x617.jpeg 1024w, https:\/\/www.manaus.am.gov.br\/semmas\/wp-content\/uploads\/sites\/26\/2026\/03\/Prefeitura-reune-especialistas-em-ciclo-de-palestras-sobre-regularizacao-de-produtores-e-qualidade-de-mudas-2-300x181.jpeg 300w, https:\/\/www.manaus.am.gov.br\/semmas\/wp-content\/uploads\/sites\/26\/2026\/03\/Prefeitura-reune-especialistas-em-ciclo-de-palestras-sobre-regularizacao-de-produtores-e-qualidade-de-mudas-2-768x463.jpeg 768w, https:\/\/www.manaus.am.gov.br\/semmas\/wp-content\/uploads\/sites\/26\/2026\/03\/Prefeitura-reune-especialistas-em-ciclo-de-palestras-sobre-regularizacao-de-produtores-e-qualidade-de-mudas-2-1536x926.jpeg 1536w, https:\/\/www.manaus.am.gov.br\/semmas\/wp-content\/uploads\/sites\/26\/2026\/03\/Prefeitura-reune-especialistas-em-ciclo-de-palestras-sobre-regularizacao-de-produtores-e-qualidade-de-mudas-2-2048x1235.jpeg 2048w\" sizes=\"(max-width: 1024px) 100vw, 1024px\" \/><figcaption class=\"wp-element-caption\">#paratodosverem &#8211; Produtores acompanhando palestra <\/figcaption><\/figure>\n\n\n\n<p>Como membro do grupo de pesquisa \u00c1rvores do Asfalto, a professora Yeda, enfatizou que o di\u00e1logo entre institui\u00e7\u00f5es p\u00fablicas e o setor privado e o uso de esp\u00e9cies nativas contribuem tanto para o fortalecimento da identidade cultural, quanto para o resgate gen\u00e9tico e sustentabilidade financeira da cidade.&nbsp;<\/p>\n\n\n\n<p>\u201cN\u00f3s temos uma rela\u00e7\u00e3o muito direta da flora e da fauna. Ent\u00e3o, quando n\u00f3s estamos plantando esp\u00e9cies nativas daquele bioma, no nosso caso Amaz\u00f4nia, n\u00f3s estamos tamb\u00e9m garantindo a fauna silvestre, a fauna presente em ambiente urbano\u201d, destacou.<\/p>\n\n\n\n<p>\u2014&#8211; \u2014&#8211; \u2014-<br><strong>Texto e fotos &#8211; <\/strong>Taianna Castro \/Semmas<\/p>\n","protected":false},"excerpt":{"rendered":"","protected":false},"author":68,"featured_media":14363,"comment_status":"closed","ping_status":"closed","sticky":false,"template":"","format":"standard","meta":{"footnotes":""},"categories":[642],"tags":[1304,650,11,1305,15],"acf":[],"yoast_head":"<!-- This site is optimized with the Yoast SEO plugin v23.0 - https:\/\/yoast.com\/wordpress\/plugins\/seo\/ -->\n<title>Prefeitura re\u00fane especialistas em ciclo de palestras sobre regulariza\u00e7\u00e3o de produtores e qualidade de mudas<\/title>\n<meta name=\"description\" content=\"A Prefeitura de Manaus, por meio da Secretaria Municipal de Meio Ambiente e Sustentabilidade, realizou o 1\u00ba Encontro para Viveiristas.\" \/>\n<meta name=\"robots\" content=\"noindex, follow\" \/>\n<meta property=\"og:locale\" content=\"pt_BR\" \/>\n<meta property=\"og:type\" content=\"article\" \/>\n<meta property=\"og:title\" content=\"Prefeitura re\u00fane especialistas em ciclo de palestras sobre regulariza\u00e7\u00e3o de produtores e qualidade de mudas\" \/>\n<meta property=\"og:description\" content=\"A Prefeitura de Manaus, por meio da Secretaria Municipal de Meio Ambiente e Sustentabilidade, realizou o 1\u00ba Encontro para Viveiristas.\" \/>\n<meta property=\"og:url\" content=\"https:\/\/www.manaus.am.gov.br\/semmas\/prefeitura-reune-especialistas-em-ciclo-de-palestras-sobre-regularizacao-de-produtores-e-qualidade-de-mudas\/\" \/>\n<meta property=\"og:site_name\" content=\"SEMMAS\" \/>\n<meta property=\"article:publisher\" content=\"https:\/\/www.facebook.com\/SemmasManaus\" \/>\n<meta property=\"article:published_time\" content=\"2026-03-27T01:13:54+00:00\" \/>\n<meta property=\"article:modified_time\" content=\"2026-03-27T17:16:38+00:00\" \/>\n<meta property=\"og:image\" content=\"https:\/\/www.manaus.am.gov.br\/semmas\/wp-content\/uploads\/sites\/26\/2026\/03\/Prefeitura-reune-especialistas-em-ciclo-de-palestras-sobre-regularizacao-de-produtores-e-qualidade-de-mudas-4-1024x768.jpeg\" \/>\n\t<meta property=\"og:image:width\" content=\"1024\" \/>\n\t<meta property=\"og:image:height\" content=\"768\" \/>\n\t<meta property=\"og:image:type\" content=\"image\/jpeg\" \/>\n<meta name=\"author\" content=\"bvalente\" \/>\n<meta name=\"twitter:card\" content=\"summary_large_image\" \/>\n<meta name=\"twitter:label1\" content=\"Written by\" \/>\n\t<meta name=\"twitter:data1\" content=\"bvalente\" \/>\n\t<meta name=\"twitter:label2\" content=\"Est. reading time\" \/>\n\t<meta name=\"twitter:data2\" content=\"4 minutos\" \/>\n<script type=\"application\/ld+json\" class=\"yoast-schema-graph\">{\"@context\":\"https:\/\/schema.org\",\"@graph\":[{\"@type\":\"Article\",\"@id\":\"https:\/\/www.manaus.am.gov.br\/semmas\/prefeitura-reune-especialistas-em-ciclo-de-palestras-sobre-regularizacao-de-produtores-e-qualidade-de-mudas\/#article\",\"isPartOf\":{\"@id\":\"https:\/\/www.manaus.am.gov.br\/semmas\/prefeitura-reune-especialistas-em-ciclo-de-palestras-sobre-regularizacao-de-produtores-e-qualidade-de-mudas\/\"},\"author\":{\"name\":\"bvalente\",\"@id\":\"https:\/\/www.manaus.am.gov.br\/semmas\/#\/schema\/person\/466a0e03ae4b6062809046bd560ac955\"},\"headline\":\"Prefeitura re\u00fane especialistas em ciclo de palestras sobre regulariza\u00e7\u00e3o de produtores e qualidade de mudas\",\"datePublished\":\"2026-03-27T01:13:54+00:00\",\"dateModified\":\"2026-03-27T17:16:38+00:00\",\"mainEntityOfPage\":{\"@id\":\"https:\/\/www.manaus.am.gov.br\/semmas\/prefeitura-reune-especialistas-em-ciclo-de-palestras-sobre-regularizacao-de-produtores-e-qualidade-de-mudas\/\"},\"wordCount\":556,\"publisher\":{\"@id\":\"https:\/\/www.manaus.am.gov.br\/semmas\/#organization\"},\"image\":{\"@id\":\"https:\/\/www.manaus.am.gov.br\/semmas\/prefeitura-reune-especialistas-em-ciclo-de-palestras-sobre-regularizacao-de-produtores-e-qualidade-de-mudas\/#primaryimage\"},\"thumbnailUrl\":\"https:\/\/www.manaus.am.gov.br\/semmas\/wp-content\/uploads\/sites\/26\/2026\/03\/Prefeitura-reune-especialistas-em-ciclo-de-palestras-sobre-regularizacao-de-produtores-e-qualidade-de-mudas-4.jpeg\",\"keywords\":[\"1\u00ba Encontro para Viveiristas\",\"evento\",\"prefeitura de manaus\",\"regulariza\u00e7\u00e3o de produtores e qualidade de mudas\",\"semmas\"],\"articleSection\":[\"Eventos\"],\"inLanguage\":\"pt-BR\"},{\"@type\":\"WebPage\",\"@id\":\"https:\/\/www.manaus.am.gov.br\/semmas\/prefeitura-reune-especialistas-em-ciclo-de-palestras-sobre-regularizacao-de-produtores-e-qualidade-de-mudas\/\",\"url\":\"https:\/\/www.manaus.am.gov.br\/semmas\/prefeitura-reune-especialistas-em-ciclo-de-palestras-sobre-regularizacao-de-produtores-e-qualidade-de-mudas\/\",\"name\":\"Prefeitura re\u00fane especialistas em ciclo de palestras sobre regulariza\u00e7\u00e3o de produtores e qualidade de mudas\",\"isPartOf\":{\"@id\":\"https:\/\/www.manaus.am.gov.br\/semmas\/#website\"},\"primaryImageOfPage\":{\"@id\":\"https:\/\/www.manaus.am.gov.br\/semmas\/prefeitura-reune-especialistas-em-ciclo-de-palestras-sobre-regularizacao-de-produtores-e-qualidade-de-mudas\/#primaryimage\"},\"image\":{\"@id\":\"https:\/\/www.manaus.am.gov.br\/semmas\/prefeitura-reune-especialistas-em-ciclo-de-palestras-sobre-regularizacao-de-produtores-e-qualidade-de-mudas\/#primaryimage\"},\"thumbnailUrl\":\"https:\/\/www.manaus.am.gov.br\/semmas\/wp-content\/uploads\/sites\/26\/2026\/03\/Prefeitura-reune-especialistas-em-ciclo-de-palestras-sobre-regularizacao-de-produtores-e-qualidade-de-mudas-4.jpeg\",\"datePublished\":\"2026-03-27T01:13:54+00:00\",\"dateModified\":\"2026-03-27T17:16:38+00:00\",\"description\":\"A Prefeitura de Manaus, por meio da Secretaria Municipal de Meio Ambiente e Sustentabilidade, realizou o 1\u00ba Encontro para Viveiristas.\",\"breadcrumb\":{\"@id\":\"https:\/\/www.manaus.am.gov.br\/semmas\/prefeitura-reune-especialistas-em-ciclo-de-palestras-sobre-regularizacao-de-produtores-e-qualidade-de-mudas\/#breadcrumb\"},\"inLanguage\":\"pt-BR\",\"potentialAction\":[{\"@type\":\"ReadAction\",\"target\":[\"https:\/\/www.manaus.am.gov.br\/semmas\/prefeitura-reune-especialistas-em-ciclo-de-palestras-sobre-regularizacao-de-produtores-e-qualidade-de-mudas\/\"]}]},{\"@type\":\"ImageObject\",\"inLanguage\":\"pt-BR\",\"@id\":\"https:\/\/www.manaus.am.gov.br\/semmas\/prefeitura-reune-especialistas-em-ciclo-de-palestras-sobre-regularizacao-de-produtores-e-qualidade-de-mudas\/#primaryimage\",\"url\":\"https:\/\/www.manaus.am.gov.br\/semmas\/wp-content\/uploads\/sites\/26\/2026\/03\/Prefeitura-reune-especialistas-em-ciclo-de-palestras-sobre-regularizacao-de-produtores-e-qualidade-de-mudas-4.jpeg\",\"contentUrl\":\"https:\/\/www.manaus.am.gov.br\/semmas\/wp-content\/uploads\/sites\/26\/2026\/03\/Prefeitura-reune-especialistas-em-ciclo-de-palestras-sobre-regularizacao-de-produtores-e-qualidade-de-mudas-4.jpeg\",\"width\":4000,\"height\":3000,\"caption\":\"#paratodosverem - Equipes da Semmas durante apresenta\u00e7\u00e3o\"},{\"@type\":\"BreadcrumbList\",\"@id\":\"https:\/\/www.manaus.am.gov.br\/semmas\/prefeitura-reune-especialistas-em-ciclo-de-palestras-sobre-regularizacao-de-produtores-e-qualidade-de-mudas\/#breadcrumb\",\"itemListElement\":[{\"@type\":\"ListItem\",\"position\":1,\"name\":\"Home\",\"item\":\"https:\/\/www.manaus.am.gov.br\/semmas\/\"},{\"@type\":\"ListItem\",\"position\":2,\"name\":\"Prefeitura re\u00fane especialistas em ciclo de palestras sobre regulariza\u00e7\u00e3o de produtores e qualidade de mudas\"}]},{\"@type\":\"WebSite\",\"@id\":\"https:\/\/www.manaus.am.gov.br\/semmas\/#website\",\"url\":\"https:\/\/www.manaus.am.gov.br\/semmas\/\",\"name\":\"SEMMAS CLIMA\",\"description\":\"Secretaria Municipal de Meio Ambiente e Sustentabilidade\",\"publisher\":{\"@id\":\"https:\/\/www.manaus.am.gov.br\/semmas\/#organization\"},\"alternateName\":\"Secretaria Municipal de Meio Ambiente e Sustentabilidade\",\"potentialAction\":[{\"@type\":\"SearchAction\",\"target\":{\"@type\":\"EntryPoint\",\"urlTemplate\":\"https:\/\/www.manaus.am.gov.br\/semmas\/?s={search_term_string}\"},\"query-input\":\"required name=search_term_string\"}],\"inLanguage\":\"pt-BR\"},{\"@type\":\"Organization\",\"@id\":\"https:\/\/www.manaus.am.gov.br\/semmas\/#organization\",\"name\":\"Prefeitura de Manaus\",\"alternateName\":\"Prefeitura Municipal de Manaus\",\"url\":\"https:\/\/www.manaus.am.gov.br\/semmas\/\",\"logo\":{\"@type\":\"ImageObject\",\"inLanguage\":\"pt-BR\",\"@id\":\"https:\/\/www.manaus.am.gov.br\/semmas\/#\/schema\/logo\/image\/\",\"url\":\"https:\/\/www.manaus.am.gov.br\/semmas\/wp-content\/uploads\/sites\/26\/2024\/06\/brasao.png\",\"contentUrl\":\"https:\/\/www.manaus.am.gov.br\/semmas\/wp-content\/uploads\/sites\/26\/2024\/06\/brasao.png\",\"width\":286,\"height\":408,\"caption\":\"Prefeitura de Manaus\"},\"image\":{\"@id\":\"https:\/\/www.manaus.am.gov.br\/semmas\/#\/schema\/logo\/image\/\"},\"sameAs\":[\"https:\/\/www.facebook.com\/SemmasManaus\",\"https:\/\/www.instagram.com\/semmasmanaus\/\",\"https:\/\/www.youtube.com\/@semmasmanaus2835\"]},{\"@type\":\"Person\",\"@id\":\"https:\/\/www.manaus.am.gov.br\/semmas\/#\/schema\/person\/466a0e03ae4b6062809046bd560ac955\",\"name\":\"bvalente\",\"image\":{\"@type\":\"ImageObject\",\"inLanguage\":\"pt-BR\",\"@id\":\"https:\/\/www.manaus.am.gov.br\/semmas\/#\/schema\/person\/image\/\",\"url\":\"https:\/\/secure.gravatar.com\/avatar\/3e69bc2b014bdad41adfec3a39de07d2?s=96&d=mm&r=g\",\"contentUrl\":\"https:\/\/secure.gravatar.com\/avatar\/3e69bc2b014bdad41adfec3a39de07d2?s=96&d=mm&r=g\",\"caption\":\"bvalente\"}}]}<\/script>\n<!-- \/ Yoast SEO plugin. -->","yoast_head_json":{"title":"Prefeitura re\u00fane especialistas em ciclo de palestras sobre regulariza\u00e7\u00e3o de produtores e qualidade de mudas","description":"A Prefeitura de Manaus, por meio da Secretaria Municipal de Meio Ambiente e Sustentabilidade, realizou o 1\u00ba Encontro para Viveiristas.","robots":{"index":"noindex","follow":"follow"},"og_locale":"pt_BR","og_type":"article","og_title":"Prefeitura re\u00fane especialistas em ciclo de palestras sobre regulariza\u00e7\u00e3o de produtores e qualidade de mudas","og_description":"A Prefeitura de Manaus, por meio da Secretaria Municipal de Meio Ambiente e Sustentabilidade, realizou o 1\u00ba Encontro para Viveiristas.","og_url":"https:\/\/www.manaus.am.gov.br\/semmas\/prefeitura-reune-especialistas-em-ciclo-de-palestras-sobre-regularizacao-de-produtores-e-qualidade-de-mudas\/","og_site_name":"SEMMAS","article_publisher":"https:\/\/www.facebook.com\/SemmasManaus","article_published_time":"2026-03-27T01:13:54+00:00","article_modified_time":"2026-03-27T17:16:38+00:00","og_image":[{"width":1024,"height":768,"url":"https:\/\/www.manaus.am.gov.br\/semmas\/wp-content\/uploads\/sites\/26\/2026\/03\/Prefeitura-reune-especialistas-em-ciclo-de-palestras-sobre-regularizacao-de-produtores-e-qualidade-de-mudas-4-1024x768.jpeg","type":"image\/jpeg"}],"author":"bvalente","twitter_card":"summary_large_image","twitter_misc":{"Written by":"bvalente","Est. reading time":"4 minutos"},"schema":{"@context":"https:\/\/schema.org","@graph":[{"@type":"Article","@id":"https:\/\/www.manaus.am.gov.br\/semmas\/prefeitura-reune-especialistas-em-ciclo-de-palestras-sobre-regularizacao-de-produtores-e-qualidade-de-mudas\/#article","isPartOf":{"@id":"https:\/\/www.manaus.am.gov.br\/semmas\/prefeitura-reune-especialistas-em-ciclo-de-palestras-sobre-regularizacao-de-produtores-e-qualidade-de-mudas\/"},"author":{"name":"bvalente","@id":"https:\/\/www.manaus.am.gov.br\/semmas\/#\/schema\/person\/466a0e03ae4b6062809046bd560ac955"},"headline":"Prefeitura re\u00fane especialistas em ciclo de palestras sobre regulariza\u00e7\u00e3o de produtores e qualidade de mudas","datePublished":"2026-03-27T01:13:54+00:00","dateModified":"2026-03-27T17:16:38+00:00","mainEntityOfPage":{"@id":"https:\/\/www.manaus.am.gov.br\/semmas\/prefeitura-reune-especialistas-em-ciclo-de-palestras-sobre-regularizacao-de-produtores-e-qualidade-de-mudas\/"},"wordCount":556,"publisher":{"@id":"https:\/\/www.manaus.am.gov.br\/semmas\/#organization"},"image":{"@id":"https:\/\/www.manaus.am.gov.br\/semmas\/prefeitura-reune-especialistas-em-ciclo-de-palestras-sobre-regularizacao-de-produtores-e-qualidade-de-mudas\/#primaryimage"},"thumbnailUrl":"https:\/\/www.manaus.am.gov.br\/semmas\/wp-content\/uploads\/sites\/26\/2026\/03\/Prefeitura-reune-especialistas-em-ciclo-de-palestras-sobre-regularizacao-de-produtores-e-qualidade-de-mudas-4.jpeg","keywords":["1\u00ba Encontro para Viveiristas","evento","prefeitura de manaus","regulariza\u00e7\u00e3o de produtores e qualidade de mudas","semmas"],"articleSection":["Eventos"],"inLanguage":"pt-BR"},{"@type":"WebPage","@id":"https:\/\/www.manaus.am.gov.br\/semmas\/prefeitura-reune-especialistas-em-ciclo-de-palestras-sobre-regularizacao-de-produtores-e-qualidade-de-mudas\/","url":"https:\/\/www.manaus.am.gov.br\/semmas\/prefeitura-reune-especialistas-em-ciclo-de-palestras-sobre-regularizacao-de-produtores-e-qualidade-de-mudas\/","name":"Prefeitura re\u00fane especialistas em ciclo de palestras sobre regulariza\u00e7\u00e3o de produtores e qualidade de mudas","isPartOf":{"@id":"https:\/\/www.manaus.am.gov.br\/semmas\/#website"},"primaryImageOfPage":{"@id":"https:\/\/www.manaus.am.gov.br\/semmas\/prefeitura-reune-especialistas-em-ciclo-de-palestras-sobre-regularizacao-de-produtores-e-qualidade-de-mudas\/#primaryimage"},"image":{"@id":"https:\/\/www.manaus.am.gov.br\/semmas\/prefeitura-reune-especialistas-em-ciclo-de-palestras-sobre-regularizacao-de-produtores-e-qualidade-de-mudas\/#primaryimage"},"thumbnailUrl":"https:\/\/www.manaus.am.gov.br\/semmas\/wp-content\/uploads\/sites\/26\/2026\/03\/Prefeitura-reune-especialistas-em-ciclo-de-palestras-sobre-regularizacao-de-produtores-e-qualidade-de-mudas-4.jpeg","datePublished":"2026-03-27T01:13:54+00:00","dateModified":"2026-03-27T17:16:38+00:00","description":"A Prefeitura de Manaus, por meio da Secretaria Municipal de Meio Ambiente e Sustentabilidade, realizou o 1\u00ba Encontro para Viveiristas.","breadcrumb":{"@id":"https:\/\/www.manaus.am.gov.br\/semmas\/prefeitura-reune-especialistas-em-ciclo-de-palestras-sobre-regularizacao-de-produtores-e-qualidade-de-mudas\/#breadcrumb"},"inLanguage":"pt-BR","potentialAction":[{"@type":"ReadAction","target":["https:\/\/www.manaus.am.gov.br\/semmas\/prefeitura-reune-especialistas-em-ciclo-de-palestras-sobre-regularizacao-de-produtores-e-qualidade-de-mudas\/"]}]},{"@type":"ImageObject","inLanguage":"pt-BR","@id":"https:\/\/www.manaus.am.gov.br\/semmas\/prefeitura-reune-especialistas-em-ciclo-de-palestras-sobre-regularizacao-de-produtores-e-qualidade-de-mudas\/#primaryimage","url":"https:\/\/www.manaus.am.gov.br\/semmas\/wp-content\/uploads\/sites\/26\/2026\/03\/Prefeitura-reune-especialistas-em-ciclo-de-palestras-sobre-regularizacao-de-produtores-e-qualidade-de-mudas-4.jpeg","contentUrl":"https:\/\/www.manaus.am.gov.br\/semmas\/wp-content\/uploads\/sites\/26\/2026\/03\/Prefeitura-reune-especialistas-em-ciclo-de-palestras-sobre-regularizacao-de-produtores-e-qualidade-de-mudas-4.jpeg","width":4000,"height":3000,"caption":"#paratodosverem - Equipes da Semmas durante apresenta\u00e7\u00e3o"},{"@type":"BreadcrumbList","@id":"https:\/\/www.manaus.am.gov.br\/semmas\/prefeitura-reune-especialistas-em-ciclo-de-palestras-sobre-regularizacao-de-produtores-e-qualidade-de-mudas\/#breadcrumb","itemListElement":[{"@type":"ListItem","position":1,"name":"Home","item":"https:\/\/www.manaus.am.gov.br\/semmas\/"},{"@type":"ListItem","position":2,"name":"Prefeitura re\u00fane especialistas em ciclo de palestras sobre regulariza\u00e7\u00e3o de produtores e qualidade de mudas"}]},{"@type":"WebSite","@id":"https:\/\/www.manaus.am.gov.br\/semmas\/#website","url":"https:\/\/www.manaus.am.gov.br\/semmas\/","name":"SEMMAS CLIMA","description":"Secretaria Municipal de Meio Ambiente e Sustentabilidade","publisher":{"@id":"https:\/\/www.manaus.am.gov.br\/semmas\/#organization"},"alternateName":"Secretaria Municipal de Meio Ambiente e Sustentabilidade","potentialAction":[{"@type":"SearchAction","target":{"@type":"EntryPoint","urlTemplate":"https:\/\/www.manaus.am.gov.br\/semmas\/?s={search_term_string}"},"query-input":"required name=search_term_string"}],"inLanguage":"pt-BR"},{"@type":"Organization","@id":"https:\/\/www.manaus.am.gov.br\/semmas\/#organization","name":"Prefeitura de Manaus","alternateName":"Prefeitura Municipal de Manaus","url":"https:\/\/www.manaus.am.gov.br\/semmas\/","logo":{"@type":"ImageObject","inLanguage":"pt-BR","@id":"https:\/\/www.manaus.am.gov.br\/semmas\/#\/schema\/logo\/image\/","url":"https:\/\/www.manaus.am.gov.br\/semmas\/wp-content\/uploads\/sites\/26\/2024\/06\/brasao.png","contentUrl":"https:\/\/www.manaus.am.gov.br\/semmas\/wp-content\/uploads\/sites\/26\/2024\/06\/brasao.png","width":286,"height":408,"caption":"Prefeitura de Manaus"},"image":{"@id":"https:\/\/www.manaus.am.gov.br\/semmas\/#\/schema\/logo\/image\/"},"sameAs":["https:\/\/www.facebook.com\/SemmasManaus","https:\/\/www.instagram.com\/semmasmanaus\/","https:\/\/www.youtube.com\/@semmasmanaus2835"]},{"@type":"Person","@id":"https:\/\/www.manaus.am.gov.br\/semmas\/#\/schema\/person\/466a0e03ae4b6062809046bd560ac955","name":"bvalente","image":{"@type":"ImageObject","inLanguage":"pt-BR","@id":"https:\/\/www.manaus.am.gov.br\/semmas\/#\/schema\/person\/image\/","url":"https:\/\/secure.gravatar.com\/avatar\/3e69bc2b014bdad41adfec3a39de07d2?s=96&d=mm&r=g","contentUrl":"https:\/\/secure.gravatar.com\/avatar\/3e69bc2b014bdad41adfec3a39de07d2?s=96&d=mm&r=g","caption":"bvalente"}}]}},"_links":{"self":[{"href":"https:\/\/www.manaus.am.gov.br\/semmas\/wp-json\/wp\/v2\/posts\/14361"}],"collection":[{"href":"https:\/\/www.manaus.am.gov.br\/semmas\/wp-json\/wp\/v2\/posts"}],"about":[{"href":"https:\/\/www.manaus.am.gov.br\/semmas\/wp-json\/wp\/v2\/types\/post"}],"author":[{"embeddable":true,"href":"https:\/\/www.manaus.am.gov.br\/semmas\/wp-json\/wp\/v2\/users\/68"}],"replies":[{"embeddable":true,"href":"https:\/\/www.manaus.am.gov.br\/semmas\/wp-json\/wp\/v2\/comments?post=14361"}],"version-history":[{"count":3,"href":"https:\/\/www.manaus.am.gov.br\/semmas\/wp-json\/wp\/v2\/posts\/14361\/revisions"}],"predecessor-version":[{"id":14366,"href":"https:\/\/www.manaus.am.gov.br\/semmas\/wp-json\/wp\/v2\/posts\/14361\/revisions\/14366"}],"wp:featuredmedia":[{"embeddable":true,"href":"https:\/\/www.manaus.am.gov.br\/semmas\/wp-json\/wp\/v2\/media\/14363"}],"wp:attachment":[{"href":"https:\/\/www.manaus.am.gov.br\/semmas\/wp-json\/wp\/v2\/media?parent=14361"}],"wp:term":[{"taxonomy":"category","embeddable":true,"href":"https:\/\/www.manaus.am.gov.br\/semmas\/wp-json\/wp\/v2\/categories?post=14361"},{"taxonomy":"post_tag","embeddable":true,"href":"https:\/\/www.manaus.am.gov.br\/semmas\/wp-json\/wp\/v2\/tags?post=14361"}],"curies":[{"name":"wp","href":"https:\/\/api.w.org\/{rel}","templated":true}]}}