{"id":14358,"date":"2026-03-25T17:33:50","date_gmt":"2026-03-25T21:33:50","guid":{"rendered":"https:\/\/www.manaus.am.gov.br\/semmas\/lancamento-disk-plantio\/"},"modified":"2026-03-26T12:50:47","modified_gmt":"2026-03-26T16:50:47","slug":"lancamento-disk-plantio","status":"publish","type":"post","link":"https:\/\/www.manaus.am.gov.br\/semmas\/lancamento-disk-plantio\/","title":{"rendered":"Prefeitura de Manaus lan\u00e7a servi\u00e7o para popula\u00e7\u00e3o solicitar plantio de mudas na frente de seus im\u00f3veis"},"content":{"rendered":"\n<p>A <a href=\"https:\/\/www.manaus.am.gov.br\/\">Prefeitura de Manaus<\/a>, por meio da <a href=\"https:\/\/www.instagram.com\/semmas.manaus\/\">Secretaria Municipal de Meio Ambiente e Sustentabilidade<\/a> (Semmas), lan\u00e7ou o \u201cDisk Plantio\u201d, um canal de atendimento pelo qual a popula\u00e7\u00e3o pode solicitar o plantio de mudas na frente do seu im\u00f3vel. O servi\u00e7o \u00e9 somado \u00e0s a\u00e7\u00f5es de arboriza\u00e7\u00e3o j\u00e1 realizadas pela gest\u00e3o ambiental, que tem indicadores recordes de plantio, com mais de 70 mil mudas plantadas de janeiro de 2021 a mar\u00e7o deste ano, al\u00e9m de aproximar os moradores da \u00e1rea urbana ao verde, essencial para a qualidade de vida.<\/p>\n\n\n\n<p>\u201cMesmo Manaus sendo a capital brasileira com maior \u00e1rea protegida e floresta em p\u00e9, a gest\u00e3o do prefeito David Almeida investe na arboriza\u00e7\u00e3o urbana. Por isso, lan\u00e7amos o \u2018Disk Plantio\u2019, para envolver a popula\u00e7\u00e3o no plantio de mudas na frente de seus im\u00f3veis e contar com os benef\u00edcios ambientais que elas proporcionam, como a melhora da sensa\u00e7\u00e3o t\u00e9rmica\u201d, explicou o secret\u00e1rio da Semmas, Fransu\u00e1 Matos.<\/p>\n\n\n\n<p>O projeto est\u00e1 alinhado \u00e0 nova atualiza\u00e7\u00e3o do Plano Nacional de Arboriza\u00e7\u00e3o Urbana (PlaNAU), que adota a regra 3-30-300 como diretriz central para aumentar a cobertura verde nas cidades brasileiras. Com ela, a meta \u00e9 que cada cidad\u00e3o veja tr\u00eas \u00e1rvores de casa, tenha 30% de cobertura vegetal no bairro e esteja a 300 metros de um espa\u00e7o verde.<\/p>\n\n\n\n<p><strong>Com funciona<\/strong><\/p>\n\n\n\n<p>O \u201cDisk Plantio\u201d facilita o acesso a mudas e suporte t\u00e9cnico, colocando o morador como protagonista na arboriza\u00e7\u00e3o do seu pr\u00f3prio bairro. A solicita\u00e7\u00e3o pode ser feita por mensagem via WhatsApp: (92) 98842-5770, pelo qual o usu\u00e1rio recebe um link para preenchimento de formul\u00e1rio. Em seguida, a Semmas avalia o local, considerando aspectos como largura da cal\u00e7ada, fia\u00e7\u00e3o e tubula\u00e7\u00f5es. Garantida a viabilidade, em at\u00e9 10 dias, o morador escolhe a esp\u00e9cie dentro de uma lista t\u00e9cnica. Por \u00faltimo, o plantio \u00e9 feito em conjunto com a Semmas e as mudas s\u00e3o georreferenciadas para acompanhamento da prefeitura. O propriet\u00e1rio do im\u00f3vel compromete-se com o cuidado di\u00e1rio e manuten\u00e7\u00e3o b\u00e1sica, como o de regar,&nbsp;assinando um termo de compromisso.&nbsp;<\/p>\n\n\n\n<p>Ainda h\u00e1 a possibilidade de solicitar o plantio presencialmente na sede da Semmas, localizada na rua Rub\u00eddio, n\u00ba 288, bairro Vila da Prata, zona Oeste, que funciona de segunda a sexta-feira, das 8h \u00e0s 14h, ou pelo e-mail:&nbsp;<a href=\"mailto:semmas.protocolo@gmail.com\" target=\"_blank\" rel=\"noreferrer noopener\">semmas.protocolo@gmail.com<\/a>, com requerimento preenchido, imagem de documento oficial (RG, ou CNH), do CPF e fotos do local em que deseja o plantio.<\/p>\n\n\n\n<p>\u201cO projeto n\u00e3o \u00e9 apenas sobre plantar \u00e1rvores, mas sobre fortalecer o v\u00ednculo do morador com sua rua mais verde. O foco nas cal\u00e7adas traz a sombra e o conforto t\u00e9rmico por onde as pessoas realmente circulam e moram, combatendo diretamente as ilhas de calor nos bairros\u201d, concluiu a diretora de Arboriza\u00e7\u00e3o e Sustentabilidade da Semmas, Er\u00edany Souza.<\/p>\n\n\n\n<p>&#8212; &#8212; &#8212;<\/p>\n\n\n\n<p><strong>Texto e foto<\/strong>&nbsp;&#8211; Taianna Castro\/Semmas<\/p>\n","protected":false},"excerpt":{"rendered":"","protected":false},"author":39,"featured_media":14359,"comment_status":"closed","ping_status":"closed","sticky":false,"template":"","format":"standard","meta":{"footnotes":""},"categories":[35],"tags":[1302,1303,1048,11,15],"acf":[],"yoast_head":"<!-- This site is optimized with the Yoast SEO plugin v23.0 - https:\/\/yoast.com\/wordpress\/plugins\/seo\/ -->\n<title>Prefeitura de Manaus lan\u00e7a servi\u00e7o &#039;Disk Plantio&#039;<\/title>\n<meta name=\"description\" content=\"Prefeitura de Manaus, por meio da Semmas, lan\u00e7a servi\u00e7o para popula\u00e7\u00e3o solicitar plantio de mudas na frente de seus im\u00f3veis.\" \/>\n<meta name=\"robots\" content=\"noindex, follow\" \/>\n<meta property=\"og:locale\" content=\"pt_BR\" \/>\n<meta property=\"og:type\" content=\"article\" \/>\n<meta property=\"og:title\" content=\"Prefeitura de Manaus lan\u00e7a servi\u00e7o &#039;Disk Plantio&#039;\" \/>\n<meta property=\"og:description\" content=\"Prefeitura de Manaus, por meio da Semmas, lan\u00e7a servi\u00e7o para popula\u00e7\u00e3o solicitar plantio de mudas na frente de seus im\u00f3veis.\" \/>\n<meta property=\"og:url\" content=\"https:\/\/www.manaus.am.gov.br\/semmas\/lancamento-disk-plantio\/\" \/>\n<meta property=\"og:site_name\" content=\"SEMMAS\" \/>\n<meta property=\"article:publisher\" content=\"https:\/\/www.facebook.com\/SemmasManaus\" \/>\n<meta property=\"article:published_time\" content=\"2026-03-25T21:33:50+00:00\" \/>\n<meta property=\"article:modified_time\" content=\"2026-03-26T16:50:47+00:00\" \/>\n<meta property=\"og:image\" content=\"https:\/\/www.manaus.am.gov.br\/semmas\/wp-content\/uploads\/sites\/26\/2026\/03\/1000507113-1024x768.jpg\" \/>\n\t<meta property=\"og:image:width\" content=\"1024\" \/>\n\t<meta property=\"og:image:height\" content=\"768\" \/>\n\t<meta property=\"og:image:type\" content=\"image\/jpeg\" \/>\n<meta name=\"author\" content=\"Bruna Greco\" \/>\n<meta name=\"twitter:card\" content=\"summary_large_image\" \/>\n<meta name=\"twitter:label1\" content=\"Written by\" \/>\n\t<meta name=\"twitter:data1\" content=\"Bruna Greco\" \/>\n\t<meta name=\"twitter:label2\" content=\"Est. reading time\" \/>\n\t<meta name=\"twitter:data2\" content=\"3 minutos\" \/>\n<script type=\"application\/ld+json\" class=\"yoast-schema-graph\">{\"@context\":\"https:\/\/schema.org\",\"@graph\":[{\"@type\":\"Article\",\"@id\":\"https:\/\/www.manaus.am.gov.br\/semmas\/lancamento-disk-plantio\/#article\",\"isPartOf\":{\"@id\":\"https:\/\/www.manaus.am.gov.br\/semmas\/lancamento-disk-plantio\/\"},\"author\":{\"name\":\"Bruna Greco\",\"@id\":\"https:\/\/www.manaus.am.gov.br\/semmas\/#\/schema\/person\/05d223aea2bf115f9883a6ff3683d81b\"},\"headline\":\"Prefeitura de Manaus lan\u00e7a servi\u00e7o para popula\u00e7\u00e3o solicitar plantio de mudas na frente de seus im\u00f3veis\",\"datePublished\":\"2026-03-25T21:33:50+00:00\",\"dateModified\":\"2026-03-26T16:50:47+00:00\",\"mainEntityOfPage\":{\"@id\":\"https:\/\/www.manaus.am.gov.br\/semmas\/lancamento-disk-plantio\/\"},\"wordCount\":523,\"publisher\":{\"@id\":\"https:\/\/www.manaus.am.gov.br\/semmas\/#organization\"},\"image\":{\"@id\":\"https:\/\/www.manaus.am.gov.br\/semmas\/lancamento-disk-plantio\/#primaryimage\"},\"thumbnailUrl\":\"https:\/\/www.manaus.am.gov.br\/semmas\/wp-content\/uploads\/sites\/26\/2026\/03\/1000507113.jpg\",\"keywords\":[\"Disk Plantio\",\"frente de im\u00f3veis\",\"plantio de mudas\",\"prefeitura de manaus\",\"semmas\"],\"articleSection\":[\"Servi\u00e7os\"],\"inLanguage\":\"pt-BR\"},{\"@type\":\"WebPage\",\"@id\":\"https:\/\/www.manaus.am.gov.br\/semmas\/lancamento-disk-plantio\/\",\"url\":\"https:\/\/www.manaus.am.gov.br\/semmas\/lancamento-disk-plantio\/\",\"name\":\"Prefeitura de Manaus lan\u00e7a servi\u00e7o 'Disk Plantio'\",\"isPartOf\":{\"@id\":\"https:\/\/www.manaus.am.gov.br\/semmas\/#website\"},\"primaryImageOfPage\":{\"@id\":\"https:\/\/www.manaus.am.gov.br\/semmas\/lancamento-disk-plantio\/#primaryimage\"},\"image\":{\"@id\":\"https:\/\/www.manaus.am.gov.br\/semmas\/lancamento-disk-plantio\/#primaryimage\"},\"thumbnailUrl\":\"https:\/\/www.manaus.am.gov.br\/semmas\/wp-content\/uploads\/sites\/26\/2026\/03\/1000507113.jpg\",\"datePublished\":\"2026-03-25T21:33:50+00:00\",\"dateModified\":\"2026-03-26T16:50:47+00:00\",\"description\":\"Prefeitura de Manaus, por meio da Semmas, lan\u00e7a servi\u00e7o para popula\u00e7\u00e3o solicitar plantio de mudas na frente de seus im\u00f3veis.\",\"breadcrumb\":{\"@id\":\"https:\/\/www.manaus.am.gov.br\/semmas\/lancamento-disk-plantio\/#breadcrumb\"},\"inLanguage\":\"pt-BR\",\"potentialAction\":[{\"@type\":\"ReadAction\",\"target\":[\"https:\/\/www.manaus.am.gov.br\/semmas\/lancamento-disk-plantio\/\"]}]},{\"@type\":\"ImageObject\",\"inLanguage\":\"pt-BR\",\"@id\":\"https:\/\/www.manaus.am.gov.br\/semmas\/lancamento-disk-plantio\/#primaryimage\",\"url\":\"https:\/\/www.manaus.am.gov.br\/semmas\/wp-content\/uploads\/sites\/26\/2026\/03\/1000507113.jpg\",\"contentUrl\":\"https:\/\/www.manaus.am.gov.br\/semmas\/wp-content\/uploads\/sites\/26\/2026\/03\/1000507113.jpg\",\"width\":4000,\"height\":3000,\"caption\":\"#paratodosverem - Jovem segurando celular com acesso no card de divulga\u00e7\u00e3o do novo canal \\\"Disk Plantio\\\"\"},{\"@type\":\"BreadcrumbList\",\"@id\":\"https:\/\/www.manaus.am.gov.br\/semmas\/lancamento-disk-plantio\/#breadcrumb\",\"itemListElement\":[{\"@type\":\"ListItem\",\"position\":1,\"name\":\"Home\",\"item\":\"https:\/\/www.manaus.am.gov.br\/semmas\/\"},{\"@type\":\"ListItem\",\"position\":2,\"name\":\"Prefeitura de Manaus lan\u00e7a servi\u00e7o para popula\u00e7\u00e3o solicitar plantio de mudas na frente de seus im\u00f3veis\"}]},{\"@type\":\"WebSite\",\"@id\":\"https:\/\/www.manaus.am.gov.br\/semmas\/#website\",\"url\":\"https:\/\/www.manaus.am.gov.br\/semmas\/\",\"name\":\"SEMMAS CLIMA\",\"description\":\"Secretaria Municipal de Meio Ambiente e Sustentabilidade\",\"publisher\":{\"@id\":\"https:\/\/www.manaus.am.gov.br\/semmas\/#organization\"},\"alternateName\":\"Secretaria Municipal de Meio Ambiente e Sustentabilidade\",\"potentialAction\":[{\"@type\":\"SearchAction\",\"target\":{\"@type\":\"EntryPoint\",\"urlTemplate\":\"https:\/\/www.manaus.am.gov.br\/semmas\/?s={search_term_string}\"},\"query-input\":\"required name=search_term_string\"}],\"inLanguage\":\"pt-BR\"},{\"@type\":\"Organization\",\"@id\":\"https:\/\/www.manaus.am.gov.br\/semmas\/#organization\",\"name\":\"Prefeitura de Manaus\",\"alternateName\":\"Prefeitura Municipal de Manaus\",\"url\":\"https:\/\/www.manaus.am.gov.br\/semmas\/\",\"logo\":{\"@type\":\"ImageObject\",\"inLanguage\":\"pt-BR\",\"@id\":\"https:\/\/www.manaus.am.gov.br\/semmas\/#\/schema\/logo\/image\/\",\"url\":\"https:\/\/www.manaus.am.gov.br\/semmas\/wp-content\/uploads\/sites\/26\/2024\/06\/brasao.png\",\"contentUrl\":\"https:\/\/www.manaus.am.gov.br\/semmas\/wp-content\/uploads\/sites\/26\/2024\/06\/brasao.png\",\"width\":286,\"height\":408,\"caption\":\"Prefeitura de Manaus\"},\"image\":{\"@id\":\"https:\/\/www.manaus.am.gov.br\/semmas\/#\/schema\/logo\/image\/\"},\"sameAs\":[\"https:\/\/www.facebook.com\/SemmasManaus\",\"https:\/\/www.instagram.com\/semmasmanaus\/\",\"https:\/\/www.youtube.com\/@semmasmanaus2835\"]},{\"@type\":\"Person\",\"@id\":\"https:\/\/www.manaus.am.gov.br\/semmas\/#\/schema\/person\/05d223aea2bf115f9883a6ff3683d81b\",\"name\":\"Bruna Greco\",\"image\":{\"@type\":\"ImageObject\",\"inLanguage\":\"pt-BR\",\"@id\":\"https:\/\/www.manaus.am.gov.br\/semmas\/#\/schema\/person\/image\/\",\"url\":\"https:\/\/secure.gravatar.com\/avatar\/9c877d1a6adc2a055330e5c09a8653ce?s=96&d=mm&r=g\",\"contentUrl\":\"https:\/\/secure.gravatar.com\/avatar\/9c877d1a6adc2a055330e5c09a8653ce?s=96&d=mm&r=g\",\"caption\":\"Bruna Greco\"}}]}<\/script>\n<!-- \/ Yoast SEO plugin. -->","yoast_head_json":{"title":"Prefeitura de Manaus lan\u00e7a servi\u00e7o 'Disk Plantio'","description":"Prefeitura de Manaus, por meio da Semmas, lan\u00e7a servi\u00e7o para popula\u00e7\u00e3o solicitar plantio de mudas na frente de seus im\u00f3veis.","robots":{"index":"noindex","follow":"follow"},"og_locale":"pt_BR","og_type":"article","og_title":"Prefeitura de Manaus lan\u00e7a servi\u00e7o 'Disk Plantio'","og_description":"Prefeitura de Manaus, por meio da Semmas, lan\u00e7a servi\u00e7o para popula\u00e7\u00e3o solicitar plantio de mudas na frente de seus im\u00f3veis.","og_url":"https:\/\/www.manaus.am.gov.br\/semmas\/lancamento-disk-plantio\/","og_site_name":"SEMMAS","article_publisher":"https:\/\/www.facebook.com\/SemmasManaus","article_published_time":"2026-03-25T21:33:50+00:00","article_modified_time":"2026-03-26T16:50:47+00:00","og_image":[{"width":1024,"height":768,"url":"https:\/\/www.manaus.am.gov.br\/semmas\/wp-content\/uploads\/sites\/26\/2026\/03\/1000507113-1024x768.jpg","type":"image\/jpeg"}],"author":"Bruna Greco","twitter_card":"summary_large_image","twitter_misc":{"Written by":"Bruna Greco","Est. reading time":"3 minutos"},"schema":{"@context":"https:\/\/schema.org","@graph":[{"@type":"Article","@id":"https:\/\/www.manaus.am.gov.br\/semmas\/lancamento-disk-plantio\/#article","isPartOf":{"@id":"https:\/\/www.manaus.am.gov.br\/semmas\/lancamento-disk-plantio\/"},"author":{"name":"Bruna Greco","@id":"https:\/\/www.manaus.am.gov.br\/semmas\/#\/schema\/person\/05d223aea2bf115f9883a6ff3683d81b"},"headline":"Prefeitura de Manaus lan\u00e7a servi\u00e7o para popula\u00e7\u00e3o solicitar plantio de mudas na frente de seus im\u00f3veis","datePublished":"2026-03-25T21:33:50+00:00","dateModified":"2026-03-26T16:50:47+00:00","mainEntityOfPage":{"@id":"https:\/\/www.manaus.am.gov.br\/semmas\/lancamento-disk-plantio\/"},"wordCount":523,"publisher":{"@id":"https:\/\/www.manaus.am.gov.br\/semmas\/#organization"},"image":{"@id":"https:\/\/www.manaus.am.gov.br\/semmas\/lancamento-disk-plantio\/#primaryimage"},"thumbnailUrl":"https:\/\/www.manaus.am.gov.br\/semmas\/wp-content\/uploads\/sites\/26\/2026\/03\/1000507113.jpg","keywords":["Disk Plantio","frente de im\u00f3veis","plantio de mudas","prefeitura de manaus","semmas"],"articleSection":["Servi\u00e7os"],"inLanguage":"pt-BR"},{"@type":"WebPage","@id":"https:\/\/www.manaus.am.gov.br\/semmas\/lancamento-disk-plantio\/","url":"https:\/\/www.manaus.am.gov.br\/semmas\/lancamento-disk-plantio\/","name":"Prefeitura de Manaus lan\u00e7a servi\u00e7o 'Disk Plantio'","isPartOf":{"@id":"https:\/\/www.manaus.am.gov.br\/semmas\/#website"},"primaryImageOfPage":{"@id":"https:\/\/www.manaus.am.gov.br\/semmas\/lancamento-disk-plantio\/#primaryimage"},"image":{"@id":"https:\/\/www.manaus.am.gov.br\/semmas\/lancamento-disk-plantio\/#primaryimage"},"thumbnailUrl":"https:\/\/www.manaus.am.gov.br\/semmas\/wp-content\/uploads\/sites\/26\/2026\/03\/1000507113.jpg","datePublished":"2026-03-25T21:33:50+00:00","dateModified":"2026-03-26T16:50:47+00:00","description":"Prefeitura de Manaus, por meio da Semmas, lan\u00e7a servi\u00e7o para popula\u00e7\u00e3o solicitar plantio de mudas na frente de seus im\u00f3veis.","breadcrumb":{"@id":"https:\/\/www.manaus.am.gov.br\/semmas\/lancamento-disk-plantio\/#breadcrumb"},"inLanguage":"pt-BR","potentialAction":[{"@type":"ReadAction","target":["https:\/\/www.manaus.am.gov.br\/semmas\/lancamento-disk-plantio\/"]}]},{"@type":"ImageObject","inLanguage":"pt-BR","@id":"https:\/\/www.manaus.am.gov.br\/semmas\/lancamento-disk-plantio\/#primaryimage","url":"https:\/\/www.manaus.am.gov.br\/semmas\/wp-content\/uploads\/sites\/26\/2026\/03\/1000507113.jpg","contentUrl":"https:\/\/www.manaus.am.gov.br\/semmas\/wp-content\/uploads\/sites\/26\/2026\/03\/1000507113.jpg","width":4000,"height":3000,"caption":"#paratodosverem - Jovem segurando celular com acesso no card de divulga\u00e7\u00e3o do novo canal \"Disk Plantio\""},{"@type":"BreadcrumbList","@id":"https:\/\/www.manaus.am.gov.br\/semmas\/lancamento-disk-plantio\/#breadcrumb","itemListElement":[{"@type":"ListItem","position":1,"name":"Home","item":"https:\/\/www.manaus.am.gov.br\/semmas\/"},{"@type":"ListItem","position":2,"name":"Prefeitura de Manaus lan\u00e7a servi\u00e7o para popula\u00e7\u00e3o solicitar plantio de mudas na frente de seus im\u00f3veis"}]},{"@type":"WebSite","@id":"https:\/\/www.manaus.am.gov.br\/semmas\/#website","url":"https:\/\/www.manaus.am.gov.br\/semmas\/","name":"SEMMAS CLIMA","description":"Secretaria Municipal de Meio Ambiente e Sustentabilidade","publisher":{"@id":"https:\/\/www.manaus.am.gov.br\/semmas\/#organization"},"alternateName":"Secretaria Municipal de Meio Ambiente e Sustentabilidade","potentialAction":[{"@type":"SearchAction","target":{"@type":"EntryPoint","urlTemplate":"https:\/\/www.manaus.am.gov.br\/semmas\/?s={search_term_string}"},"query-input":"required name=search_term_string"}],"inLanguage":"pt-BR"},{"@type":"Organization","@id":"https:\/\/www.manaus.am.gov.br\/semmas\/#organization","name":"Prefeitura de Manaus","alternateName":"Prefeitura Municipal de Manaus","url":"https:\/\/www.manaus.am.gov.br\/semmas\/","logo":{"@type":"ImageObject","inLanguage":"pt-BR","@id":"https:\/\/www.manaus.am.gov.br\/semmas\/#\/schema\/logo\/image\/","url":"https:\/\/www.manaus.am.gov.br\/semmas\/wp-content\/uploads\/sites\/26\/2024\/06\/brasao.png","contentUrl":"https:\/\/www.manaus.am.gov.br\/semmas\/wp-content\/uploads\/sites\/26\/2024\/06\/brasao.png","width":286,"height":408,"caption":"Prefeitura de Manaus"},"image":{"@id":"https:\/\/www.manaus.am.gov.br\/semmas\/#\/schema\/logo\/image\/"},"sameAs":["https:\/\/www.facebook.com\/SemmasManaus","https:\/\/www.instagram.com\/semmasmanaus\/","https:\/\/www.youtube.com\/@semmasmanaus2835"]},{"@type":"Person","@id":"https:\/\/www.manaus.am.gov.br\/semmas\/#\/schema\/person\/05d223aea2bf115f9883a6ff3683d81b","name":"Bruna Greco","image":{"@type":"ImageObject","inLanguage":"pt-BR","@id":"https:\/\/www.manaus.am.gov.br\/semmas\/#\/schema\/person\/image\/","url":"https:\/\/secure.gravatar.com\/avatar\/9c877d1a6adc2a055330e5c09a8653ce?s=96&d=mm&r=g","contentUrl":"https:\/\/secure.gravatar.com\/avatar\/9c877d1a6adc2a055330e5c09a8653ce?s=96&d=mm&r=g","caption":"Bruna Greco"}}]}},"_links":{"self":[{"href":"https:\/\/www.manaus.am.gov.br\/semmas\/wp-json\/wp\/v2\/posts\/14358"}],"collection":[{"href":"https:\/\/www.manaus.am.gov.br\/semmas\/wp-json\/wp\/v2\/posts"}],"about":[{"href":"https:\/\/www.manaus.am.gov.br\/semmas\/wp-json\/wp\/v2\/types\/post"}],"author":[{"embeddable":true,"href":"https:\/\/www.manaus.am.gov.br\/semmas\/wp-json\/wp\/v2\/users\/39"}],"replies":[{"embeddable":true,"href":"https:\/\/www.manaus.am.gov.br\/semmas\/wp-json\/wp\/v2\/comments?post=14358"}],"version-history":[{"count":1,"href":"https:\/\/www.manaus.am.gov.br\/semmas\/wp-json\/wp\/v2\/posts\/14358\/revisions"}],"predecessor-version":[{"id":14360,"href":"https:\/\/www.manaus.am.gov.br\/semmas\/wp-json\/wp\/v2\/posts\/14358\/revisions\/14360"}],"wp:featuredmedia":[{"embeddable":true,"href":"https:\/\/www.manaus.am.gov.br\/semmas\/wp-json\/wp\/v2\/media\/14359"}],"wp:attachment":[{"href":"https:\/\/www.manaus.am.gov.br\/semmas\/wp-json\/wp\/v2\/media?parent=14358"}],"wp:term":[{"taxonomy":"category","embeddable":true,"href":"https:\/\/www.manaus.am.gov.br\/semmas\/wp-json\/wp\/v2\/categories?post=14358"},{"taxonomy":"post_tag","embeddable":true,"href":"https:\/\/www.manaus.am.gov.br\/semmas\/wp-json\/wp\/v2\/tags?post=14358"}],"curies":[{"name":"wp","href":"https:\/\/api.w.org\/{rel}","templated":true}]}}