{"id":14329,"date":"2026-03-14T10:40:40","date_gmt":"2026-03-14T14:40:40","guid":{"rendered":"https:\/\/www.manaus.am.gov.br\/semmas\/plantio-de-13-400-mudas\/"},"modified":"2026-03-14T12:54:43","modified_gmt":"2026-03-14T16:54:43","slug":"plantio-de-13-400-mudas","status":"publish","type":"post","link":"https:\/\/www.manaus.am.gov.br\/semmas\/plantio-de-13-400-mudas\/","title":{"rendered":"Prefeitura de Manaus realiza plantio de 13.400 mudas como parte da estrat\u00e9gia de arboriza\u00e7\u00e3o da capital amazonense"},"content":{"rendered":"\n<p>A <a href=\"https:\/\/www.instagram.com\/prefeiturademanaus\/\">Prefeitura de Manaus<\/a> segue avan\u00e7ando na arboriza\u00e7\u00e3o da cidade. Por meio da <a href=\"https:\/\/www.manaus.am.gov.br\/semmas\/\">Secretaria Municipal de Meio Ambiente e Sustentabilidade (Semmas)<\/a>, foi realizado o plantio 13.400 mudas at\u00e9 este s\u00e1bado, 14\/3, com mais uma a\u00e7\u00e3o na avenida Nathan Xavier, no Novo Aleixo, zona Norte. O n\u00famero j\u00e1 equivale a 40,6% do total de mudas plantadas em todo o ano de 2025, que foi de 33 mil. A meta para 2026 \u00e9 de 40 mil novas mudas plantadas em todas as zonas da capital.<\/p>\n\n\n\n<p>Estes indicadores hist\u00f3ricos se devem ao comprometimento das equipes de plantio e \u00e0 implanta\u00e7\u00e3o de novas tecnologias que agilizam o trabalho. Entre elas est\u00e3o os perfuradores de solo, o tratamento da terra com hidrogel e outros componentes que favorecem a sobreviv\u00eancia, o crescimento, a flora\u00e7\u00e3o e frutifica\u00e7\u00e3o das \u00e1rvores, como calc\u00e1rio, ureia e cloreto de pot\u00e1ssio.<\/p>\n\n\n\n<p>Dentre as mais de 78 a\u00e7\u00f5es de arboriza\u00e7\u00e3o em 2026, est\u00e3o vias e complexos vi\u00e1rios de todas as zonas da cidade, como as avenidas Coronel Teixeira, Torquato Tapaj\u00f3s, Governador Jos\u00e9 Lindoso, Santos Dumont e Nathan Xavier, por exemplo.<\/p>\n\n\n\n<p>Em complexos vi\u00e1rios e espa\u00e7os urbanos vazios, bem como \u00e0s margens de igarap\u00e9s s\u00e3o plantadas esp\u00e9cies frut\u00edferas, como birib\u00e1, ing\u00e1-cip\u00f3 e mangueiras que servir\u00e3o, no futuro, para as pessoas, p\u00e1ssaros e macacos. Formando verdadeiras miniflorestas ao longo da cidade.<\/p>\n\n\n\n<p>O titular da Semmas, Fransu\u00e1 Matos, afirma que o projeto de MiniFlorestas Urbanas reflete o compromisso da gest\u00e3o municipal com a pol\u00edtica ambiental e, principalmente, com o legado para as futuras gera\u00e7\u00f5es. &#8220;As miniflorestas urbanas ou florestas de bolso t\u00eam como fun\u00e7\u00e3o principal regenerar ecossistemas nativos em pequenas \u00e1reas, trazendo benef\u00edcios ambientais, clim\u00e1ticos e sociais&#8221;, afirmou.<\/p>\n\n\n\n<h2 class=\"wp-block-heading\"><strong>MiniFlorestas Urbanas<\/strong><\/h2>\n\n\n\n<p>As equipes de Arboriza\u00e7\u00e3o e Georreferenciamento da Secretaria Municipal de Meio Ambiente e Sustentabilidade (Semmas) fazem visitas t\u00e9cnicas aos espa\u00e7os para o levantamento sobre as esp\u00e9cies a serem plantadas, levando em considera\u00e7\u00e3o a fun\u00e7\u00e3o ambiental e toda a biodiversidade local. Em seguida, a secretaria de Limpeza P\u00fablica (Semulsp) realiza o preparo da \u00e1rea, com ro\u00e7agem, limpeza e poss\u00edvel retirada de res\u00edduos, para que a Semmas fa\u00e7a o plantio.<\/p>\n\n\n\n<p>&#8220;Quando em idade adulta, estes bosques contribuem significativamente para a melhoria do microclima urbano, auxiliam na redu\u00e7\u00e3o da temperatura, aumentam a infiltra\u00e7\u00e3o de \u00e1gua no solo e oferecem abrigo e alimento para aves, insetos e outros organismos da fauna&#8221;, explicou o engenheiro florestal da Semmas, Wellington Marialva.<\/p>\n\n\n\n<p>A cria\u00e7\u00e3o de miniflorestas tamb\u00e9m possui importante fun\u00e7\u00e3o educativa e social, aproximando a popula\u00e7\u00e3o da natureza e estimulando a participa\u00e7\u00e3o comunit\u00e1ria em a\u00e7\u00f5es de plantio e conserva\u00e7\u00e3o ambiental. Neste contexto, iniciativas conduzidas pela Semmas buscam promover o plantio de esp\u00e9cies nativas da Amaz\u00f4nia em espa\u00e7os p\u00fablicos, pra\u00e7as e \u00e1reas institucionais, contribuindo para a constru\u00e7\u00e3o de uma cidade mais verde, resiliente e ambientalmente equilibrada.<\/p>\n\n\n\n<p>&#8212; &#8212; &#8212;<\/p>\n\n\n\n<p><strong>Texto &#8211;<\/strong> Taianna Castro \/ Semmas<\/p>\n\n\n\n<p><strong>Fotos &#8211;<\/strong> Divulga\u00e7\u00e3o <\/p>\n","protected":false},"excerpt":{"rendered":"","protected":false},"author":57,"featured_media":14330,"comment_status":"closed","ping_status":"closed","sticky":false,"template":"","format":"standard","meta":{"footnotes":""},"categories":[25],"tags":[459,778,11,15],"acf":[],"yoast_head":"<!-- This site is optimized with the Yoast SEO plugin v23.0 - https:\/\/yoast.com\/wordpress\/plugins\/seo\/ -->\n<title>Prefeitura de Manaus realiza plantio de 13.400 mudas<\/title>\n<meta name=\"description\" content=\"A Prefeitura de Manaus segue avan\u00e7ando na arboriza\u00e7\u00e3o da cidade. Por meio da Semmas, foi realizado o plantio 13.400 mudas at\u00e9 este s\u00e1bado.\" \/>\n<meta name=\"robots\" content=\"noindex, follow\" \/>\n<meta property=\"og:locale\" content=\"pt_BR\" \/>\n<meta property=\"og:type\" content=\"article\" \/>\n<meta property=\"og:title\" content=\"Prefeitura de Manaus realiza plantio de 13.400 mudas\" \/>\n<meta property=\"og:description\" content=\"A Prefeitura de Manaus segue avan\u00e7ando na arboriza\u00e7\u00e3o da cidade. Por meio da Semmas, foi realizado o plantio 13.400 mudas at\u00e9 este s\u00e1bado.\" \/>\n<meta property=\"og:url\" content=\"https:\/\/www.manaus.am.gov.br\/semmas\/plantio-de-13-400-mudas\/\" \/>\n<meta property=\"og:site_name\" content=\"SEMMAS\" \/>\n<meta property=\"article:publisher\" content=\"https:\/\/www.facebook.com\/SemmasManaus\" \/>\n<meta property=\"article:published_time\" content=\"2026-03-14T14:40:40+00:00\" \/>\n<meta property=\"article:modified_time\" content=\"2026-03-14T16:54:43+00:00\" \/>\n<meta property=\"og:image\" content=\"https:\/\/www.manaus.am.gov.br\/semmas\/wp-content\/uploads\/sites\/26\/2026\/03\/plantio-de-mudas_Semmas-3.jpg\" \/>\n\t<meta property=\"og:image:width\" content=\"1600\" \/>\n\t<meta property=\"og:image:height\" content=\"1200\" \/>\n\t<meta property=\"og:image:type\" content=\"image\/jpeg\" \/>\n<meta name=\"author\" content=\"Thiago Fernando\" \/>\n<meta name=\"twitter:card\" content=\"summary_large_image\" \/>\n<meta name=\"twitter:label1\" content=\"Written by\" \/>\n\t<meta name=\"twitter:data1\" content=\"Thiago Fernando\" \/>\n\t<meta name=\"twitter:label2\" content=\"Est. reading time\" \/>\n\t<meta name=\"twitter:data2\" content=\"3 minutos\" \/>\n<script type=\"application\/ld+json\" class=\"yoast-schema-graph\">{\"@context\":\"https:\/\/schema.org\",\"@graph\":[{\"@type\":\"Article\",\"@id\":\"https:\/\/www.manaus.am.gov.br\/semmas\/plantio-de-13-400-mudas\/#article\",\"isPartOf\":{\"@id\":\"https:\/\/www.manaus.am.gov.br\/semmas\/plantio-de-13-400-mudas\/\"},\"author\":{\"name\":\"Thiago Fernando\",\"@id\":\"https:\/\/www.manaus.am.gov.br\/semmas\/#\/schema\/person\/a5ee5376db6e21af026374b369f30882\"},\"headline\":\"Prefeitura de Manaus realiza plantio de 13.400 mudas como parte da estrat\u00e9gia de arboriza\u00e7\u00e3o da capital amazonense\",\"datePublished\":\"2026-03-14T14:40:40+00:00\",\"dateModified\":\"2026-03-14T16:54:43+00:00\",\"mainEntityOfPage\":{\"@id\":\"https:\/\/www.manaus.am.gov.br\/semmas\/plantio-de-13-400-mudas\/\"},\"wordCount\":532,\"publisher\":{\"@id\":\"https:\/\/www.manaus.am.gov.br\/semmas\/#organization\"},\"image\":{\"@id\":\"https:\/\/www.manaus.am.gov.br\/semmas\/plantio-de-13-400-mudas\/#primaryimage\"},\"thumbnailUrl\":\"https:\/\/www.manaus.am.gov.br\/semmas\/wp-content\/uploads\/sites\/26\/2026\/03\/plantio-de-mudas_Semmas-3.jpg\",\"keywords\":[\"meio ambiente\",\"plantio\",\"prefeitura de manaus\",\"semmas\"],\"articleSection\":[\"Meio Ambiente\"],\"inLanguage\":\"pt-BR\"},{\"@type\":\"WebPage\",\"@id\":\"https:\/\/www.manaus.am.gov.br\/semmas\/plantio-de-13-400-mudas\/\",\"url\":\"https:\/\/www.manaus.am.gov.br\/semmas\/plantio-de-13-400-mudas\/\",\"name\":\"Prefeitura de Manaus realiza plantio de 13.400 mudas\",\"isPartOf\":{\"@id\":\"https:\/\/www.manaus.am.gov.br\/semmas\/#website\"},\"primaryImageOfPage\":{\"@id\":\"https:\/\/www.manaus.am.gov.br\/semmas\/plantio-de-13-400-mudas\/#primaryimage\"},\"image\":{\"@id\":\"https:\/\/www.manaus.am.gov.br\/semmas\/plantio-de-13-400-mudas\/#primaryimage\"},\"thumbnailUrl\":\"https:\/\/www.manaus.am.gov.br\/semmas\/wp-content\/uploads\/sites\/26\/2026\/03\/plantio-de-mudas_Semmas-3.jpg\",\"datePublished\":\"2026-03-14T14:40:40+00:00\",\"dateModified\":\"2026-03-14T16:54:43+00:00\",\"description\":\"A Prefeitura de Manaus segue avan\u00e7ando na arboriza\u00e7\u00e3o da cidade. Por meio da Semmas, foi realizado o plantio 13.400 mudas at\u00e9 este s\u00e1bado.\",\"breadcrumb\":{\"@id\":\"https:\/\/www.manaus.am.gov.br\/semmas\/plantio-de-13-400-mudas\/#breadcrumb\"},\"inLanguage\":\"pt-BR\",\"potentialAction\":[{\"@type\":\"ReadAction\",\"target\":[\"https:\/\/www.manaus.am.gov.br\/semmas\/plantio-de-13-400-mudas\/\"]}]},{\"@type\":\"ImageObject\",\"inLanguage\":\"pt-BR\",\"@id\":\"https:\/\/www.manaus.am.gov.br\/semmas\/plantio-de-13-400-mudas\/#primaryimage\",\"url\":\"https:\/\/www.manaus.am.gov.br\/semmas\/wp-content\/uploads\/sites\/26\/2026\/03\/plantio-de-mudas_Semmas-3.jpg\",\"contentUrl\":\"https:\/\/www.manaus.am.gov.br\/semmas\/wp-content\/uploads\/sites\/26\/2026\/03\/plantio-de-mudas_Semmas-3.jpg\",\"width\":1600,\"height\":1200,\"caption\":\"#Paratodosverem - Servidores da Semmas realizando plantio de mudas\"},{\"@type\":\"BreadcrumbList\",\"@id\":\"https:\/\/www.manaus.am.gov.br\/semmas\/plantio-de-13-400-mudas\/#breadcrumb\",\"itemListElement\":[{\"@type\":\"ListItem\",\"position\":1,\"name\":\"Home\",\"item\":\"https:\/\/www.manaus.am.gov.br\/semmas\/\"},{\"@type\":\"ListItem\",\"position\":2,\"name\":\"Prefeitura de Manaus realiza plantio de 13.400 mudas como parte da estrat\u00e9gia de arboriza\u00e7\u00e3o da capital amazonense\"}]},{\"@type\":\"WebSite\",\"@id\":\"https:\/\/www.manaus.am.gov.br\/semmas\/#website\",\"url\":\"https:\/\/www.manaus.am.gov.br\/semmas\/\",\"name\":\"SEMMAS CLIMA\",\"description\":\"Secretaria Municipal de Meio Ambiente e Sustentabilidade\",\"publisher\":{\"@id\":\"https:\/\/www.manaus.am.gov.br\/semmas\/#organization\"},\"alternateName\":\"Secretaria Municipal de Meio Ambiente e Sustentabilidade\",\"potentialAction\":[{\"@type\":\"SearchAction\",\"target\":{\"@type\":\"EntryPoint\",\"urlTemplate\":\"https:\/\/www.manaus.am.gov.br\/semmas\/?s={search_term_string}\"},\"query-input\":\"required name=search_term_string\"}],\"inLanguage\":\"pt-BR\"},{\"@type\":\"Organization\",\"@id\":\"https:\/\/www.manaus.am.gov.br\/semmas\/#organization\",\"name\":\"Prefeitura de Manaus\",\"alternateName\":\"Prefeitura Municipal de Manaus\",\"url\":\"https:\/\/www.manaus.am.gov.br\/semmas\/\",\"logo\":{\"@type\":\"ImageObject\",\"inLanguage\":\"pt-BR\",\"@id\":\"https:\/\/www.manaus.am.gov.br\/semmas\/#\/schema\/logo\/image\/\",\"url\":\"https:\/\/www.manaus.am.gov.br\/semmas\/wp-content\/uploads\/sites\/26\/2024\/06\/brasao.png\",\"contentUrl\":\"https:\/\/www.manaus.am.gov.br\/semmas\/wp-content\/uploads\/sites\/26\/2024\/06\/brasao.png\",\"width\":286,\"height\":408,\"caption\":\"Prefeitura de Manaus\"},\"image\":{\"@id\":\"https:\/\/www.manaus.am.gov.br\/semmas\/#\/schema\/logo\/image\/\"},\"sameAs\":[\"https:\/\/www.facebook.com\/SemmasManaus\",\"https:\/\/www.instagram.com\/semmasmanaus\/\",\"https:\/\/www.youtube.com\/@semmasmanaus2835\"]},{\"@type\":\"Person\",\"@id\":\"https:\/\/www.manaus.am.gov.br\/semmas\/#\/schema\/person\/a5ee5376db6e21af026374b369f30882\",\"name\":\"Thiago Fernando\",\"image\":{\"@type\":\"ImageObject\",\"inLanguage\":\"pt-BR\",\"@id\":\"https:\/\/www.manaus.am.gov.br\/semmas\/#\/schema\/person\/image\/\",\"url\":\"https:\/\/secure.gravatar.com\/avatar\/f5aab8722444041451501c077052ac07?s=96&d=mm&r=g\",\"contentUrl\":\"https:\/\/secure.gravatar.com\/avatar\/f5aab8722444041451501c077052ac07?s=96&d=mm&r=g\",\"caption\":\"Thiago Fernando\"}}]}<\/script>\n<!-- \/ Yoast SEO plugin. -->","yoast_head_json":{"title":"Prefeitura de Manaus realiza plantio de 13.400 mudas","description":"A Prefeitura de Manaus segue avan\u00e7ando na arboriza\u00e7\u00e3o da cidade. Por meio da Semmas, foi realizado o plantio 13.400 mudas at\u00e9 este s\u00e1bado.","robots":{"index":"noindex","follow":"follow"},"og_locale":"pt_BR","og_type":"article","og_title":"Prefeitura de Manaus realiza plantio de 13.400 mudas","og_description":"A Prefeitura de Manaus segue avan\u00e7ando na arboriza\u00e7\u00e3o da cidade. Por meio da Semmas, foi realizado o plantio 13.400 mudas at\u00e9 este s\u00e1bado.","og_url":"https:\/\/www.manaus.am.gov.br\/semmas\/plantio-de-13-400-mudas\/","og_site_name":"SEMMAS","article_publisher":"https:\/\/www.facebook.com\/SemmasManaus","article_published_time":"2026-03-14T14:40:40+00:00","article_modified_time":"2026-03-14T16:54:43+00:00","og_image":[{"width":1600,"height":1200,"url":"https:\/\/www.manaus.am.gov.br\/semmas\/wp-content\/uploads\/sites\/26\/2026\/03\/plantio-de-mudas_Semmas-3.jpg","type":"image\/jpeg"}],"author":"Thiago Fernando","twitter_card":"summary_large_image","twitter_misc":{"Written by":"Thiago Fernando","Est. reading time":"3 minutos"},"schema":{"@context":"https:\/\/schema.org","@graph":[{"@type":"Article","@id":"https:\/\/www.manaus.am.gov.br\/semmas\/plantio-de-13-400-mudas\/#article","isPartOf":{"@id":"https:\/\/www.manaus.am.gov.br\/semmas\/plantio-de-13-400-mudas\/"},"author":{"name":"Thiago Fernando","@id":"https:\/\/www.manaus.am.gov.br\/semmas\/#\/schema\/person\/a5ee5376db6e21af026374b369f30882"},"headline":"Prefeitura de Manaus realiza plantio de 13.400 mudas como parte da estrat\u00e9gia de arboriza\u00e7\u00e3o da capital amazonense","datePublished":"2026-03-14T14:40:40+00:00","dateModified":"2026-03-14T16:54:43+00:00","mainEntityOfPage":{"@id":"https:\/\/www.manaus.am.gov.br\/semmas\/plantio-de-13-400-mudas\/"},"wordCount":532,"publisher":{"@id":"https:\/\/www.manaus.am.gov.br\/semmas\/#organization"},"image":{"@id":"https:\/\/www.manaus.am.gov.br\/semmas\/plantio-de-13-400-mudas\/#primaryimage"},"thumbnailUrl":"https:\/\/www.manaus.am.gov.br\/semmas\/wp-content\/uploads\/sites\/26\/2026\/03\/plantio-de-mudas_Semmas-3.jpg","keywords":["meio ambiente","plantio","prefeitura de manaus","semmas"],"articleSection":["Meio Ambiente"],"inLanguage":"pt-BR"},{"@type":"WebPage","@id":"https:\/\/www.manaus.am.gov.br\/semmas\/plantio-de-13-400-mudas\/","url":"https:\/\/www.manaus.am.gov.br\/semmas\/plantio-de-13-400-mudas\/","name":"Prefeitura de Manaus realiza plantio de 13.400 mudas","isPartOf":{"@id":"https:\/\/www.manaus.am.gov.br\/semmas\/#website"},"primaryImageOfPage":{"@id":"https:\/\/www.manaus.am.gov.br\/semmas\/plantio-de-13-400-mudas\/#primaryimage"},"image":{"@id":"https:\/\/www.manaus.am.gov.br\/semmas\/plantio-de-13-400-mudas\/#primaryimage"},"thumbnailUrl":"https:\/\/www.manaus.am.gov.br\/semmas\/wp-content\/uploads\/sites\/26\/2026\/03\/plantio-de-mudas_Semmas-3.jpg","datePublished":"2026-03-14T14:40:40+00:00","dateModified":"2026-03-14T16:54:43+00:00","description":"A Prefeitura de Manaus segue avan\u00e7ando na arboriza\u00e7\u00e3o da cidade. Por meio da Semmas, foi realizado o plantio 13.400 mudas at\u00e9 este s\u00e1bado.","breadcrumb":{"@id":"https:\/\/www.manaus.am.gov.br\/semmas\/plantio-de-13-400-mudas\/#breadcrumb"},"inLanguage":"pt-BR","potentialAction":[{"@type":"ReadAction","target":["https:\/\/www.manaus.am.gov.br\/semmas\/plantio-de-13-400-mudas\/"]}]},{"@type":"ImageObject","inLanguage":"pt-BR","@id":"https:\/\/www.manaus.am.gov.br\/semmas\/plantio-de-13-400-mudas\/#primaryimage","url":"https:\/\/www.manaus.am.gov.br\/semmas\/wp-content\/uploads\/sites\/26\/2026\/03\/plantio-de-mudas_Semmas-3.jpg","contentUrl":"https:\/\/www.manaus.am.gov.br\/semmas\/wp-content\/uploads\/sites\/26\/2026\/03\/plantio-de-mudas_Semmas-3.jpg","width":1600,"height":1200,"caption":"#Paratodosverem - Servidores da Semmas realizando plantio de mudas"},{"@type":"BreadcrumbList","@id":"https:\/\/www.manaus.am.gov.br\/semmas\/plantio-de-13-400-mudas\/#breadcrumb","itemListElement":[{"@type":"ListItem","position":1,"name":"Home","item":"https:\/\/www.manaus.am.gov.br\/semmas\/"},{"@type":"ListItem","position":2,"name":"Prefeitura de Manaus realiza plantio de 13.400 mudas como parte da estrat\u00e9gia de arboriza\u00e7\u00e3o da capital amazonense"}]},{"@type":"WebSite","@id":"https:\/\/www.manaus.am.gov.br\/semmas\/#website","url":"https:\/\/www.manaus.am.gov.br\/semmas\/","name":"SEMMAS CLIMA","description":"Secretaria Municipal de Meio Ambiente e Sustentabilidade","publisher":{"@id":"https:\/\/www.manaus.am.gov.br\/semmas\/#organization"},"alternateName":"Secretaria Municipal de Meio Ambiente e Sustentabilidade","potentialAction":[{"@type":"SearchAction","target":{"@type":"EntryPoint","urlTemplate":"https:\/\/www.manaus.am.gov.br\/semmas\/?s={search_term_string}"},"query-input":"required name=search_term_string"}],"inLanguage":"pt-BR"},{"@type":"Organization","@id":"https:\/\/www.manaus.am.gov.br\/semmas\/#organization","name":"Prefeitura de Manaus","alternateName":"Prefeitura Municipal de Manaus","url":"https:\/\/www.manaus.am.gov.br\/semmas\/","logo":{"@type":"ImageObject","inLanguage":"pt-BR","@id":"https:\/\/www.manaus.am.gov.br\/semmas\/#\/schema\/logo\/image\/","url":"https:\/\/www.manaus.am.gov.br\/semmas\/wp-content\/uploads\/sites\/26\/2024\/06\/brasao.png","contentUrl":"https:\/\/www.manaus.am.gov.br\/semmas\/wp-content\/uploads\/sites\/26\/2024\/06\/brasao.png","width":286,"height":408,"caption":"Prefeitura de Manaus"},"image":{"@id":"https:\/\/www.manaus.am.gov.br\/semmas\/#\/schema\/logo\/image\/"},"sameAs":["https:\/\/www.facebook.com\/SemmasManaus","https:\/\/www.instagram.com\/semmasmanaus\/","https:\/\/www.youtube.com\/@semmasmanaus2835"]},{"@type":"Person","@id":"https:\/\/www.manaus.am.gov.br\/semmas\/#\/schema\/person\/a5ee5376db6e21af026374b369f30882","name":"Thiago Fernando","image":{"@type":"ImageObject","inLanguage":"pt-BR","@id":"https:\/\/www.manaus.am.gov.br\/semmas\/#\/schema\/person\/image\/","url":"https:\/\/secure.gravatar.com\/avatar\/f5aab8722444041451501c077052ac07?s=96&d=mm&r=g","contentUrl":"https:\/\/secure.gravatar.com\/avatar\/f5aab8722444041451501c077052ac07?s=96&d=mm&r=g","caption":"Thiago Fernando"}}]}},"_links":{"self":[{"href":"https:\/\/www.manaus.am.gov.br\/semmas\/wp-json\/wp\/v2\/posts\/14329"}],"collection":[{"href":"https:\/\/www.manaus.am.gov.br\/semmas\/wp-json\/wp\/v2\/posts"}],"about":[{"href":"https:\/\/www.manaus.am.gov.br\/semmas\/wp-json\/wp\/v2\/types\/post"}],"author":[{"embeddable":true,"href":"https:\/\/www.manaus.am.gov.br\/semmas\/wp-json\/wp\/v2\/users\/57"}],"replies":[{"embeddable":true,"href":"https:\/\/www.manaus.am.gov.br\/semmas\/wp-json\/wp\/v2\/comments?post=14329"}],"version-history":[{"count":2,"href":"https:\/\/www.manaus.am.gov.br\/semmas\/wp-json\/wp\/v2\/posts\/14329\/revisions"}],"predecessor-version":[{"id":14332,"href":"https:\/\/www.manaus.am.gov.br\/semmas\/wp-json\/wp\/v2\/posts\/14329\/revisions\/14332"}],"wp:featuredmedia":[{"embeddable":true,"href":"https:\/\/www.manaus.am.gov.br\/semmas\/wp-json\/wp\/v2\/media\/14330"}],"wp:attachment":[{"href":"https:\/\/www.manaus.am.gov.br\/semmas\/wp-json\/wp\/v2\/media?parent=14329"}],"wp:term":[{"taxonomy":"category","embeddable":true,"href":"https:\/\/www.manaus.am.gov.br\/semmas\/wp-json\/wp\/v2\/categories?post=14329"},{"taxonomy":"post_tag","embeddable":true,"href":"https:\/\/www.manaus.am.gov.br\/semmas\/wp-json\/wp\/v2\/tags?post=14329"}],"curies":[{"name":"wp","href":"https:\/\/api.w.org\/{rel}","templated":true}]}}