{"id":13747,"date":"2025-12-22T16:35:18","date_gmt":"2025-12-22T20:35:18","guid":{"rendered":"https:\/\/www.manaus.am.gov.br\/semmas\/prefeitura-e-idesam-lancam-projeto-para-restaurar-70-hectares-em-unidades-de-conservacao-de-manaus\/"},"modified":"2025-12-23T12:43:30","modified_gmt":"2025-12-23T16:43:30","slug":"projeto-restauracao-70-hectares-unidades-de-conservacao","status":"publish","type":"post","link":"https:\/\/www.manaus.am.gov.br\/semmas\/projeto-restauracao-70-hectares-unidades-de-conservacao\/","title":{"rendered":"Prefeitura e Idesam lan\u00e7am projeto para\u00a0restaurar 70 hectares em Unidades de Conserva\u00e7\u00e3o de Manaus"},"content":{"rendered":"\n<p>A <a href=\"https:\/\/www.manaus.am.gov.br\">Prefeitura de Manaus<\/a>, por meio da Secretaria Municipal de Meio Ambiente e Sustentabilidade (Semmas), em parceria com o <a href=\"https:\/\/idesam.org\/\">Instituto de Conserva\u00e7\u00e3o e Desenvolvimento Sustent\u00e1vel da Amaz\u00f4nia<\/a> (Idesam), deu in\u00edcio ao projeto de Restaura\u00e7\u00e3o Ecol\u00f3gica Produtiva, que visa recuperar \u00e1reas degradadas, fortalecer a biodiversidade local e gerar renda para comunidades tradicionais.<\/p>\n\n\n\n<p>Ao todo, o projeto prev\u00ea a restaura\u00e7\u00e3o de 70 hectares distribu\u00eddos em quatro Unidades de Conserva\u00e7\u00e3o (UCs) da capital amazonense. O plano de a\u00e7\u00e3o combina o plantio de esp\u00e9cies nativas com o monitoramento rigoroso para garantir a sobreviv\u00eancia das mudas e a regenera\u00e7\u00e3o do ecossistema.<\/p>\n\n\n\n<p>\u201cIniciativas como a de restaura\u00e7\u00e3o de ecossistemas devem ser fortalecidas entre poder p\u00fablico e outras institui\u00e7\u00f5es n\u00e3o governamentais. Assim como outras demandas ambientais, a governan\u00e7a mostra-se como um caminho exitoso na promo\u00e7\u00e3o da qualidade de vida da popula\u00e7\u00e3o como um todo a partir do compartilhamento de responsabilidades&#8221;, destacou a chefe de Divis\u00e3o de \u00c1reas Protegidas, Angeline Ugarte Amorim.<\/p>\n\n\n\n<p>Dentro do per\u00edmetro urbano da capital, o projeto j\u00e1 estabeleceu a meta de 28 hectares em processo de restaura\u00e7\u00e3o. Mais de sete mil mudas foram selecionadas para o plantio estrat\u00e9gico, com objetivos como a melhoria de habitats, a cria\u00e7\u00e3o de corredores ecol\u00f3gicos e \u00e1reas de ref\u00fagio para o sauim-de-coleira, primata s\u00edmbolo de Manaus que se encontra em perigo de extin\u00e7\u00e3o.<\/p>\n\n\n\n<p>&#8220;A escala deste projeto \u00e9 um marco para a regi\u00e3o. Estamos trabalhando com o plantio de milhares de mudas selecionadas n\u00e3o apenas para recompor a paisagem, mas para salvar esp\u00e9cies cr\u00edticas como o sauim-de-coleira, criando corredores que conectam fragmentos florestais. Al\u00e9m disso, a restaura\u00e7\u00e3o produtiva garante que a floresta em p\u00e9 gere renda direta para as fam\u00edlias locais, unindo conserva\u00e7\u00e3o e desenvolvimento econ\u00f4mico&#8221;, afirmou o gestor de projetos do Idesam, Vinicius Mutti Bertin.<\/p>\n\n\n\n<p><strong>Desenvolvimento Sustent\u00e1vel no Tup\u00e9<\/strong><\/p>\n\n\n\n<p>A restaura\u00e7\u00e3o se estende para a zona rural, com 45 hectares dedicados \u00e0 recupera\u00e7\u00e3o na Reserva de Desenvolvimento Sustent\u00e1vel (RDS) do Tup\u00e9, localizada na margem esquerda do rio Negro. Nessa regi\u00e3o, o projeto assume um car\u00e1ter de restaura\u00e7\u00e3o produtiva, com a \u201cGera\u00e7\u00e3o de Renda\u201d, que al\u00e9m do ganho ambiental, fomenta neg\u00f3cios vinculados \u00e0 economia verde, permitindo que a comunidade local se beneficie financeiramente do manejo e da conserva\u00e7\u00e3o; e a \u201cRecupera\u00e7\u00e3o de Passivos\u201d, com \u00e1reas degradadas que est\u00e3o sendo convertidas em sistemas que aliam a floresta em p\u00e9 com a produtividade sustent\u00e1vel.<\/p>\n\n\n\n<p>O gestor da RDS do Tup\u00e9, Marco Ant\u00f4nio Vaz, afirma que o projeto transforma \u00e1reas que antes n\u00e3o tinham uso ou que ofereciam riscos geol\u00f3gicos em cintur\u00f5es verdes. &#8220;O foco n\u00e3o \u00e9 apenas plantar, mas garantir que o animal s\u00edmbolo da nossa cidade tenha onde circular e se alimentar com seguran\u00e7a&#8221;, destacou.&nbsp;<\/p>\n\n\n\n<p><strong>Monitoramento<\/strong><\/p>\n\n\n\n<p>Um dos diferenciais desse projeto \u00e9 o compromisso com a longevidade. Todas as \u00e1reas contempladas, especialmente aquelas consideradas de risco ou sem uso pr\u00e9vio, passar\u00e3o por um monitoramento t\u00e9cnico por dois anos. Esse acompanhamento garante que as mudas proliferem de forma saud\u00e1vel, combatendo pragas e assegurando que o investimento p\u00fablico e t\u00e9cnico resulte em uma floresta urbana e rural resiliente.<\/p>\n\n\n\n<p>\u201cPor meio do Departamento de Mudan\u00e7as Clim\u00e1ticas e \u00c1reas Protegidas (DMCAP), Manaus fortalece a prote\u00e7\u00e3o de seus ecossistemas, enfrenta os desafios das mudan\u00e7as clim\u00e1ticas e constr\u00f3i um futuro mais resiliente, sustent\u00e1vel e justo para as presentes e futuras gera\u00e7\u00f5es\u201d, concluiu o engenheiro florestal e diretor do DMCAP, Paulo Roberto de Faria Pinto.<\/p>\n\n\n\n<p>&#8212; &#8212; &#8212;<\/p>\n\n\n\n<p><strong>Texto<\/strong>&nbsp;&#8211; Vit\u00f3ria Viegas\/Semmas<\/p>\n\n\n\n<p><strong>Foto <\/strong>&#8211; Linconl Fontenelle\/Semmas&nbsp;<\/p>\n","protected":false},"excerpt":{"rendered":"","protected":false},"author":39,"featured_media":13748,"comment_status":"closed","ping_status":"closed","sticky":false,"template":"","format":"standard","meta":{"footnotes":""},"categories":[453],"tags":[1227,11,1228,1229,15,1230],"acf":[],"yoast_head":"<!-- This site is optimized with the Yoast SEO plugin v23.0 - https:\/\/yoast.com\/wordpress\/plugins\/seo\/ -->\n<title>Prefeitura e Idesam lan\u00e7am projeto para restaurar 70 hectares em Unidades de Conserva\u00e7\u00e3o de Manaus<\/title>\n<meta name=\"description\" content=\"Prefeitura de Manaus e Idesam lan\u00e7am projeto para restaurar 70 hectares em Unidades de Conserva\u00e7\u00e3o (UCs) da capital.\" \/>\n<meta name=\"robots\" content=\"noindex, follow\" \/>\n<meta property=\"og:locale\" content=\"pt_BR\" \/>\n<meta property=\"og:type\" content=\"article\" \/>\n<meta property=\"og:title\" content=\"Prefeitura e Idesam lan\u00e7am projeto para restaurar 70 hectares em Unidades de Conserva\u00e7\u00e3o de Manaus\" \/>\n<meta property=\"og:description\" content=\"Prefeitura de Manaus e Idesam lan\u00e7am projeto para restaurar 70 hectares em Unidades de Conserva\u00e7\u00e3o (UCs) da capital.\" \/>\n<meta property=\"og:url\" content=\"https:\/\/www.manaus.am.gov.br\/semmas\/projeto-restauracao-70-hectares-unidades-de-conservacao\/\" \/>\n<meta property=\"og:site_name\" content=\"SEMMAS\" \/>\n<meta property=\"article:publisher\" content=\"https:\/\/www.facebook.com\/SemmasManaus\" \/>\n<meta property=\"article:published_time\" content=\"2025-12-22T20:35:18+00:00\" \/>\n<meta property=\"article:modified_time\" content=\"2025-12-23T16:43:30+00:00\" \/>\n<meta property=\"og:image\" content=\"https:\/\/www.manaus.am.gov.br\/semmas\/wp-content\/uploads\/sites\/26\/2025\/12\/WhatsApp-Image-2025-12-22-at-16.25.34-1.jpeg\" \/>\n\t<meta property=\"og:image:width\" content=\"1600\" \/>\n\t<meta property=\"og:image:height\" content=\"900\" \/>\n\t<meta property=\"og:image:type\" content=\"image\/jpeg\" \/>\n<meta name=\"author\" content=\"Bruna Greco\" \/>\n<meta name=\"twitter:card\" content=\"summary_large_image\" \/>\n<meta name=\"twitter:label1\" content=\"Written by\" \/>\n\t<meta name=\"twitter:data1\" content=\"Bruna Greco\" \/>\n\t<meta name=\"twitter:label2\" content=\"Est. reading time\" \/>\n\t<meta name=\"twitter:data2\" content=\"4 minutos\" \/>\n<script type=\"application\/ld+json\" class=\"yoast-schema-graph\">{\"@context\":\"https:\/\/schema.org\",\"@graph\":[{\"@type\":\"Article\",\"@id\":\"https:\/\/www.manaus.am.gov.br\/semmas\/projeto-restauracao-70-hectares-unidades-de-conservacao\/#article\",\"isPartOf\":{\"@id\":\"https:\/\/www.manaus.am.gov.br\/semmas\/projeto-restauracao-70-hectares-unidades-de-conservacao\/\"},\"author\":{\"name\":\"Bruna Greco\",\"@id\":\"https:\/\/www.manaus.am.gov.br\/semmas\/#\/schema\/person\/05d223aea2bf115f9883a6ff3683d81b\"},\"headline\":\"Prefeitura e Idesam lan\u00e7am projeto para\u00a0restaurar 70 hectares em Unidades de Conserva\u00e7\u00e3o de Manaus\",\"datePublished\":\"2025-12-22T20:35:18+00:00\",\"dateModified\":\"2025-12-23T16:43:30+00:00\",\"mainEntityOfPage\":{\"@id\":\"https:\/\/www.manaus.am.gov.br\/semmas\/projeto-restauracao-70-hectares-unidades-de-conservacao\/\"},\"wordCount\":646,\"publisher\":{\"@id\":\"https:\/\/www.manaus.am.gov.br\/semmas\/#organization\"},\"image\":{\"@id\":\"https:\/\/www.manaus.am.gov.br\/semmas\/projeto-restauracao-70-hectares-unidades-de-conservacao\/#primaryimage\"},\"thumbnailUrl\":\"https:\/\/www.manaus.am.gov.br\/semmas\/wp-content\/uploads\/sites\/26\/2025\/12\/WhatsApp-Image-2025-12-22-at-16.25.34-1.jpeg\",\"keywords\":[\"Idesam\",\"prefeitura de manaus\",\"projeto de Restaura\u00e7\u00e3o Ecol\u00f3gica Produtiva\",\"restaura\u00e7\u00e3o de 70 hectares\",\"semmas\",\"Unidades de Conserva\u00e7\u00e3o (UCs)\"],\"articleSection\":[\"Sustentabilidade\"],\"inLanguage\":\"pt-BR\"},{\"@type\":\"WebPage\",\"@id\":\"https:\/\/www.manaus.am.gov.br\/semmas\/projeto-restauracao-70-hectares-unidades-de-conservacao\/\",\"url\":\"https:\/\/www.manaus.am.gov.br\/semmas\/projeto-restauracao-70-hectares-unidades-de-conservacao\/\",\"name\":\"Prefeitura e Idesam lan\u00e7am projeto para restaurar 70 hectares em Unidades de Conserva\u00e7\u00e3o de Manaus\",\"isPartOf\":{\"@id\":\"https:\/\/www.manaus.am.gov.br\/semmas\/#website\"},\"primaryImageOfPage\":{\"@id\":\"https:\/\/www.manaus.am.gov.br\/semmas\/projeto-restauracao-70-hectares-unidades-de-conservacao\/#primaryimage\"},\"image\":{\"@id\":\"https:\/\/www.manaus.am.gov.br\/semmas\/projeto-restauracao-70-hectares-unidades-de-conservacao\/#primaryimage\"},\"thumbnailUrl\":\"https:\/\/www.manaus.am.gov.br\/semmas\/wp-content\/uploads\/sites\/26\/2025\/12\/WhatsApp-Image-2025-12-22-at-16.25.34-1.jpeg\",\"datePublished\":\"2025-12-22T20:35:18+00:00\",\"dateModified\":\"2025-12-23T16:43:30+00:00\",\"description\":\"Prefeitura de Manaus e Idesam lan\u00e7am projeto para restaurar 70 hectares em Unidades de Conserva\u00e7\u00e3o (UCs) da capital.\",\"breadcrumb\":{\"@id\":\"https:\/\/www.manaus.am.gov.br\/semmas\/projeto-restauracao-70-hectares-unidades-de-conservacao\/#breadcrumb\"},\"inLanguage\":\"pt-BR\",\"potentialAction\":[{\"@type\":\"ReadAction\",\"target\":[\"https:\/\/www.manaus.am.gov.br\/semmas\/projeto-restauracao-70-hectares-unidades-de-conservacao\/\"]}]},{\"@type\":\"ImageObject\",\"inLanguage\":\"pt-BR\",\"@id\":\"https:\/\/www.manaus.am.gov.br\/semmas\/projeto-restauracao-70-hectares-unidades-de-conservacao\/#primaryimage\",\"url\":\"https:\/\/www.manaus.am.gov.br\/semmas\/wp-content\/uploads\/sites\/26\/2025\/12\/WhatsApp-Image-2025-12-22-at-16.25.34-1.jpeg\",\"contentUrl\":\"https:\/\/www.manaus.am.gov.br\/semmas\/wp-content\/uploads\/sites\/26\/2025\/12\/WhatsApp-Image-2025-12-22-at-16.25.34-1.jpeg\",\"width\":1600,\"height\":900,\"caption\":\"#paratodosverem - Visita em \u00e1rea de Unidade de Conserva\u00e7\u00e3o em Manaus\"},{\"@type\":\"BreadcrumbList\",\"@id\":\"https:\/\/www.manaus.am.gov.br\/semmas\/projeto-restauracao-70-hectares-unidades-de-conservacao\/#breadcrumb\",\"itemListElement\":[{\"@type\":\"ListItem\",\"position\":1,\"name\":\"Home\",\"item\":\"https:\/\/www.manaus.am.gov.br\/semmas\/\"},{\"@type\":\"ListItem\",\"position\":2,\"name\":\"Prefeitura e Idesam lan\u00e7am projeto para\u00a0restaurar 70 hectares em Unidades de Conserva\u00e7\u00e3o de Manaus\"}]},{\"@type\":\"WebSite\",\"@id\":\"https:\/\/www.manaus.am.gov.br\/semmas\/#website\",\"url\":\"https:\/\/www.manaus.am.gov.br\/semmas\/\",\"name\":\"SEMMAS CLIMA\",\"description\":\"Secretaria Municipal de Meio Ambiente e Sustentabilidade\",\"publisher\":{\"@id\":\"https:\/\/www.manaus.am.gov.br\/semmas\/#organization\"},\"alternateName\":\"Secretaria Municipal de Meio Ambiente e Sustentabilidade\",\"potentialAction\":[{\"@type\":\"SearchAction\",\"target\":{\"@type\":\"EntryPoint\",\"urlTemplate\":\"https:\/\/www.manaus.am.gov.br\/semmas\/?s={search_term_string}\"},\"query-input\":\"required name=search_term_string\"}],\"inLanguage\":\"pt-BR\"},{\"@type\":\"Organization\",\"@id\":\"https:\/\/www.manaus.am.gov.br\/semmas\/#organization\",\"name\":\"Prefeitura de Manaus\",\"alternateName\":\"Prefeitura Municipal de Manaus\",\"url\":\"https:\/\/www.manaus.am.gov.br\/semmas\/\",\"logo\":{\"@type\":\"ImageObject\",\"inLanguage\":\"pt-BR\",\"@id\":\"https:\/\/www.manaus.am.gov.br\/semmas\/#\/schema\/logo\/image\/\",\"url\":\"https:\/\/www.manaus.am.gov.br\/semmas\/wp-content\/uploads\/sites\/26\/2024\/06\/brasao.png\",\"contentUrl\":\"https:\/\/www.manaus.am.gov.br\/semmas\/wp-content\/uploads\/sites\/26\/2024\/06\/brasao.png\",\"width\":286,\"height\":408,\"caption\":\"Prefeitura de Manaus\"},\"image\":{\"@id\":\"https:\/\/www.manaus.am.gov.br\/semmas\/#\/schema\/logo\/image\/\"},\"sameAs\":[\"https:\/\/www.facebook.com\/SemmasManaus\",\"https:\/\/www.instagram.com\/semmasmanaus\/\",\"https:\/\/www.youtube.com\/@semmasmanaus2835\"]},{\"@type\":\"Person\",\"@id\":\"https:\/\/www.manaus.am.gov.br\/semmas\/#\/schema\/person\/05d223aea2bf115f9883a6ff3683d81b\",\"name\":\"Bruna Greco\",\"image\":{\"@type\":\"ImageObject\",\"inLanguage\":\"pt-BR\",\"@id\":\"https:\/\/www.manaus.am.gov.br\/semmas\/#\/schema\/person\/image\/\",\"url\":\"https:\/\/secure.gravatar.com\/avatar\/9c877d1a6adc2a055330e5c09a8653ce?s=96&d=mm&r=g\",\"contentUrl\":\"https:\/\/secure.gravatar.com\/avatar\/9c877d1a6adc2a055330e5c09a8653ce?s=96&d=mm&r=g\",\"caption\":\"Bruna Greco\"}}]}<\/script>\n<!-- \/ Yoast SEO plugin. -->","yoast_head_json":{"title":"Prefeitura e Idesam lan\u00e7am projeto para restaurar 70 hectares em Unidades de Conserva\u00e7\u00e3o de Manaus","description":"Prefeitura de Manaus e Idesam lan\u00e7am projeto para restaurar 70 hectares em Unidades de Conserva\u00e7\u00e3o (UCs) da capital.","robots":{"index":"noindex","follow":"follow"},"og_locale":"pt_BR","og_type":"article","og_title":"Prefeitura e Idesam lan\u00e7am projeto para restaurar 70 hectares em Unidades de Conserva\u00e7\u00e3o de Manaus","og_description":"Prefeitura de Manaus e Idesam lan\u00e7am projeto para restaurar 70 hectares em Unidades de Conserva\u00e7\u00e3o (UCs) da capital.","og_url":"https:\/\/www.manaus.am.gov.br\/semmas\/projeto-restauracao-70-hectares-unidades-de-conservacao\/","og_site_name":"SEMMAS","article_publisher":"https:\/\/www.facebook.com\/SemmasManaus","article_published_time":"2025-12-22T20:35:18+00:00","article_modified_time":"2025-12-23T16:43:30+00:00","og_image":[{"width":1600,"height":900,"url":"https:\/\/www.manaus.am.gov.br\/semmas\/wp-content\/uploads\/sites\/26\/2025\/12\/WhatsApp-Image-2025-12-22-at-16.25.34-1.jpeg","type":"image\/jpeg"}],"author":"Bruna Greco","twitter_card":"summary_large_image","twitter_misc":{"Written by":"Bruna Greco","Est. reading time":"4 minutos"},"schema":{"@context":"https:\/\/schema.org","@graph":[{"@type":"Article","@id":"https:\/\/www.manaus.am.gov.br\/semmas\/projeto-restauracao-70-hectares-unidades-de-conservacao\/#article","isPartOf":{"@id":"https:\/\/www.manaus.am.gov.br\/semmas\/projeto-restauracao-70-hectares-unidades-de-conservacao\/"},"author":{"name":"Bruna Greco","@id":"https:\/\/www.manaus.am.gov.br\/semmas\/#\/schema\/person\/05d223aea2bf115f9883a6ff3683d81b"},"headline":"Prefeitura e Idesam lan\u00e7am projeto para\u00a0restaurar 70 hectares em Unidades de Conserva\u00e7\u00e3o de Manaus","datePublished":"2025-12-22T20:35:18+00:00","dateModified":"2025-12-23T16:43:30+00:00","mainEntityOfPage":{"@id":"https:\/\/www.manaus.am.gov.br\/semmas\/projeto-restauracao-70-hectares-unidades-de-conservacao\/"},"wordCount":646,"publisher":{"@id":"https:\/\/www.manaus.am.gov.br\/semmas\/#organization"},"image":{"@id":"https:\/\/www.manaus.am.gov.br\/semmas\/projeto-restauracao-70-hectares-unidades-de-conservacao\/#primaryimage"},"thumbnailUrl":"https:\/\/www.manaus.am.gov.br\/semmas\/wp-content\/uploads\/sites\/26\/2025\/12\/WhatsApp-Image-2025-12-22-at-16.25.34-1.jpeg","keywords":["Idesam","prefeitura de manaus","projeto de Restaura\u00e7\u00e3o Ecol\u00f3gica Produtiva","restaura\u00e7\u00e3o de 70 hectares","semmas","Unidades de Conserva\u00e7\u00e3o (UCs)"],"articleSection":["Sustentabilidade"],"inLanguage":"pt-BR"},{"@type":"WebPage","@id":"https:\/\/www.manaus.am.gov.br\/semmas\/projeto-restauracao-70-hectares-unidades-de-conservacao\/","url":"https:\/\/www.manaus.am.gov.br\/semmas\/projeto-restauracao-70-hectares-unidades-de-conservacao\/","name":"Prefeitura e Idesam lan\u00e7am projeto para restaurar 70 hectares em Unidades de Conserva\u00e7\u00e3o de Manaus","isPartOf":{"@id":"https:\/\/www.manaus.am.gov.br\/semmas\/#website"},"primaryImageOfPage":{"@id":"https:\/\/www.manaus.am.gov.br\/semmas\/projeto-restauracao-70-hectares-unidades-de-conservacao\/#primaryimage"},"image":{"@id":"https:\/\/www.manaus.am.gov.br\/semmas\/projeto-restauracao-70-hectares-unidades-de-conservacao\/#primaryimage"},"thumbnailUrl":"https:\/\/www.manaus.am.gov.br\/semmas\/wp-content\/uploads\/sites\/26\/2025\/12\/WhatsApp-Image-2025-12-22-at-16.25.34-1.jpeg","datePublished":"2025-12-22T20:35:18+00:00","dateModified":"2025-12-23T16:43:30+00:00","description":"Prefeitura de Manaus e Idesam lan\u00e7am projeto para restaurar 70 hectares em Unidades de Conserva\u00e7\u00e3o (UCs) da capital.","breadcrumb":{"@id":"https:\/\/www.manaus.am.gov.br\/semmas\/projeto-restauracao-70-hectares-unidades-de-conservacao\/#breadcrumb"},"inLanguage":"pt-BR","potentialAction":[{"@type":"ReadAction","target":["https:\/\/www.manaus.am.gov.br\/semmas\/projeto-restauracao-70-hectares-unidades-de-conservacao\/"]}]},{"@type":"ImageObject","inLanguage":"pt-BR","@id":"https:\/\/www.manaus.am.gov.br\/semmas\/projeto-restauracao-70-hectares-unidades-de-conservacao\/#primaryimage","url":"https:\/\/www.manaus.am.gov.br\/semmas\/wp-content\/uploads\/sites\/26\/2025\/12\/WhatsApp-Image-2025-12-22-at-16.25.34-1.jpeg","contentUrl":"https:\/\/www.manaus.am.gov.br\/semmas\/wp-content\/uploads\/sites\/26\/2025\/12\/WhatsApp-Image-2025-12-22-at-16.25.34-1.jpeg","width":1600,"height":900,"caption":"#paratodosverem - Visita em \u00e1rea de Unidade de Conserva\u00e7\u00e3o em Manaus"},{"@type":"BreadcrumbList","@id":"https:\/\/www.manaus.am.gov.br\/semmas\/projeto-restauracao-70-hectares-unidades-de-conservacao\/#breadcrumb","itemListElement":[{"@type":"ListItem","position":1,"name":"Home","item":"https:\/\/www.manaus.am.gov.br\/semmas\/"},{"@type":"ListItem","position":2,"name":"Prefeitura e Idesam lan\u00e7am projeto para\u00a0restaurar 70 hectares em Unidades de Conserva\u00e7\u00e3o de Manaus"}]},{"@type":"WebSite","@id":"https:\/\/www.manaus.am.gov.br\/semmas\/#website","url":"https:\/\/www.manaus.am.gov.br\/semmas\/","name":"SEMMAS CLIMA","description":"Secretaria Municipal de Meio Ambiente e Sustentabilidade","publisher":{"@id":"https:\/\/www.manaus.am.gov.br\/semmas\/#organization"},"alternateName":"Secretaria Municipal de Meio Ambiente e Sustentabilidade","potentialAction":[{"@type":"SearchAction","target":{"@type":"EntryPoint","urlTemplate":"https:\/\/www.manaus.am.gov.br\/semmas\/?s={search_term_string}"},"query-input":"required name=search_term_string"}],"inLanguage":"pt-BR"},{"@type":"Organization","@id":"https:\/\/www.manaus.am.gov.br\/semmas\/#organization","name":"Prefeitura de Manaus","alternateName":"Prefeitura Municipal de Manaus","url":"https:\/\/www.manaus.am.gov.br\/semmas\/","logo":{"@type":"ImageObject","inLanguage":"pt-BR","@id":"https:\/\/www.manaus.am.gov.br\/semmas\/#\/schema\/logo\/image\/","url":"https:\/\/www.manaus.am.gov.br\/semmas\/wp-content\/uploads\/sites\/26\/2024\/06\/brasao.png","contentUrl":"https:\/\/www.manaus.am.gov.br\/semmas\/wp-content\/uploads\/sites\/26\/2024\/06\/brasao.png","width":286,"height":408,"caption":"Prefeitura de Manaus"},"image":{"@id":"https:\/\/www.manaus.am.gov.br\/semmas\/#\/schema\/logo\/image\/"},"sameAs":["https:\/\/www.facebook.com\/SemmasManaus","https:\/\/www.instagram.com\/semmasmanaus\/","https:\/\/www.youtube.com\/@semmasmanaus2835"]},{"@type":"Person","@id":"https:\/\/www.manaus.am.gov.br\/semmas\/#\/schema\/person\/05d223aea2bf115f9883a6ff3683d81b","name":"Bruna Greco","image":{"@type":"ImageObject","inLanguage":"pt-BR","@id":"https:\/\/www.manaus.am.gov.br\/semmas\/#\/schema\/person\/image\/","url":"https:\/\/secure.gravatar.com\/avatar\/9c877d1a6adc2a055330e5c09a8653ce?s=96&d=mm&r=g","contentUrl":"https:\/\/secure.gravatar.com\/avatar\/9c877d1a6adc2a055330e5c09a8653ce?s=96&d=mm&r=g","caption":"Bruna Greco"}}]}},"_links":{"self":[{"href":"https:\/\/www.manaus.am.gov.br\/semmas\/wp-json\/wp\/v2\/posts\/13747"}],"collection":[{"href":"https:\/\/www.manaus.am.gov.br\/semmas\/wp-json\/wp\/v2\/posts"}],"about":[{"href":"https:\/\/www.manaus.am.gov.br\/semmas\/wp-json\/wp\/v2\/types\/post"}],"author":[{"embeddable":true,"href":"https:\/\/www.manaus.am.gov.br\/semmas\/wp-json\/wp\/v2\/users\/39"}],"replies":[{"embeddable":true,"href":"https:\/\/www.manaus.am.gov.br\/semmas\/wp-json\/wp\/v2\/comments?post=13747"}],"version-history":[{"count":2,"href":"https:\/\/www.manaus.am.gov.br\/semmas\/wp-json\/wp\/v2\/posts\/13747\/revisions"}],"predecessor-version":[{"id":13751,"href":"https:\/\/www.manaus.am.gov.br\/semmas\/wp-json\/wp\/v2\/posts\/13747\/revisions\/13751"}],"wp:featuredmedia":[{"embeddable":true,"href":"https:\/\/www.manaus.am.gov.br\/semmas\/wp-json\/wp\/v2\/media\/13748"}],"wp:attachment":[{"href":"https:\/\/www.manaus.am.gov.br\/semmas\/wp-json\/wp\/v2\/media?parent=13747"}],"wp:term":[{"taxonomy":"category","embeddable":true,"href":"https:\/\/www.manaus.am.gov.br\/semmas\/wp-json\/wp\/v2\/categories?post=13747"},{"taxonomy":"post_tag","embeddable":true,"href":"https:\/\/www.manaus.am.gov.br\/semmas\/wp-json\/wp\/v2\/tags?post=13747"}],"curies":[{"name":"wp","href":"https:\/\/api.w.org\/{rel}","templated":true}]}}