{"id":12625,"date":"2025-04-09T15:39:54","date_gmt":"2025-04-09T19:39:54","guid":{"rendered":"https:\/\/www.manaus.am.gov.br\/semmas\/modernizacao-arborizacao-urbana\/"},"modified":"2025-04-09T15:39:54","modified_gmt":"2025-04-09T19:39:54","slug":"modernizacao-arborizacao-urbana","status":"publish","type":"post","link":"https:\/\/www.manaus.am.gov.br\/semmas\/modernizacao-arborizacao-urbana\/","title":{"rendered":"Com o plantio de mais 500 mudas no Gigantes da Floresta, prefeito David Almeida anuncia a moderniza\u00e7\u00e3o da arboriza\u00e7\u00e3o urbana em Manaus"},"content":{"rendered":"\n<p>Com a meta ousada de plantar 15 mil \u00e1rvores at\u00e9 o fim deste ano, o prefeito de Manaus, David Almeida, apresentou, nesta quarta-feira, 9\/4, no parque Gigantes da Floresta, zona Norte, um conjunto de novos equipamentos que representa um salto de 50 anos nos trabalhos de arboriza\u00e7\u00e3o da capital. A a\u00e7\u00e3o, coordenada pela Secretaria Municipal de Meio Ambiente e Sustentabilidade (Semmas), incluiu o plantio de mudas frut\u00edferas nativas da Amaz\u00f4nia, refor\u00e7ando o compromisso da gest\u00e3o com a sustentabilidade e o reflorestamento urbano.<\/p>\n\n\n\n<p>\u201cJ\u00e1 plantamos cinco mil mudas s\u00f3 neste ano. Agora, com a mecaniza\u00e7\u00e3o, vamos acelerar esse processo e estimamos chegar a 15 mil at\u00e9 dezembro. Aqui estamos criando um verdadeiro corredor verde, que ajuda a reduzir as ondas de calor e contribui com o meio ambiente e o reflorestamento da nossa cidade\u201d, destacou o prefeito.<\/p>\n\n\n\n<p>A moderniza\u00e7\u00e3o inclui perfurador de solo, cortador de concreto e asfalto, e martelete, ferramentas que v\u00e3o permitir maior agilidade e efici\u00eancia no preparo do solo, mesmo em \u00e1reas com camadas endurecidas por asfalto e concreto, como foi o caso da avenida Constantino Nery, onde foram superados mais de 40 cent\u00edmetros de obst\u00e1culos para o plantio de centenas de mudas.<\/p>\n\n\n\n<p>\u201cA mecaniza\u00e7\u00e3o dos equipamentos \u00e9 uma forma de dar maior agilidade \u00e0 equipe de arboriza\u00e7\u00e3o. \u00c9 uma determina\u00e7\u00e3o do prefeito David Almeida, e para alcan\u00e7ar essa meta ousada, precisamos vencer os obst\u00e1culos urbanos com tecnologia\u201d, explicou o secret\u00e1rio da Semmas, Fransu\u00e1 Matos.<\/p>\n\n\n\n<p>Al\u00e9m da mecaniza\u00e7\u00e3o, a Prefeitura de Manaus tamb\u00e9m adotar\u00e1 o uso de hidrogel no plantio \u2013 um pol\u00edmero que ret\u00e9m \u00e1gua e nutrientes, garantindo maior sobreviv\u00eancia das mudas nos per\u00edodos de estiagem \u2013 e de embalagens biodegrad\u00e1veis nas distribui\u00e7\u00f5es semanais de mudas \u00e0 popula\u00e7\u00e3o.<\/p>\n\n\n\n<p><strong>Manaus mais verde e sustent\u00e1vel<\/strong><\/p>\n\n\n\n<p>Entre as vias que j\u00e1 receberam a\u00e7\u00f5es de plantio est\u00e3o a Constantino Nery (150 mudas), Max Teixeira (500), complexo vi\u00e1rio 28 de Mar\u00e7o (300), e o trevo do Rapid\u00e3o, no Tarum\u00e3 (500). No parque Gigantes da Floresta, onde o evento foi realizado, j\u00e1 foram plantadas 500 mudas e, neste m\u00eas, outras 500 est\u00e3o sendo adicionadas. As esp\u00e9cies escolhidas s\u00e3o nativas da Amaz\u00f4nia, como a\u00e7a\u00ed, ing\u00e1, munguba, jutairana, chuva-de-ouro-da-amaz\u00f4nia, ip\u00ea e pau-pretinho.<\/p>\n\n\n\n<p><strong>Doa\u00e7\u00e3o de mudas \u00e0 popula\u00e7\u00e3o<\/strong><\/p>\n\n\n\n<p>Como parte do compromisso ambiental, a prefeitura mant\u00e9m a\u00e7\u00f5es itinerantes de distribui\u00e7\u00e3o de mudas frut\u00edferas toda quarta-feira em bairros diferentes da capital.<\/p>\n\n\n\n<p>A dona de casa Marineide Pantoja da Silva foi uma das beneficiadas. \u201cEu acho \u00f3timo isso, tanto para popula\u00e7\u00e3o quanto para os p\u00e1ssaros e a comunidade em geral. As pessoas que v\u00eam para essa \u00e1rea de lazer v\u00e3o ter a sombra das \u00e1rvores, e isso \u00e9 muito bom\u201d, comentou.<\/p>\n\n\n\n<figure class=\"wp-block-image size-large\"><img loading=\"lazy\" decoding=\"async\" width=\"1024\" height=\"683\" src=\"https:\/\/www.manaus.am.gov.br\/semmas\/wp-content\/uploads\/sites\/26\/2025\/04\/54441110101_cbe29e3d96_k-1024x683.jpg\" alt=\"\" class=\"wp-image-12626\" srcset=\"https:\/\/www.manaus.am.gov.br\/semmas\/wp-content\/uploads\/sites\/26\/2025\/04\/54441110101_cbe29e3d96_k-1024x683.jpg 1024w, https:\/\/www.manaus.am.gov.br\/semmas\/wp-content\/uploads\/sites\/26\/2025\/04\/54441110101_cbe29e3d96_k-300x200.jpg 300w, https:\/\/www.manaus.am.gov.br\/semmas\/wp-content\/uploads\/sites\/26\/2025\/04\/54441110101_cbe29e3d96_k-768x512.jpg 768w, https:\/\/www.manaus.am.gov.br\/semmas\/wp-content\/uploads\/sites\/26\/2025\/04\/54441110101_cbe29e3d96_k-1536x1024.jpg 1536w, https:\/\/www.manaus.am.gov.br\/semmas\/wp-content\/uploads\/sites\/26\/2025\/04\/54441110101_cbe29e3d96_k.jpg 2048w\" sizes=\"(max-width: 1024px) 100vw, 1024px\" \/><\/figure>\n\n\n\n<p>&#8212; &#8212; &#8212;<\/p>\n\n\n\n<p><strong>Texto &#8211;<\/strong>&nbsp;Emanuelle Baires\/Semcom e Taianna Castro\/Semmas<\/p>\n\n\n\n<p><strong>Fotos<\/strong> &#8211; Dhyeizo Lemos e Cl\u00f3vis Miranda\/Semcom<\/p>\n\n\n\n<p><strong>Dispon\u00edveis em &#8211; <\/strong><a href=\"https:\/\/flic.kr\/s\/aHBqjC8qRt\">https:\/\/flic.kr\/s\/aHBqjC8qRt<\/a><\/p>\n","protected":false},"excerpt":{"rendered":"","protected":false},"author":39,"featured_media":12627,"comment_status":"closed","ping_status":"closed","sticky":false,"template":"","format":"standard","meta":{"footnotes":""},"categories":[453],"tags":[463,1043,1044,11,15],"acf":[],"yoast_head":"<!-- This site is optimized with the Yoast SEO plugin v23.0 - https:\/\/yoast.com\/wordpress\/plugins\/seo\/ -->\n<title>Prefeito anuncia a moderniza\u00e7\u00e3o da arboriza\u00e7\u00e3o urbana<\/title>\n<meta name=\"description\" content=\"Com o plantio de mais 500 mudas no Gigantes da Floresta, prefeito David Almeida anuncia a moderniza\u00e7\u00e3o da arboriza\u00e7\u00e3o urbana em Manaus.\" \/>\n<meta name=\"robots\" content=\"noindex, follow\" \/>\n<meta property=\"og:locale\" content=\"pt_BR\" \/>\n<meta property=\"og:type\" content=\"article\" \/>\n<meta property=\"og:title\" content=\"Prefeito anuncia a moderniza\u00e7\u00e3o da arboriza\u00e7\u00e3o urbana\" \/>\n<meta property=\"og:description\" content=\"Com o plantio de mais 500 mudas no Gigantes da Floresta, prefeito David Almeida anuncia a moderniza\u00e7\u00e3o da arboriza\u00e7\u00e3o urbana em Manaus.\" \/>\n<meta property=\"og:url\" content=\"https:\/\/www.manaus.am.gov.br\/semmas\/modernizacao-arborizacao-urbana\/\" \/>\n<meta property=\"og:site_name\" content=\"SEMMAS\" \/>\n<meta property=\"article:publisher\" content=\"https:\/\/www.facebook.com\/SemmasManaus\" \/>\n<meta property=\"article:published_time\" content=\"2025-04-09T19:39:54+00:00\" \/>\n<meta property=\"og:image\" content=\"https:\/\/www.manaus.am.gov.br\/semmas\/wp-content\/uploads\/sites\/26\/2025\/04\/54441487605_95af3e2234_k.jpg\" \/>\n\t<meta property=\"og:image:width\" content=\"2048\" \/>\n\t<meta property=\"og:image:height\" content=\"1365\" \/>\n\t<meta property=\"og:image:type\" content=\"image\/jpeg\" \/>\n<meta name=\"author\" content=\"Bruna Greco\" \/>\n<meta name=\"twitter:card\" content=\"summary_large_image\" \/>\n<meta name=\"twitter:label1\" content=\"Written by\" \/>\n\t<meta name=\"twitter:data1\" content=\"Bruna Greco\" \/>\n\t<meta name=\"twitter:label2\" content=\"Est. reading time\" \/>\n\t<meta name=\"twitter:data2\" content=\"3 minutos\" \/>\n<script type=\"application\/ld+json\" class=\"yoast-schema-graph\">{\"@context\":\"https:\/\/schema.org\",\"@graph\":[{\"@type\":\"Article\",\"@id\":\"https:\/\/www.manaus.am.gov.br\/semmas\/modernizacao-arborizacao-urbana\/#article\",\"isPartOf\":{\"@id\":\"https:\/\/www.manaus.am.gov.br\/semmas\/modernizacao-arborizacao-urbana\/\"},\"author\":{\"name\":\"Bruna Greco\",\"@id\":\"https:\/\/www.manaus.am.gov.br\/semmas\/#\/schema\/person\/05d223aea2bf115f9883a6ff3683d81b\"},\"headline\":\"Com o plantio de mais 500 mudas no Gigantes da Floresta, prefeito David Almeida anuncia a moderniza\u00e7\u00e3o da arboriza\u00e7\u00e3o urbana em Manaus\",\"datePublished\":\"2025-04-09T19:39:54+00:00\",\"dateModified\":\"2025-04-09T19:39:54+00:00\",\"mainEntityOfPage\":{\"@id\":\"https:\/\/www.manaus.am.gov.br\/semmas\/modernizacao-arborizacao-urbana\/\"},\"wordCount\":519,\"publisher\":{\"@id\":\"https:\/\/www.manaus.am.gov.br\/semmas\/#organization\"},\"image\":{\"@id\":\"https:\/\/www.manaus.am.gov.br\/semmas\/modernizacao-arborizacao-urbana\/#primaryimage\"},\"thumbnailUrl\":\"https:\/\/www.manaus.am.gov.br\/semmas\/wp-content\/uploads\/sites\/26\/2025\/04\/54441487605_95af3e2234_k.jpg\",\"keywords\":[\"David Almeida\",\"meta de 15 mil mudas\",\"moderniza\u00e7\u00e3o da arboriza\u00e7\u00e3o urbana\",\"prefeitura de manaus\",\"semmas\"],\"articleSection\":[\"Sustentabilidade\"],\"inLanguage\":\"pt-BR\"},{\"@type\":\"WebPage\",\"@id\":\"https:\/\/www.manaus.am.gov.br\/semmas\/modernizacao-arborizacao-urbana\/\",\"url\":\"https:\/\/www.manaus.am.gov.br\/semmas\/modernizacao-arborizacao-urbana\/\",\"name\":\"Prefeito anuncia a moderniza\u00e7\u00e3o da arboriza\u00e7\u00e3o urbana\",\"isPartOf\":{\"@id\":\"https:\/\/www.manaus.am.gov.br\/semmas\/#website\"},\"primaryImageOfPage\":{\"@id\":\"https:\/\/www.manaus.am.gov.br\/semmas\/modernizacao-arborizacao-urbana\/#primaryimage\"},\"image\":{\"@id\":\"https:\/\/www.manaus.am.gov.br\/semmas\/modernizacao-arborizacao-urbana\/#primaryimage\"},\"thumbnailUrl\":\"https:\/\/www.manaus.am.gov.br\/semmas\/wp-content\/uploads\/sites\/26\/2025\/04\/54441487605_95af3e2234_k.jpg\",\"datePublished\":\"2025-04-09T19:39:54+00:00\",\"dateModified\":\"2025-04-09T19:39:54+00:00\",\"description\":\"Com o plantio de mais 500 mudas no Gigantes da Floresta, prefeito David Almeida anuncia a moderniza\u00e7\u00e3o da arboriza\u00e7\u00e3o urbana em Manaus.\",\"breadcrumb\":{\"@id\":\"https:\/\/www.manaus.am.gov.br\/semmas\/modernizacao-arborizacao-urbana\/#breadcrumb\"},\"inLanguage\":\"pt-BR\",\"potentialAction\":[{\"@type\":\"ReadAction\",\"target\":[\"https:\/\/www.manaus.am.gov.br\/semmas\/modernizacao-arborizacao-urbana\/\"]}]},{\"@type\":\"ImageObject\",\"inLanguage\":\"pt-BR\",\"@id\":\"https:\/\/www.manaus.am.gov.br\/semmas\/modernizacao-arborizacao-urbana\/#primaryimage\",\"url\":\"https:\/\/www.manaus.am.gov.br\/semmas\/wp-content\/uploads\/sites\/26\/2025\/04\/54441487605_95af3e2234_k.jpg\",\"contentUrl\":\"https:\/\/www.manaus.am.gov.br\/semmas\/wp-content\/uploads\/sites\/26\/2025\/04\/54441487605_95af3e2234_k.jpg\",\"width\":2048,\"height\":1365,\"caption\":\"#paratodosverem - Prefeito de Manaus, David Almeida, reunido com secret\u00e1rios municipais e outras autoridades, durante anuncio da moderniza\u00e7\u00e3o da arboriza\u00e7\u00e3o urbana na cidade\"},{\"@type\":\"BreadcrumbList\",\"@id\":\"https:\/\/www.manaus.am.gov.br\/semmas\/modernizacao-arborizacao-urbana\/#breadcrumb\",\"itemListElement\":[{\"@type\":\"ListItem\",\"position\":1,\"name\":\"Home\",\"item\":\"https:\/\/www.manaus.am.gov.br\/semmas\/\"},{\"@type\":\"ListItem\",\"position\":2,\"name\":\"Com o plantio de mais 500 mudas no Gigantes da Floresta, prefeito David Almeida anuncia a moderniza\u00e7\u00e3o da arboriza\u00e7\u00e3o urbana em Manaus\"}]},{\"@type\":\"WebSite\",\"@id\":\"https:\/\/www.manaus.am.gov.br\/semmas\/#website\",\"url\":\"https:\/\/www.manaus.am.gov.br\/semmas\/\",\"name\":\"SEMMAS CLIMA\",\"description\":\"Secretaria Municipal de Meio Ambiente e Sustentabilidade\",\"publisher\":{\"@id\":\"https:\/\/www.manaus.am.gov.br\/semmas\/#organization\"},\"alternateName\":\"Secretaria Municipal de Meio Ambiente e Sustentabilidade\",\"potentialAction\":[{\"@type\":\"SearchAction\",\"target\":{\"@type\":\"EntryPoint\",\"urlTemplate\":\"https:\/\/www.manaus.am.gov.br\/semmas\/?s={search_term_string}\"},\"query-input\":\"required name=search_term_string\"}],\"inLanguage\":\"pt-BR\"},{\"@type\":\"Organization\",\"@id\":\"https:\/\/www.manaus.am.gov.br\/semmas\/#organization\",\"name\":\"Prefeitura de Manaus\",\"alternateName\":\"Prefeitura Municipal de Manaus\",\"url\":\"https:\/\/www.manaus.am.gov.br\/semmas\/\",\"logo\":{\"@type\":\"ImageObject\",\"inLanguage\":\"pt-BR\",\"@id\":\"https:\/\/www.manaus.am.gov.br\/semmas\/#\/schema\/logo\/image\/\",\"url\":\"https:\/\/www.manaus.am.gov.br\/semmas\/wp-content\/uploads\/sites\/26\/2024\/06\/brasao.png\",\"contentUrl\":\"https:\/\/www.manaus.am.gov.br\/semmas\/wp-content\/uploads\/sites\/26\/2024\/06\/brasao.png\",\"width\":286,\"height\":408,\"caption\":\"Prefeitura de Manaus\"},\"image\":{\"@id\":\"https:\/\/www.manaus.am.gov.br\/semmas\/#\/schema\/logo\/image\/\"},\"sameAs\":[\"https:\/\/www.facebook.com\/SemmasManaus\",\"https:\/\/www.instagram.com\/semmasmanaus\/\",\"https:\/\/www.youtube.com\/@semmasmanaus2835\"]},{\"@type\":\"Person\",\"@id\":\"https:\/\/www.manaus.am.gov.br\/semmas\/#\/schema\/person\/05d223aea2bf115f9883a6ff3683d81b\",\"name\":\"Bruna Greco\",\"image\":{\"@type\":\"ImageObject\",\"inLanguage\":\"pt-BR\",\"@id\":\"https:\/\/www.manaus.am.gov.br\/semmas\/#\/schema\/person\/image\/\",\"url\":\"https:\/\/secure.gravatar.com\/avatar\/9c877d1a6adc2a055330e5c09a8653ce?s=96&d=mm&r=g\",\"contentUrl\":\"https:\/\/secure.gravatar.com\/avatar\/9c877d1a6adc2a055330e5c09a8653ce?s=96&d=mm&r=g\",\"caption\":\"Bruna Greco\"}}]}<\/script>\n<!-- \/ Yoast SEO plugin. -->","yoast_head_json":{"title":"Prefeito anuncia a moderniza\u00e7\u00e3o da arboriza\u00e7\u00e3o urbana","description":"Com o plantio de mais 500 mudas no Gigantes da Floresta, prefeito David Almeida anuncia a moderniza\u00e7\u00e3o da arboriza\u00e7\u00e3o urbana em Manaus.","robots":{"index":"noindex","follow":"follow"},"og_locale":"pt_BR","og_type":"article","og_title":"Prefeito anuncia a moderniza\u00e7\u00e3o da arboriza\u00e7\u00e3o urbana","og_description":"Com o plantio de mais 500 mudas no Gigantes da Floresta, prefeito David Almeida anuncia a moderniza\u00e7\u00e3o da arboriza\u00e7\u00e3o urbana em Manaus.","og_url":"https:\/\/www.manaus.am.gov.br\/semmas\/modernizacao-arborizacao-urbana\/","og_site_name":"SEMMAS","article_publisher":"https:\/\/www.facebook.com\/SemmasManaus","article_published_time":"2025-04-09T19:39:54+00:00","og_image":[{"width":2048,"height":1365,"url":"https:\/\/www.manaus.am.gov.br\/semmas\/wp-content\/uploads\/sites\/26\/2025\/04\/54441487605_95af3e2234_k.jpg","type":"image\/jpeg"}],"author":"Bruna Greco","twitter_card":"summary_large_image","twitter_misc":{"Written by":"Bruna Greco","Est. reading time":"3 minutos"},"schema":{"@context":"https:\/\/schema.org","@graph":[{"@type":"Article","@id":"https:\/\/www.manaus.am.gov.br\/semmas\/modernizacao-arborizacao-urbana\/#article","isPartOf":{"@id":"https:\/\/www.manaus.am.gov.br\/semmas\/modernizacao-arborizacao-urbana\/"},"author":{"name":"Bruna Greco","@id":"https:\/\/www.manaus.am.gov.br\/semmas\/#\/schema\/person\/05d223aea2bf115f9883a6ff3683d81b"},"headline":"Com o plantio de mais 500 mudas no Gigantes da Floresta, prefeito David Almeida anuncia a moderniza\u00e7\u00e3o da arboriza\u00e7\u00e3o urbana em Manaus","datePublished":"2025-04-09T19:39:54+00:00","dateModified":"2025-04-09T19:39:54+00:00","mainEntityOfPage":{"@id":"https:\/\/www.manaus.am.gov.br\/semmas\/modernizacao-arborizacao-urbana\/"},"wordCount":519,"publisher":{"@id":"https:\/\/www.manaus.am.gov.br\/semmas\/#organization"},"image":{"@id":"https:\/\/www.manaus.am.gov.br\/semmas\/modernizacao-arborizacao-urbana\/#primaryimage"},"thumbnailUrl":"https:\/\/www.manaus.am.gov.br\/semmas\/wp-content\/uploads\/sites\/26\/2025\/04\/54441487605_95af3e2234_k.jpg","keywords":["David Almeida","meta de 15 mil mudas","moderniza\u00e7\u00e3o da arboriza\u00e7\u00e3o urbana","prefeitura de manaus","semmas"],"articleSection":["Sustentabilidade"],"inLanguage":"pt-BR"},{"@type":"WebPage","@id":"https:\/\/www.manaus.am.gov.br\/semmas\/modernizacao-arborizacao-urbana\/","url":"https:\/\/www.manaus.am.gov.br\/semmas\/modernizacao-arborizacao-urbana\/","name":"Prefeito anuncia a moderniza\u00e7\u00e3o da arboriza\u00e7\u00e3o urbana","isPartOf":{"@id":"https:\/\/www.manaus.am.gov.br\/semmas\/#website"},"primaryImageOfPage":{"@id":"https:\/\/www.manaus.am.gov.br\/semmas\/modernizacao-arborizacao-urbana\/#primaryimage"},"image":{"@id":"https:\/\/www.manaus.am.gov.br\/semmas\/modernizacao-arborizacao-urbana\/#primaryimage"},"thumbnailUrl":"https:\/\/www.manaus.am.gov.br\/semmas\/wp-content\/uploads\/sites\/26\/2025\/04\/54441487605_95af3e2234_k.jpg","datePublished":"2025-04-09T19:39:54+00:00","dateModified":"2025-04-09T19:39:54+00:00","description":"Com o plantio de mais 500 mudas no Gigantes da Floresta, prefeito David Almeida anuncia a moderniza\u00e7\u00e3o da arboriza\u00e7\u00e3o urbana em Manaus.","breadcrumb":{"@id":"https:\/\/www.manaus.am.gov.br\/semmas\/modernizacao-arborizacao-urbana\/#breadcrumb"},"inLanguage":"pt-BR","potentialAction":[{"@type":"ReadAction","target":["https:\/\/www.manaus.am.gov.br\/semmas\/modernizacao-arborizacao-urbana\/"]}]},{"@type":"ImageObject","inLanguage":"pt-BR","@id":"https:\/\/www.manaus.am.gov.br\/semmas\/modernizacao-arborizacao-urbana\/#primaryimage","url":"https:\/\/www.manaus.am.gov.br\/semmas\/wp-content\/uploads\/sites\/26\/2025\/04\/54441487605_95af3e2234_k.jpg","contentUrl":"https:\/\/www.manaus.am.gov.br\/semmas\/wp-content\/uploads\/sites\/26\/2025\/04\/54441487605_95af3e2234_k.jpg","width":2048,"height":1365,"caption":"#paratodosverem - Prefeito de Manaus, David Almeida, reunido com secret\u00e1rios municipais e outras autoridades, durante anuncio da moderniza\u00e7\u00e3o da arboriza\u00e7\u00e3o urbana na cidade"},{"@type":"BreadcrumbList","@id":"https:\/\/www.manaus.am.gov.br\/semmas\/modernizacao-arborizacao-urbana\/#breadcrumb","itemListElement":[{"@type":"ListItem","position":1,"name":"Home","item":"https:\/\/www.manaus.am.gov.br\/semmas\/"},{"@type":"ListItem","position":2,"name":"Com o plantio de mais 500 mudas no Gigantes da Floresta, prefeito David Almeida anuncia a moderniza\u00e7\u00e3o da arboriza\u00e7\u00e3o urbana em Manaus"}]},{"@type":"WebSite","@id":"https:\/\/www.manaus.am.gov.br\/semmas\/#website","url":"https:\/\/www.manaus.am.gov.br\/semmas\/","name":"SEMMAS CLIMA","description":"Secretaria Municipal de Meio Ambiente e Sustentabilidade","publisher":{"@id":"https:\/\/www.manaus.am.gov.br\/semmas\/#organization"},"alternateName":"Secretaria Municipal de Meio Ambiente e Sustentabilidade","potentialAction":[{"@type":"SearchAction","target":{"@type":"EntryPoint","urlTemplate":"https:\/\/www.manaus.am.gov.br\/semmas\/?s={search_term_string}"},"query-input":"required name=search_term_string"}],"inLanguage":"pt-BR"},{"@type":"Organization","@id":"https:\/\/www.manaus.am.gov.br\/semmas\/#organization","name":"Prefeitura de Manaus","alternateName":"Prefeitura Municipal de Manaus","url":"https:\/\/www.manaus.am.gov.br\/semmas\/","logo":{"@type":"ImageObject","inLanguage":"pt-BR","@id":"https:\/\/www.manaus.am.gov.br\/semmas\/#\/schema\/logo\/image\/","url":"https:\/\/www.manaus.am.gov.br\/semmas\/wp-content\/uploads\/sites\/26\/2024\/06\/brasao.png","contentUrl":"https:\/\/www.manaus.am.gov.br\/semmas\/wp-content\/uploads\/sites\/26\/2024\/06\/brasao.png","width":286,"height":408,"caption":"Prefeitura de Manaus"},"image":{"@id":"https:\/\/www.manaus.am.gov.br\/semmas\/#\/schema\/logo\/image\/"},"sameAs":["https:\/\/www.facebook.com\/SemmasManaus","https:\/\/www.instagram.com\/semmasmanaus\/","https:\/\/www.youtube.com\/@semmasmanaus2835"]},{"@type":"Person","@id":"https:\/\/www.manaus.am.gov.br\/semmas\/#\/schema\/person\/05d223aea2bf115f9883a6ff3683d81b","name":"Bruna Greco","image":{"@type":"ImageObject","inLanguage":"pt-BR","@id":"https:\/\/www.manaus.am.gov.br\/semmas\/#\/schema\/person\/image\/","url":"https:\/\/secure.gravatar.com\/avatar\/9c877d1a6adc2a055330e5c09a8653ce?s=96&d=mm&r=g","contentUrl":"https:\/\/secure.gravatar.com\/avatar\/9c877d1a6adc2a055330e5c09a8653ce?s=96&d=mm&r=g","caption":"Bruna Greco"}}]}},"_links":{"self":[{"href":"https:\/\/www.manaus.am.gov.br\/semmas\/wp-json\/wp\/v2\/posts\/12625"}],"collection":[{"href":"https:\/\/www.manaus.am.gov.br\/semmas\/wp-json\/wp\/v2\/posts"}],"about":[{"href":"https:\/\/www.manaus.am.gov.br\/semmas\/wp-json\/wp\/v2\/types\/post"}],"author":[{"embeddable":true,"href":"https:\/\/www.manaus.am.gov.br\/semmas\/wp-json\/wp\/v2\/users\/39"}],"replies":[{"embeddable":true,"href":"https:\/\/www.manaus.am.gov.br\/semmas\/wp-json\/wp\/v2\/comments?post=12625"}],"version-history":[{"count":1,"href":"https:\/\/www.manaus.am.gov.br\/semmas\/wp-json\/wp\/v2\/posts\/12625\/revisions"}],"predecessor-version":[{"id":12628,"href":"https:\/\/www.manaus.am.gov.br\/semmas\/wp-json\/wp\/v2\/posts\/12625\/revisions\/12628"}],"wp:featuredmedia":[{"embeddable":true,"href":"https:\/\/www.manaus.am.gov.br\/semmas\/wp-json\/wp\/v2\/media\/12627"}],"wp:attachment":[{"href":"https:\/\/www.manaus.am.gov.br\/semmas\/wp-json\/wp\/v2\/media?parent=12625"}],"wp:term":[{"taxonomy":"category","embeddable":true,"href":"https:\/\/www.manaus.am.gov.br\/semmas\/wp-json\/wp\/v2\/categories?post=12625"},{"taxonomy":"post_tag","embeddable":true,"href":"https:\/\/www.manaus.am.gov.br\/semmas\/wp-json\/wp\/v2\/tags?post=12625"}],"curies":[{"name":"wp","href":"https:\/\/api.w.org\/{rel}","templated":true}]}}