{"id":10172,"date":"2023-06-05T21:14:55","date_gmt":"2023-06-06T00:14:55","guid":{"rendered":"https:\/\/www.manaus.am.gov.br\/semmas\/prefeito-abre-a-segunda-edicao-da-mostra-sustentavel-manaus-verde\/"},"modified":"2023-11-22T15:38:07","modified_gmt":"2023-11-22T18:38:07","slug":"prefeito-abre-a-segunda-edicao-da-mostra-sustentavel-manaus-verde","status":"publish","type":"post","link":"https:\/\/www.manaus.am.gov.br\/semmas\/prefeito-abre-a-segunda-edicao-da-mostra-sustentavel-manaus-verde\/","title":{"rendered":"Prefeito abre a segunda edi\u00e7\u00e3o da \u2018Mostra Sustent\u00e1vel Manaus Verde\u2019"},"content":{"rendered":"\n<p>No Dia Mundial do Meio Ambiente, celebrado nesta segunda-feira, 5\/6, o prefeito de Manaus, David Almeida, realizou a abertura da segunda edi\u00e7\u00e3o da \u201cMostra Sustent\u00e1vel Manaus Verde\u201d, evento que faz parte do \u201cJunho Verde\u201d, e integra um conjunto de a\u00e7\u00f5es ambientais que a Prefeitura de Manaus est\u00e1 realizando desde o dia 1\u00ba de junho por toda a cidade. A solenidade aconteceu no Centro de Conven\u00e7\u00f5es do Amazonas (CCA) Vasco Vasques, zona Centro-Oeste da capital.<\/p>\n\n\n\n<p>Durante a a\u00e7\u00e3o, o chefe do Executivo municipal anunciou, para os pr\u00f3ximos dias, a apresenta\u00e7\u00e3o de um plano de a\u00e7\u00e3o para retirada dos flutuantes irregulares da orla do rio Tarum\u00e3-A\u00e7\u00fa. Cerca de 900 flutuantes est\u00e3o na \u00e1rea causando degrada\u00e7\u00e3o ambiental.<\/p>\n\n\n\n<p>\u201cN\u00f3s estamos trabalhando para poder diversificar ainda mais a nossa prote\u00e7\u00e3o ao meio ambiente. N\u00f3s temos uma decis\u00e3o judicial que precisa ser cumprida. Nos pr\u00f3ximos dias, vamos finalizar o nosso plano de a\u00e7\u00e3o para come\u00e7ar a notificar os flutuantes irregulares que t\u00eam na bacia do Tarum\u00e3-A\u00e7\u00fa, s\u00e3o 900 flutuantes e eu tenho certeza que n\u00f3s vamos fazer a remo\u00e7\u00e3o de v\u00e1rios deles, porque muitos est\u00e3o irregulares, e dessa forma n\u00f3s estamos contribuindo para preservar a \u00faltima microbacia da cidade. N\u00f3s estamos buscando tamb\u00e9m com essa decis\u00e3o preservar os nossos mananciais\u201d, afirmou o prefeito.<\/p>\n\n\n\n<p>A \u201c2\u00aa Mostra Sustent\u00e1vel Manaus Verde\u201d tem objetivo de divulgar a\u00e7\u00f5es voltadas para a sustentabilidade ambiental dentro da capital amazonense, reunindo \u00f3rg\u00e3os p\u00fablicos, empresas, institui\u00e7\u00f5es de ensino e organiza\u00e7\u00f5es da sociedade civil em um espa\u00e7o de integra\u00e7\u00e3o, promovendo o interc\u00e2mbio de boas pr\u00e1ticas ambientais, iniciativas e solu\u00e7\u00f5es sustent\u00e1veis, por meio da exposi\u00e7\u00e3o de produtos e servi\u00e7os, al\u00e9m da oferta de palestras.<\/p>\n\n\n\n<p>O titular da Secretaria Municipal de Meio Ambiente e Sustentabilidade (Semmas), Ant\u00f4nio Stroski, destacou o compromisso da atual gest\u00e3o com a\u00e7\u00f5es para preservar o meio ambiente.<\/p>\n\n\n\n<p>\u201cN\u00f3s estamos assumindo integralmente toda agenda ambiental de Manaus. O prefeito anunciou uma opera\u00e7\u00e3o pr\u00e1tica, o in\u00edcio da notifica\u00e7\u00e3o dos flutuantes, mas n\u00f3s teremos ainda o an\u00fancio de projetos estruturantes no igarap\u00e9 do Mindu, al\u00e9m de outros eventos de extrema import\u00e2ncia, como o \u2018Manaus Sem Fuma\u00e7a\u2019, e com essas a\u00e7\u00f5es a gente quer conscientizar a popula\u00e7\u00e3o\u201d, completou o secret\u00e1rio.<\/p>\n\n\n\n<p>O evento inicia nesta segunda-feira e prossegue at\u00e9 a pr\u00f3xima quarta-feira, 7. Nos dias 6 e 7, a Mostra funcionar\u00e1 das 10h \u00e0s 20h. As inscri\u00e7\u00f5es podem ser realizadas no site: <a href=\"https:\/\/www.sympla.com.br\/evento\/2-mostra-sustentavel-manaus-verde\/2001345\">https:\/\/www.sympla.com.br\/evento\/2-mostra-sustentavel-manaus-verde\/2001345<\/a>.<\/p>\n\n\n\n<p>&#8212; &#8212; &#8212;<\/p>\n\n\n\n<p><strong>Texto &#8211;<\/strong> Beathriz Torres \/ Semcom e Divulga\u00e7\u00e3o \/ Semmas<br><strong>Fotos \u2013 <\/strong>Aguilar Abecassis e Dhyeizo Lemos \/ Semcom<br><strong>Dispon\u00edveis em &#8211; <\/strong><a href=\"https:\/\/flic.kr\/s\/aHBqjAGHd3\">https:\/\/flic.kr\/s\/aHBqjAGHd3<\/a><\/p>\n","protected":false},"excerpt":{"rendered":"","protected":false},"author":39,"featured_media":10174,"comment_status":"closed","ping_status":"closed","sticky":false,"template":"","format":"standard","meta":{"footnotes":""},"categories":[453],"tags":[479,480,481,463,482,11,15],"acf":[],"yoast_head":"<!-- This site is optimized with the Yoast SEO plugin v23.0 - https:\/\/yoast.com\/wordpress\/plugins\/seo\/ -->\n<title>Prefeito abre a segunda edi\u00e7\u00e3o da \u2018Mostra Sustent\u00e1vel Manaus Verde\u2019<\/title>\n<meta name=\"robots\" content=\"noindex, follow\" \/>\n<meta property=\"og:locale\" content=\"pt_BR\" \/>\n<meta property=\"og:type\" content=\"article\" \/>\n<meta property=\"og:title\" content=\"Prefeito abre a segunda edi\u00e7\u00e3o da \u2018Mostra Sustent\u00e1vel Manaus Verde\u2019\" \/>\n<meta property=\"og:url\" content=\"https:\/\/www.manaus.am.gov.br\/semmas\/prefeito-abre-a-segunda-edicao-da-mostra-sustentavel-manaus-verde\/\" \/>\n<meta property=\"og:site_name\" content=\"SEMMAS\" \/>\n<meta property=\"article:publisher\" content=\"https:\/\/www.facebook.com\/SemmasManaus\" \/>\n<meta property=\"article:published_time\" content=\"2023-06-06T00:14:55+00:00\" \/>\n<meta property=\"article:modified_time\" content=\"2023-11-22T18:38:07+00:00\" \/>\n<meta property=\"og:image\" content=\"https:\/\/www.manaus.am.gov.br\/semmas\/wp-content\/uploads\/sites\/26\/2023\/11\/52953954941_80c9fff019_k.jpg\" \/>\n\t<meta property=\"og:image:width\" content=\"2047\" \/>\n\t<meta property=\"og:image:height\" content=\"1365\" \/>\n\t<meta property=\"og:image:type\" content=\"image\/jpeg\" \/>\n<meta name=\"author\" content=\"Bruna Greco\" \/>\n<meta name=\"twitter:card\" content=\"summary_large_image\" \/>\n<meta name=\"twitter:label1\" content=\"Written by\" \/>\n\t<meta name=\"twitter:data1\" content=\"Bruna Greco\" \/>\n\t<meta name=\"twitter:label2\" content=\"Est. reading time\" \/>\n\t<meta name=\"twitter:data2\" content=\"3 minutos\" \/>\n<script type=\"application\/ld+json\" class=\"yoast-schema-graph\">{\"@context\":\"https:\/\/schema.org\",\"@graph\":[{\"@type\":\"Article\",\"@id\":\"https:\/\/www.manaus.am.gov.br\/semmas\/prefeito-abre-a-segunda-edicao-da-mostra-sustentavel-manaus-verde\/#article\",\"isPartOf\":{\"@id\":\"https:\/\/www.manaus.am.gov.br\/semmas\/prefeito-abre-a-segunda-edicao-da-mostra-sustentavel-manaus-verde\/\"},\"author\":{\"name\":\"Bruna Greco\",\"@id\":\"https:\/\/www.manaus.am.gov.br\/semmas\/#\/schema\/person\/05d223aea2bf115f9883a6ff3683d81b\"},\"headline\":\"Prefeito abre a segunda edi\u00e7\u00e3o da \u2018Mostra Sustent\u00e1vel Manaus Verde\u2019\",\"datePublished\":\"2023-06-06T00:14:55+00:00\",\"dateModified\":\"2023-11-22T18:38:07+00:00\",\"mainEntityOfPage\":{\"@id\":\"https:\/\/www.manaus.am.gov.br\/semmas\/prefeito-abre-a-segunda-edicao-da-mostra-sustentavel-manaus-verde\/\"},\"wordCount\":485,\"publisher\":{\"@id\":\"https:\/\/www.manaus.am.gov.br\/semmas\/#organization\"},\"image\":{\"@id\":\"https:\/\/www.manaus.am.gov.br\/semmas\/prefeito-abre-a-segunda-edicao-da-mostra-sustentavel-manaus-verde\/#primaryimage\"},\"thumbnailUrl\":\"https:\/\/www.manaus.am.gov.br\/semmas\/wp-content\/uploads\/sites\/26\/2023\/11\/52953954941_80c9fff019_k.jpg\",\"keywords\":[\"\u201cJunho Verde\u201d\",\"\u201cMostra Sustent\u00e1vel Manaus Verde\u201d\",\"conjunto de a\u00e7\u00f5es ambientais\",\"David Almeida\",\"prefeito de Manaus\",\"prefeitura de manaus\",\"semmas\"],\"articleSection\":[\"Sustentabilidade\"],\"inLanguage\":\"pt-BR\"},{\"@type\":\"WebPage\",\"@id\":\"https:\/\/www.manaus.am.gov.br\/semmas\/prefeito-abre-a-segunda-edicao-da-mostra-sustentavel-manaus-verde\/\",\"url\":\"https:\/\/www.manaus.am.gov.br\/semmas\/prefeito-abre-a-segunda-edicao-da-mostra-sustentavel-manaus-verde\/\",\"name\":\"Prefeito abre a segunda edi\u00e7\u00e3o da \u2018Mostra Sustent\u00e1vel Manaus Verde\u2019\",\"isPartOf\":{\"@id\":\"https:\/\/www.manaus.am.gov.br\/semmas\/#website\"},\"primaryImageOfPage\":{\"@id\":\"https:\/\/www.manaus.am.gov.br\/semmas\/prefeito-abre-a-segunda-edicao-da-mostra-sustentavel-manaus-verde\/#primaryimage\"},\"image\":{\"@id\":\"https:\/\/www.manaus.am.gov.br\/semmas\/prefeito-abre-a-segunda-edicao-da-mostra-sustentavel-manaus-verde\/#primaryimage\"},\"thumbnailUrl\":\"https:\/\/www.manaus.am.gov.br\/semmas\/wp-content\/uploads\/sites\/26\/2023\/11\/52953954941_80c9fff019_k.jpg\",\"datePublished\":\"2023-06-06T00:14:55+00:00\",\"dateModified\":\"2023-11-22T18:38:07+00:00\",\"breadcrumb\":{\"@id\":\"https:\/\/www.manaus.am.gov.br\/semmas\/prefeito-abre-a-segunda-edicao-da-mostra-sustentavel-manaus-verde\/#breadcrumb\"},\"inLanguage\":\"pt-BR\",\"potentialAction\":[{\"@type\":\"ReadAction\",\"target\":[\"https:\/\/www.manaus.am.gov.br\/semmas\/prefeito-abre-a-segunda-edicao-da-mostra-sustentavel-manaus-verde\/\"]}]},{\"@type\":\"ImageObject\",\"inLanguage\":\"pt-BR\",\"@id\":\"https:\/\/www.manaus.am.gov.br\/semmas\/prefeito-abre-a-segunda-edicao-da-mostra-sustentavel-manaus-verde\/#primaryimage\",\"url\":\"https:\/\/www.manaus.am.gov.br\/semmas\/wp-content\/uploads\/sites\/26\/2023\/11\/52953954941_80c9fff019_k.jpg\",\"contentUrl\":\"https:\/\/www.manaus.am.gov.br\/semmas\/wp-content\/uploads\/sites\/26\/2023\/11\/52953954941_80c9fff019_k.jpg\",\"width\":2047,\"height\":1365},{\"@type\":\"BreadcrumbList\",\"@id\":\"https:\/\/www.manaus.am.gov.br\/semmas\/prefeito-abre-a-segunda-edicao-da-mostra-sustentavel-manaus-verde\/#breadcrumb\",\"itemListElement\":[{\"@type\":\"ListItem\",\"position\":1,\"name\":\"Home\",\"item\":\"https:\/\/www.manaus.am.gov.br\/semmas\/\"},{\"@type\":\"ListItem\",\"position\":2,\"name\":\"Prefeito abre a segunda edi\u00e7\u00e3o da \u2018Mostra Sustent\u00e1vel Manaus Verde\u2019\"}]},{\"@type\":\"WebSite\",\"@id\":\"https:\/\/www.manaus.am.gov.br\/semmas\/#website\",\"url\":\"https:\/\/www.manaus.am.gov.br\/semmas\/\",\"name\":\"SEMMAS CLIMA\",\"description\":\"Secretaria Municipal de Meio Ambiente e Sustentabilidade\",\"publisher\":{\"@id\":\"https:\/\/www.manaus.am.gov.br\/semmas\/#organization\"},\"alternateName\":\"Secretaria Municipal de Meio Ambiente e Sustentabilidade\",\"potentialAction\":[{\"@type\":\"SearchAction\",\"target\":{\"@type\":\"EntryPoint\",\"urlTemplate\":\"https:\/\/www.manaus.am.gov.br\/semmas\/?s={search_term_string}\"},\"query-input\":\"required name=search_term_string\"}],\"inLanguage\":\"pt-BR\"},{\"@type\":\"Organization\",\"@id\":\"https:\/\/www.manaus.am.gov.br\/semmas\/#organization\",\"name\":\"Prefeitura de Manaus\",\"alternateName\":\"Prefeitura Municipal de Manaus\",\"url\":\"https:\/\/www.manaus.am.gov.br\/semmas\/\",\"logo\":{\"@type\":\"ImageObject\",\"inLanguage\":\"pt-BR\",\"@id\":\"https:\/\/www.manaus.am.gov.br\/semmas\/#\/schema\/logo\/image\/\",\"url\":\"https:\/\/www.manaus.am.gov.br\/semmas\/wp-content\/uploads\/sites\/26\/2024\/06\/brasao.png\",\"contentUrl\":\"https:\/\/www.manaus.am.gov.br\/semmas\/wp-content\/uploads\/sites\/26\/2024\/06\/brasao.png\",\"width\":286,\"height\":408,\"caption\":\"Prefeitura de Manaus\"},\"image\":{\"@id\":\"https:\/\/www.manaus.am.gov.br\/semmas\/#\/schema\/logo\/image\/\"},\"sameAs\":[\"https:\/\/www.facebook.com\/SemmasManaus\",\"https:\/\/www.instagram.com\/semmasmanaus\/\",\"https:\/\/www.youtube.com\/@semmasmanaus2835\"]},{\"@type\":\"Person\",\"@id\":\"https:\/\/www.manaus.am.gov.br\/semmas\/#\/schema\/person\/05d223aea2bf115f9883a6ff3683d81b\",\"name\":\"Bruna Greco\",\"image\":{\"@type\":\"ImageObject\",\"inLanguage\":\"pt-BR\",\"@id\":\"https:\/\/www.manaus.am.gov.br\/semmas\/#\/schema\/person\/image\/\",\"url\":\"https:\/\/secure.gravatar.com\/avatar\/9c877d1a6adc2a055330e5c09a8653ce?s=96&d=mm&r=g\",\"contentUrl\":\"https:\/\/secure.gravatar.com\/avatar\/9c877d1a6adc2a055330e5c09a8653ce?s=96&d=mm&r=g\",\"caption\":\"Bruna Greco\"}}]}<\/script>\n<!-- \/ Yoast SEO plugin. -->","yoast_head_json":{"title":"Prefeito abre a segunda edi\u00e7\u00e3o da \u2018Mostra Sustent\u00e1vel Manaus Verde\u2019","robots":{"index":"noindex","follow":"follow"},"og_locale":"pt_BR","og_type":"article","og_title":"Prefeito abre a segunda edi\u00e7\u00e3o da \u2018Mostra Sustent\u00e1vel Manaus Verde\u2019","og_url":"https:\/\/www.manaus.am.gov.br\/semmas\/prefeito-abre-a-segunda-edicao-da-mostra-sustentavel-manaus-verde\/","og_site_name":"SEMMAS","article_publisher":"https:\/\/www.facebook.com\/SemmasManaus","article_published_time":"2023-06-06T00:14:55+00:00","article_modified_time":"2023-11-22T18:38:07+00:00","og_image":[{"width":2047,"height":1365,"url":"https:\/\/www.manaus.am.gov.br\/semmas\/wp-content\/uploads\/sites\/26\/2023\/11\/52953954941_80c9fff019_k.jpg","type":"image\/jpeg"}],"author":"Bruna Greco","twitter_card":"summary_large_image","twitter_misc":{"Written by":"Bruna Greco","Est. reading time":"3 minutos"},"schema":{"@context":"https:\/\/schema.org","@graph":[{"@type":"Article","@id":"https:\/\/www.manaus.am.gov.br\/semmas\/prefeito-abre-a-segunda-edicao-da-mostra-sustentavel-manaus-verde\/#article","isPartOf":{"@id":"https:\/\/www.manaus.am.gov.br\/semmas\/prefeito-abre-a-segunda-edicao-da-mostra-sustentavel-manaus-verde\/"},"author":{"name":"Bruna Greco","@id":"https:\/\/www.manaus.am.gov.br\/semmas\/#\/schema\/person\/05d223aea2bf115f9883a6ff3683d81b"},"headline":"Prefeito abre a segunda edi\u00e7\u00e3o da \u2018Mostra Sustent\u00e1vel Manaus Verde\u2019","datePublished":"2023-06-06T00:14:55+00:00","dateModified":"2023-11-22T18:38:07+00:00","mainEntityOfPage":{"@id":"https:\/\/www.manaus.am.gov.br\/semmas\/prefeito-abre-a-segunda-edicao-da-mostra-sustentavel-manaus-verde\/"},"wordCount":485,"publisher":{"@id":"https:\/\/www.manaus.am.gov.br\/semmas\/#organization"},"image":{"@id":"https:\/\/www.manaus.am.gov.br\/semmas\/prefeito-abre-a-segunda-edicao-da-mostra-sustentavel-manaus-verde\/#primaryimage"},"thumbnailUrl":"https:\/\/www.manaus.am.gov.br\/semmas\/wp-content\/uploads\/sites\/26\/2023\/11\/52953954941_80c9fff019_k.jpg","keywords":["\u201cJunho Verde\u201d","\u201cMostra Sustent\u00e1vel Manaus Verde\u201d","conjunto de a\u00e7\u00f5es ambientais","David Almeida","prefeito de Manaus","prefeitura de manaus","semmas"],"articleSection":["Sustentabilidade"],"inLanguage":"pt-BR"},{"@type":"WebPage","@id":"https:\/\/www.manaus.am.gov.br\/semmas\/prefeito-abre-a-segunda-edicao-da-mostra-sustentavel-manaus-verde\/","url":"https:\/\/www.manaus.am.gov.br\/semmas\/prefeito-abre-a-segunda-edicao-da-mostra-sustentavel-manaus-verde\/","name":"Prefeito abre a segunda edi\u00e7\u00e3o da \u2018Mostra Sustent\u00e1vel Manaus Verde\u2019","isPartOf":{"@id":"https:\/\/www.manaus.am.gov.br\/semmas\/#website"},"primaryImageOfPage":{"@id":"https:\/\/www.manaus.am.gov.br\/semmas\/prefeito-abre-a-segunda-edicao-da-mostra-sustentavel-manaus-verde\/#primaryimage"},"image":{"@id":"https:\/\/www.manaus.am.gov.br\/semmas\/prefeito-abre-a-segunda-edicao-da-mostra-sustentavel-manaus-verde\/#primaryimage"},"thumbnailUrl":"https:\/\/www.manaus.am.gov.br\/semmas\/wp-content\/uploads\/sites\/26\/2023\/11\/52953954941_80c9fff019_k.jpg","datePublished":"2023-06-06T00:14:55+00:00","dateModified":"2023-11-22T18:38:07+00:00","breadcrumb":{"@id":"https:\/\/www.manaus.am.gov.br\/semmas\/prefeito-abre-a-segunda-edicao-da-mostra-sustentavel-manaus-verde\/#breadcrumb"},"inLanguage":"pt-BR","potentialAction":[{"@type":"ReadAction","target":["https:\/\/www.manaus.am.gov.br\/semmas\/prefeito-abre-a-segunda-edicao-da-mostra-sustentavel-manaus-verde\/"]}]},{"@type":"ImageObject","inLanguage":"pt-BR","@id":"https:\/\/www.manaus.am.gov.br\/semmas\/prefeito-abre-a-segunda-edicao-da-mostra-sustentavel-manaus-verde\/#primaryimage","url":"https:\/\/www.manaus.am.gov.br\/semmas\/wp-content\/uploads\/sites\/26\/2023\/11\/52953954941_80c9fff019_k.jpg","contentUrl":"https:\/\/www.manaus.am.gov.br\/semmas\/wp-content\/uploads\/sites\/26\/2023\/11\/52953954941_80c9fff019_k.jpg","width":2047,"height":1365},{"@type":"BreadcrumbList","@id":"https:\/\/www.manaus.am.gov.br\/semmas\/prefeito-abre-a-segunda-edicao-da-mostra-sustentavel-manaus-verde\/#breadcrumb","itemListElement":[{"@type":"ListItem","position":1,"name":"Home","item":"https:\/\/www.manaus.am.gov.br\/semmas\/"},{"@type":"ListItem","position":2,"name":"Prefeito abre a segunda edi\u00e7\u00e3o da \u2018Mostra Sustent\u00e1vel Manaus Verde\u2019"}]},{"@type":"WebSite","@id":"https:\/\/www.manaus.am.gov.br\/semmas\/#website","url":"https:\/\/www.manaus.am.gov.br\/semmas\/","name":"SEMMAS CLIMA","description":"Secretaria Municipal de Meio Ambiente e Sustentabilidade","publisher":{"@id":"https:\/\/www.manaus.am.gov.br\/semmas\/#organization"},"alternateName":"Secretaria Municipal de Meio Ambiente e Sustentabilidade","potentialAction":[{"@type":"SearchAction","target":{"@type":"EntryPoint","urlTemplate":"https:\/\/www.manaus.am.gov.br\/semmas\/?s={search_term_string}"},"query-input":"required name=search_term_string"}],"inLanguage":"pt-BR"},{"@type":"Organization","@id":"https:\/\/www.manaus.am.gov.br\/semmas\/#organization","name":"Prefeitura de Manaus","alternateName":"Prefeitura Municipal de Manaus","url":"https:\/\/www.manaus.am.gov.br\/semmas\/","logo":{"@type":"ImageObject","inLanguage":"pt-BR","@id":"https:\/\/www.manaus.am.gov.br\/semmas\/#\/schema\/logo\/image\/","url":"https:\/\/www.manaus.am.gov.br\/semmas\/wp-content\/uploads\/sites\/26\/2024\/06\/brasao.png","contentUrl":"https:\/\/www.manaus.am.gov.br\/semmas\/wp-content\/uploads\/sites\/26\/2024\/06\/brasao.png","width":286,"height":408,"caption":"Prefeitura de Manaus"},"image":{"@id":"https:\/\/www.manaus.am.gov.br\/semmas\/#\/schema\/logo\/image\/"},"sameAs":["https:\/\/www.facebook.com\/SemmasManaus","https:\/\/www.instagram.com\/semmasmanaus\/","https:\/\/www.youtube.com\/@semmasmanaus2835"]},{"@type":"Person","@id":"https:\/\/www.manaus.am.gov.br\/semmas\/#\/schema\/person\/05d223aea2bf115f9883a6ff3683d81b","name":"Bruna Greco","image":{"@type":"ImageObject","inLanguage":"pt-BR","@id":"https:\/\/www.manaus.am.gov.br\/semmas\/#\/schema\/person\/image\/","url":"https:\/\/secure.gravatar.com\/avatar\/9c877d1a6adc2a055330e5c09a8653ce?s=96&d=mm&r=g","contentUrl":"https:\/\/secure.gravatar.com\/avatar\/9c877d1a6adc2a055330e5c09a8653ce?s=96&d=mm&r=g","caption":"Bruna Greco"}}]}},"_links":{"self":[{"href":"https:\/\/www.manaus.am.gov.br\/semmas\/wp-json\/wp\/v2\/posts\/10172"}],"collection":[{"href":"https:\/\/www.manaus.am.gov.br\/semmas\/wp-json\/wp\/v2\/posts"}],"about":[{"href":"https:\/\/www.manaus.am.gov.br\/semmas\/wp-json\/wp\/v2\/types\/post"}],"author":[{"embeddable":true,"href":"https:\/\/www.manaus.am.gov.br\/semmas\/wp-json\/wp\/v2\/users\/39"}],"replies":[{"embeddable":true,"href":"https:\/\/www.manaus.am.gov.br\/semmas\/wp-json\/wp\/v2\/comments?post=10172"}],"version-history":[{"count":0,"href":"https:\/\/www.manaus.am.gov.br\/semmas\/wp-json\/wp\/v2\/posts\/10172\/revisions"}],"wp:featuredmedia":[{"embeddable":true,"href":"https:\/\/www.manaus.am.gov.br\/semmas\/wp-json\/wp\/v2\/media\/10174"}],"wp:attachment":[{"href":"https:\/\/www.manaus.am.gov.br\/semmas\/wp-json\/wp\/v2\/media?parent=10172"}],"wp:term":[{"taxonomy":"category","embeddable":true,"href":"https:\/\/www.manaus.am.gov.br\/semmas\/wp-json\/wp\/v2\/categories?post=10172"},{"taxonomy":"post_tag","embeddable":true,"href":"https:\/\/www.manaus.am.gov.br\/semmas\/wp-json\/wp\/v2\/tags?post=10172"}],"curies":[{"name":"wp","href":"https:\/\/api.w.org\/{rel}","templated":true}]}}