{"id":10168,"date":"2023-06-21T15:21:07","date_gmt":"2023-06-21T18:21:07","guid":{"rendered":"https:\/\/www.manaus.am.gov.br\/semmas\/escola-da-prefeitura-de-manaus-promove-2a-mostra-ambiental-cientifica\/"},"modified":"2023-11-22T15:37:45","modified_gmt":"2023-11-22T18:37:45","slug":"escola-da-prefeitura-de-manaus-promove-2a-mostra-ambiental-cientifica","status":"publish","type":"post","link":"https:\/\/www.manaus.am.gov.br\/semmas\/escola-da-prefeitura-de-manaus-promove-2a-mostra-ambiental-cientifica\/","title":{"rendered":"Escola da Prefeitura de Manaus promove 2\u00aa Mostra Ambiental Cient\u00edfica"},"content":{"rendered":"\n<p>Com o tema \u201c\u00c1gua, enquanto existir, a vida permanecer\u00e1\u201d, a escola municipal Ana Mota Braga, da Prefeitura de Manaus, realizou, nesta quarta-feira, 21\/6, a 2\u00aa Mostra Ambiental Cient\u00edfica. A unidade de ensino, gerenciada pela Secretaria Municipal de Educa\u00e7\u00e3o (Semed), no bairro Petr\u00f3polis, zona Sul, contou com a participa\u00e7\u00e3o de alunos, professores, assessores pedag\u00f3gicos da Ger\u00eancia Tecnologia Educacional (GTE) e convidados.<\/p>\n\n\n\n<p>Participaram da mostra, a Universidade Federal do Amazonas (Ufam), o Instituto Nacional de Pesquisas da Amaz\u00f4nia (Inpa) e a Universidade do Estado do Amazonas (UEA). A proposta da escola \u00e9 sensibilizar todos para transformar atitudes individuais e o compromisso em a\u00e7\u00f5es coletivas, para promover a sustentabilidade escolar.<\/p>\n\n\n\n<p>\u201cA gente tem buscado, ao longo dos \u00faltimos anos, despertar a consci\u00eancia e, acima de tudo, a responsabilidade ambiental, pois muitos alunos moram pr\u00f3ximo de igarap\u00e9s e quando chove s\u00e3o totalmente prejudicados. Por isso, a quest\u00e3o ambiental \u00e9 muito forte nas nossas a\u00e7\u00f5es pedag\u00f3gicas. Hoje, essa mostra \u00e9 resultado dos projetos desenvolvidos pelos nossos alunos e professores\u201d, comentou a gestora da unidade, Jamiles Gomes.&nbsp;<\/p>\n\n\n\n<p>Durante todo o dia, os 744 alunos matriculados na escola apresentaram os projetos e tamb\u00e9m visitaram espa\u00e7os com mostras de abelha sem ferr\u00e3o, museu de animais de sangue frio, exposi\u00e7\u00f5es ictiol\u00f3gicas (engenharia de pesca) e entomol\u00f3gica. E ainda foram disponibilizados espa\u00e7os tem\u00e1ticos com cantinhos de plantas medicinais, lago ornamental, espa\u00e7o primata, consci\u00eancia ambiental e estandes com variados temas.<\/p>\n\n\n\n<p>Dessa exposi\u00e7\u00e3o, sair\u00e1 um trabalho vencedor, que representar\u00e1 a escola na etapa Divis\u00e3o Distrital Zonal (DDZ) da Semed, at\u00e9 chegar na fase final, na Feira de Ci\u00eancias da rede de ensino.&nbsp;<\/p>\n\n\n\n<p>Os alunos do 7\u00ba ano apresentaram o projeto \u201cFonte Energ\u00e9tica E\u00f3lica\u201d. De acordo com Roberto Sobrinho, 12 anos, trabalhar o tema fez com que entendesse a import\u00e2ncia de desenvolver uma energia limpa, como a e\u00f3lica.<\/p>\n\n\n\n<p>\u201cAinda existem muitos lugares que vivem na escurid\u00e3o e se a gente desenvolvesse a energia e\u00f3lica, esse problema poderia acabar, porque a energia seria obtida pelo vento e o ambiente seria preservado\u201d, explicou o estudante.<\/p>\n\n\n\n<p>Universit\u00e1rios de Biologia da UEA desenvolveram o projeto \u201cCantinho das plantas medicinais suspensas\u201d, que contou com a ajuda dos alunos do 8\u00ba ano da escola.&nbsp;<\/p>\n\n\n\n<p>\u201cNa nossa regi\u00e3o \u00e9 muito comum se utilizar de plantas medicinais para qualquer enfermidade ou desconforto. Na maioria das casas sempre existe uma muda de alguma esp\u00e9cie de planta medicinal e n\u00f3s trouxemos para a escola a possibilidade de o aluno conhecer as v\u00e1rias esp\u00e9cies e ainda cultiv\u00e1-las em casa. Eles participaram de todos os processos para despertar o interesse pela planta\u00e7\u00e3o\u201d, disse o universit\u00e1rio Vin\u00edcius Medeiros.<\/p>\n\n\n\n<h2 class=\"wp-block-heading\">Feira de Ci\u00eancias<\/h2>\n\n\n\n<p>Essa \u00e9 a primeira etapa da mostra, que vai definir o vencedor na categoria ensino fundamental 2. A pr\u00f3xima fase re\u00fane os ganhadores das Divis\u00f5es Distritais Zonais (DDZs), at\u00e9 chegar na etapa final, com a Feira de Ci\u00eancias da Semed, em novembro deste ano.<\/p>\n\n\n\n<p>\u201cEm todas as escolas da rede municipal j\u00e1 s\u00e3o realizadas as Mostras Cient\u00edficas, para escolhermos os vencedores nas categorias de educa\u00e7\u00e3o infantil, ensino fundamental 1 e 2, educa\u00e7\u00e3o especial, Educa\u00e7\u00e3o de Jovens e Adultos (EJA) e Ind\u00edgena. Depois dessa fase, inicia a disputa nas DDZs, para tamb\u00e9m escolhermos os ganhadores e fecharmos os participantes da feira de Ci\u00eancias da Semed. Todas essas etapas s\u00e3o de extrema import\u00e2ncia, porque possibilitam que todos os estudantes vivam uma experi\u00eancia cient\u00edfica\u201d, enfatizou o coordenador da Feira Municipal de Ci\u00eancias, Rosivaldo Moreira.<\/p>\n\n\n\n<p>&#8212; &#8212; &#8212;<\/p>\n\n\n\n<p><strong>Texto &#8211;<\/strong>\u00a0\u00c9rica Marinho \/ Semed<br><strong>Fotos &#8211;<\/strong>\u00a0Matheus Perdiz \/ Semed<br><strong>Dispon\u00edveis em &#8211;<\/strong>\u00a0<a href=\"https:\/\/flic.kr\/s\/aHBqjAJzN1\" target=\"_blank\" rel=\"noreferrer noopener\">https:\/\/flic.kr\/s\/aHBqjAJzN1<\/a><\/p>\n","protected":false},"excerpt":{"rendered":"","protected":false},"author":24,"featured_media":10169,"comment_status":"closed","ping_status":"closed","sticky":false,"template":"","format":"standard","meta":{"footnotes":""},"categories":[453],"tags":[461,462,463,464,465,466,467,468,11,469,470,471,472,473,474],"acf":[],"yoast_head":"<!-- This site is optimized with the Yoast SEO plugin v23.0 - https:\/\/yoast.com\/wordpress\/plugins\/seo\/ -->\n<title>Escola da Prefeitura de Manaus promove 2\u00aa Mostra Ambiental Cient\u00edfica - SEMMAS<\/title>\n<meta name=\"description\" content=\"Com o tema \u201c\u00c1gua, enquanto existir, a vida permanecer\u00e1\u201d, a escola municipal Ana Mota Braga, da Prefeitura de Manaus, realizou, nesta quarta-feira, 21\/6, a 2\u00aa Mostra Ambiental Cient\u00edfica.\" \/>\n<meta name=\"robots\" content=\"noindex, follow\" \/>\n<meta property=\"og:locale\" content=\"pt_BR\" \/>\n<meta property=\"og:type\" content=\"article\" \/>\n<meta property=\"og:title\" content=\"Escola da Prefeitura de Manaus promove 2\u00aa Mostra Ambiental Cient\u00edfica - SEMMAS\" \/>\n<meta property=\"og:description\" content=\"Com o tema \u201c\u00c1gua, enquanto existir, a vida permanecer\u00e1\u201d, a escola municipal Ana Mota Braga, da Prefeitura de Manaus, realizou, nesta quarta-feira, 21\/6, a 2\u00aa Mostra Ambiental Cient\u00edfica.\" \/>\n<meta property=\"og:url\" content=\"https:\/\/www.manaus.am.gov.br\/semmas\/escola-da-prefeitura-de-manaus-promove-2a-mostra-ambiental-cientifica\/\" \/>\n<meta property=\"og:site_name\" content=\"SEMMAS\" \/>\n<meta property=\"article:publisher\" content=\"https:\/\/www.facebook.com\/SemmasManaus\" \/>\n<meta property=\"article:published_time\" content=\"2023-06-21T18:21:07+00:00\" \/>\n<meta property=\"article:modified_time\" content=\"2023-11-22T18:37:45+00:00\" \/>\n<meta property=\"og:image\" content=\"https:\/\/www.manaus.am.gov.br\/semmas\/wp-content\/uploads\/sites\/26\/2023\/11\/52991726980_a8298c464f_o-scaled.jpg\" \/>\n\t<meta property=\"og:image:width\" content=\"2560\" \/>\n\t<meta property=\"og:image:height\" content=\"1707\" \/>\n\t<meta property=\"og:image:type\" content=\"image\/jpeg\" \/>\n<meta name=\"author\" content=\"Cl\u00e1udia Barbosa\" \/>\n<meta name=\"twitter:card\" content=\"summary_large_image\" \/>\n<meta name=\"twitter:label1\" content=\"Written by\" \/>\n\t<meta name=\"twitter:data1\" content=\"Cl\u00e1udia Barbosa\" \/>\n\t<meta name=\"twitter:label2\" content=\"Est. reading time\" \/>\n\t<meta name=\"twitter:data2\" content=\"4 minutos\" \/>\n<script type=\"application\/ld+json\" class=\"yoast-schema-graph\">{\"@context\":\"https:\/\/schema.org\",\"@graph\":[{\"@type\":\"Article\",\"@id\":\"https:\/\/www.manaus.am.gov.br\/semmas\/escola-da-prefeitura-de-manaus-promove-2a-mostra-ambiental-cientifica\/#article\",\"isPartOf\":{\"@id\":\"https:\/\/www.manaus.am.gov.br\/semmas\/escola-da-prefeitura-de-manaus-promove-2a-mostra-ambiental-cientifica\/\"},\"author\":{\"name\":\"Cl\u00e1udia Barbosa\",\"@id\":\"https:\/\/www.manaus.am.gov.br\/semmas\/#\/schema\/person\/d0a166b5031154c33c77794ddc9a827e\"},\"headline\":\"Escola da Prefeitura de Manaus promove 2\u00aa Mostra Ambiental Cient\u00edfica\",\"datePublished\":\"2023-06-21T18:21:07+00:00\",\"dateModified\":\"2023-11-22T18:37:45+00:00\",\"mainEntityOfPage\":{\"@id\":\"https:\/\/www.manaus.am.gov.br\/semmas\/escola-da-prefeitura-de-manaus-promove-2a-mostra-ambiental-cientifica\/\"},\"wordCount\":639,\"publisher\":{\"@id\":\"https:\/\/www.manaus.am.gov.br\/semmas\/#organization\"},\"image\":{\"@id\":\"https:\/\/www.manaus.am.gov.br\/semmas\/escola-da-prefeitura-de-manaus-promove-2a-mostra-ambiental-cientifica\/#primaryimage\"},\"thumbnailUrl\":\"https:\/\/www.manaus.am.gov.br\/semmas\/wp-content\/uploads\/sites\/26\/2023\/11\/52991726980_a8298c464f_o-scaled.jpg\",\"keywords\":[\"2\u00aa Mostra Ambiental Cient\u00edfica\",\"alunos\",\"David Almeida\",\"Escola Municipal Ana Mota Braga\",\"Ger\u00eancia Tecnologia Educacional\",\"INPA\",\"Instituto Nacional de Pesquisas da Amaz\u00f4nia\",\"Jamiles Gomes\",\"prefeitura de manaus\",\"Secretaria Municipal de Educa\u00e7\u00e3o\",\"semed\",\"UEA\",\"Ufam\",\"Universidade do Estado do Amazonas\",\"Universidade Federal do Amazonas\"],\"articleSection\":[\"Sustentabilidade\"],\"inLanguage\":\"pt-BR\"},{\"@type\":\"WebPage\",\"@id\":\"https:\/\/www.manaus.am.gov.br\/semmas\/escola-da-prefeitura-de-manaus-promove-2a-mostra-ambiental-cientifica\/\",\"url\":\"https:\/\/www.manaus.am.gov.br\/semmas\/escola-da-prefeitura-de-manaus-promove-2a-mostra-ambiental-cientifica\/\",\"name\":\"Escola da Prefeitura de Manaus promove 2\u00aa Mostra Ambiental Cient\u00edfica - SEMMAS\",\"isPartOf\":{\"@id\":\"https:\/\/www.manaus.am.gov.br\/semmas\/#website\"},\"primaryImageOfPage\":{\"@id\":\"https:\/\/www.manaus.am.gov.br\/semmas\/escola-da-prefeitura-de-manaus-promove-2a-mostra-ambiental-cientifica\/#primaryimage\"},\"image\":{\"@id\":\"https:\/\/www.manaus.am.gov.br\/semmas\/escola-da-prefeitura-de-manaus-promove-2a-mostra-ambiental-cientifica\/#primaryimage\"},\"thumbnailUrl\":\"https:\/\/www.manaus.am.gov.br\/semmas\/wp-content\/uploads\/sites\/26\/2023\/11\/52991726980_a8298c464f_o-scaled.jpg\",\"datePublished\":\"2023-06-21T18:21:07+00:00\",\"dateModified\":\"2023-11-22T18:37:45+00:00\",\"description\":\"Com o tema \u201c\u00c1gua, enquanto existir, a vida permanecer\u00e1\u201d, a escola municipal Ana Mota Braga, da Prefeitura de Manaus, realizou, nesta quarta-feira, 21\/6, a 2\u00aa Mostra Ambiental Cient\u00edfica.\",\"breadcrumb\":{\"@id\":\"https:\/\/www.manaus.am.gov.br\/semmas\/escola-da-prefeitura-de-manaus-promove-2a-mostra-ambiental-cientifica\/#breadcrumb\"},\"inLanguage\":\"pt-BR\",\"potentialAction\":[{\"@type\":\"ReadAction\",\"target\":[\"https:\/\/www.manaus.am.gov.br\/semmas\/escola-da-prefeitura-de-manaus-promove-2a-mostra-ambiental-cientifica\/\"]}]},{\"@type\":\"ImageObject\",\"inLanguage\":\"pt-BR\",\"@id\":\"https:\/\/www.manaus.am.gov.br\/semmas\/escola-da-prefeitura-de-manaus-promove-2a-mostra-ambiental-cientifica\/#primaryimage\",\"url\":\"https:\/\/www.manaus.am.gov.br\/semmas\/wp-content\/uploads\/sites\/26\/2023\/11\/52991726980_a8298c464f_o-scaled.jpg\",\"contentUrl\":\"https:\/\/www.manaus.am.gov.br\/semmas\/wp-content\/uploads\/sites\/26\/2023\/11\/52991726980_a8298c464f_o-scaled.jpg\",\"width\":2560,\"height\":1707},{\"@type\":\"BreadcrumbList\",\"@id\":\"https:\/\/www.manaus.am.gov.br\/semmas\/escola-da-prefeitura-de-manaus-promove-2a-mostra-ambiental-cientifica\/#breadcrumb\",\"itemListElement\":[{\"@type\":\"ListItem\",\"position\":1,\"name\":\"Home\",\"item\":\"https:\/\/www.manaus.am.gov.br\/semmas\/\"},{\"@type\":\"ListItem\",\"position\":2,\"name\":\"Escola da Prefeitura de Manaus promove 2\u00aa Mostra Ambiental Cient\u00edfica\"}]},{\"@type\":\"WebSite\",\"@id\":\"https:\/\/www.manaus.am.gov.br\/semmas\/#website\",\"url\":\"https:\/\/www.manaus.am.gov.br\/semmas\/\",\"name\":\"SEMMAS CLIMA\",\"description\":\"Secretaria Municipal de Meio Ambiente e Sustentabilidade\",\"publisher\":{\"@id\":\"https:\/\/www.manaus.am.gov.br\/semmas\/#organization\"},\"alternateName\":\"Secretaria Municipal de Meio Ambiente e Sustentabilidade\",\"potentialAction\":[{\"@type\":\"SearchAction\",\"target\":{\"@type\":\"EntryPoint\",\"urlTemplate\":\"https:\/\/www.manaus.am.gov.br\/semmas\/?s={search_term_string}\"},\"query-input\":\"required name=search_term_string\"}],\"inLanguage\":\"pt-BR\"},{\"@type\":\"Organization\",\"@id\":\"https:\/\/www.manaus.am.gov.br\/semmas\/#organization\",\"name\":\"Prefeitura de Manaus\",\"alternateName\":\"Prefeitura Municipal de Manaus\",\"url\":\"https:\/\/www.manaus.am.gov.br\/semmas\/\",\"logo\":{\"@type\":\"ImageObject\",\"inLanguage\":\"pt-BR\",\"@id\":\"https:\/\/www.manaus.am.gov.br\/semmas\/#\/schema\/logo\/image\/\",\"url\":\"https:\/\/www.manaus.am.gov.br\/semmas\/wp-content\/uploads\/sites\/26\/2024\/06\/brasao.png\",\"contentUrl\":\"https:\/\/www.manaus.am.gov.br\/semmas\/wp-content\/uploads\/sites\/26\/2024\/06\/brasao.png\",\"width\":286,\"height\":408,\"caption\":\"Prefeitura de Manaus\"},\"image\":{\"@id\":\"https:\/\/www.manaus.am.gov.br\/semmas\/#\/schema\/logo\/image\/\"},\"sameAs\":[\"https:\/\/www.facebook.com\/SemmasManaus\",\"https:\/\/www.instagram.com\/semmasmanaus\/\",\"https:\/\/www.youtube.com\/@semmasmanaus2835\"]},{\"@type\":\"Person\",\"@id\":\"https:\/\/www.manaus.am.gov.br\/semmas\/#\/schema\/person\/d0a166b5031154c33c77794ddc9a827e\",\"name\":\"Cl\u00e1udia Barbosa\",\"image\":{\"@type\":\"ImageObject\",\"inLanguage\":\"pt-BR\",\"@id\":\"https:\/\/www.manaus.am.gov.br\/semmas\/#\/schema\/person\/image\/\",\"url\":\"https:\/\/secure.gravatar.com\/avatar\/42958a1cf007f1a00534009218c72590?s=96&d=mm&r=g\",\"contentUrl\":\"https:\/\/secure.gravatar.com\/avatar\/42958a1cf007f1a00534009218c72590?s=96&d=mm&r=g\",\"caption\":\"Cl\u00e1udia Barbosa\"}}]}<\/script>\n<!-- \/ Yoast SEO plugin. -->","yoast_head_json":{"title":"Escola da Prefeitura de Manaus promove 2\u00aa Mostra Ambiental Cient\u00edfica - SEMMAS","description":"Com o tema \u201c\u00c1gua, enquanto existir, a vida permanecer\u00e1\u201d, a escola municipal Ana Mota Braga, da Prefeitura de Manaus, realizou, nesta quarta-feira, 21\/6, a 2\u00aa Mostra Ambiental Cient\u00edfica.","robots":{"index":"noindex","follow":"follow"},"og_locale":"pt_BR","og_type":"article","og_title":"Escola da Prefeitura de Manaus promove 2\u00aa Mostra Ambiental Cient\u00edfica - SEMMAS","og_description":"Com o tema \u201c\u00c1gua, enquanto existir, a vida permanecer\u00e1\u201d, a escola municipal Ana Mota Braga, da Prefeitura de Manaus, realizou, nesta quarta-feira, 21\/6, a 2\u00aa Mostra Ambiental Cient\u00edfica.","og_url":"https:\/\/www.manaus.am.gov.br\/semmas\/escola-da-prefeitura-de-manaus-promove-2a-mostra-ambiental-cientifica\/","og_site_name":"SEMMAS","article_publisher":"https:\/\/www.facebook.com\/SemmasManaus","article_published_time":"2023-06-21T18:21:07+00:00","article_modified_time":"2023-11-22T18:37:45+00:00","og_image":[{"width":2560,"height":1707,"url":"https:\/\/www.manaus.am.gov.br\/semmas\/wp-content\/uploads\/sites\/26\/2023\/11\/52991726980_a8298c464f_o-scaled.jpg","type":"image\/jpeg"}],"author":"Cl\u00e1udia Barbosa","twitter_card":"summary_large_image","twitter_misc":{"Written by":"Cl\u00e1udia Barbosa","Est. reading time":"4 minutos"},"schema":{"@context":"https:\/\/schema.org","@graph":[{"@type":"Article","@id":"https:\/\/www.manaus.am.gov.br\/semmas\/escola-da-prefeitura-de-manaus-promove-2a-mostra-ambiental-cientifica\/#article","isPartOf":{"@id":"https:\/\/www.manaus.am.gov.br\/semmas\/escola-da-prefeitura-de-manaus-promove-2a-mostra-ambiental-cientifica\/"},"author":{"name":"Cl\u00e1udia Barbosa","@id":"https:\/\/www.manaus.am.gov.br\/semmas\/#\/schema\/person\/d0a166b5031154c33c77794ddc9a827e"},"headline":"Escola da Prefeitura de Manaus promove 2\u00aa Mostra Ambiental Cient\u00edfica","datePublished":"2023-06-21T18:21:07+00:00","dateModified":"2023-11-22T18:37:45+00:00","mainEntityOfPage":{"@id":"https:\/\/www.manaus.am.gov.br\/semmas\/escola-da-prefeitura-de-manaus-promove-2a-mostra-ambiental-cientifica\/"},"wordCount":639,"publisher":{"@id":"https:\/\/www.manaus.am.gov.br\/semmas\/#organization"},"image":{"@id":"https:\/\/www.manaus.am.gov.br\/semmas\/escola-da-prefeitura-de-manaus-promove-2a-mostra-ambiental-cientifica\/#primaryimage"},"thumbnailUrl":"https:\/\/www.manaus.am.gov.br\/semmas\/wp-content\/uploads\/sites\/26\/2023\/11\/52991726980_a8298c464f_o-scaled.jpg","keywords":["2\u00aa Mostra Ambiental Cient\u00edfica","alunos","David Almeida","Escola Municipal Ana Mota Braga","Ger\u00eancia Tecnologia Educacional","INPA","Instituto Nacional de Pesquisas da Amaz\u00f4nia","Jamiles Gomes","prefeitura de manaus","Secretaria Municipal de Educa\u00e7\u00e3o","semed","UEA","Ufam","Universidade do Estado do Amazonas","Universidade Federal do Amazonas"],"articleSection":["Sustentabilidade"],"inLanguage":"pt-BR"},{"@type":"WebPage","@id":"https:\/\/www.manaus.am.gov.br\/semmas\/escola-da-prefeitura-de-manaus-promove-2a-mostra-ambiental-cientifica\/","url":"https:\/\/www.manaus.am.gov.br\/semmas\/escola-da-prefeitura-de-manaus-promove-2a-mostra-ambiental-cientifica\/","name":"Escola da Prefeitura de Manaus promove 2\u00aa Mostra Ambiental Cient\u00edfica - SEMMAS","isPartOf":{"@id":"https:\/\/www.manaus.am.gov.br\/semmas\/#website"},"primaryImageOfPage":{"@id":"https:\/\/www.manaus.am.gov.br\/semmas\/escola-da-prefeitura-de-manaus-promove-2a-mostra-ambiental-cientifica\/#primaryimage"},"image":{"@id":"https:\/\/www.manaus.am.gov.br\/semmas\/escola-da-prefeitura-de-manaus-promove-2a-mostra-ambiental-cientifica\/#primaryimage"},"thumbnailUrl":"https:\/\/www.manaus.am.gov.br\/semmas\/wp-content\/uploads\/sites\/26\/2023\/11\/52991726980_a8298c464f_o-scaled.jpg","datePublished":"2023-06-21T18:21:07+00:00","dateModified":"2023-11-22T18:37:45+00:00","description":"Com o tema \u201c\u00c1gua, enquanto existir, a vida permanecer\u00e1\u201d, a escola municipal Ana Mota Braga, da Prefeitura de Manaus, realizou, nesta quarta-feira, 21\/6, a 2\u00aa Mostra Ambiental Cient\u00edfica.","breadcrumb":{"@id":"https:\/\/www.manaus.am.gov.br\/semmas\/escola-da-prefeitura-de-manaus-promove-2a-mostra-ambiental-cientifica\/#breadcrumb"},"inLanguage":"pt-BR","potentialAction":[{"@type":"ReadAction","target":["https:\/\/www.manaus.am.gov.br\/semmas\/escola-da-prefeitura-de-manaus-promove-2a-mostra-ambiental-cientifica\/"]}]},{"@type":"ImageObject","inLanguage":"pt-BR","@id":"https:\/\/www.manaus.am.gov.br\/semmas\/escola-da-prefeitura-de-manaus-promove-2a-mostra-ambiental-cientifica\/#primaryimage","url":"https:\/\/www.manaus.am.gov.br\/semmas\/wp-content\/uploads\/sites\/26\/2023\/11\/52991726980_a8298c464f_o-scaled.jpg","contentUrl":"https:\/\/www.manaus.am.gov.br\/semmas\/wp-content\/uploads\/sites\/26\/2023\/11\/52991726980_a8298c464f_o-scaled.jpg","width":2560,"height":1707},{"@type":"BreadcrumbList","@id":"https:\/\/www.manaus.am.gov.br\/semmas\/escola-da-prefeitura-de-manaus-promove-2a-mostra-ambiental-cientifica\/#breadcrumb","itemListElement":[{"@type":"ListItem","position":1,"name":"Home","item":"https:\/\/www.manaus.am.gov.br\/semmas\/"},{"@type":"ListItem","position":2,"name":"Escola da Prefeitura de Manaus promove 2\u00aa Mostra Ambiental Cient\u00edfica"}]},{"@type":"WebSite","@id":"https:\/\/www.manaus.am.gov.br\/semmas\/#website","url":"https:\/\/www.manaus.am.gov.br\/semmas\/","name":"SEMMAS CLIMA","description":"Secretaria Municipal de Meio Ambiente e Sustentabilidade","publisher":{"@id":"https:\/\/www.manaus.am.gov.br\/semmas\/#organization"},"alternateName":"Secretaria Municipal de Meio Ambiente e Sustentabilidade","potentialAction":[{"@type":"SearchAction","target":{"@type":"EntryPoint","urlTemplate":"https:\/\/www.manaus.am.gov.br\/semmas\/?s={search_term_string}"},"query-input":"required name=search_term_string"}],"inLanguage":"pt-BR"},{"@type":"Organization","@id":"https:\/\/www.manaus.am.gov.br\/semmas\/#organization","name":"Prefeitura de Manaus","alternateName":"Prefeitura Municipal de Manaus","url":"https:\/\/www.manaus.am.gov.br\/semmas\/","logo":{"@type":"ImageObject","inLanguage":"pt-BR","@id":"https:\/\/www.manaus.am.gov.br\/semmas\/#\/schema\/logo\/image\/","url":"https:\/\/www.manaus.am.gov.br\/semmas\/wp-content\/uploads\/sites\/26\/2024\/06\/brasao.png","contentUrl":"https:\/\/www.manaus.am.gov.br\/semmas\/wp-content\/uploads\/sites\/26\/2024\/06\/brasao.png","width":286,"height":408,"caption":"Prefeitura de Manaus"},"image":{"@id":"https:\/\/www.manaus.am.gov.br\/semmas\/#\/schema\/logo\/image\/"},"sameAs":["https:\/\/www.facebook.com\/SemmasManaus","https:\/\/www.instagram.com\/semmasmanaus\/","https:\/\/www.youtube.com\/@semmasmanaus2835"]},{"@type":"Person","@id":"https:\/\/www.manaus.am.gov.br\/semmas\/#\/schema\/person\/d0a166b5031154c33c77794ddc9a827e","name":"Cl\u00e1udia Barbosa","image":{"@type":"ImageObject","inLanguage":"pt-BR","@id":"https:\/\/www.manaus.am.gov.br\/semmas\/#\/schema\/person\/image\/","url":"https:\/\/secure.gravatar.com\/avatar\/42958a1cf007f1a00534009218c72590?s=96&d=mm&r=g","contentUrl":"https:\/\/secure.gravatar.com\/avatar\/42958a1cf007f1a00534009218c72590?s=96&d=mm&r=g","caption":"Cl\u00e1udia Barbosa"}}]}},"_links":{"self":[{"href":"https:\/\/www.manaus.am.gov.br\/semmas\/wp-json\/wp\/v2\/posts\/10168"}],"collection":[{"href":"https:\/\/www.manaus.am.gov.br\/semmas\/wp-json\/wp\/v2\/posts"}],"about":[{"href":"https:\/\/www.manaus.am.gov.br\/semmas\/wp-json\/wp\/v2\/types\/post"}],"author":[{"embeddable":true,"href":"https:\/\/www.manaus.am.gov.br\/semmas\/wp-json\/wp\/v2\/users\/24"}],"replies":[{"embeddable":true,"href":"https:\/\/www.manaus.am.gov.br\/semmas\/wp-json\/wp\/v2\/comments?post=10168"}],"version-history":[{"count":0,"href":"https:\/\/www.manaus.am.gov.br\/semmas\/wp-json\/wp\/v2\/posts\/10168\/revisions"}],"wp:featuredmedia":[{"embeddable":true,"href":"https:\/\/www.manaus.am.gov.br\/semmas\/wp-json\/wp\/v2\/media\/10169"}],"wp:attachment":[{"href":"https:\/\/www.manaus.am.gov.br\/semmas\/wp-json\/wp\/v2\/media?parent=10168"}],"wp:term":[{"taxonomy":"category","embeddable":true,"href":"https:\/\/www.manaus.am.gov.br\/semmas\/wp-json\/wp\/v2\/categories?post=10168"},{"taxonomy":"post_tag","embeddable":true,"href":"https:\/\/www.manaus.am.gov.br\/semmas\/wp-json\/wp\/v2\/tags?post=10168"}],"curies":[{"name":"wp","href":"https:\/\/api.w.org\/{rel}","templated":true}]}}