{"id":10162,"date":"2023-09-27T17:41:26","date_gmt":"2023-09-27T20:41:26","guid":{"rendered":"https:\/\/www.manaus.am.gov.br\/semmas\/manaus-e-selecionada-para-participar-do-cities-forward-programa-dos-eua-para-solucoes-ambientais\/"},"modified":"2023-11-22T15:37:10","modified_gmt":"2023-11-22T18:37:10","slug":"manaus-e-selecionada-para-participar-do-cities-forward-programa-dos-eua-para-solucoes-ambientais","status":"publish","type":"post","link":"https:\/\/www.manaus.am.gov.br\/semmas\/manaus-e-selecionada-para-participar-do-cities-forward-programa-dos-eua-para-solucoes-ambientais\/","title":{"rendered":"Manaus \u00e9 selecionada para participar do Cities Forward, programa dos EUA para solu\u00e7\u00f5es ambientais"},"content":{"rendered":"\n<p>A Prefeitura de Manaus, por meio da Secretaria Municipal de Meio Ambiente e Sustentabilidade (Semmas), participa do evento \u201cCities Forward\u201d, uma realiza\u00e7\u00e3o do Departamento de Governo dos Estados Unidos da Am\u00e9rica e \u00f3rg\u00e3os ambientais dos EUA, junto a governos locais voltados para a sustentabilidade, que acontece na Cidade do M\u00e9xico at\u00e9 esta quinta-feira, 28\/9. Ao todo, 24 cidades participam do evento. Do Brasil, apenas as capitais Manaus e Fortaleza foram selecionadas.<\/p>\n\n\n\n<p>O Cities Forward \u00e9 um programa transformador que tem o objetivo de ajudar as cidades da Am\u00e9rica Latina e do Caribe (ALC) a criarem um fundo sustent\u00e1vel, inclusivo e resiliente com o compartilhamento de conhecimento com as cidades dos EUA. S\u00e3o realizadas reuni\u00f5es a cada dois meses, incluindo conversas com especialistas para o desenvolvimento de projetos que tratam de perigos ambientais e avalia\u00e7\u00f5es de riscos, preparando assim as cidades para solu\u00e7\u00f5es tecnol\u00f3gicas e sustent\u00e1veis, com adapta\u00e7\u00f5es \u00e0s mudan\u00e7as clim\u00e1ticas, al\u00e9m de promover o treinamento e capacita\u00e7\u00e3o, visando o financiamento dos projetos das cidades envolvidas.<\/p>\n\n\n\n<p>Na ocasi\u00e3o, Manaus aborda o Plano de A\u00e7\u00e3o Clim\u00e1tica o Projeto de Despolui\u00e7\u00e3o de Igarap\u00e9s. \u201cEstes assuntos s\u00e3o compromissos de governo da administra\u00e7\u00e3o municipal, colocados pelo prefeito David Almeida, sendo um momento muito importante para a cidade. Fomos escolhidos porque acreditam em n\u00f3s e \u00e9 interesse dos EUA intensificar a rela\u00e7\u00e3o com a Am\u00e9rica Latina\u201d, destacou o secret\u00e1rio de Meio Ambiente e Sustentabilidade, Antonio Stroski, que representa a capital amazonense.<\/p>\n\n\n\n<p>O programa Cities Forward, uma parceria colaborativa do Departamento de Estado dos EUA, do Iclei &#8211; Governos Locais pela Sustentabilidade, do Resilient Cities Catalyst e do Instituto das Am\u00e9ricas, fornece interc\u00e2mbio entre pares, capacita\u00e7\u00e3o e envolvimento diplom\u00e1tico, todos focados na implementa\u00e7\u00e3o de projetos que resolvam desafios urbanos cr\u00edticos em torno da sustentabilidade, inclus\u00e3o e resili\u00eancia.<\/p>\n\n\n\n<p>As cidades participantes s\u00e3o ajudadas a implementar solu\u00e7\u00f5es locais e projetos priorit\u00e1rios para aumentar os investimentos em desafios urbanos que promovam e construam: sustentabilidade, inclusividade, capacidade local e resili\u00eancia do bairro e da comunidade. Ao colaborar com as cidades procura-se criar oportunidades econ\u00f4micas equitativas e inclusivas, refor\u00e7ando a sustentabilidade e promovendo um ambiente saud\u00e1vel para todos.<\/p>\n\n\n\n<p>&#8212; &#8212; &#8212;<\/p>\n\n\n\n<p><strong>Texto &#8211;<\/strong> Taiana Castro \/ Semmas<\/p>\n\n\n\n<p><strong>Foto <\/strong>&#8211; Divulga\u00e7\u00e3o \/ Semmas<\/p>\n","protected":false},"excerpt":{"rendered":"","protected":false},"author":39,"featured_media":10163,"comment_status":"closed","ping_status":"closed","sticky":false,"template":"","format":"standard","meta":{"footnotes":""},"categories":[453],"tags":[454,455,456,457,11,15],"acf":[],"yoast_head":"<!-- This site is optimized with the Yoast SEO plugin v23.0 - https:\/\/yoast.com\/wordpress\/plugins\/seo\/ -->\n<title>Manaus \u00e9 selecionada para participar do Cities Forward, programa dos EUA para solu\u00e7\u00f5es ambientais<\/title>\n<meta name=\"description\" content=\"A Prefeitura de Manaus, por meio da Secretaria Municipal de Meio Ambiente e Sustentabilidade (Semmas), participa do evento \u201cCities Forward\u201d, uma realiza\u00e7\u00e3o do Departamento de Governo dos Estados Unidos da Am\u00e9rica e \u00f3rg\u00e3os ambientais dos EUA, junto a governos locais voltados para a sustentabilidade, que acontece na Cidade do M\u00e9xico at\u00e9 esta quinta-feira, 28\/9. Ao todo, 24 cidades participam do evento.\" \/>\n<meta name=\"robots\" content=\"noindex, follow\" \/>\n<meta property=\"og:locale\" content=\"pt_BR\" \/>\n<meta property=\"og:type\" content=\"article\" \/>\n<meta property=\"og:title\" content=\"Manaus \u00e9 selecionada para participar do Cities Forward, programa dos EUA para solu\u00e7\u00f5es ambientais\" \/>\n<meta property=\"og:description\" content=\"A Prefeitura de Manaus, por meio da Secretaria Municipal de Meio Ambiente e Sustentabilidade (Semmas), participa do evento \u201cCities Forward\u201d, uma realiza\u00e7\u00e3o do Departamento de Governo dos Estados Unidos da Am\u00e9rica e \u00f3rg\u00e3os ambientais dos EUA, junto a governos locais voltados para a sustentabilidade, que acontece na Cidade do M\u00e9xico at\u00e9 esta quinta-feira, 28\/9. Ao todo, 24 cidades participam do evento.\" \/>\n<meta property=\"og:url\" content=\"https:\/\/www.manaus.am.gov.br\/semmas\/manaus-e-selecionada-para-participar-do-cities-forward-programa-dos-eua-para-solucoes-ambientais\/\" \/>\n<meta property=\"og:site_name\" content=\"SEMMAS\" \/>\n<meta property=\"article:publisher\" content=\"https:\/\/www.facebook.com\/SemmasManaus\" \/>\n<meta property=\"article:published_time\" content=\"2023-09-27T20:41:26+00:00\" \/>\n<meta property=\"article:modified_time\" content=\"2023-11-22T18:37:10+00:00\" \/>\n<meta property=\"og:image\" content=\"https:\/\/www.manaus.am.gov.br\/semmas\/wp-content\/uploads\/sites\/26\/2023\/11\/WhatsApp-Image-2023-09-27-at-16.07.02.jpeg\" \/>\n\t<meta property=\"og:image:width\" content=\"1024\" \/>\n\t<meta property=\"og:image:height\" content=\"768\" \/>\n\t<meta property=\"og:image:type\" content=\"image\/jpeg\" \/>\n<meta name=\"author\" content=\"Bruna Greco\" \/>\n<meta name=\"twitter:card\" content=\"summary_large_image\" \/>\n<meta name=\"twitter:label1\" content=\"Written by\" \/>\n\t<meta name=\"twitter:data1\" content=\"Bruna Greco\" \/>\n\t<meta name=\"twitter:label2\" content=\"Est. reading time\" \/>\n\t<meta name=\"twitter:data2\" content=\"2 minutos\" \/>\n<script type=\"application\/ld+json\" class=\"yoast-schema-graph\">{\"@context\":\"https:\/\/schema.org\",\"@graph\":[{\"@type\":\"Article\",\"@id\":\"https:\/\/www.manaus.am.gov.br\/semmas\/manaus-e-selecionada-para-participar-do-cities-forward-programa-dos-eua-para-solucoes-ambientais\/#article\",\"isPartOf\":{\"@id\":\"https:\/\/www.manaus.am.gov.br\/semmas\/manaus-e-selecionada-para-participar-do-cities-forward-programa-dos-eua-para-solucoes-ambientais\/\"},\"author\":{\"name\":\"Bruna Greco\",\"@id\":\"https:\/\/www.manaus.am.gov.br\/semmas\/#\/schema\/person\/05d223aea2bf115f9883a6ff3683d81b\"},\"headline\":\"Manaus \u00e9 selecionada para participar do Cities Forward, programa dos EUA para solu\u00e7\u00f5es ambientais\",\"datePublished\":\"2023-09-27T20:41:26+00:00\",\"dateModified\":\"2023-11-22T18:37:10+00:00\",\"mainEntityOfPage\":{\"@id\":\"https:\/\/www.manaus.am.gov.br\/semmas\/manaus-e-selecionada-para-participar-do-cities-forward-programa-dos-eua-para-solucoes-ambientais\/\"},\"wordCount\":412,\"publisher\":{\"@id\":\"https:\/\/www.manaus.am.gov.br\/semmas\/#organization\"},\"image\":{\"@id\":\"https:\/\/www.manaus.am.gov.br\/semmas\/manaus-e-selecionada-para-participar-do-cities-forward-programa-dos-eua-para-solucoes-ambientais\/#primaryimage\"},\"thumbnailUrl\":\"https:\/\/www.manaus.am.gov.br\/semmas\/wp-content\/uploads\/sites\/26\/2023\/11\/WhatsApp-Image-2023-09-27-at-16.07.02.jpeg\",\"keywords\":[\"24 cidades participam do evento\",\"acontece na Cidade do M\u00e9xico\",\"Cities Forward\",\"Manaus cidade selecionada\",\"prefeitura de manaus\",\"semmas\"],\"articleSection\":[\"Sustentabilidade\"],\"inLanguage\":\"pt-BR\"},{\"@type\":\"WebPage\",\"@id\":\"https:\/\/www.manaus.am.gov.br\/semmas\/manaus-e-selecionada-para-participar-do-cities-forward-programa-dos-eua-para-solucoes-ambientais\/\",\"url\":\"https:\/\/www.manaus.am.gov.br\/semmas\/manaus-e-selecionada-para-participar-do-cities-forward-programa-dos-eua-para-solucoes-ambientais\/\",\"name\":\"Manaus \u00e9 selecionada para participar do Cities Forward, programa dos EUA para solu\u00e7\u00f5es ambientais\",\"isPartOf\":{\"@id\":\"https:\/\/www.manaus.am.gov.br\/semmas\/#website\"},\"primaryImageOfPage\":{\"@id\":\"https:\/\/www.manaus.am.gov.br\/semmas\/manaus-e-selecionada-para-participar-do-cities-forward-programa-dos-eua-para-solucoes-ambientais\/#primaryimage\"},\"image\":{\"@id\":\"https:\/\/www.manaus.am.gov.br\/semmas\/manaus-e-selecionada-para-participar-do-cities-forward-programa-dos-eua-para-solucoes-ambientais\/#primaryimage\"},\"thumbnailUrl\":\"https:\/\/www.manaus.am.gov.br\/semmas\/wp-content\/uploads\/sites\/26\/2023\/11\/WhatsApp-Image-2023-09-27-at-16.07.02.jpeg\",\"datePublished\":\"2023-09-27T20:41:26+00:00\",\"dateModified\":\"2023-11-22T18:37:10+00:00\",\"description\":\"A Prefeitura de Manaus, por meio da Secretaria Municipal de Meio Ambiente e Sustentabilidade (Semmas), participa do evento \u201cCities Forward\u201d, uma realiza\u00e7\u00e3o do Departamento de Governo dos Estados Unidos da Am\u00e9rica e \u00f3rg\u00e3os ambientais dos EUA, junto a governos locais voltados para a sustentabilidade, que acontece na Cidade do M\u00e9xico at\u00e9 esta quinta-feira, 28\/9. Ao todo, 24 cidades participam do evento.\",\"breadcrumb\":{\"@id\":\"https:\/\/www.manaus.am.gov.br\/semmas\/manaus-e-selecionada-para-participar-do-cities-forward-programa-dos-eua-para-solucoes-ambientais\/#breadcrumb\"},\"inLanguage\":\"pt-BR\",\"potentialAction\":[{\"@type\":\"ReadAction\",\"target\":[\"https:\/\/www.manaus.am.gov.br\/semmas\/manaus-e-selecionada-para-participar-do-cities-forward-programa-dos-eua-para-solucoes-ambientais\/\"]}]},{\"@type\":\"ImageObject\",\"inLanguage\":\"pt-BR\",\"@id\":\"https:\/\/www.manaus.am.gov.br\/semmas\/manaus-e-selecionada-para-participar-do-cities-forward-programa-dos-eua-para-solucoes-ambientais\/#primaryimage\",\"url\":\"https:\/\/www.manaus.am.gov.br\/semmas\/wp-content\/uploads\/sites\/26\/2023\/11\/WhatsApp-Image-2023-09-27-at-16.07.02.jpeg\",\"contentUrl\":\"https:\/\/www.manaus.am.gov.br\/semmas\/wp-content\/uploads\/sites\/26\/2023\/11\/WhatsApp-Image-2023-09-27-at-16.07.02.jpeg\",\"width\":1024,\"height\":768},{\"@type\":\"BreadcrumbList\",\"@id\":\"https:\/\/www.manaus.am.gov.br\/semmas\/manaus-e-selecionada-para-participar-do-cities-forward-programa-dos-eua-para-solucoes-ambientais\/#breadcrumb\",\"itemListElement\":[{\"@type\":\"ListItem\",\"position\":1,\"name\":\"Home\",\"item\":\"https:\/\/www.manaus.am.gov.br\/semmas\/\"},{\"@type\":\"ListItem\",\"position\":2,\"name\":\"Manaus \u00e9 selecionada para participar do Cities Forward, programa dos EUA para solu\u00e7\u00f5es ambientais\"}]},{\"@type\":\"WebSite\",\"@id\":\"https:\/\/www.manaus.am.gov.br\/semmas\/#website\",\"url\":\"https:\/\/www.manaus.am.gov.br\/semmas\/\",\"name\":\"SEMMAS CLIMA\",\"description\":\"Secretaria Municipal de Meio Ambiente e Sustentabilidade\",\"publisher\":{\"@id\":\"https:\/\/www.manaus.am.gov.br\/semmas\/#organization\"},\"alternateName\":\"Secretaria Municipal de Meio Ambiente e Sustentabilidade\",\"potentialAction\":[{\"@type\":\"SearchAction\",\"target\":{\"@type\":\"EntryPoint\",\"urlTemplate\":\"https:\/\/www.manaus.am.gov.br\/semmas\/?s={search_term_string}\"},\"query-input\":\"required name=search_term_string\"}],\"inLanguage\":\"pt-BR\"},{\"@type\":\"Organization\",\"@id\":\"https:\/\/www.manaus.am.gov.br\/semmas\/#organization\",\"name\":\"Prefeitura de Manaus\",\"alternateName\":\"Prefeitura Municipal de Manaus\",\"url\":\"https:\/\/www.manaus.am.gov.br\/semmas\/\",\"logo\":{\"@type\":\"ImageObject\",\"inLanguage\":\"pt-BR\",\"@id\":\"https:\/\/www.manaus.am.gov.br\/semmas\/#\/schema\/logo\/image\/\",\"url\":\"https:\/\/www.manaus.am.gov.br\/semmas\/wp-content\/uploads\/sites\/26\/2024\/06\/brasao.png\",\"contentUrl\":\"https:\/\/www.manaus.am.gov.br\/semmas\/wp-content\/uploads\/sites\/26\/2024\/06\/brasao.png\",\"width\":286,\"height\":408,\"caption\":\"Prefeitura de Manaus\"},\"image\":{\"@id\":\"https:\/\/www.manaus.am.gov.br\/semmas\/#\/schema\/logo\/image\/\"},\"sameAs\":[\"https:\/\/www.facebook.com\/SemmasManaus\",\"https:\/\/www.instagram.com\/semmasmanaus\/\",\"https:\/\/www.youtube.com\/@semmasmanaus2835\"]},{\"@type\":\"Person\",\"@id\":\"https:\/\/www.manaus.am.gov.br\/semmas\/#\/schema\/person\/05d223aea2bf115f9883a6ff3683d81b\",\"name\":\"Bruna Greco\",\"image\":{\"@type\":\"ImageObject\",\"inLanguage\":\"pt-BR\",\"@id\":\"https:\/\/www.manaus.am.gov.br\/semmas\/#\/schema\/person\/image\/\",\"url\":\"https:\/\/secure.gravatar.com\/avatar\/9c877d1a6adc2a055330e5c09a8653ce?s=96&d=mm&r=g\",\"contentUrl\":\"https:\/\/secure.gravatar.com\/avatar\/9c877d1a6adc2a055330e5c09a8653ce?s=96&d=mm&r=g\",\"caption\":\"Bruna Greco\"}}]}<\/script>\n<!-- \/ Yoast SEO plugin. -->","yoast_head_json":{"title":"Manaus \u00e9 selecionada para participar do Cities Forward, programa dos EUA para solu\u00e7\u00f5es ambientais","description":"A Prefeitura de Manaus, por meio da Secretaria Municipal de Meio Ambiente e Sustentabilidade (Semmas), participa do evento \u201cCities Forward\u201d, uma realiza\u00e7\u00e3o do Departamento de Governo dos Estados Unidos da Am\u00e9rica e \u00f3rg\u00e3os ambientais dos EUA, junto a governos locais voltados para a sustentabilidade, que acontece na Cidade do M\u00e9xico at\u00e9 esta quinta-feira, 28\/9. Ao todo, 24 cidades participam do evento.","robots":{"index":"noindex","follow":"follow"},"og_locale":"pt_BR","og_type":"article","og_title":"Manaus \u00e9 selecionada para participar do Cities Forward, programa dos EUA para solu\u00e7\u00f5es ambientais","og_description":"A Prefeitura de Manaus, por meio da Secretaria Municipal de Meio Ambiente e Sustentabilidade (Semmas), participa do evento \u201cCities Forward\u201d, uma realiza\u00e7\u00e3o do Departamento de Governo dos Estados Unidos da Am\u00e9rica e \u00f3rg\u00e3os ambientais dos EUA, junto a governos locais voltados para a sustentabilidade, que acontece na Cidade do M\u00e9xico at\u00e9 esta quinta-feira, 28\/9. Ao todo, 24 cidades participam do evento.","og_url":"https:\/\/www.manaus.am.gov.br\/semmas\/manaus-e-selecionada-para-participar-do-cities-forward-programa-dos-eua-para-solucoes-ambientais\/","og_site_name":"SEMMAS","article_publisher":"https:\/\/www.facebook.com\/SemmasManaus","article_published_time":"2023-09-27T20:41:26+00:00","article_modified_time":"2023-11-22T18:37:10+00:00","og_image":[{"width":1024,"height":768,"url":"https:\/\/www.manaus.am.gov.br\/semmas\/wp-content\/uploads\/sites\/26\/2023\/11\/WhatsApp-Image-2023-09-27-at-16.07.02.jpeg","type":"image\/jpeg"}],"author":"Bruna Greco","twitter_card":"summary_large_image","twitter_misc":{"Written by":"Bruna Greco","Est. reading time":"2 minutos"},"schema":{"@context":"https:\/\/schema.org","@graph":[{"@type":"Article","@id":"https:\/\/www.manaus.am.gov.br\/semmas\/manaus-e-selecionada-para-participar-do-cities-forward-programa-dos-eua-para-solucoes-ambientais\/#article","isPartOf":{"@id":"https:\/\/www.manaus.am.gov.br\/semmas\/manaus-e-selecionada-para-participar-do-cities-forward-programa-dos-eua-para-solucoes-ambientais\/"},"author":{"name":"Bruna Greco","@id":"https:\/\/www.manaus.am.gov.br\/semmas\/#\/schema\/person\/05d223aea2bf115f9883a6ff3683d81b"},"headline":"Manaus \u00e9 selecionada para participar do Cities Forward, programa dos EUA para solu\u00e7\u00f5es ambientais","datePublished":"2023-09-27T20:41:26+00:00","dateModified":"2023-11-22T18:37:10+00:00","mainEntityOfPage":{"@id":"https:\/\/www.manaus.am.gov.br\/semmas\/manaus-e-selecionada-para-participar-do-cities-forward-programa-dos-eua-para-solucoes-ambientais\/"},"wordCount":412,"publisher":{"@id":"https:\/\/www.manaus.am.gov.br\/semmas\/#organization"},"image":{"@id":"https:\/\/www.manaus.am.gov.br\/semmas\/manaus-e-selecionada-para-participar-do-cities-forward-programa-dos-eua-para-solucoes-ambientais\/#primaryimage"},"thumbnailUrl":"https:\/\/www.manaus.am.gov.br\/semmas\/wp-content\/uploads\/sites\/26\/2023\/11\/WhatsApp-Image-2023-09-27-at-16.07.02.jpeg","keywords":["24 cidades participam do evento","acontece na Cidade do M\u00e9xico","Cities Forward","Manaus cidade selecionada","prefeitura de manaus","semmas"],"articleSection":["Sustentabilidade"],"inLanguage":"pt-BR"},{"@type":"WebPage","@id":"https:\/\/www.manaus.am.gov.br\/semmas\/manaus-e-selecionada-para-participar-do-cities-forward-programa-dos-eua-para-solucoes-ambientais\/","url":"https:\/\/www.manaus.am.gov.br\/semmas\/manaus-e-selecionada-para-participar-do-cities-forward-programa-dos-eua-para-solucoes-ambientais\/","name":"Manaus \u00e9 selecionada para participar do Cities Forward, programa dos EUA para solu\u00e7\u00f5es ambientais","isPartOf":{"@id":"https:\/\/www.manaus.am.gov.br\/semmas\/#website"},"primaryImageOfPage":{"@id":"https:\/\/www.manaus.am.gov.br\/semmas\/manaus-e-selecionada-para-participar-do-cities-forward-programa-dos-eua-para-solucoes-ambientais\/#primaryimage"},"image":{"@id":"https:\/\/www.manaus.am.gov.br\/semmas\/manaus-e-selecionada-para-participar-do-cities-forward-programa-dos-eua-para-solucoes-ambientais\/#primaryimage"},"thumbnailUrl":"https:\/\/www.manaus.am.gov.br\/semmas\/wp-content\/uploads\/sites\/26\/2023\/11\/WhatsApp-Image-2023-09-27-at-16.07.02.jpeg","datePublished":"2023-09-27T20:41:26+00:00","dateModified":"2023-11-22T18:37:10+00:00","description":"A Prefeitura de Manaus, por meio da Secretaria Municipal de Meio Ambiente e Sustentabilidade (Semmas), participa do evento \u201cCities Forward\u201d, uma realiza\u00e7\u00e3o do Departamento de Governo dos Estados Unidos da Am\u00e9rica e \u00f3rg\u00e3os ambientais dos EUA, junto a governos locais voltados para a sustentabilidade, que acontece na Cidade do M\u00e9xico at\u00e9 esta quinta-feira, 28\/9. Ao todo, 24 cidades participam do evento.","breadcrumb":{"@id":"https:\/\/www.manaus.am.gov.br\/semmas\/manaus-e-selecionada-para-participar-do-cities-forward-programa-dos-eua-para-solucoes-ambientais\/#breadcrumb"},"inLanguage":"pt-BR","potentialAction":[{"@type":"ReadAction","target":["https:\/\/www.manaus.am.gov.br\/semmas\/manaus-e-selecionada-para-participar-do-cities-forward-programa-dos-eua-para-solucoes-ambientais\/"]}]},{"@type":"ImageObject","inLanguage":"pt-BR","@id":"https:\/\/www.manaus.am.gov.br\/semmas\/manaus-e-selecionada-para-participar-do-cities-forward-programa-dos-eua-para-solucoes-ambientais\/#primaryimage","url":"https:\/\/www.manaus.am.gov.br\/semmas\/wp-content\/uploads\/sites\/26\/2023\/11\/WhatsApp-Image-2023-09-27-at-16.07.02.jpeg","contentUrl":"https:\/\/www.manaus.am.gov.br\/semmas\/wp-content\/uploads\/sites\/26\/2023\/11\/WhatsApp-Image-2023-09-27-at-16.07.02.jpeg","width":1024,"height":768},{"@type":"BreadcrumbList","@id":"https:\/\/www.manaus.am.gov.br\/semmas\/manaus-e-selecionada-para-participar-do-cities-forward-programa-dos-eua-para-solucoes-ambientais\/#breadcrumb","itemListElement":[{"@type":"ListItem","position":1,"name":"Home","item":"https:\/\/www.manaus.am.gov.br\/semmas\/"},{"@type":"ListItem","position":2,"name":"Manaus \u00e9 selecionada para participar do Cities Forward, programa dos EUA para solu\u00e7\u00f5es ambientais"}]},{"@type":"WebSite","@id":"https:\/\/www.manaus.am.gov.br\/semmas\/#website","url":"https:\/\/www.manaus.am.gov.br\/semmas\/","name":"SEMMAS CLIMA","description":"Secretaria Municipal de Meio Ambiente e Sustentabilidade","publisher":{"@id":"https:\/\/www.manaus.am.gov.br\/semmas\/#organization"},"alternateName":"Secretaria Municipal de Meio Ambiente e Sustentabilidade","potentialAction":[{"@type":"SearchAction","target":{"@type":"EntryPoint","urlTemplate":"https:\/\/www.manaus.am.gov.br\/semmas\/?s={search_term_string}"},"query-input":"required name=search_term_string"}],"inLanguage":"pt-BR"},{"@type":"Organization","@id":"https:\/\/www.manaus.am.gov.br\/semmas\/#organization","name":"Prefeitura de Manaus","alternateName":"Prefeitura Municipal de Manaus","url":"https:\/\/www.manaus.am.gov.br\/semmas\/","logo":{"@type":"ImageObject","inLanguage":"pt-BR","@id":"https:\/\/www.manaus.am.gov.br\/semmas\/#\/schema\/logo\/image\/","url":"https:\/\/www.manaus.am.gov.br\/semmas\/wp-content\/uploads\/sites\/26\/2024\/06\/brasao.png","contentUrl":"https:\/\/www.manaus.am.gov.br\/semmas\/wp-content\/uploads\/sites\/26\/2024\/06\/brasao.png","width":286,"height":408,"caption":"Prefeitura de Manaus"},"image":{"@id":"https:\/\/www.manaus.am.gov.br\/semmas\/#\/schema\/logo\/image\/"},"sameAs":["https:\/\/www.facebook.com\/SemmasManaus","https:\/\/www.instagram.com\/semmasmanaus\/","https:\/\/www.youtube.com\/@semmasmanaus2835"]},{"@type":"Person","@id":"https:\/\/www.manaus.am.gov.br\/semmas\/#\/schema\/person\/05d223aea2bf115f9883a6ff3683d81b","name":"Bruna Greco","image":{"@type":"ImageObject","inLanguage":"pt-BR","@id":"https:\/\/www.manaus.am.gov.br\/semmas\/#\/schema\/person\/image\/","url":"https:\/\/secure.gravatar.com\/avatar\/9c877d1a6adc2a055330e5c09a8653ce?s=96&d=mm&r=g","contentUrl":"https:\/\/secure.gravatar.com\/avatar\/9c877d1a6adc2a055330e5c09a8653ce?s=96&d=mm&r=g","caption":"Bruna Greco"}}]}},"_links":{"self":[{"href":"https:\/\/www.manaus.am.gov.br\/semmas\/wp-json\/wp\/v2\/posts\/10162"}],"collection":[{"href":"https:\/\/www.manaus.am.gov.br\/semmas\/wp-json\/wp\/v2\/posts"}],"about":[{"href":"https:\/\/www.manaus.am.gov.br\/semmas\/wp-json\/wp\/v2\/types\/post"}],"author":[{"embeddable":true,"href":"https:\/\/www.manaus.am.gov.br\/semmas\/wp-json\/wp\/v2\/users\/39"}],"replies":[{"embeddable":true,"href":"https:\/\/www.manaus.am.gov.br\/semmas\/wp-json\/wp\/v2\/comments?post=10162"}],"version-history":[{"count":0,"href":"https:\/\/www.manaus.am.gov.br\/semmas\/wp-json\/wp\/v2\/posts\/10162\/revisions"}],"wp:featuredmedia":[{"embeddable":true,"href":"https:\/\/www.manaus.am.gov.br\/semmas\/wp-json\/wp\/v2\/media\/10163"}],"wp:attachment":[{"href":"https:\/\/www.manaus.am.gov.br\/semmas\/wp-json\/wp\/v2\/media?parent=10162"}],"wp:term":[{"taxonomy":"category","embeddable":true,"href":"https:\/\/www.manaus.am.gov.br\/semmas\/wp-json\/wp\/v2\/categories?post=10162"},{"taxonomy":"post_tag","embeddable":true,"href":"https:\/\/www.manaus.am.gov.br\/semmas\/wp-json\/wp\/v2\/tags?post=10162"}],"curies":[{"name":"wp","href":"https:\/\/api.w.org\/{rel}","templated":true}]}}