{"id":9688,"date":"2026-05-01T17:07:17","date_gmt":"2026-05-01T21:07:17","guid":{"rendered":"https:\/\/www.manaus.am.gov.br\/seminf\/prefeitura-seminf-drenagem-flores\/"},"modified":"2026-05-01T17:07:18","modified_gmt":"2026-05-01T21:07:18","slug":"prefeitura-seminf-drenagem-flores","status":"publish","type":"post","link":"https:\/\/www.manaus.am.gov.br\/seminf\/prefeitura-seminf-drenagem-flores\/","title":{"rendered":"Prefeitura de Manaus inicia obra de drenagem em Flores durante feriado para prevenir alagamentos"},"content":{"rendered":"\n<p>A Prefeitura de Manaus, por meio da Secretaria Municipal de Infraestrutura (Seminf), iniciou, nesta sexta-feira, 1\u00ba\/5, Dia do Trabalhador, a implanta\u00e7\u00e3o de uma nova rede de drenagem profunda na rua Siena, bairro Flores, zona Centro-Sul. As equipes de plant\u00e3o foram mobilizadas para executar a obra que vai eliminar pontos cr\u00edticos de alagamento na regi\u00e3o.<\/p>\n\n\n\n<p>O projeto prev\u00ea a implanta\u00e7\u00e3o de 100 metros de nova tubula\u00e7\u00e3o com manilhas em concreto armado. A interven\u00e7\u00e3o \u00e9 estrat\u00e9gica e garante o escoamento eficiente das \u00e1guas da chuva, protege o asfalto contra desgastes e d\u00e1 mais seguran\u00e7a e qualidade de vida aos moradores que sofrem com ac\u00famulo de \u00e1gua no per\u00edodo chuvoso.<\/p>\n\n\n\n<p>O servi\u00e7o foi iniciado com a escava\u00e7\u00e3o do trecho, seguida do assentamento das manilhas e na etapa final, recomposi\u00e7\u00e3o completa da via para garantir durabilidade \u00e0 nova estrutura.<\/p>\n\n\n\n<p>Segundo o secret\u00e1rio municipal de Infraestrutura, Madson Rodrigues, a obra \u00e9 preventiva e baseada em estudos t\u00e9cnicos. \u201cIdentificamos pontos cr\u00edticos de alagamento e agimos antes que o problema afete a popula\u00e7\u00e3o. Por determina\u00e7\u00e3o do prefeito Renato Junior, nossas equipes atuam diariamente em obras que transformam a cidade. Hoje \u00e9 Dia do Trabalhador, e aqui tem muita gente trabalhando para melhorar a infraestrutura de Manaus\u201d, destacou Madson Rodrigues.<\/p>\n\n\n\n<p>Com regime de plant\u00e3o ativo, a prefeitura mant\u00e9m frentes de obra em feriados e finais de semana para responder r\u00e1pido \u00e0s demandas e antecipar solu\u00e7\u00f5es. A nova drenagem na rua Siena refor\u00e7a o compromisso da gest\u00e3o com preven\u00e7\u00e3o, mobilidade urbana e bem-estar da popula\u00e7\u00e3o.<\/p>\n\n\n\n<p>&#8212; &#8212; &#8212;<\/p>\n\n\n\n<p><strong>Texto<\/strong> &#8211; Maria Amed\/ Seminf<\/p>\n\n\n\n<p><strong>Fotos<\/strong> &#8211; Divulga\u00e7\u00e3o Seminf<\/p>\n","protected":false},"excerpt":{"rendered":"","protected":false},"author":23,"featured_media":9689,"comment_status":"closed","ping_status":"closed","sticky":false,"template":"","format":"standard","meta":{"footnotes":""},"categories":[221],"tags":[47,1544,43,26,459],"acf":[],"yoast_head":"<!-- This site is optimized with the Yoast SEO plugin v23.0 - https:\/\/yoast.com\/wordpress\/plugins\/seo\/ -->\n<title>Prefeitura de Manaus inicia obra de drenagem em Flores durante feriado para prevenir alagamentos<\/title>\n<meta name=\"description\" content=\"A Prefeitura de Manaus, por meio da Secretaria Municipal de Infraestrutura (Seminf), iniciou, nesta sexta-feira, 1\u00ba\/5, Dia do Trabalhador, a implanta\u00e7\u00e3o de uma nova rede de drenagem profunda na rua Siena, bairro Flores, zona Centro-Sul.\" \/>\n<meta name=\"robots\" content=\"index, follow, max-snippet:-1, max-image-preview:large, max-video-preview:-1\" \/>\n<link rel=\"canonical\" href=\"https:\/\/www.manaus.am.gov.br\/seminf\/prefeitura-seminf-drenagem-flores\/\" \/>\n<meta property=\"og:locale\" content=\"pt_BR\" \/>\n<meta property=\"og:type\" content=\"article\" \/>\n<meta property=\"og:title\" content=\"Prefeitura de Manaus inicia obra de drenagem em Flores durante feriado para prevenir alagamentos\" \/>\n<meta property=\"og:description\" content=\"A Prefeitura de Manaus, por meio da Secretaria Municipal de Infraestrutura (Seminf), iniciou, nesta sexta-feira, 1\u00ba\/5, Dia do Trabalhador, a implanta\u00e7\u00e3o de uma nova rede de drenagem profunda na rua Siena, bairro Flores, zona Centro-Sul.\" \/>\n<meta property=\"og:url\" content=\"https:\/\/www.manaus.am.gov.br\/seminf\/prefeitura-seminf-drenagem-flores\/\" \/>\n<meta property=\"og:site_name\" content=\"SEMINF\" \/>\n<meta property=\"article:published_time\" content=\"2026-05-01T21:07:17+00:00\" \/>\n<meta property=\"article:modified_time\" content=\"2026-05-01T21:07:18+00:00\" \/>\n<meta property=\"og:image\" content=\"https:\/\/www.manaus.am.gov.br\/seminf\/wp-content\/uploads\/sites\/6\/2026\/05\/IMG_7532.jpg\" \/>\n\t<meta property=\"og:image:width\" content=\"959\" \/>\n\t<meta property=\"og:image:height\" content=\"719\" \/>\n\t<meta property=\"og:image:type\" content=\"image\/jpeg\" \/>\n<meta name=\"author\" content=\"Adriana Costa\" \/>\n<meta name=\"twitter:card\" content=\"summary_large_image\" \/>\n<meta name=\"twitter:label1\" content=\"Written by\" \/>\n\t<meta name=\"twitter:data1\" content=\"Adriana Costa\" \/>\n\t<meta name=\"twitter:label2\" content=\"Est. reading time\" \/>\n\t<meta name=\"twitter:data2\" content=\"2 minutos\" \/>\n<script type=\"application\/ld+json\" class=\"yoast-schema-graph\">{\"@context\":\"https:\/\/schema.org\",\"@graph\":[{\"@type\":\"WebPage\",\"@id\":\"https:\/\/www.manaus.am.gov.br\/seminf\/prefeitura-seminf-drenagem-flores\/\",\"url\":\"https:\/\/www.manaus.am.gov.br\/seminf\/prefeitura-seminf-drenagem-flores\/\",\"name\":\"Prefeitura de Manaus inicia obra de drenagem em Flores durante feriado para prevenir alagamentos\",\"isPartOf\":{\"@id\":\"https:\/\/www.manaus.am.gov.br\/seminf\/#website\"},\"primaryImageOfPage\":{\"@id\":\"https:\/\/www.manaus.am.gov.br\/seminf\/prefeitura-seminf-drenagem-flores\/#primaryimage\"},\"image\":{\"@id\":\"https:\/\/www.manaus.am.gov.br\/seminf\/prefeitura-seminf-drenagem-flores\/#primaryimage\"},\"thumbnailUrl\":\"https:\/\/www.manaus.am.gov.br\/seminf\/wp-content\/uploads\/sites\/6\/2026\/05\/IMG_7532.jpg\",\"datePublished\":\"2026-05-01T21:07:17+00:00\",\"dateModified\":\"2026-05-01T21:07:18+00:00\",\"author\":{\"@id\":\"https:\/\/www.manaus.am.gov.br\/seminf\/#\/schema\/person\/4e49f4e267757a06ca072ec61b2b9968\"},\"description\":\"A Prefeitura de Manaus, por meio da Secretaria Municipal de Infraestrutura (Seminf), iniciou, nesta sexta-feira, 1\u00ba\/5, Dia do Trabalhador, a implanta\u00e7\u00e3o de uma nova rede de drenagem profunda na rua Siena, bairro Flores, zona Centro-Sul.\",\"inLanguage\":\"pt-BR\",\"potentialAction\":[{\"@type\":\"ReadAction\",\"target\":[\"https:\/\/www.manaus.am.gov.br\/seminf\/prefeitura-seminf-drenagem-flores\/\"]}]},{\"@type\":\"ImageObject\",\"inLanguage\":\"pt-BR\",\"@id\":\"https:\/\/www.manaus.am.gov.br\/seminf\/prefeitura-seminf-drenagem-flores\/#primaryimage\",\"url\":\"https:\/\/www.manaus.am.gov.br\/seminf\/wp-content\/uploads\/sites\/6\/2026\/05\/IMG_7532.jpg\",\"contentUrl\":\"https:\/\/www.manaus.am.gov.br\/seminf\/wp-content\/uploads\/sites\/6\/2026\/05\/IMG_7532.jpg\",\"width\":959,\"height\":719,\"caption\":\"#paratodosverem - Imagem de trabalhadores e maquin\u00e1rio em obra de rede de drenagem profunda no feriado do Dia do Trabalhador\"},{\"@type\":\"WebSite\",\"@id\":\"https:\/\/www.manaus.am.gov.br\/seminf\/#website\",\"url\":\"https:\/\/www.manaus.am.gov.br\/seminf\/\",\"name\":\"Secretaria de Infraestrutura\",\"description\":\"Secretaria Municipal de Infraestrutura\",\"potentialAction\":[{\"@type\":\"SearchAction\",\"target\":{\"@type\":\"EntryPoint\",\"urlTemplate\":\"https:\/\/www.manaus.am.gov.br\/seminf\/?s={search_term_string}\"},\"query-input\":\"required name=search_term_string\"}],\"inLanguage\":\"pt-BR\"},{\"@type\":\"Person\",\"@id\":\"https:\/\/www.manaus.am.gov.br\/seminf\/#\/schema\/person\/4e49f4e267757a06ca072ec61b2b9968\",\"name\":\"Adriana Costa\",\"image\":{\"@type\":\"ImageObject\",\"inLanguage\":\"pt-BR\",\"@id\":\"https:\/\/www.manaus.am.gov.br\/seminf\/#\/schema\/person\/image\/\",\"url\":\"https:\/\/secure.gravatar.com\/avatar\/576258617ef7194f718179e766d57bd4?s=96&d=mm&r=g\",\"contentUrl\":\"https:\/\/secure.gravatar.com\/avatar\/576258617ef7194f718179e766d57bd4?s=96&d=mm&r=g\",\"caption\":\"Adriana Costa\"}}]}<\/script>\n<!-- \/ Yoast SEO plugin. -->","yoast_head_json":{"title":"Prefeitura de Manaus inicia obra de drenagem em Flores durante feriado para prevenir alagamentos","description":"A Prefeitura de Manaus, por meio da Secretaria Municipal de Infraestrutura (Seminf), iniciou, nesta sexta-feira, 1\u00ba\/5, Dia do Trabalhador, a implanta\u00e7\u00e3o de uma nova rede de drenagem profunda na rua Siena, bairro Flores, zona Centro-Sul.","robots":{"index":"index","follow":"follow","max-snippet":"max-snippet:-1","max-image-preview":"max-image-preview:large","max-video-preview":"max-video-preview:-1"},"canonical":"https:\/\/www.manaus.am.gov.br\/seminf\/prefeitura-seminf-drenagem-flores\/","og_locale":"pt_BR","og_type":"article","og_title":"Prefeitura de Manaus inicia obra de drenagem em Flores durante feriado para prevenir alagamentos","og_description":"A Prefeitura de Manaus, por meio da Secretaria Municipal de Infraestrutura (Seminf), iniciou, nesta sexta-feira, 1\u00ba\/5, Dia do Trabalhador, a implanta\u00e7\u00e3o de uma nova rede de drenagem profunda na rua Siena, bairro Flores, zona Centro-Sul.","og_url":"https:\/\/www.manaus.am.gov.br\/seminf\/prefeitura-seminf-drenagem-flores\/","og_site_name":"SEMINF","article_published_time":"2026-05-01T21:07:17+00:00","article_modified_time":"2026-05-01T21:07:18+00:00","og_image":[{"width":959,"height":719,"url":"https:\/\/www.manaus.am.gov.br\/seminf\/wp-content\/uploads\/sites\/6\/2026\/05\/IMG_7532.jpg","type":"image\/jpeg"}],"author":"Adriana Costa","twitter_card":"summary_large_image","twitter_misc":{"Written by":"Adriana Costa","Est. reading time":"2 minutos"},"schema":{"@context":"https:\/\/schema.org","@graph":[{"@type":"WebPage","@id":"https:\/\/www.manaus.am.gov.br\/seminf\/prefeitura-seminf-drenagem-flores\/","url":"https:\/\/www.manaus.am.gov.br\/seminf\/prefeitura-seminf-drenagem-flores\/","name":"Prefeitura de Manaus inicia obra de drenagem em Flores durante feriado para prevenir alagamentos","isPartOf":{"@id":"https:\/\/www.manaus.am.gov.br\/seminf\/#website"},"primaryImageOfPage":{"@id":"https:\/\/www.manaus.am.gov.br\/seminf\/prefeitura-seminf-drenagem-flores\/#primaryimage"},"image":{"@id":"https:\/\/www.manaus.am.gov.br\/seminf\/prefeitura-seminf-drenagem-flores\/#primaryimage"},"thumbnailUrl":"https:\/\/www.manaus.am.gov.br\/seminf\/wp-content\/uploads\/sites\/6\/2026\/05\/IMG_7532.jpg","datePublished":"2026-05-01T21:07:17+00:00","dateModified":"2026-05-01T21:07:18+00:00","author":{"@id":"https:\/\/www.manaus.am.gov.br\/seminf\/#\/schema\/person\/4e49f4e267757a06ca072ec61b2b9968"},"description":"A Prefeitura de Manaus, por meio da Secretaria Municipal de Infraestrutura (Seminf), iniciou, nesta sexta-feira, 1\u00ba\/5, Dia do Trabalhador, a implanta\u00e7\u00e3o de uma nova rede de drenagem profunda na rua Siena, bairro Flores, zona Centro-Sul.","inLanguage":"pt-BR","potentialAction":[{"@type":"ReadAction","target":["https:\/\/www.manaus.am.gov.br\/seminf\/prefeitura-seminf-drenagem-flores\/"]}]},{"@type":"ImageObject","inLanguage":"pt-BR","@id":"https:\/\/www.manaus.am.gov.br\/seminf\/prefeitura-seminf-drenagem-flores\/#primaryimage","url":"https:\/\/www.manaus.am.gov.br\/seminf\/wp-content\/uploads\/sites\/6\/2026\/05\/IMG_7532.jpg","contentUrl":"https:\/\/www.manaus.am.gov.br\/seminf\/wp-content\/uploads\/sites\/6\/2026\/05\/IMG_7532.jpg","width":959,"height":719,"caption":"#paratodosverem - Imagem de trabalhadores e maquin\u00e1rio em obra de rede de drenagem profunda no feriado do Dia do Trabalhador"},{"@type":"WebSite","@id":"https:\/\/www.manaus.am.gov.br\/seminf\/#website","url":"https:\/\/www.manaus.am.gov.br\/seminf\/","name":"Secretaria de Infraestrutura","description":"Secretaria Municipal de Infraestrutura","potentialAction":[{"@type":"SearchAction","target":{"@type":"EntryPoint","urlTemplate":"https:\/\/www.manaus.am.gov.br\/seminf\/?s={search_term_string}"},"query-input":"required name=search_term_string"}],"inLanguage":"pt-BR"},{"@type":"Person","@id":"https:\/\/www.manaus.am.gov.br\/seminf\/#\/schema\/person\/4e49f4e267757a06ca072ec61b2b9968","name":"Adriana Costa","image":{"@type":"ImageObject","inLanguage":"pt-BR","@id":"https:\/\/www.manaus.am.gov.br\/seminf\/#\/schema\/person\/image\/","url":"https:\/\/secure.gravatar.com\/avatar\/576258617ef7194f718179e766d57bd4?s=96&d=mm&r=g","contentUrl":"https:\/\/secure.gravatar.com\/avatar\/576258617ef7194f718179e766d57bd4?s=96&d=mm&r=g","caption":"Adriana Costa"}}]}},"_links":{"self":[{"href":"https:\/\/www.manaus.am.gov.br\/seminf\/wp-json\/wp\/v2\/posts\/9688"}],"collection":[{"href":"https:\/\/www.manaus.am.gov.br\/seminf\/wp-json\/wp\/v2\/posts"}],"about":[{"href":"https:\/\/www.manaus.am.gov.br\/seminf\/wp-json\/wp\/v2\/types\/post"}],"author":[{"embeddable":true,"href":"https:\/\/www.manaus.am.gov.br\/seminf\/wp-json\/wp\/v2\/users\/23"}],"replies":[{"embeddable":true,"href":"https:\/\/www.manaus.am.gov.br\/seminf\/wp-json\/wp\/v2\/comments?post=9688"}],"version-history":[{"count":0,"href":"https:\/\/www.manaus.am.gov.br\/seminf\/wp-json\/wp\/v2\/posts\/9688\/revisions"}],"wp:featuredmedia":[{"embeddable":true,"href":"https:\/\/www.manaus.am.gov.br\/seminf\/wp-json\/wp\/v2\/media\/9689"}],"wp:attachment":[{"href":"https:\/\/www.manaus.am.gov.br\/seminf\/wp-json\/wp\/v2\/media?parent=9688"}],"wp:term":[{"taxonomy":"category","embeddable":true,"href":"https:\/\/www.manaus.am.gov.br\/seminf\/wp-json\/wp\/v2\/categories?post=9688"},{"taxonomy":"post_tag","embeddable":true,"href":"https:\/\/www.manaus.am.gov.br\/seminf\/wp-json\/wp\/v2\/tags?post=9688"}],"curies":[{"name":"wp","href":"https:\/\/api.w.org\/{rel}","templated":true}]}}