{"id":9682,"date":"2026-04-29T18:33:29","date_gmt":"2026-04-29T22:33:29","guid":{"rendered":"https:\/\/www.manaus.am.gov.br\/seminf\/recuperacao-sistema-de-drenagem-4\/"},"modified":"2026-04-29T18:33:31","modified_gmt":"2026-04-29T22:33:31","slug":"recuperacao-sistema-de-drenagem-4","status":"publish","type":"post","link":"https:\/\/www.manaus.am.gov.br\/seminf\/recuperacao-sistema-de-drenagem-4\/","title":{"rendered":"Prefeitura de Manaus refor\u00e7a infraestrutura no bairro L\u00edrio do Vale com recupera\u00e7\u00e3o completa do sistema de drenagem"},"content":{"rendered":"\n<p>A Prefeitura de Manaus, por meio da Secretaria Municipal de Infraestrutura (Seminf), intensificou, nesta quarta-feira, 29\/4, os trabalhos de recupera\u00e7\u00e3o do sistema de drenagem profunda e superficial da rua Hugo de Abreu, no bairro L\u00edrio do Vale, zona Oeste da capital. A interven\u00e7\u00e3o \u00e9 estrat\u00e9gica para minimizar os impactos das chuvas e garantir mais seguran\u00e7a e qualidade de vida aos moradores da \u00e1rea.<\/p>\n\n\n\n<p>A obra contemplou a substitui\u00e7\u00e3o de tubula\u00e7\u00f5es comprometidas pela for\u00e7a das \u00e1guas pluviais, al\u00e9m da recomposi\u00e7\u00e3o completa da estrutura urbana no trecho, incluindo cal\u00e7adas, sarjetas e meio-fio. A atua\u00e7\u00e3o integrada assegura maior efici\u00eancia no escoamento da \u00e1gua e refor\u00e7a a durabilidade da via.<\/p>\n\n\n\n<p>O secret\u00e1rio municipal de Infraestrutura, Madson Rodrigues, destacou que o trabalho reflete o compromisso da gest\u00e3o em entregar solu\u00e7\u00f5es duradouras \u00e0 popula\u00e7\u00e3o.<\/p>\n\n\n\n<p>\u201cCada interven\u00e7\u00e3o como essa representa mais do que uma obra, \u00e9 cuidado direto com as pessoas. Por determina\u00e7\u00e3o do prefeito Renato Junior, nossas equipes atuam com agilidade para resolver pontos cr\u00edticos e evitar transtornos maiores, principalmente no per\u00edodo de chuvas. Estamos fortalecendo a infraestrutura da cidade para garantir mais seguran\u00e7a e tranquilidade para quem vive nessas \u00e1reas\u201d, afirmou o secret\u00e1rio Madson Rodrigues.&nbsp;<\/p>\n\n\n\n<p>Durante a execu\u00e7\u00e3o, as equipes realizaram a substitui\u00e7\u00e3o do trecho danificado da drenagem profunda, seguida do reaterro e da recupera\u00e7\u00e3o da drenagem superficial, essencial para conduzir corretamente as \u00e1guas at\u00e9 a galeria subterr\u00e2nea. A a\u00e7\u00e3o integra um conjunto de frentes de obras em andamento na capital, com foco na moderniza\u00e7\u00e3o da infraestrutura urbana e na preven\u00e7\u00e3o de alagamentos.<\/p>\n\n\n\n<p>A Prefeitura de Manaus segue avan\u00e7ando com planejamento e efici\u00eancia, levando melhorias concretas para o dia a dia da popula\u00e7\u00e3o.<\/p>\n\n\n\n<p>\u2014&#8211; \u2014- \u2014&#8211;<br><strong>Texto \u2013<\/strong> Maria Amed\/Seminf\u00a0<br><strong>Fotos\u00a0 &#8211; <\/strong>Divulga\u00e7\u00e3o \/ Seminf\u00a0<\/p>\n","protected":false},"excerpt":{"rendered":"","protected":false},"author":68,"featured_media":9683,"comment_status":"closed","ping_status":"closed","sticky":false,"template":"","format":"standard","meta":{"footnotes":""},"categories":[221],"tags":[132,43,3377,2524,26,231],"acf":[],"yoast_head":"<!-- This site is optimized with the Yoast SEO plugin v23.0 - https:\/\/yoast.com\/wordpress\/plugins\/seo\/ -->\n<title>Prefeitura de Manaus refor\u00e7a infraestrutura no bairro L\u00edrio do Vale<\/title>\n<meta name=\"description\" content=\"A Prefeitura intensificou, nesta quarta, os trabalhos de recupera\u00e7\u00e3o do sistema de drenagem profunda e superficial da rua Hugo de Abreu.\" \/>\n<meta name=\"robots\" content=\"index, follow, max-snippet:-1, max-image-preview:large, max-video-preview:-1\" \/>\n<link rel=\"canonical\" href=\"https:\/\/www.manaus.am.gov.br\/seminf\/recuperacao-sistema-de-drenagem-4\/\" \/>\n<meta property=\"og:locale\" content=\"pt_BR\" \/>\n<meta property=\"og:type\" content=\"article\" \/>\n<meta property=\"og:title\" content=\"Prefeitura de Manaus refor\u00e7a infraestrutura no bairro L\u00edrio do Vale\" \/>\n<meta property=\"og:description\" content=\"A Prefeitura intensificou, nesta quarta, os trabalhos de recupera\u00e7\u00e3o do sistema de drenagem profunda e superficial da rua Hugo de Abreu.\" \/>\n<meta property=\"og:url\" content=\"https:\/\/www.manaus.am.gov.br\/seminf\/recuperacao-sistema-de-drenagem-4\/\" \/>\n<meta property=\"og:site_name\" content=\"SEMINF\" \/>\n<meta property=\"article:published_time\" content=\"2026-04-29T22:33:29+00:00\" \/>\n<meta property=\"article:modified_time\" content=\"2026-04-29T22:33:31+00:00\" \/>\n<meta property=\"og:image\" content=\"https:\/\/www.manaus.am.gov.br\/seminf\/wp-content\/uploads\/sites\/6\/2026\/04\/Prefeitura-de-Manaus-reforca-infraestrutura-no-bairro-Lirio-do-Vale-com-recuperacao-completa-do-sistema-de-drenagem-3.jpg\" \/>\n\t<meta property=\"og:image:width\" content=\"1600\" \/>\n\t<meta property=\"og:image:height\" content=\"1200\" \/>\n\t<meta property=\"og:image:type\" content=\"image\/jpeg\" \/>\n<meta name=\"author\" content=\"bvalente\" \/>\n<meta name=\"twitter:card\" content=\"summary_large_image\" \/>\n<meta name=\"twitter:label1\" content=\"Written by\" \/>\n\t<meta name=\"twitter:data1\" content=\"bvalente\" \/>\n\t<meta name=\"twitter:label2\" content=\"Est. reading time\" \/>\n\t<meta name=\"twitter:data2\" content=\"2 minutos\" \/>\n<script type=\"application\/ld+json\" class=\"yoast-schema-graph\">{\"@context\":\"https:\/\/schema.org\",\"@graph\":[{\"@type\":\"WebPage\",\"@id\":\"https:\/\/www.manaus.am.gov.br\/seminf\/recuperacao-sistema-de-drenagem-4\/\",\"url\":\"https:\/\/www.manaus.am.gov.br\/seminf\/recuperacao-sistema-de-drenagem-4\/\",\"name\":\"Prefeitura de Manaus refor\u00e7a infraestrutura no bairro L\u00edrio do Vale\",\"isPartOf\":{\"@id\":\"https:\/\/www.manaus.am.gov.br\/seminf\/#website\"},\"primaryImageOfPage\":{\"@id\":\"https:\/\/www.manaus.am.gov.br\/seminf\/recuperacao-sistema-de-drenagem-4\/#primaryimage\"},\"image\":{\"@id\":\"https:\/\/www.manaus.am.gov.br\/seminf\/recuperacao-sistema-de-drenagem-4\/#primaryimage\"},\"thumbnailUrl\":\"https:\/\/www.manaus.am.gov.br\/seminf\/wp-content\/uploads\/sites\/6\/2026\/04\/Prefeitura-de-Manaus-reforca-infraestrutura-no-bairro-Lirio-do-Vale-com-recuperacao-completa-do-sistema-de-drenagem-3.jpg\",\"datePublished\":\"2026-04-29T22:33:29+00:00\",\"dateModified\":\"2026-04-29T22:33:31+00:00\",\"author\":{\"@id\":\"https:\/\/www.manaus.am.gov.br\/seminf\/#\/schema\/person\/466a0e03ae4b6062809046bd560ac955\"},\"description\":\"A Prefeitura intensificou, nesta quarta, os trabalhos de recupera\u00e7\u00e3o do sistema de drenagem profunda e superficial da rua Hugo de Abreu.\",\"inLanguage\":\"pt-BR\",\"potentialAction\":[{\"@type\":\"ReadAction\",\"target\":[\"https:\/\/www.manaus.am.gov.br\/seminf\/recuperacao-sistema-de-drenagem-4\/\"]}]},{\"@type\":\"ImageObject\",\"inLanguage\":\"pt-BR\",\"@id\":\"https:\/\/www.manaus.am.gov.br\/seminf\/recuperacao-sistema-de-drenagem-4\/#primaryimage\",\"url\":\"https:\/\/www.manaus.am.gov.br\/seminf\/wp-content\/uploads\/sites\/6\/2026\/04\/Prefeitura-de-Manaus-reforca-infraestrutura-no-bairro-Lirio-do-Vale-com-recuperacao-completa-do-sistema-de-drenagem-3.jpg\",\"contentUrl\":\"https:\/\/www.manaus.am.gov.br\/seminf\/wp-content\/uploads\/sites\/6\/2026\/04\/Prefeitura-de-Manaus-reforca-infraestrutura-no-bairro-Lirio-do-Vale-com-recuperacao-completa-do-sistema-de-drenagem-3.jpg\",\"width\":1600,\"height\":1200,\"caption\":\"#paratodosverem \u2013 Equipe da Seminf recuperando drenagem\"},{\"@type\":\"WebSite\",\"@id\":\"https:\/\/www.manaus.am.gov.br\/seminf\/#website\",\"url\":\"https:\/\/www.manaus.am.gov.br\/seminf\/\",\"name\":\"Secretaria de Infraestrutura\",\"description\":\"Secretaria Municipal de Infraestrutura\",\"potentialAction\":[{\"@type\":\"SearchAction\",\"target\":{\"@type\":\"EntryPoint\",\"urlTemplate\":\"https:\/\/www.manaus.am.gov.br\/seminf\/?s={search_term_string}\"},\"query-input\":\"required name=search_term_string\"}],\"inLanguage\":\"pt-BR\"},{\"@type\":\"Person\",\"@id\":\"https:\/\/www.manaus.am.gov.br\/seminf\/#\/schema\/person\/466a0e03ae4b6062809046bd560ac955\",\"name\":\"bvalente\",\"image\":{\"@type\":\"ImageObject\",\"inLanguage\":\"pt-BR\",\"@id\":\"https:\/\/www.manaus.am.gov.br\/seminf\/#\/schema\/person\/image\/\",\"url\":\"https:\/\/secure.gravatar.com\/avatar\/3e69bc2b014bdad41adfec3a39de07d2?s=96&d=mm&r=g\",\"contentUrl\":\"https:\/\/secure.gravatar.com\/avatar\/3e69bc2b014bdad41adfec3a39de07d2?s=96&d=mm&r=g\",\"caption\":\"bvalente\"}}]}<\/script>\n<!-- \/ Yoast SEO plugin. -->","yoast_head_json":{"title":"Prefeitura de Manaus refor\u00e7a infraestrutura no bairro L\u00edrio do Vale","description":"A Prefeitura intensificou, nesta quarta, os trabalhos de recupera\u00e7\u00e3o do sistema de drenagem profunda e superficial da rua Hugo de Abreu.","robots":{"index":"index","follow":"follow","max-snippet":"max-snippet:-1","max-image-preview":"max-image-preview:large","max-video-preview":"max-video-preview:-1"},"canonical":"https:\/\/www.manaus.am.gov.br\/seminf\/recuperacao-sistema-de-drenagem-4\/","og_locale":"pt_BR","og_type":"article","og_title":"Prefeitura de Manaus refor\u00e7a infraestrutura no bairro L\u00edrio do Vale","og_description":"A Prefeitura intensificou, nesta quarta, os trabalhos de recupera\u00e7\u00e3o do sistema de drenagem profunda e superficial da rua Hugo de Abreu.","og_url":"https:\/\/www.manaus.am.gov.br\/seminf\/recuperacao-sistema-de-drenagem-4\/","og_site_name":"SEMINF","article_published_time":"2026-04-29T22:33:29+00:00","article_modified_time":"2026-04-29T22:33:31+00:00","og_image":[{"width":1600,"height":1200,"url":"https:\/\/www.manaus.am.gov.br\/seminf\/wp-content\/uploads\/sites\/6\/2026\/04\/Prefeitura-de-Manaus-reforca-infraestrutura-no-bairro-Lirio-do-Vale-com-recuperacao-completa-do-sistema-de-drenagem-3.jpg","type":"image\/jpeg"}],"author":"bvalente","twitter_card":"summary_large_image","twitter_misc":{"Written by":"bvalente","Est. reading time":"2 minutos"},"schema":{"@context":"https:\/\/schema.org","@graph":[{"@type":"WebPage","@id":"https:\/\/www.manaus.am.gov.br\/seminf\/recuperacao-sistema-de-drenagem-4\/","url":"https:\/\/www.manaus.am.gov.br\/seminf\/recuperacao-sistema-de-drenagem-4\/","name":"Prefeitura de Manaus refor\u00e7a infraestrutura no bairro L\u00edrio do Vale","isPartOf":{"@id":"https:\/\/www.manaus.am.gov.br\/seminf\/#website"},"primaryImageOfPage":{"@id":"https:\/\/www.manaus.am.gov.br\/seminf\/recuperacao-sistema-de-drenagem-4\/#primaryimage"},"image":{"@id":"https:\/\/www.manaus.am.gov.br\/seminf\/recuperacao-sistema-de-drenagem-4\/#primaryimage"},"thumbnailUrl":"https:\/\/www.manaus.am.gov.br\/seminf\/wp-content\/uploads\/sites\/6\/2026\/04\/Prefeitura-de-Manaus-reforca-infraestrutura-no-bairro-Lirio-do-Vale-com-recuperacao-completa-do-sistema-de-drenagem-3.jpg","datePublished":"2026-04-29T22:33:29+00:00","dateModified":"2026-04-29T22:33:31+00:00","author":{"@id":"https:\/\/www.manaus.am.gov.br\/seminf\/#\/schema\/person\/466a0e03ae4b6062809046bd560ac955"},"description":"A Prefeitura intensificou, nesta quarta, os trabalhos de recupera\u00e7\u00e3o do sistema de drenagem profunda e superficial da rua Hugo de Abreu.","inLanguage":"pt-BR","potentialAction":[{"@type":"ReadAction","target":["https:\/\/www.manaus.am.gov.br\/seminf\/recuperacao-sistema-de-drenagem-4\/"]}]},{"@type":"ImageObject","inLanguage":"pt-BR","@id":"https:\/\/www.manaus.am.gov.br\/seminf\/recuperacao-sistema-de-drenagem-4\/#primaryimage","url":"https:\/\/www.manaus.am.gov.br\/seminf\/wp-content\/uploads\/sites\/6\/2026\/04\/Prefeitura-de-Manaus-reforca-infraestrutura-no-bairro-Lirio-do-Vale-com-recuperacao-completa-do-sistema-de-drenagem-3.jpg","contentUrl":"https:\/\/www.manaus.am.gov.br\/seminf\/wp-content\/uploads\/sites\/6\/2026\/04\/Prefeitura-de-Manaus-reforca-infraestrutura-no-bairro-Lirio-do-Vale-com-recuperacao-completa-do-sistema-de-drenagem-3.jpg","width":1600,"height":1200,"caption":"#paratodosverem \u2013 Equipe da Seminf recuperando drenagem"},{"@type":"WebSite","@id":"https:\/\/www.manaus.am.gov.br\/seminf\/#website","url":"https:\/\/www.manaus.am.gov.br\/seminf\/","name":"Secretaria de Infraestrutura","description":"Secretaria Municipal de Infraestrutura","potentialAction":[{"@type":"SearchAction","target":{"@type":"EntryPoint","urlTemplate":"https:\/\/www.manaus.am.gov.br\/seminf\/?s={search_term_string}"},"query-input":"required name=search_term_string"}],"inLanguage":"pt-BR"},{"@type":"Person","@id":"https:\/\/www.manaus.am.gov.br\/seminf\/#\/schema\/person\/466a0e03ae4b6062809046bd560ac955","name":"bvalente","image":{"@type":"ImageObject","inLanguage":"pt-BR","@id":"https:\/\/www.manaus.am.gov.br\/seminf\/#\/schema\/person\/image\/","url":"https:\/\/secure.gravatar.com\/avatar\/3e69bc2b014bdad41adfec3a39de07d2?s=96&d=mm&r=g","contentUrl":"https:\/\/secure.gravatar.com\/avatar\/3e69bc2b014bdad41adfec3a39de07d2?s=96&d=mm&r=g","caption":"bvalente"}}]}},"_links":{"self":[{"href":"https:\/\/www.manaus.am.gov.br\/seminf\/wp-json\/wp\/v2\/posts\/9682"}],"collection":[{"href":"https:\/\/www.manaus.am.gov.br\/seminf\/wp-json\/wp\/v2\/posts"}],"about":[{"href":"https:\/\/www.manaus.am.gov.br\/seminf\/wp-json\/wp\/v2\/types\/post"}],"author":[{"embeddable":true,"href":"https:\/\/www.manaus.am.gov.br\/seminf\/wp-json\/wp\/v2\/users\/68"}],"replies":[{"embeddable":true,"href":"https:\/\/www.manaus.am.gov.br\/seminf\/wp-json\/wp\/v2\/comments?post=9682"}],"version-history":[{"count":0,"href":"https:\/\/www.manaus.am.gov.br\/seminf\/wp-json\/wp\/v2\/posts\/9682\/revisions"}],"wp:featuredmedia":[{"embeddable":true,"href":"https:\/\/www.manaus.am.gov.br\/seminf\/wp-json\/wp\/v2\/media\/9683"}],"wp:attachment":[{"href":"https:\/\/www.manaus.am.gov.br\/seminf\/wp-json\/wp\/v2\/media?parent=9682"}],"wp:term":[{"taxonomy":"category","embeddable":true,"href":"https:\/\/www.manaus.am.gov.br\/seminf\/wp-json\/wp\/v2\/categories?post=9682"},{"taxonomy":"post_tag","embeddable":true,"href":"https:\/\/www.manaus.am.gov.br\/seminf\/wp-json\/wp\/v2\/tags?post=9682"}],"curies":[{"name":"wp","href":"https:\/\/api.w.org\/{rel}","templated":true}]}}