{"id":9674,"date":"2026-04-29T16:32:03","date_gmt":"2026-04-29T20:32:03","guid":{"rendered":"https:\/\/www.manaus.am.gov.br\/seminf\/recuperacao-galeria-profunda-conjunto-canaranas\/"},"modified":"2026-04-29T16:32:03","modified_gmt":"2026-04-29T20:32:03","slug":"recuperacao-galeria-profunda-conjunto-canaranas","status":"publish","type":"post","link":"https:\/\/www.manaus.am.gov.br\/seminf\/recuperacao-galeria-profunda-conjunto-canaranas\/","title":{"rendered":"Prefeitura de Manaus conclui recupera\u00e7\u00e3o de galeria profunda no conjunto Canaranas e refor\u00e7a combate a alagamentos"},"content":{"rendered":"\n<p>A Prefeitura de Manaus, por meio da Secretaria Municipal de Infraestrutura (Seminf), concluiu, nesta quarta-feira, 29\/4, a recupera\u00e7\u00e3o de uma galeria profunda na rua K com a rua A, no conjunto Canaranas, bairro Cidade Nova, zona Norte da capital. A interven\u00e7\u00e3o \u00e9 mais uma a\u00e7\u00e3o estrat\u00e9gica da gest\u00e3o municipal para fortalecer o sistema de drenagem e reduzir os impactos das fortes chuvas na cidade.<\/p>\n\n\n\n<p>A obra exigiu aten\u00e7\u00e3o redobrada das equipes t\u00e9cnicas devido ao avan\u00e7ado estado de deteriora\u00e7\u00e3o da estrutura antiga, comprometida pelo desgaste natural e pelo volume intenso de chuvas. Com atua\u00e7\u00e3o precisa e uso de maquin\u00e1rio pesado, os servi\u00e7os garantiram mais seguran\u00e7a e efici\u00eancia ao sistema.<\/p>\n\n\n\n<p>O secret\u00e1rio municipal de Infraestrutura, Madson Rodrigues, destacou o compromisso da gest\u00e3o em agir com rapidez diante das demandas da popula\u00e7\u00e3o.<\/p>\n\n\n\n<p>\u201cQuando a gente chega em uma \u00e1rea como essa, encontra n\u00e3o s\u00f3 um problema estrutural, mas uma preocupa\u00e7\u00e3o real dos moradores. Por determina\u00e7\u00e3o do prefeito Renato Junior, nossa prioridade \u00e9 resolver de forma definitiva. Substitu\u00edmos os tubos danificados por estruturas novas, mais resistentes, para garantir que esse sistema funcione de verdade, especialmente no per\u00edodo de chuvas\u201d, afirmou o secret\u00e1rio.<\/p>\n\n\n\n<p>A interven\u00e7\u00e3o contemplou a substitui\u00e7\u00e3o de 15 metros de tubula\u00e7\u00e3o por novos tubos de concreto armado, al\u00e9m da desobstru\u00e7\u00e3o de quatro caixas coletoras, restabelecendo a capacidade de escoamento da via e prevenindo futuros alagamentos.<\/p>\n\n\n\n<p>A Seminf segue com frentes de obras em diversos pontos da zona Norte, intensificando a\u00e7\u00f5es de manuten\u00e7\u00e3o e moderniza\u00e7\u00e3o da infraestrutura urbana. O objetivo \u00e9 antecipar problemas, melhorar a drenagem e proporcionar mais qualidade de vida \u00e0 popula\u00e7\u00e3o.<\/p>\n\n\n\n<figure class=\"wp-block-image size-large\"><img loading=\"lazy\" decoding=\"async\" width=\"1024\" height=\"767\" src=\"https:\/\/www.manaus.am.gov.br\/seminf\/wp-content\/uploads\/sites\/6\/2026\/04\/Servico-5-2-1024x767.jpeg\" alt=\"\" class=\"wp-image-9676\" srcset=\"https:\/\/www.manaus.am.gov.br\/seminf\/wp-content\/uploads\/sites\/6\/2026\/04\/Servico-5-2-1024x767.jpeg 1024w, https:\/\/www.manaus.am.gov.br\/seminf\/wp-content\/uploads\/sites\/6\/2026\/04\/Servico-5-2-300x225.jpeg 300w, https:\/\/www.manaus.am.gov.br\/seminf\/wp-content\/uploads\/sites\/6\/2026\/04\/Servico-5-2-768x575.jpeg 768w, https:\/\/www.manaus.am.gov.br\/seminf\/wp-content\/uploads\/sites\/6\/2026\/04\/Servico-5-2.jpeg 1197w\" sizes=\"(max-width: 1024px) 100vw, 1024px\" \/><figcaption class=\"wp-element-caption\">#paratodosverem &#8211; Servi\u00e7o<\/figcaption><\/figure>\n\n\n\n<p>&#8212; &#8212; &#8212;<\/p>\n\n\n\n<p><strong>Texto<\/strong>&nbsp;&#8211; Eduarda Lira\/Seminf<\/p>\n\n\n\n<p><strong>Fotos<\/strong> &#8211; Divulga\u00e7\u00e3o\/Seminf<\/p>\n","protected":false},"excerpt":{"rendered":"","protected":false},"author":39,"featured_media":9675,"comment_status":"closed","ping_status":"closed","sticky":false,"template":"","format":"standard","meta":{"footnotes":""},"categories":[6],"tags":[3101,3020,43,3376,26],"acf":[],"yoast_head":"<!-- This site is optimized with the Yoast SEO plugin v23.0 - https:\/\/yoast.com\/wordpress\/plugins\/seo\/ -->\n<title>Recupera\u00e7\u00e3o de galeria profunda no conjunto Canaranas<\/title>\n<meta name=\"description\" content=\"Prefeitura de Manaus conclui recupera\u00e7\u00e3o de galeria profunda no conjunto Canaranas e refor\u00e7a combate a alagamentos.\" \/>\n<meta name=\"robots\" content=\"index, follow, max-snippet:-1, max-image-preview:large, max-video-preview:-1\" \/>\n<link rel=\"canonical\" href=\"https:\/\/www.manaus.am.gov.br\/seminf\/recuperacao-galeria-profunda-conjunto-canaranas\/\" \/>\n<meta property=\"og:locale\" content=\"pt_BR\" \/>\n<meta property=\"og:type\" content=\"article\" \/>\n<meta property=\"og:title\" content=\"Recupera\u00e7\u00e3o de galeria profunda no conjunto Canaranas\" \/>\n<meta property=\"og:description\" content=\"Prefeitura de Manaus conclui recupera\u00e7\u00e3o de galeria profunda no conjunto Canaranas e refor\u00e7a combate a alagamentos.\" \/>\n<meta property=\"og:url\" content=\"https:\/\/www.manaus.am.gov.br\/seminf\/recuperacao-galeria-profunda-conjunto-canaranas\/\" \/>\n<meta property=\"og:site_name\" content=\"SEMINF\" \/>\n<meta property=\"article:published_time\" content=\"2026-04-29T20:32:03+00:00\" \/>\n<meta property=\"og:image\" content=\"https:\/\/www.manaus.am.gov.br\/seminf\/wp-content\/uploads\/sites\/6\/2026\/04\/Servico-1.jpeg\" \/>\n\t<meta property=\"og:image:width\" content=\"1186\" \/>\n\t<meta property=\"og:image:height\" content=\"880\" \/>\n\t<meta property=\"og:image:type\" content=\"image\/jpeg\" \/>\n<meta name=\"author\" content=\"Bruna Greco\" \/>\n<meta name=\"twitter:card\" content=\"summary_large_image\" \/>\n<meta name=\"twitter:label1\" content=\"Written by\" \/>\n\t<meta name=\"twitter:data1\" content=\"Bruna Greco\" \/>\n\t<meta name=\"twitter:label2\" content=\"Est. reading time\" \/>\n\t<meta name=\"twitter:data2\" content=\"2 minutos\" \/>\n<script type=\"application\/ld+json\" class=\"yoast-schema-graph\">{\"@context\":\"https:\/\/schema.org\",\"@graph\":[{\"@type\":\"WebPage\",\"@id\":\"https:\/\/www.manaus.am.gov.br\/seminf\/recuperacao-galeria-profunda-conjunto-canaranas\/\",\"url\":\"https:\/\/www.manaus.am.gov.br\/seminf\/recuperacao-galeria-profunda-conjunto-canaranas\/\",\"name\":\"Recupera\u00e7\u00e3o de galeria profunda no conjunto Canaranas\",\"isPartOf\":{\"@id\":\"https:\/\/www.manaus.am.gov.br\/seminf\/#website\"},\"primaryImageOfPage\":{\"@id\":\"https:\/\/www.manaus.am.gov.br\/seminf\/recuperacao-galeria-profunda-conjunto-canaranas\/#primaryimage\"},\"image\":{\"@id\":\"https:\/\/www.manaus.am.gov.br\/seminf\/recuperacao-galeria-profunda-conjunto-canaranas\/#primaryimage\"},\"thumbnailUrl\":\"https:\/\/www.manaus.am.gov.br\/seminf\/wp-content\/uploads\/sites\/6\/2026\/04\/Servico-1.jpeg\",\"datePublished\":\"2026-04-29T20:32:03+00:00\",\"dateModified\":\"2026-04-29T20:32:03+00:00\",\"author\":{\"@id\":\"https:\/\/www.manaus.am.gov.br\/seminf\/#\/schema\/person\/05d223aea2bf115f9883a6ff3683d81b\"},\"description\":\"Prefeitura de Manaus conclui recupera\u00e7\u00e3o de galeria profunda no conjunto Canaranas e refor\u00e7a combate a alagamentos.\",\"inLanguage\":\"pt-BR\",\"potentialAction\":[{\"@type\":\"ReadAction\",\"target\":[\"https:\/\/www.manaus.am.gov.br\/seminf\/recuperacao-galeria-profunda-conjunto-canaranas\/\"]}]},{\"@type\":\"ImageObject\",\"inLanguage\":\"pt-BR\",\"@id\":\"https:\/\/www.manaus.am.gov.br\/seminf\/recuperacao-galeria-profunda-conjunto-canaranas\/#primaryimage\",\"url\":\"https:\/\/www.manaus.am.gov.br\/seminf\/wp-content\/uploads\/sites\/6\/2026\/04\/Servico-1.jpeg\",\"contentUrl\":\"https:\/\/www.manaus.am.gov.br\/seminf\/wp-content\/uploads\/sites\/6\/2026\/04\/Servico-1.jpeg\",\"width\":1186,\"height\":880,\"caption\":\"#paratodosverem - Equipe da Seminf executando a conclus\u00e3o da recupera\u00e7\u00e3o de uma galeria profunda na rua K com a rua A, no conjunto Canaranas, bairro Cidade Nova\"},{\"@type\":\"WebSite\",\"@id\":\"https:\/\/www.manaus.am.gov.br\/seminf\/#website\",\"url\":\"https:\/\/www.manaus.am.gov.br\/seminf\/\",\"name\":\"Secretaria de Infraestrutura\",\"description\":\"Secretaria Municipal de Infraestrutura\",\"potentialAction\":[{\"@type\":\"SearchAction\",\"target\":{\"@type\":\"EntryPoint\",\"urlTemplate\":\"https:\/\/www.manaus.am.gov.br\/seminf\/?s={search_term_string}\"},\"query-input\":\"required name=search_term_string\"}],\"inLanguage\":\"pt-BR\"},{\"@type\":\"Person\",\"@id\":\"https:\/\/www.manaus.am.gov.br\/seminf\/#\/schema\/person\/05d223aea2bf115f9883a6ff3683d81b\",\"name\":\"Bruna Greco\",\"image\":{\"@type\":\"ImageObject\",\"inLanguage\":\"pt-BR\",\"@id\":\"https:\/\/www.manaus.am.gov.br\/seminf\/#\/schema\/person\/image\/\",\"url\":\"https:\/\/secure.gravatar.com\/avatar\/9c877d1a6adc2a055330e5c09a8653ce?s=96&d=mm&r=g\",\"contentUrl\":\"https:\/\/secure.gravatar.com\/avatar\/9c877d1a6adc2a055330e5c09a8653ce?s=96&d=mm&r=g\",\"caption\":\"Bruna Greco\"}}]}<\/script>\n<!-- \/ Yoast SEO plugin. -->","yoast_head_json":{"title":"Recupera\u00e7\u00e3o de galeria profunda no conjunto Canaranas","description":"Prefeitura de Manaus conclui recupera\u00e7\u00e3o de galeria profunda no conjunto Canaranas e refor\u00e7a combate a alagamentos.","robots":{"index":"index","follow":"follow","max-snippet":"max-snippet:-1","max-image-preview":"max-image-preview:large","max-video-preview":"max-video-preview:-1"},"canonical":"https:\/\/www.manaus.am.gov.br\/seminf\/recuperacao-galeria-profunda-conjunto-canaranas\/","og_locale":"pt_BR","og_type":"article","og_title":"Recupera\u00e7\u00e3o de galeria profunda no conjunto Canaranas","og_description":"Prefeitura de Manaus conclui recupera\u00e7\u00e3o de galeria profunda no conjunto Canaranas e refor\u00e7a combate a alagamentos.","og_url":"https:\/\/www.manaus.am.gov.br\/seminf\/recuperacao-galeria-profunda-conjunto-canaranas\/","og_site_name":"SEMINF","article_published_time":"2026-04-29T20:32:03+00:00","og_image":[{"width":1186,"height":880,"url":"https:\/\/www.manaus.am.gov.br\/seminf\/wp-content\/uploads\/sites\/6\/2026\/04\/Servico-1.jpeg","type":"image\/jpeg"}],"author":"Bruna Greco","twitter_card":"summary_large_image","twitter_misc":{"Written by":"Bruna Greco","Est. reading time":"2 minutos"},"schema":{"@context":"https:\/\/schema.org","@graph":[{"@type":"WebPage","@id":"https:\/\/www.manaus.am.gov.br\/seminf\/recuperacao-galeria-profunda-conjunto-canaranas\/","url":"https:\/\/www.manaus.am.gov.br\/seminf\/recuperacao-galeria-profunda-conjunto-canaranas\/","name":"Recupera\u00e7\u00e3o de galeria profunda no conjunto Canaranas","isPartOf":{"@id":"https:\/\/www.manaus.am.gov.br\/seminf\/#website"},"primaryImageOfPage":{"@id":"https:\/\/www.manaus.am.gov.br\/seminf\/recuperacao-galeria-profunda-conjunto-canaranas\/#primaryimage"},"image":{"@id":"https:\/\/www.manaus.am.gov.br\/seminf\/recuperacao-galeria-profunda-conjunto-canaranas\/#primaryimage"},"thumbnailUrl":"https:\/\/www.manaus.am.gov.br\/seminf\/wp-content\/uploads\/sites\/6\/2026\/04\/Servico-1.jpeg","datePublished":"2026-04-29T20:32:03+00:00","dateModified":"2026-04-29T20:32:03+00:00","author":{"@id":"https:\/\/www.manaus.am.gov.br\/seminf\/#\/schema\/person\/05d223aea2bf115f9883a6ff3683d81b"},"description":"Prefeitura de Manaus conclui recupera\u00e7\u00e3o de galeria profunda no conjunto Canaranas e refor\u00e7a combate a alagamentos.","inLanguage":"pt-BR","potentialAction":[{"@type":"ReadAction","target":["https:\/\/www.manaus.am.gov.br\/seminf\/recuperacao-galeria-profunda-conjunto-canaranas\/"]}]},{"@type":"ImageObject","inLanguage":"pt-BR","@id":"https:\/\/www.manaus.am.gov.br\/seminf\/recuperacao-galeria-profunda-conjunto-canaranas\/#primaryimage","url":"https:\/\/www.manaus.am.gov.br\/seminf\/wp-content\/uploads\/sites\/6\/2026\/04\/Servico-1.jpeg","contentUrl":"https:\/\/www.manaus.am.gov.br\/seminf\/wp-content\/uploads\/sites\/6\/2026\/04\/Servico-1.jpeg","width":1186,"height":880,"caption":"#paratodosverem - Equipe da Seminf executando a conclus\u00e3o da recupera\u00e7\u00e3o de uma galeria profunda na rua K com a rua A, no conjunto Canaranas, bairro Cidade Nova"},{"@type":"WebSite","@id":"https:\/\/www.manaus.am.gov.br\/seminf\/#website","url":"https:\/\/www.manaus.am.gov.br\/seminf\/","name":"Secretaria de Infraestrutura","description":"Secretaria Municipal de Infraestrutura","potentialAction":[{"@type":"SearchAction","target":{"@type":"EntryPoint","urlTemplate":"https:\/\/www.manaus.am.gov.br\/seminf\/?s={search_term_string}"},"query-input":"required name=search_term_string"}],"inLanguage":"pt-BR"},{"@type":"Person","@id":"https:\/\/www.manaus.am.gov.br\/seminf\/#\/schema\/person\/05d223aea2bf115f9883a6ff3683d81b","name":"Bruna Greco","image":{"@type":"ImageObject","inLanguage":"pt-BR","@id":"https:\/\/www.manaus.am.gov.br\/seminf\/#\/schema\/person\/image\/","url":"https:\/\/secure.gravatar.com\/avatar\/9c877d1a6adc2a055330e5c09a8653ce?s=96&d=mm&r=g","contentUrl":"https:\/\/secure.gravatar.com\/avatar\/9c877d1a6adc2a055330e5c09a8653ce?s=96&d=mm&r=g","caption":"Bruna Greco"}}]}},"_links":{"self":[{"href":"https:\/\/www.manaus.am.gov.br\/seminf\/wp-json\/wp\/v2\/posts\/9674"}],"collection":[{"href":"https:\/\/www.manaus.am.gov.br\/seminf\/wp-json\/wp\/v2\/posts"}],"about":[{"href":"https:\/\/www.manaus.am.gov.br\/seminf\/wp-json\/wp\/v2\/types\/post"}],"author":[{"embeddable":true,"href":"https:\/\/www.manaus.am.gov.br\/seminf\/wp-json\/wp\/v2\/users\/39"}],"replies":[{"embeddable":true,"href":"https:\/\/www.manaus.am.gov.br\/seminf\/wp-json\/wp\/v2\/comments?post=9674"}],"version-history":[{"count":1,"href":"https:\/\/www.manaus.am.gov.br\/seminf\/wp-json\/wp\/v2\/posts\/9674\/revisions"}],"predecessor-version":[{"id":9677,"href":"https:\/\/www.manaus.am.gov.br\/seminf\/wp-json\/wp\/v2\/posts\/9674\/revisions\/9677"}],"wp:featuredmedia":[{"embeddable":true,"href":"https:\/\/www.manaus.am.gov.br\/seminf\/wp-json\/wp\/v2\/media\/9675"}],"wp:attachment":[{"href":"https:\/\/www.manaus.am.gov.br\/seminf\/wp-json\/wp\/v2\/media?parent=9674"}],"wp:term":[{"taxonomy":"category","embeddable":true,"href":"https:\/\/www.manaus.am.gov.br\/seminf\/wp-json\/wp\/v2\/categories?post=9674"},{"taxonomy":"post_tag","embeddable":true,"href":"https:\/\/www.manaus.am.gov.br\/seminf\/wp-json\/wp\/v2\/tags?post=9674"}],"curies":[{"name":"wp","href":"https:\/\/api.w.org\/{rel}","templated":true}]}}