{"id":9672,"date":"2026-04-29T10:30:27","date_gmt":"2026-04-29T14:30:27","guid":{"rendered":"https:\/\/www.manaus.am.gov.br\/seminf\/prefeitura-seminf-immu-constantinonery\/"},"modified":"2026-04-29T12:42:39","modified_gmt":"2026-04-29T16:42:39","slug":"prefeitura-seminf-immu-constantino-nery","status":"publish","type":"post","link":"https:\/\/www.manaus.am.gov.br\/seminf\/prefeitura-seminf-immu-constantino-nery\/","title":{"rendered":"Nota"},"content":{"rendered":"\n<p>A <a href=\"https:\/\/www.manaus.am.gov.br\/\">Prefeitura de Manaus<\/a>, por meio da <a href=\"https:\/\/www.instagram.com\/seminf.manaus\/\">Secretaria Municipal de Infraestrutura<\/a> (Seminf), informa que vistoria t\u00e9cnica realizada na manh\u00e3 desta quarta-feira, 29\/4, constatou que o afundamento da pista na avenida Constantino Nery foi causado pelo desgaste na tubula\u00e7\u00e3o da rede de esgoto, de responsabilidade da concession\u00e1ria \u00c1guas de Manaus.<\/p>\n\n\n\n<p>Na noite de ter\u00e7a-feira, 28\/4, equipes do distrito de obras realizaram a sinaliza\u00e7\u00e3o da \u00e1rea, logo ap\u00f3s o registro da ocorr\u00eancia.<\/p>\n\n\n\n<p>A Seminf acompanha a execu\u00e7\u00e3o dos servi\u00e7os pela concession\u00e1ria e poder\u00e1 atuar de forma integrada, caso necess\u00e1rio, para garantir a seguran\u00e7a da popula\u00e7\u00e3o e a normaliza\u00e7\u00e3o do tr\u00e1fego.<\/p>\n\n\n\n<p>O Instituto Municipal de Mobilidade Urbana (IMMU) informa que, devido ao servi\u00e7o emergencial no trecho da avenida Constantino Nery, no sentido Centro\/bairro, foi necess\u00e1ria a interdi\u00e7\u00e3o tempor\u00e1ria da via.<\/p>\n\n\n\n<p>Durante o per\u00edodo de interven\u00e7\u00e3o, os itiner\u00e1rios do transporte coletivo que trafegam no sentido Centro\/bairro sofrer\u00e3o altera\u00e7\u00f5es operacionais tempor\u00e1rias, de acordo com o porte dos ve\u00edculos, para garantir a continuidade do atendimento e a seguran\u00e7a vi\u00e1ria na regi\u00e3o.<\/p>\n\n\n\n<p>Os \u00f4nibus articulados, que realizam atendimento no Terminal de Integra\u00e7\u00e3o da Constantino Nery, deixar\u00e3o de acessar temporariamente o terminal enquanto o servi\u00e7o estiver em execu\u00e7\u00e3o. Com isso, esses ve\u00edculos seguir\u00e3o pela rua Leonardo Malcher, acessar\u00e3o a rua Ferreira Pena, posteriormente a avenida Ayr\u00e3o, e ent\u00e3o retornar\u00e3o \u00e0 avenida Constantino Nery para continuidade do itiner\u00e1rio regular.<\/p>\n\n\n\n<p>J\u00e1 os demais \u00f4nibus do transporte coletivo realizar\u00e3o desvio operacional pela rua Japur\u00e1, seguindo pela rua Ferreira Pena, avenida Ayr\u00e3o e, em seguida, retornando \u00e0 avenida Constantino Nery para continuidade do percurso regular.<\/p>\n\n\n\n<p>Para garantir a organiza\u00e7\u00e3o e a seguran\u00e7a no local, o IMMU mobilizar\u00e1 equipes de fiscaliza\u00e7\u00e3o e agentes de tr\u00e2nsito para atuar na \u00e1rea durante toda a interven\u00e7\u00e3o.&nbsp;<\/p>\n\n\n\n<p>J\u00e1 os agentes de tr\u00e2nsito estar\u00e3o distribu\u00eddos no entorno da interven\u00e7\u00e3o para coordenar o fluxo de ve\u00edculos, orientar condutores e assegurar a fluidez vi\u00e1ria durante os desvios necess\u00e1rios em raz\u00e3o da obra.<\/p>\n\n\n\n<p>O IMMU orienta os usu\u00e1rios do transporte coletivo e os condutores que circulam pela regi\u00e3o a redobrarem a aten\u00e7\u00e3o \u00e0 sinaliza\u00e7\u00e3o implantada no local e a seguirem as orienta\u00e7\u00f5es dos agentes e fiscais durante o per\u00edodo de execu\u00e7\u00e3o do servi\u00e7o emergencial.<\/p>\n\n\n\n<p>A prefeitura refor\u00e7a que a medida \u00e9 tempor\u00e1ria e necess\u00e1ria para garantir a seguran\u00e7a vi\u00e1ria, a execu\u00e7\u00e3o dos servi\u00e7os de manuten\u00e7\u00e3o e a continuidade da opera\u00e7\u00e3o do transporte coletivo com o menor impacto poss\u00edvel \u00e0 popula\u00e7\u00e3o.<\/p>\n\n\n\n<p>&#8212; &#8212; &#8212;<\/p>\n\n\n\n<p><strong>Texto<\/strong> \u2013 Divulga\u00e7\u00e3o\/Seminf e Divulga\u00e7\u00e3o\/IMMU<\/p>\n","protected":false},"excerpt":{"rendered":"","protected":false},"author":23,"featured_media":5339,"comment_status":"closed","ping_status":"closed","sticky":false,"template":"","format":"standard","meta":{"footnotes":""},"categories":[101],"tags":[3374,380,39,43,3375,26],"acf":[],"yoast_head":"<!-- This site is optimized with the Yoast SEO plugin v23.0 - https:\/\/yoast.com\/wordpress\/plugins\/seo\/ -->\n<title>Nota - SEMINF<\/title>\n<meta name=\"description\" content=\"A Prefeitura de Manaus, por meio da Secretaria Municipal de Infraestrutura (Seminf), informa que vistoria t\u00e9cnica realizada na manh\u00e3 desta quarta-feira, 29\/4, constatou que o afundamento da pista na avenida Constantino Nery foi causado pelo desgaste na tubula\u00e7\u00e3o da rede de esgoto, de responsabilidade da concession\u00e1ria \u00c1guas de Manaus.\" \/>\n<meta name=\"robots\" content=\"index, follow, max-snippet:-1, max-image-preview:large, max-video-preview:-1\" \/>\n<link rel=\"canonical\" href=\"https:\/\/www.manaus.am.gov.br\/seminf\/prefeitura-seminf-immu-constantinonery\/\" \/>\n<meta property=\"og:locale\" content=\"pt_BR\" \/>\n<meta property=\"og:type\" content=\"article\" \/>\n<meta property=\"og:title\" content=\"Nota - SEMINF\" \/>\n<meta property=\"og:description\" content=\"A Prefeitura de Manaus, por meio da Secretaria Municipal de Infraestrutura (Seminf), informa que vistoria t\u00e9cnica realizada na manh\u00e3 desta quarta-feira, 29\/4, constatou que o afundamento da pista na avenida Constantino Nery foi causado pelo desgaste na tubula\u00e7\u00e3o da rede de esgoto, de responsabilidade da concession\u00e1ria \u00c1guas de Manaus.\" \/>\n<meta property=\"og:url\" content=\"https:\/\/www.manaus.am.gov.br\/seminf\/prefeitura-seminf-immu-constantinonery\/\" \/>\n<meta property=\"og:site_name\" content=\"SEMINF\" \/>\n<meta property=\"article:published_time\" content=\"2026-04-29T14:30:27+00:00\" \/>\n<meta property=\"article:modified_time\" content=\"2026-04-29T16:42:39+00:00\" \/>\n<meta property=\"og:image\" content=\"https:\/\/www.manaus.am.gov.br\/seminf\/wp-content\/uploads\/sites\/6\/2025\/05\/BANNER-NOTA.png\" \/>\n\t<meta property=\"og:image:width\" content=\"900\" \/>\n\t<meta property=\"og:image:height\" content=\"509\" \/>\n\t<meta property=\"og:image:type\" content=\"image\/png\" \/>\n<meta name=\"author\" content=\"Adriana Costa\" \/>\n<meta name=\"twitter:card\" content=\"summary_large_image\" \/>\n<meta name=\"twitter:label1\" content=\"Written by\" \/>\n\t<meta name=\"twitter:data1\" content=\"Adriana Costa\" \/>\n\t<meta name=\"twitter:label2\" content=\"Est. reading time\" \/>\n\t<meta name=\"twitter:data2\" content=\"3 minutos\" \/>\n<script type=\"application\/ld+json\" class=\"yoast-schema-graph\">{\"@context\":\"https:\/\/schema.org\",\"@graph\":[{\"@type\":\"WebPage\",\"@id\":\"https:\/\/www.manaus.am.gov.br\/seminf\/prefeitura-seminf-immu-constantinonery\/\",\"url\":\"https:\/\/www.manaus.am.gov.br\/seminf\/prefeitura-seminf-immu-constantinonery\/\",\"name\":\"Nota - SEMINF\",\"isPartOf\":{\"@id\":\"https:\/\/www.manaus.am.gov.br\/seminf\/#website\"},\"primaryImageOfPage\":{\"@id\":\"https:\/\/www.manaus.am.gov.br\/seminf\/prefeitura-seminf-immu-constantinonery\/#primaryimage\"},\"image\":{\"@id\":\"https:\/\/www.manaus.am.gov.br\/seminf\/prefeitura-seminf-immu-constantinonery\/#primaryimage\"},\"thumbnailUrl\":\"https:\/\/www.manaus.am.gov.br\/seminf\/wp-content\/uploads\/sites\/6\/2025\/05\/BANNER-NOTA.png\",\"datePublished\":\"2026-04-29T14:30:27+00:00\",\"dateModified\":\"2026-04-29T16:42:39+00:00\",\"author\":{\"@id\":\"https:\/\/www.manaus.am.gov.br\/seminf\/#\/schema\/person\/4e49f4e267757a06ca072ec61b2b9968\"},\"description\":\"A Prefeitura de Manaus, por meio da Secretaria Municipal de Infraestrutura (Seminf), informa que vistoria t\u00e9cnica realizada na manh\u00e3 desta quarta-feira, 29\/4, constatou que o afundamento da pista na avenida Constantino Nery foi causado pelo desgaste na tubula\u00e7\u00e3o da rede de esgoto, de responsabilidade da concession\u00e1ria \u00c1guas de Manaus.\",\"inLanguage\":\"pt-BR\",\"potentialAction\":[{\"@type\":\"ReadAction\",\"target\":[\"https:\/\/www.manaus.am.gov.br\/seminf\/prefeitura-seminf-immu-constantinonery\/\"]}]},{\"@type\":\"ImageObject\",\"inLanguage\":\"pt-BR\",\"@id\":\"https:\/\/www.manaus.am.gov.br\/seminf\/prefeitura-seminf-immu-constantinonery\/#primaryimage\",\"url\":\"https:\/\/www.manaus.am.gov.br\/seminf\/wp-content\/uploads\/sites\/6\/2025\/05\/BANNER-NOTA.png\",\"contentUrl\":\"https:\/\/www.manaus.am.gov.br\/seminf\/wp-content\/uploads\/sites\/6\/2025\/05\/BANNER-NOTA.png\",\"width\":900,\"height\":509},{\"@type\":\"WebSite\",\"@id\":\"https:\/\/www.manaus.am.gov.br\/seminf\/#website\",\"url\":\"https:\/\/www.manaus.am.gov.br\/seminf\/\",\"name\":\"Secretaria de Infraestrutura\",\"description\":\"Secretaria Municipal de Infraestrutura\",\"potentialAction\":[{\"@type\":\"SearchAction\",\"target\":{\"@type\":\"EntryPoint\",\"urlTemplate\":\"https:\/\/www.manaus.am.gov.br\/seminf\/?s={search_term_string}\"},\"query-input\":\"required name=search_term_string\"}],\"inLanguage\":\"pt-BR\"},{\"@type\":\"Person\",\"@id\":\"https:\/\/www.manaus.am.gov.br\/seminf\/#\/schema\/person\/4e49f4e267757a06ca072ec61b2b9968\",\"name\":\"Adriana Costa\",\"image\":{\"@type\":\"ImageObject\",\"inLanguage\":\"pt-BR\",\"@id\":\"https:\/\/www.manaus.am.gov.br\/seminf\/#\/schema\/person\/image\/\",\"url\":\"https:\/\/secure.gravatar.com\/avatar\/576258617ef7194f718179e766d57bd4?s=96&d=mm&r=g\",\"contentUrl\":\"https:\/\/secure.gravatar.com\/avatar\/576258617ef7194f718179e766d57bd4?s=96&d=mm&r=g\",\"caption\":\"Adriana Costa\"}}]}<\/script>\n<!-- \/ Yoast SEO plugin. -->","yoast_head_json":{"title":"Nota - SEMINF","description":"A Prefeitura de Manaus, por meio da Secretaria Municipal de Infraestrutura (Seminf), informa que vistoria t\u00e9cnica realizada na manh\u00e3 desta quarta-feira, 29\/4, constatou que o afundamento da pista na avenida Constantino Nery foi causado pelo desgaste na tubula\u00e7\u00e3o da rede de esgoto, de responsabilidade da concession\u00e1ria \u00c1guas de Manaus.","robots":{"index":"index","follow":"follow","max-snippet":"max-snippet:-1","max-image-preview":"max-image-preview:large","max-video-preview":"max-video-preview:-1"},"canonical":"https:\/\/www.manaus.am.gov.br\/seminf\/prefeitura-seminf-immu-constantinonery\/","og_locale":"pt_BR","og_type":"article","og_title":"Nota - SEMINF","og_description":"A Prefeitura de Manaus, por meio da Secretaria Municipal de Infraestrutura (Seminf), informa que vistoria t\u00e9cnica realizada na manh\u00e3 desta quarta-feira, 29\/4, constatou que o afundamento da pista na avenida Constantino Nery foi causado pelo desgaste na tubula\u00e7\u00e3o da rede de esgoto, de responsabilidade da concession\u00e1ria \u00c1guas de Manaus.","og_url":"https:\/\/www.manaus.am.gov.br\/seminf\/prefeitura-seminf-immu-constantinonery\/","og_site_name":"SEMINF","article_published_time":"2026-04-29T14:30:27+00:00","article_modified_time":"2026-04-29T16:42:39+00:00","og_image":[{"width":900,"height":509,"url":"https:\/\/www.manaus.am.gov.br\/seminf\/wp-content\/uploads\/sites\/6\/2025\/05\/BANNER-NOTA.png","type":"image\/png"}],"author":"Adriana Costa","twitter_card":"summary_large_image","twitter_misc":{"Written by":"Adriana Costa","Est. reading time":"3 minutos"},"schema":{"@context":"https:\/\/schema.org","@graph":[{"@type":"WebPage","@id":"https:\/\/www.manaus.am.gov.br\/seminf\/prefeitura-seminf-immu-constantinonery\/","url":"https:\/\/www.manaus.am.gov.br\/seminf\/prefeitura-seminf-immu-constantinonery\/","name":"Nota - SEMINF","isPartOf":{"@id":"https:\/\/www.manaus.am.gov.br\/seminf\/#website"},"primaryImageOfPage":{"@id":"https:\/\/www.manaus.am.gov.br\/seminf\/prefeitura-seminf-immu-constantinonery\/#primaryimage"},"image":{"@id":"https:\/\/www.manaus.am.gov.br\/seminf\/prefeitura-seminf-immu-constantinonery\/#primaryimage"},"thumbnailUrl":"https:\/\/www.manaus.am.gov.br\/seminf\/wp-content\/uploads\/sites\/6\/2025\/05\/BANNER-NOTA.png","datePublished":"2026-04-29T14:30:27+00:00","dateModified":"2026-04-29T16:42:39+00:00","author":{"@id":"https:\/\/www.manaus.am.gov.br\/seminf\/#\/schema\/person\/4e49f4e267757a06ca072ec61b2b9968"},"description":"A Prefeitura de Manaus, por meio da Secretaria Municipal de Infraestrutura (Seminf), informa que vistoria t\u00e9cnica realizada na manh\u00e3 desta quarta-feira, 29\/4, constatou que o afundamento da pista na avenida Constantino Nery foi causado pelo desgaste na tubula\u00e7\u00e3o da rede de esgoto, de responsabilidade da concession\u00e1ria \u00c1guas de Manaus.","inLanguage":"pt-BR","potentialAction":[{"@type":"ReadAction","target":["https:\/\/www.manaus.am.gov.br\/seminf\/prefeitura-seminf-immu-constantinonery\/"]}]},{"@type":"ImageObject","inLanguage":"pt-BR","@id":"https:\/\/www.manaus.am.gov.br\/seminf\/prefeitura-seminf-immu-constantinonery\/#primaryimage","url":"https:\/\/www.manaus.am.gov.br\/seminf\/wp-content\/uploads\/sites\/6\/2025\/05\/BANNER-NOTA.png","contentUrl":"https:\/\/www.manaus.am.gov.br\/seminf\/wp-content\/uploads\/sites\/6\/2025\/05\/BANNER-NOTA.png","width":900,"height":509},{"@type":"WebSite","@id":"https:\/\/www.manaus.am.gov.br\/seminf\/#website","url":"https:\/\/www.manaus.am.gov.br\/seminf\/","name":"Secretaria de Infraestrutura","description":"Secretaria Municipal de Infraestrutura","potentialAction":[{"@type":"SearchAction","target":{"@type":"EntryPoint","urlTemplate":"https:\/\/www.manaus.am.gov.br\/seminf\/?s={search_term_string}"},"query-input":"required name=search_term_string"}],"inLanguage":"pt-BR"},{"@type":"Person","@id":"https:\/\/www.manaus.am.gov.br\/seminf\/#\/schema\/person\/4e49f4e267757a06ca072ec61b2b9968","name":"Adriana Costa","image":{"@type":"ImageObject","inLanguage":"pt-BR","@id":"https:\/\/www.manaus.am.gov.br\/seminf\/#\/schema\/person\/image\/","url":"https:\/\/secure.gravatar.com\/avatar\/576258617ef7194f718179e766d57bd4?s=96&d=mm&r=g","contentUrl":"https:\/\/secure.gravatar.com\/avatar\/576258617ef7194f718179e766d57bd4?s=96&d=mm&r=g","caption":"Adriana Costa"}}]}},"_links":{"self":[{"href":"https:\/\/www.manaus.am.gov.br\/seminf\/wp-json\/wp\/v2\/posts\/9672"}],"collection":[{"href":"https:\/\/www.manaus.am.gov.br\/seminf\/wp-json\/wp\/v2\/posts"}],"about":[{"href":"https:\/\/www.manaus.am.gov.br\/seminf\/wp-json\/wp\/v2\/types\/post"}],"author":[{"embeddable":true,"href":"https:\/\/www.manaus.am.gov.br\/seminf\/wp-json\/wp\/v2\/users\/23"}],"replies":[{"embeddable":true,"href":"https:\/\/www.manaus.am.gov.br\/seminf\/wp-json\/wp\/v2\/comments?post=9672"}],"version-history":[{"count":1,"href":"https:\/\/www.manaus.am.gov.br\/seminf\/wp-json\/wp\/v2\/posts\/9672\/revisions"}],"predecessor-version":[{"id":9673,"href":"https:\/\/www.manaus.am.gov.br\/seminf\/wp-json\/wp\/v2\/posts\/9672\/revisions\/9673"}],"wp:featuredmedia":[{"embeddable":true,"href":"https:\/\/www.manaus.am.gov.br\/seminf\/wp-json\/wp\/v2\/media\/5339"}],"wp:attachment":[{"href":"https:\/\/www.manaus.am.gov.br\/seminf\/wp-json\/wp\/v2\/media?parent=9672"}],"wp:term":[{"taxonomy":"category","embeddable":true,"href":"https:\/\/www.manaus.am.gov.br\/seminf\/wp-json\/wp\/v2\/categories?post=9672"},{"taxonomy":"post_tag","embeddable":true,"href":"https:\/\/www.manaus.am.gov.br\/seminf\/wp-json\/wp\/v2\/tags?post=9672"}],"curies":[{"name":"wp","href":"https:\/\/api.w.org\/{rel}","templated":true}]}}