{"id":9669,"date":"2026-04-28T15:38:18","date_gmt":"2026-04-28T19:38:18","guid":{"rendered":"https:\/\/www.manaus.am.gov.br\/seminf\/recuperacao-asfaltica-zona-leste\/"},"modified":"2026-04-28T16:06:06","modified_gmt":"2026-04-28T20:06:06","slug":"recuperacao-asfaltica-zona-leste","status":"publish","type":"post","link":"https:\/\/www.manaus.am.gov.br\/seminf\/recuperacao-asfaltica-zona-leste\/","title":{"rendered":"Prefeitura de Manaus intensifica recupera\u00e7\u00e3o asf\u00e1ltica na zona Leste e leva melhorias ao bairro S\u00e3o Jos\u00e9"},"content":{"rendered":"\n<p>A <a href=\"https:\/\/www.manaus.am.gov.br\/\">Prefeitura de Manaus<\/a>, por meio da <a href=\"https:\/\/www.instagram.com\/seminf.manaus\/\">Secretaria Municipal de Infraestrutura<\/a> (Seminf), avan\u00e7ou, nesta ter\u00e7a-feira, 28\/4, com mais uma frente de obras na zona Leste da capital. Desta vez, os servi\u00e7os de recupera\u00e7\u00e3o asf\u00e1ltica chegaram \u00e0 rua A, no bairro S\u00e3o Jos\u00e9 Oper\u00e1rio, garantindo melhores condi\u00e7\u00f5es de tr\u00e1fego e mobilidade para moradores e condutores.<\/p>\n\n\n\n<p>A a\u00e7\u00e3o integra o cronograma permanente de recupera\u00e7\u00e3o asf\u00e1ltica da cidade, que atua de forma estrat\u00e9gica nas \u00e1reas com maior fluxo e necessidade de interven\u00e7\u00e3o, especialmente em regi\u00f5es populosas como a zona Leste.<\/p>\n\n\n\n<p>O secret\u00e1rio municipal de Infraestrutura, Madson Rodrigues, refor\u00e7ou o compromisso da gest\u00e3o municipal com a melhoria cont\u00ednua da cidade e destacou a aten\u00e7\u00e3o especial dedicada \u00e0 regi\u00e3o.<\/p>\n\n\n\n<p>\u201cA zona Leste tem um papel fundamental na din\u00e2mica da cidade, e nosso trabalho \u00e9 estar presente, ouvindo as demandas e entregando solu\u00e7\u00f5es. Cada rua recuperada representa mais seguran\u00e7a, mais mobilidade e mais respeito com quem vive aqui. Seguimos firmes, com planejamento e responsabilidade, acompanhando de perto o crescimento da cidade e garantindo melhorias reais para a popula\u00e7\u00e3o\u201d, afirmou o secret\u00e1rio Madson Rodrigues.<\/p>\n\n\n\n<p>Os servi\u00e7os executados na via incluem limpeza, prepara\u00e7\u00e3o do solo e aplica\u00e7\u00e3o de nova massa asf\u00e1ltica, corrigindo desgastes e eliminando irregularidades que comprometiam a trafegabilidade.<\/p>\n\n\n\n<p>A Prefeitura de Manaus segue avan\u00e7ando com obras de infraestrutura em todas as zonas da cidade, promovendo mais seguran\u00e7a vi\u00e1ria, fluidez no tr\u00e2nsito e qualidade de vida para os manauaras.<\/p>\n\n\n\n<p>\u2014- \u2014- \u2014-<br><strong>Texto &#8211;<\/strong> Rayana Coutinho \/ Seminf<br><strong>Fotos<\/strong> &#8211; Divulga\u00e7\u00e3o \/ Seminf<\/p>\n","protected":false},"excerpt":{"rendered":"","protected":false},"author":68,"featured_media":9670,"comment_status":"closed","ping_status":"closed","sticky":false,"template":"","format":"standard","meta":{"footnotes":""},"categories":[3],"tags":[3372,43,3373,26,231],"acf":[],"yoast_head":"<!-- This site is optimized with the Yoast SEO plugin v23.0 - https:\/\/yoast.com\/wordpress\/plugins\/seo\/ -->\n<title>Prefeitura intensifica recupera\u00e7\u00e3o asf\u00e1ltica na zona Leste<\/title>\n<meta name=\"description\" content=\"A Prefeitura de Manaus avan\u00e7ou, nesta ter\u00e7a-feira, 28\/4, com mais uma frente de obras na zona Leste da capital.\" \/>\n<meta name=\"robots\" content=\"index, follow, max-snippet:-1, max-image-preview:large, max-video-preview:-1\" \/>\n<link rel=\"canonical\" href=\"https:\/\/www.manaus.am.gov.br\/seminf\/recuperacao-asfaltica-zona-leste\/\" \/>\n<meta property=\"og:locale\" content=\"pt_BR\" \/>\n<meta property=\"og:type\" content=\"article\" \/>\n<meta property=\"og:title\" content=\"Prefeitura intensifica recupera\u00e7\u00e3o asf\u00e1ltica na zona Leste\" \/>\n<meta property=\"og:description\" content=\"A Prefeitura de Manaus avan\u00e7ou, nesta ter\u00e7a-feira, 28\/4, com mais uma frente de obras na zona Leste da capital.\" \/>\n<meta property=\"og:url\" content=\"https:\/\/www.manaus.am.gov.br\/seminf\/recuperacao-asfaltica-zona-leste\/\" \/>\n<meta property=\"og:site_name\" content=\"SEMINF\" \/>\n<meta property=\"article:published_time\" content=\"2026-04-28T19:38:18+00:00\" \/>\n<meta property=\"article:modified_time\" content=\"2026-04-28T20:06:06+00:00\" \/>\n<meta property=\"og:image\" content=\"https:\/\/www.manaus.am.gov.br\/seminf\/wp-content\/uploads\/sites\/6\/2026\/04\/Prefeitura-de-Manaus-intensifica-recuperacao-asfaltica-na-zona-Leste-e-leva-melhorias-ao-bairro-Sao-Jose.jpg\" \/>\n\t<meta property=\"og:image:width\" content=\"1600\" \/>\n\t<meta property=\"og:image:height\" content=\"900\" \/>\n\t<meta property=\"og:image:type\" content=\"image\/jpeg\" \/>\n<meta name=\"author\" content=\"bvalente\" \/>\n<meta name=\"twitter:card\" content=\"summary_large_image\" \/>\n<meta name=\"twitter:label1\" content=\"Written by\" \/>\n\t<meta name=\"twitter:data1\" content=\"bvalente\" \/>\n\t<meta name=\"twitter:label2\" content=\"Est. reading time\" \/>\n\t<meta name=\"twitter:data2\" content=\"2 minutos\" \/>\n<script type=\"application\/ld+json\" class=\"yoast-schema-graph\">{\"@context\":\"https:\/\/schema.org\",\"@graph\":[{\"@type\":\"WebPage\",\"@id\":\"https:\/\/www.manaus.am.gov.br\/seminf\/recuperacao-asfaltica-zona-leste\/\",\"url\":\"https:\/\/www.manaus.am.gov.br\/seminf\/recuperacao-asfaltica-zona-leste\/\",\"name\":\"Prefeitura intensifica recupera\u00e7\u00e3o asf\u00e1ltica na zona Leste\",\"isPartOf\":{\"@id\":\"https:\/\/www.manaus.am.gov.br\/seminf\/#website\"},\"primaryImageOfPage\":{\"@id\":\"https:\/\/www.manaus.am.gov.br\/seminf\/recuperacao-asfaltica-zona-leste\/#primaryimage\"},\"image\":{\"@id\":\"https:\/\/www.manaus.am.gov.br\/seminf\/recuperacao-asfaltica-zona-leste\/#primaryimage\"},\"thumbnailUrl\":\"https:\/\/www.manaus.am.gov.br\/seminf\/wp-content\/uploads\/sites\/6\/2026\/04\/Prefeitura-de-Manaus-intensifica-recuperacao-asfaltica-na-zona-Leste-e-leva-melhorias-ao-bairro-Sao-Jose.jpg\",\"datePublished\":\"2026-04-28T19:38:18+00:00\",\"dateModified\":\"2026-04-28T20:06:06+00:00\",\"author\":{\"@id\":\"https:\/\/www.manaus.am.gov.br\/seminf\/#\/schema\/person\/466a0e03ae4b6062809046bd560ac955\"},\"description\":\"A Prefeitura de Manaus avan\u00e7ou, nesta ter\u00e7a-feira, 28\/4, com mais uma frente de obras na zona Leste da capital.\",\"inLanguage\":\"pt-BR\",\"potentialAction\":[{\"@type\":\"ReadAction\",\"target\":[\"https:\/\/www.manaus.am.gov.br\/seminf\/recuperacao-asfaltica-zona-leste\/\"]}]},{\"@type\":\"ImageObject\",\"inLanguage\":\"pt-BR\",\"@id\":\"https:\/\/www.manaus.am.gov.br\/seminf\/recuperacao-asfaltica-zona-leste\/#primaryimage\",\"url\":\"https:\/\/www.manaus.am.gov.br\/seminf\/wp-content\/uploads\/sites\/6\/2026\/04\/Prefeitura-de-Manaus-intensifica-recuperacao-asfaltica-na-zona-Leste-e-leva-melhorias-ao-bairro-Sao-Jose.jpg\",\"contentUrl\":\"https:\/\/www.manaus.am.gov.br\/seminf\/wp-content\/uploads\/sites\/6\/2026\/04\/Prefeitura-de-Manaus-intensifica-recuperacao-asfaltica-na-zona-Leste-e-leva-melhorias-ao-bairro-Sao-Jose.jpg\",\"width\":1600,\"height\":900,\"caption\":\"#paratodosverem - Equipe da Seminf aplicando novo asfalto em via\"},{\"@type\":\"WebSite\",\"@id\":\"https:\/\/www.manaus.am.gov.br\/seminf\/#website\",\"url\":\"https:\/\/www.manaus.am.gov.br\/seminf\/\",\"name\":\"Secretaria de Infraestrutura\",\"description\":\"Secretaria Municipal de Infraestrutura\",\"potentialAction\":[{\"@type\":\"SearchAction\",\"target\":{\"@type\":\"EntryPoint\",\"urlTemplate\":\"https:\/\/www.manaus.am.gov.br\/seminf\/?s={search_term_string}\"},\"query-input\":\"required name=search_term_string\"}],\"inLanguage\":\"pt-BR\"},{\"@type\":\"Person\",\"@id\":\"https:\/\/www.manaus.am.gov.br\/seminf\/#\/schema\/person\/466a0e03ae4b6062809046bd560ac955\",\"name\":\"bvalente\",\"image\":{\"@type\":\"ImageObject\",\"inLanguage\":\"pt-BR\",\"@id\":\"https:\/\/www.manaus.am.gov.br\/seminf\/#\/schema\/person\/image\/\",\"url\":\"https:\/\/secure.gravatar.com\/avatar\/3e69bc2b014bdad41adfec3a39de07d2?s=96&d=mm&r=g\",\"contentUrl\":\"https:\/\/secure.gravatar.com\/avatar\/3e69bc2b014bdad41adfec3a39de07d2?s=96&d=mm&r=g\",\"caption\":\"bvalente\"}}]}<\/script>\n<!-- \/ Yoast SEO plugin. -->","yoast_head_json":{"title":"Prefeitura intensifica recupera\u00e7\u00e3o asf\u00e1ltica na zona Leste","description":"A Prefeitura de Manaus avan\u00e7ou, nesta ter\u00e7a-feira, 28\/4, com mais uma frente de obras na zona Leste da capital.","robots":{"index":"index","follow":"follow","max-snippet":"max-snippet:-1","max-image-preview":"max-image-preview:large","max-video-preview":"max-video-preview:-1"},"canonical":"https:\/\/www.manaus.am.gov.br\/seminf\/recuperacao-asfaltica-zona-leste\/","og_locale":"pt_BR","og_type":"article","og_title":"Prefeitura intensifica recupera\u00e7\u00e3o asf\u00e1ltica na zona Leste","og_description":"A Prefeitura de Manaus avan\u00e7ou, nesta ter\u00e7a-feira, 28\/4, com mais uma frente de obras na zona Leste da capital.","og_url":"https:\/\/www.manaus.am.gov.br\/seminf\/recuperacao-asfaltica-zona-leste\/","og_site_name":"SEMINF","article_published_time":"2026-04-28T19:38:18+00:00","article_modified_time":"2026-04-28T20:06:06+00:00","og_image":[{"width":1600,"height":900,"url":"https:\/\/www.manaus.am.gov.br\/seminf\/wp-content\/uploads\/sites\/6\/2026\/04\/Prefeitura-de-Manaus-intensifica-recuperacao-asfaltica-na-zona-Leste-e-leva-melhorias-ao-bairro-Sao-Jose.jpg","type":"image\/jpeg"}],"author":"bvalente","twitter_card":"summary_large_image","twitter_misc":{"Written by":"bvalente","Est. reading time":"2 minutos"},"schema":{"@context":"https:\/\/schema.org","@graph":[{"@type":"WebPage","@id":"https:\/\/www.manaus.am.gov.br\/seminf\/recuperacao-asfaltica-zona-leste\/","url":"https:\/\/www.manaus.am.gov.br\/seminf\/recuperacao-asfaltica-zona-leste\/","name":"Prefeitura intensifica recupera\u00e7\u00e3o asf\u00e1ltica na zona Leste","isPartOf":{"@id":"https:\/\/www.manaus.am.gov.br\/seminf\/#website"},"primaryImageOfPage":{"@id":"https:\/\/www.manaus.am.gov.br\/seminf\/recuperacao-asfaltica-zona-leste\/#primaryimage"},"image":{"@id":"https:\/\/www.manaus.am.gov.br\/seminf\/recuperacao-asfaltica-zona-leste\/#primaryimage"},"thumbnailUrl":"https:\/\/www.manaus.am.gov.br\/seminf\/wp-content\/uploads\/sites\/6\/2026\/04\/Prefeitura-de-Manaus-intensifica-recuperacao-asfaltica-na-zona-Leste-e-leva-melhorias-ao-bairro-Sao-Jose.jpg","datePublished":"2026-04-28T19:38:18+00:00","dateModified":"2026-04-28T20:06:06+00:00","author":{"@id":"https:\/\/www.manaus.am.gov.br\/seminf\/#\/schema\/person\/466a0e03ae4b6062809046bd560ac955"},"description":"A Prefeitura de Manaus avan\u00e7ou, nesta ter\u00e7a-feira, 28\/4, com mais uma frente de obras na zona Leste da capital.","inLanguage":"pt-BR","potentialAction":[{"@type":"ReadAction","target":["https:\/\/www.manaus.am.gov.br\/seminf\/recuperacao-asfaltica-zona-leste\/"]}]},{"@type":"ImageObject","inLanguage":"pt-BR","@id":"https:\/\/www.manaus.am.gov.br\/seminf\/recuperacao-asfaltica-zona-leste\/#primaryimage","url":"https:\/\/www.manaus.am.gov.br\/seminf\/wp-content\/uploads\/sites\/6\/2026\/04\/Prefeitura-de-Manaus-intensifica-recuperacao-asfaltica-na-zona-Leste-e-leva-melhorias-ao-bairro-Sao-Jose.jpg","contentUrl":"https:\/\/www.manaus.am.gov.br\/seminf\/wp-content\/uploads\/sites\/6\/2026\/04\/Prefeitura-de-Manaus-intensifica-recuperacao-asfaltica-na-zona-Leste-e-leva-melhorias-ao-bairro-Sao-Jose.jpg","width":1600,"height":900,"caption":"#paratodosverem - Equipe da Seminf aplicando novo asfalto em via"},{"@type":"WebSite","@id":"https:\/\/www.manaus.am.gov.br\/seminf\/#website","url":"https:\/\/www.manaus.am.gov.br\/seminf\/","name":"Secretaria de Infraestrutura","description":"Secretaria Municipal de Infraestrutura","potentialAction":[{"@type":"SearchAction","target":{"@type":"EntryPoint","urlTemplate":"https:\/\/www.manaus.am.gov.br\/seminf\/?s={search_term_string}"},"query-input":"required name=search_term_string"}],"inLanguage":"pt-BR"},{"@type":"Person","@id":"https:\/\/www.manaus.am.gov.br\/seminf\/#\/schema\/person\/466a0e03ae4b6062809046bd560ac955","name":"bvalente","image":{"@type":"ImageObject","inLanguage":"pt-BR","@id":"https:\/\/www.manaus.am.gov.br\/seminf\/#\/schema\/person\/image\/","url":"https:\/\/secure.gravatar.com\/avatar\/3e69bc2b014bdad41adfec3a39de07d2?s=96&d=mm&r=g","contentUrl":"https:\/\/secure.gravatar.com\/avatar\/3e69bc2b014bdad41adfec3a39de07d2?s=96&d=mm&r=g","caption":"bvalente"}}]}},"_links":{"self":[{"href":"https:\/\/www.manaus.am.gov.br\/seminf\/wp-json\/wp\/v2\/posts\/9669"}],"collection":[{"href":"https:\/\/www.manaus.am.gov.br\/seminf\/wp-json\/wp\/v2\/posts"}],"about":[{"href":"https:\/\/www.manaus.am.gov.br\/seminf\/wp-json\/wp\/v2\/types\/post"}],"author":[{"embeddable":true,"href":"https:\/\/www.manaus.am.gov.br\/seminf\/wp-json\/wp\/v2\/users\/68"}],"replies":[{"embeddable":true,"href":"https:\/\/www.manaus.am.gov.br\/seminf\/wp-json\/wp\/v2\/comments?post=9669"}],"version-history":[{"count":1,"href":"https:\/\/www.manaus.am.gov.br\/seminf\/wp-json\/wp\/v2\/posts\/9669\/revisions"}],"predecessor-version":[{"id":9671,"href":"https:\/\/www.manaus.am.gov.br\/seminf\/wp-json\/wp\/v2\/posts\/9669\/revisions\/9671"}],"wp:featuredmedia":[{"embeddable":true,"href":"https:\/\/www.manaus.am.gov.br\/seminf\/wp-json\/wp\/v2\/media\/9670"}],"wp:attachment":[{"href":"https:\/\/www.manaus.am.gov.br\/seminf\/wp-json\/wp\/v2\/media?parent=9669"}],"wp:term":[{"taxonomy":"category","embeddable":true,"href":"https:\/\/www.manaus.am.gov.br\/seminf\/wp-json\/wp\/v2\/categories?post=9669"},{"taxonomy":"post_tag","embeddable":true,"href":"https:\/\/www.manaus.am.gov.br\/seminf\/wp-json\/wp\/v2\/tags?post=9669"}],"curies":[{"name":"wp","href":"https:\/\/api.w.org\/{rel}","templated":true}]}}