{"id":9627,"date":"2026-04-25T18:53:35","date_gmt":"2026-04-25T22:53:35","guid":{"rendered":"https:\/\/www.manaus.am.gov.br\/seminf\/prefeitura-de-manaus-atua-em-plantao-e-avanca-com-obras-emergenciais-de-contencao-no-bairro-planalto\/"},"modified":"2026-04-25T18:53:37","modified_gmt":"2026-04-25T22:53:37","slug":"prefeitura-de-manaus-atua-em-plantao-e-avanca-com-obras-emergenciais-de-contencao-no-bairro-planalto","status":"publish","type":"post","link":"https:\/\/www.manaus.am.gov.br\/seminf\/prefeitura-de-manaus-atua-em-plantao-e-avanca-com-obras-emergenciais-de-contencao-no-bairro-planalto\/","title":{"rendered":"Prefeitura de Manaus atua em plant\u00e3o e avan\u00e7a com obras emergenciais de conten\u00e7\u00e3o no bairro Planalto"},"content":{"rendered":"\n<p>Em resposta r\u00e1pida \u00e0s demandas da popula\u00e7\u00e3o, a Prefeitura de Manaus, por meio da Secretaria Municipal de Infraestrutura (Seminf), mobilizou equipes em regime de plant\u00e3o neste s\u00e1bado, 25\/4, para executar obras emergenciais de conten\u00e7\u00e3o com rip-rap na rua Santiago e na avenida Dublin, no bairro Planalto, zona Centro-Oeste da capital.<\/p>\n\n\n\n<p>As interven\u00e7\u00f5es ocorrem em pontos cr\u00edticos e t\u00eam como foco devolver seguran\u00e7a, estabilidade do solo e garantir a trafegabilidade nas vias, impactadas por processos erosivos recentes.<\/p>\n\n\n\n<p>O secret\u00e1rio municipal de Infraestrutura, Madson Rodrigues, destacou que a atua\u00e7\u00e3o em campo segue uma determina\u00e7\u00e3o direta do prefeito Renato Junior, com foco em resposta imediata \u00e0 popula\u00e7\u00e3o.<\/p>\n\n\n\n<p>\u201cNosso compromisso \u00e9 estar presente onde a cidade mais precisa, inclusive nos fins de semana. O prefeito Renato Junior nos orienta a agir com agilidade, olhando para as pessoas e para os problemas reais da cidade. Aqui no Planalto, estamos trabalhando para devolver seguran\u00e7a \u00e0s fam\u00edlias, porque sabemos o quanto essas situa\u00e7\u00f5es afetam o dia a dia de quem vive nessas \u00e1reas\u201d, afirmou o secret\u00e1rio Madson Rodrigues.<\/p>\n\n\n\n<p>Na rua Santiago, as equipes iniciaram a conten\u00e7\u00e3o de um trecho da via que cedeu, agravado pelo descarte irregular de lixo. Ap\u00f3s a limpeza completa da \u00e1rea, foi iniciado o processo de estabiliza\u00e7\u00e3o com rip-rap, uma t\u00e9cnica que utiliza sacos de cimento e areia que, ao serem umedecidas, formam uma estrutura r\u00edgida de conten\u00e7\u00e3o. Na sequ\u00eancia, ser\u00e1 realizada a recupera\u00e7\u00e3o da rede de drenagem profunda e superficial, garantindo o escoamento adequado das \u00e1guas pluviais e prevenindo novos deslizamentos.<\/p>\n\n\n\n<p>A moradora Karol Felix, de 37 anos, destacou a import\u00e2ncia da interven\u00e7\u00e3o para a seguran\u00e7a da comunidade.<\/p>\n\n\n\n<p>\u201cIsso aqui j\u00e1 estava muito preocupante, a gente ficava com medo. Ver a equipe trabalhando traz al\u00edvio para a gente. \u00c9 o come\u00e7o de uma solu\u00e7\u00e3o que a gente esperava h\u00e1 muito tempo. S\u00f3 tenho a agradecer\u201d, disse a moradora.<\/p>\n\n\n\n<p>Simultaneamente, outra frente de obra atua na avenida Dublin, onde est\u00e1 sendo realizada a conten\u00e7\u00e3o de um talude com a mesma t\u00e9cnica de rip-rap. O servi\u00e7o inclui ainda a implanta\u00e7\u00e3o de cerca de 30 metros de meio-fio, sarjeta e cal\u00e7ada, garantindo n\u00e3o apenas a estabilidade da \u00e1rea, mas tamb\u00e9m a recupera\u00e7\u00e3o do passeio p\u00fablico.<\/p>\n\n\n\n<p>As equipes do plant\u00e3o da Seminf seguem atuando de forma ininterrupta, refor\u00e7ando o compromisso da Prefeitura de Manaus com respostas r\u00e1pidas e efetivas \u00e0s demandas emergenciais, promovendo mais seguran\u00e7a e qualidade de vida para a popula\u00e7\u00e3o.<\/p>\n\n\n\n<p>&#8212; &#8212; &#8212;<\/p>\n\n\n\n<p><strong>Texto &#8211;<\/strong> Eduarda Lira \/ Seminf<\/p>\n\n\n\n<p><strong>Fotos &#8211;<\/strong> Luiza Felipe \/ Seminf<\/p>\n","protected":false},"excerpt":{"rendered":"","protected":false},"author":57,"featured_media":9628,"comment_status":"closed","ping_status":"closed","sticky":false,"template":"","format":"standard","meta":{"footnotes":""},"categories":[3],"tags":[449,43,118,26],"acf":[],"yoast_head":"<!-- This site is optimized with the Yoast SEO plugin v23.0 - https:\/\/yoast.com\/wordpress\/plugins\/seo\/ -->\n<title>Prefeitura de Manaus atua em plant\u00e3o e avan\u00e7a com obras emergenciais de conten\u00e7\u00e3o no bairro Planalto - SEMINF<\/title>\n<meta name=\"robots\" content=\"index, follow, max-snippet:-1, max-image-preview:large, max-video-preview:-1\" \/>\n<link rel=\"canonical\" href=\"https:\/\/www.manaus.am.gov.br\/seminf\/prefeitura-de-manaus-atua-em-plantao-e-avanca-com-obras-emergenciais-de-contencao-no-bairro-planalto\/\" \/>\n<meta property=\"og:locale\" content=\"pt_BR\" \/>\n<meta property=\"og:type\" content=\"article\" \/>\n<meta property=\"og:title\" content=\"Prefeitura de Manaus atua em plant\u00e3o e avan\u00e7a com obras emergenciais de conten\u00e7\u00e3o no bairro Planalto - SEMINF\" \/>\n<meta property=\"og:url\" content=\"https:\/\/www.manaus.am.gov.br\/seminf\/prefeitura-de-manaus-atua-em-plantao-e-avanca-com-obras-emergenciais-de-contencao-no-bairro-planalto\/\" \/>\n<meta property=\"og:site_name\" content=\"SEMINF\" \/>\n<meta property=\"article:published_time\" content=\"2026-04-25T22:53:35+00:00\" \/>\n<meta property=\"article:modified_time\" content=\"2026-04-25T22:53:37+00:00\" \/>\n<meta property=\"og:image\" content=\"https:\/\/www.manaus.am.gov.br\/seminf\/wp-content\/uploads\/sites\/6\/2026\/04\/IMG_2365.jpg\" \/>\n\t<meta property=\"og:image:width\" content=\"1200\" \/>\n\t<meta property=\"og:image:height\" content=\"900\" \/>\n\t<meta property=\"og:image:type\" content=\"image\/jpeg\" \/>\n<meta name=\"author\" content=\"Thiago Fernando\" \/>\n<meta name=\"twitter:card\" content=\"summary_large_image\" \/>\n<meta name=\"twitter:label1\" content=\"Written by\" \/>\n\t<meta name=\"twitter:data1\" content=\"Thiago Fernando\" \/>\n\t<meta name=\"twitter:label2\" content=\"Est. reading time\" \/>\n\t<meta name=\"twitter:data2\" content=\"3 minutos\" \/>\n<script type=\"application\/ld+json\" class=\"yoast-schema-graph\">{\"@context\":\"https:\/\/schema.org\",\"@graph\":[{\"@type\":\"WebPage\",\"@id\":\"https:\/\/www.manaus.am.gov.br\/seminf\/prefeitura-de-manaus-atua-em-plantao-e-avanca-com-obras-emergenciais-de-contencao-no-bairro-planalto\/\",\"url\":\"https:\/\/www.manaus.am.gov.br\/seminf\/prefeitura-de-manaus-atua-em-plantao-e-avanca-com-obras-emergenciais-de-contencao-no-bairro-planalto\/\",\"name\":\"Prefeitura de Manaus atua em plant\u00e3o e avan\u00e7a com obras emergenciais de conten\u00e7\u00e3o no bairro Planalto - SEMINF\",\"isPartOf\":{\"@id\":\"https:\/\/www.manaus.am.gov.br\/seminf\/#website\"},\"primaryImageOfPage\":{\"@id\":\"https:\/\/www.manaus.am.gov.br\/seminf\/prefeitura-de-manaus-atua-em-plantao-e-avanca-com-obras-emergenciais-de-contencao-no-bairro-planalto\/#primaryimage\"},\"image\":{\"@id\":\"https:\/\/www.manaus.am.gov.br\/seminf\/prefeitura-de-manaus-atua-em-plantao-e-avanca-com-obras-emergenciais-de-contencao-no-bairro-planalto\/#primaryimage\"},\"thumbnailUrl\":\"https:\/\/www.manaus.am.gov.br\/seminf\/wp-content\/uploads\/sites\/6\/2026\/04\/IMG_2365.jpg\",\"datePublished\":\"2026-04-25T22:53:35+00:00\",\"dateModified\":\"2026-04-25T22:53:37+00:00\",\"author\":{\"@id\":\"https:\/\/www.manaus.am.gov.br\/seminf\/#\/schema\/person\/a5ee5376db6e21af026374b369f30882\"},\"inLanguage\":\"pt-BR\",\"potentialAction\":[{\"@type\":\"ReadAction\",\"target\":[\"https:\/\/www.manaus.am.gov.br\/seminf\/prefeitura-de-manaus-atua-em-plantao-e-avanca-com-obras-emergenciais-de-contencao-no-bairro-planalto\/\"]}]},{\"@type\":\"ImageObject\",\"inLanguage\":\"pt-BR\",\"@id\":\"https:\/\/www.manaus.am.gov.br\/seminf\/prefeitura-de-manaus-atua-em-plantao-e-avanca-com-obras-emergenciais-de-contencao-no-bairro-planalto\/#primaryimage\",\"url\":\"https:\/\/www.manaus.am.gov.br\/seminf\/wp-content\/uploads\/sites\/6\/2026\/04\/IMG_2365.jpg\",\"contentUrl\":\"https:\/\/www.manaus.am.gov.br\/seminf\/wp-content\/uploads\/sites\/6\/2026\/04\/IMG_2365.jpg\",\"width\":1200,\"height\":900},{\"@type\":\"WebSite\",\"@id\":\"https:\/\/www.manaus.am.gov.br\/seminf\/#website\",\"url\":\"https:\/\/www.manaus.am.gov.br\/seminf\/\",\"name\":\"Secretaria de Infraestrutura\",\"description\":\"Secretaria Municipal de Infraestrutura\",\"potentialAction\":[{\"@type\":\"SearchAction\",\"target\":{\"@type\":\"EntryPoint\",\"urlTemplate\":\"https:\/\/www.manaus.am.gov.br\/seminf\/?s={search_term_string}\"},\"query-input\":\"required name=search_term_string\"}],\"inLanguage\":\"pt-BR\"},{\"@type\":\"Person\",\"@id\":\"https:\/\/www.manaus.am.gov.br\/seminf\/#\/schema\/person\/a5ee5376db6e21af026374b369f30882\",\"name\":\"Thiago Fernando\",\"image\":{\"@type\":\"ImageObject\",\"inLanguage\":\"pt-BR\",\"@id\":\"https:\/\/www.manaus.am.gov.br\/seminf\/#\/schema\/person\/image\/\",\"url\":\"https:\/\/secure.gravatar.com\/avatar\/f5aab8722444041451501c077052ac07?s=96&d=mm&r=g\",\"contentUrl\":\"https:\/\/secure.gravatar.com\/avatar\/f5aab8722444041451501c077052ac07?s=96&d=mm&r=g\",\"caption\":\"Thiago Fernando\"}}]}<\/script>\n<!-- \/ Yoast SEO plugin. -->","yoast_head_json":{"title":"Prefeitura de Manaus atua em plant\u00e3o e avan\u00e7a com obras emergenciais de conten\u00e7\u00e3o no bairro Planalto - SEMINF","robots":{"index":"index","follow":"follow","max-snippet":"max-snippet:-1","max-image-preview":"max-image-preview:large","max-video-preview":"max-video-preview:-1"},"canonical":"https:\/\/www.manaus.am.gov.br\/seminf\/prefeitura-de-manaus-atua-em-plantao-e-avanca-com-obras-emergenciais-de-contencao-no-bairro-planalto\/","og_locale":"pt_BR","og_type":"article","og_title":"Prefeitura de Manaus atua em plant\u00e3o e avan\u00e7a com obras emergenciais de conten\u00e7\u00e3o no bairro Planalto - SEMINF","og_url":"https:\/\/www.manaus.am.gov.br\/seminf\/prefeitura-de-manaus-atua-em-plantao-e-avanca-com-obras-emergenciais-de-contencao-no-bairro-planalto\/","og_site_name":"SEMINF","article_published_time":"2026-04-25T22:53:35+00:00","article_modified_time":"2026-04-25T22:53:37+00:00","og_image":[{"width":1200,"height":900,"url":"https:\/\/www.manaus.am.gov.br\/seminf\/wp-content\/uploads\/sites\/6\/2026\/04\/IMG_2365.jpg","type":"image\/jpeg"}],"author":"Thiago Fernando","twitter_card":"summary_large_image","twitter_misc":{"Written by":"Thiago Fernando","Est. reading time":"3 minutos"},"schema":{"@context":"https:\/\/schema.org","@graph":[{"@type":"WebPage","@id":"https:\/\/www.manaus.am.gov.br\/seminf\/prefeitura-de-manaus-atua-em-plantao-e-avanca-com-obras-emergenciais-de-contencao-no-bairro-planalto\/","url":"https:\/\/www.manaus.am.gov.br\/seminf\/prefeitura-de-manaus-atua-em-plantao-e-avanca-com-obras-emergenciais-de-contencao-no-bairro-planalto\/","name":"Prefeitura de Manaus atua em plant\u00e3o e avan\u00e7a com obras emergenciais de conten\u00e7\u00e3o no bairro Planalto - SEMINF","isPartOf":{"@id":"https:\/\/www.manaus.am.gov.br\/seminf\/#website"},"primaryImageOfPage":{"@id":"https:\/\/www.manaus.am.gov.br\/seminf\/prefeitura-de-manaus-atua-em-plantao-e-avanca-com-obras-emergenciais-de-contencao-no-bairro-planalto\/#primaryimage"},"image":{"@id":"https:\/\/www.manaus.am.gov.br\/seminf\/prefeitura-de-manaus-atua-em-plantao-e-avanca-com-obras-emergenciais-de-contencao-no-bairro-planalto\/#primaryimage"},"thumbnailUrl":"https:\/\/www.manaus.am.gov.br\/seminf\/wp-content\/uploads\/sites\/6\/2026\/04\/IMG_2365.jpg","datePublished":"2026-04-25T22:53:35+00:00","dateModified":"2026-04-25T22:53:37+00:00","author":{"@id":"https:\/\/www.manaus.am.gov.br\/seminf\/#\/schema\/person\/a5ee5376db6e21af026374b369f30882"},"inLanguage":"pt-BR","potentialAction":[{"@type":"ReadAction","target":["https:\/\/www.manaus.am.gov.br\/seminf\/prefeitura-de-manaus-atua-em-plantao-e-avanca-com-obras-emergenciais-de-contencao-no-bairro-planalto\/"]}]},{"@type":"ImageObject","inLanguage":"pt-BR","@id":"https:\/\/www.manaus.am.gov.br\/seminf\/prefeitura-de-manaus-atua-em-plantao-e-avanca-com-obras-emergenciais-de-contencao-no-bairro-planalto\/#primaryimage","url":"https:\/\/www.manaus.am.gov.br\/seminf\/wp-content\/uploads\/sites\/6\/2026\/04\/IMG_2365.jpg","contentUrl":"https:\/\/www.manaus.am.gov.br\/seminf\/wp-content\/uploads\/sites\/6\/2026\/04\/IMG_2365.jpg","width":1200,"height":900},{"@type":"WebSite","@id":"https:\/\/www.manaus.am.gov.br\/seminf\/#website","url":"https:\/\/www.manaus.am.gov.br\/seminf\/","name":"Secretaria de Infraestrutura","description":"Secretaria Municipal de Infraestrutura","potentialAction":[{"@type":"SearchAction","target":{"@type":"EntryPoint","urlTemplate":"https:\/\/www.manaus.am.gov.br\/seminf\/?s={search_term_string}"},"query-input":"required name=search_term_string"}],"inLanguage":"pt-BR"},{"@type":"Person","@id":"https:\/\/www.manaus.am.gov.br\/seminf\/#\/schema\/person\/a5ee5376db6e21af026374b369f30882","name":"Thiago Fernando","image":{"@type":"ImageObject","inLanguage":"pt-BR","@id":"https:\/\/www.manaus.am.gov.br\/seminf\/#\/schema\/person\/image\/","url":"https:\/\/secure.gravatar.com\/avatar\/f5aab8722444041451501c077052ac07?s=96&d=mm&r=g","contentUrl":"https:\/\/secure.gravatar.com\/avatar\/f5aab8722444041451501c077052ac07?s=96&d=mm&r=g","caption":"Thiago Fernando"}}]}},"_links":{"self":[{"href":"https:\/\/www.manaus.am.gov.br\/seminf\/wp-json\/wp\/v2\/posts\/9627"}],"collection":[{"href":"https:\/\/www.manaus.am.gov.br\/seminf\/wp-json\/wp\/v2\/posts"}],"about":[{"href":"https:\/\/www.manaus.am.gov.br\/seminf\/wp-json\/wp\/v2\/types\/post"}],"author":[{"embeddable":true,"href":"https:\/\/www.manaus.am.gov.br\/seminf\/wp-json\/wp\/v2\/users\/57"}],"replies":[{"embeddable":true,"href":"https:\/\/www.manaus.am.gov.br\/seminf\/wp-json\/wp\/v2\/comments?post=9627"}],"version-history":[{"count":0,"href":"https:\/\/www.manaus.am.gov.br\/seminf\/wp-json\/wp\/v2\/posts\/9627\/revisions"}],"wp:featuredmedia":[{"embeddable":true,"href":"https:\/\/www.manaus.am.gov.br\/seminf\/wp-json\/wp\/v2\/media\/9628"}],"wp:attachment":[{"href":"https:\/\/www.manaus.am.gov.br\/seminf\/wp-json\/wp\/v2\/media?parent=9627"}],"wp:term":[{"taxonomy":"category","embeddable":true,"href":"https:\/\/www.manaus.am.gov.br\/seminf\/wp-json\/wp\/v2\/categories?post=9627"},{"taxonomy":"post_tag","embeddable":true,"href":"https:\/\/www.manaus.am.gov.br\/seminf\/wp-json\/wp\/v2\/tags?post=9627"}],"curies":[{"name":"wp","href":"https:\/\/api.w.org\/{rel}","templated":true}]}}